{"id":4096,"date":"2026-02-25T22:10:34","date_gmt":"2026-02-25T21:10:34","guid":{"rendered":"https:\/\/www.locansol.fr\/vacances-hiver-tautavel-prehistoire-4\/"},"modified":"2026-02-25T22:10:39","modified_gmt":"2026-02-25T21:10:39","slug":"vacances-hiver-tautavel-prehistoire-4","status":"publish","type":"post","link":"https:\/\/www.locansol.fr\/es\/vacances-hiver-tautavel-prehistoire-4\/","title":{"rendered":"Vacances d&rsquo;Hiver \u00e0 Tautavel (21 f\u00e9vrier &#8211; 6 mars) : Culture et Ateliers pour Tous"},"content":{"rendered":"<p>Avec l&rsquo;arriv\u00e9e des vacances d\u2019hiver, le Mus\u00e9e de Pr\u00e9histoire de Tautavel, situ\u00e9 dans le charmant village des Pyr\u00e9n\u00e9es-Orientales, se transforme en un lieu d\u2019animations et de d\u00e9couvertes pour petits et grands. Du 21 f\u00e9vrier au 6 mars, venez vivre une exp\u00e9rience captivante m\u00ealant culture, sciences et ateliers interactifs dans un cadre historique exceptionnel.<\/p>\n<p>### Des activit\u00e9s pour tous les go\u00fbts<\/p>\n<p>Le Mus\u00e9e de Pr\u00e9histoire de Tautavel vous invite \u00e0 plonger dans l\u2019histoire de l\u2019humanit\u00e9 \u00e0 travers des activit\u00e9s vari\u00e9es. Conf\u00e9rences, visites guid\u00e9es et ateliers pour enfants promettent d\u2019enchanter les visiteurs. Des stages ludiques, ax\u00e9s sur le patrimoine, les sciences et la g\u00e9ologie, permettent de combiner apprentissages et amusements. Les amateurs de culture et d\u2019histoire y trouveront \u00e9galement leur bonheur avec des moments d\u00e9di\u00e9s \u00e0 la d\u00e9couverte du patrimoine local. Ces activit\u00e9s interactives sont con\u00e7ues pour \u00e9veiller la curiosit\u00e9 et offrir des moments p\u00e9dagogiques accessibles \u00e0 tous.<\/p>\n<p>### Pourquoi y participer ?<\/p>\n<p>En plus de d\u00e9couvrir ou red\u00e9couvrir le Mus\u00e9e de Tautavel, joyau historique de la r\u00e9gion, cet \u00e9v\u00e9nement donne l\u2019opportunit\u00e9 unique de se reconnecter \u00e0 l\u2019histoire de nos anc\u00eatres tout en profitant d\u2019activit\u00e9s ludiques et \u00e9ducatives. Que vous soyez passionn\u00e9 par la pr\u00e9histoire, adepte de sciences ou simplement \u00e0 la recherche d\u2019une sortie enrichissante pour les enfants, ce programme saura r\u00e9pondre \u00e0 toutes vos attentes.<\/p>\n<p>Avec son tarif abordable de 8 euros pour les visiteurs, l\u2019exp\u00e9rience demeure accessible \u00e0 un grand nombre. Le personnel du mus\u00e9e, passionn\u00e9 et qualifi\u00e9, saura agr\u00e9menter votre visite d\u2019explications captivantes.<\/p>\n<p>### Informations pratiques<\/p>\n<p>Le Mus\u00e9e de Pr\u00e9histoire, situ\u00e9 Avenue L\u00e9on Jean Gr\u00e9gory \u00e0 Tautavel, ouvre grand ses portes pour cet \u00e9v\u00e9nement sp\u00e9cial vacances. Pr\u00e9voyez une apr\u00e8s-midi ou une journ\u00e9e compl\u00e8te pour profiter pleinement de tout ce qui est propos\u00e9. Pensez \u00e9galement \u00e0 consulter le site du mus\u00e9e ou \u00e0 contacter directement l\u2019\u00e9tablissement pour les horaires pr\u00e9cis des activit\u00e9s.<\/p>\n<p>### Une sortie enrichissante pour toutes les g\u00e9n\u00e9rations<\/p>\n<p>Ne manquez pas cette occasion de joindre l\u2019utile \u00e0 l\u2019agr\u00e9able. Les animations propos\u00e9es lors des vacances d\u2019hiver au Mus\u00e9e de Pr\u00e9histoire de Tautavel garantissent un moment riche en d\u00e9couvertes et en partages. Venez en famille ou entre amis, et laissez-vous \u00e9merveiller par l\u2019histoire, les sciences et les loisirs accessible \u00e0 tous.<\/p>\n<h3>Informaci\u00f3n pr\u00e1ctica<\/h3>\n<p>\ud83d\udcc5 QUAND ? Du 21 f\u00e9vrier au 6 mars<br \/>\ud83d\udccd O\u00d9 ? Avenue L\u00e9on Jean Gr\u00e9gory, Tautavel<br \/>\ud83d\udcb6 COMBIEN ? Plein tarif : 8,00 \u20ac<\/p>","protected":false},"excerpt":{"rendered":"<p>Participez aux vacances d&rsquo;hiver au Mus\u00e9e de Pr\u00e9histoire de Tautavel (21 f\u00e9vrier &#8211; 6 mars) et d\u00e9couvrez des activit\u00e9s culturelles, \u00e9ducatives et ludiques adapt\u00e9es \u00e0 tous.<\/p>","protected":false},"author":5,"featured_media":4095,"comment_status":"closed","ping_status":"open","sticky":false,"template":"","format":"standard","meta":{"_yoast_wpseo_focuskw":"Vacances hiver Tautavel pr\u00e9histoire","_yoast_wpseo_title":"Vacances d'Hiver \u00e0 Tautavel : Culture & Ateliers pour Tous","_yoast_wpseo_metadesc":"Vacances d'Hiver \u00e0 Tautavel : D\u00e9couvrez des ateliers interactifs et des activit\u00e9s culturelles pour tous les \u00e2ges. Plongez dans l'histoire au Mus\u00e9e de Pr\u00e9histoire des Pyr\u00e9n\u00e9es-Orientales.","_yoast_wpseo_canonical":"","_yoast_wpseo_opengraph-title":"Explorez l'histoire \u00e0 Tautavel : Des ateliers ludiques et des d\u00e9couvertes passionnantes","_yoast_wpseo_opengraph-description":"Imaginez-vous plongeant dans l'histoire de l'humanit\u00e9 \u00e0 travers des ateliers interactifs et des d\u00e9couvertes passionnantes. Venez vivre une exp\u00e9rience unique au Mus\u00e9e de Pr\u00e9histoire de Tautavel.","_yoast_wpseo_opengraph-image":"https:\/\/www.locansol.fr\/wp-content\/uploads\/2026\/02\/vacances-hiver-tautavel-prehistoire-3.webp","_yoast_wpseo_opengraph-image-id":"","_yoast_wpseo_twitter-title":"D\u00e9couvrez Tautavel cet hiver : Culture et ateliers pour tous","_yoast_wpseo_twitter-description":"Venez vivre des vacances uniques \u00e0 Tautavel avec des ateliers interactifs et des d\u00e9couvertes culturelles pour toute la famille. Une exp\u00e9rience enrichissante \u00e0 ne pas manquer!","_yoast_wpseo_twitter-image":"https:\/\/www.locansol.fr\/wp-content\/uploads\/2026\/02\/vacances-hiver-tautavel-prehistoire-3.webp","_yoast_wpseo_twitter-image-id":"","yoast_primary_category":"Stage \/ Atelier","footnotes":""},"categories":[62],"tags":[66,76],"class_list":["post-4096","post","type-post","status-publish","format-standard","has-post-thumbnail","hentry","category-stage-atelier","tag-evenement-culturel","tag-pyrenees-orientales"],"yoast_head":"<!-- This site is optimized with the Yoast SEO Premium plugin v23.3 (Yoast SEO v26.9) - https:\/\/yoast.com\/product\/yoast-seo-premium-wordpress\/ -->\n<title>Vacances d&#039;Hiver \u00e0 Tautavel : Culture &amp; Ateliers pour Tous<\/title>\n<meta name=\"description\" content=\"Vacances d&#039;Hiver \u00e0 Tautavel : D\u00e9couvrez des ateliers interactifs et des activit\u00e9s culturelles pour tous les \u00e2ges. Plongez dans l&#039;histoire au Mus\u00e9e de Pr\u00e9histoire des Pyr\u00e9n\u00e9es-Orientales.\" \/>\n<meta name=\"robots\" content=\"index, follow, max-snippet:-1, max-image-preview:large, max-video-preview:-1\" \/>\n<link rel=\"canonical\" href=\"https:\/\/www.locansol.fr\/es\/vacances-hiver-tautavel-prehistoire-4\/\" \/>\n<meta property=\"og:locale\" content=\"es_ES\" \/>\n<meta property=\"og:type\" content=\"article\" \/>\n<meta property=\"og:title\" content=\"Explorez l&#039;histoire \u00e0 Tautavel : Des ateliers ludiques et des d\u00e9couvertes passionnantes\" \/>\n<meta property=\"og:description\" content=\"Imaginez-vous plongeant dans l&#039;histoire de l&#039;humanit\u00e9 \u00e0 travers des ateliers interactifs et des d\u00e9couvertes passionnantes. Venez vivre une exp\u00e9rience unique au Mus\u00e9e de Pr\u00e9histoire de Tautavel.\" \/>\n<meta property=\"og:url\" content=\"https:\/\/www.locansol.fr\/es\/vacances-hiver-tautavel-prehistoire-4\/\" \/>\n<meta property=\"og:site_name\" content=\"Locansol, louer un h\u00e9bergement dans les Pyr\u00e9n\u00e9es Orientales\" \/>\n<meta property=\"article:published_time\" content=\"2026-02-25T21:10:34+00:00\" \/>\n<meta property=\"article:modified_time\" content=\"2026-02-25T21:10:39+00:00\" \/>\n<meta property=\"og:image\" content=\"https:\/\/www.locansol.fr\/wp-content\/uploads\/2026\/02\/vacances-hiver-tautavel-prehistoire-3.webp\" \/>\n<meta name=\"author\" content=\"H\u00e9bergements Locansol\" \/>\n<meta name=\"twitter:card\" content=\"summary_large_image\" \/>\n<meta name=\"twitter:title\" content=\"D\u00e9couvrez Tautavel cet hiver : Culture et ateliers pour tous\" \/>\n<meta name=\"twitter:description\" content=\"Venez vivre des vacances uniques \u00e0 Tautavel avec des ateliers interactifs et des d\u00e9couvertes culturelles pour toute la famille. Une exp\u00e9rience enrichissante \u00e0 ne pas manquer!\" \/>\n<meta name=\"twitter:image\" content=\"https:\/\/www.locansol.fr\/wp-content\/uploads\/2026\/02\/vacances-hiver-tautavel-prehistoire-3.webp\" \/>\n<meta name=\"twitter:label1\" content=\"Escrito por\" \/>\n\t<meta name=\"twitter:data1\" content=\"H\u00e9bergements Locansol\" \/>\n\t<meta name=\"twitter:label2\" content=\"Tiempo de lectura\" \/>\n\t<meta name=\"twitter:data2\" content=\"2 minutos\" \/>\n<script type=\"application\/ld+json\" class=\"yoast-schema-graph\">{\"@context\":\"https:\/\/schema.org\",\"@graph\":[{\"@type\":\"Article\",\"@id\":\"https:\/\/www.locansol.fr\/vacances-hiver-tautavel-prehistoire-4\/#article\",\"isPartOf\":{\"@id\":\"https:\/\/www.locansol.fr\/vacances-hiver-tautavel-prehistoire-4\/\"},\"author\":{\"name\":\"H\u00e9bergements Locansol\",\"@id\":\"https:\/\/www.locansol.fr\/#\/schema\/person\/0b08d440f1ac44674c6d498107de351d\"},\"headline\":\"Vacances d&rsquo;Hiver \u00e0 Tautavel (21 f\u00e9vrier &#8211; 6 mars) : Culture et Ateliers pour Tous\",\"datePublished\":\"2026-02-25T21:10:34+00:00\",\"dateModified\":\"2026-02-25T21:10:39+00:00\",\"mainEntityOfPage\":{\"@id\":\"https:\/\/www.locansol.fr\/vacances-hiver-tautavel-prehistoire-4\/\"},\"wordCount\":448,\"publisher\":{\"@id\":\"https:\/\/www.locansol.fr\/#organization\"},\"image\":{\"@id\":\"https:\/\/www.locansol.fr\/vacances-hiver-tautavel-prehistoire-4\/#primaryimage\"},\"thumbnailUrl\":\"https:\/\/www.locansol.fr\/wp-content\/uploads\/2026\/02\/vacances-hiver-tautavel-prehistoire-3.webp\",\"keywords\":[\"\u00c9v\u00e8nement culturel\",\"Pyr\u00e9n\u00e9es-Orientales\"],\"articleSection\":[\"Stage \/ Atelier\"],\"inLanguage\":\"es\"},{\"@type\":\"WebPage\",\"@id\":\"https:\/\/www.locansol.fr\/vacances-hiver-tautavel-prehistoire-4\/\",\"url\":\"https:\/\/www.locansol.fr\/vacances-hiver-tautavel-prehistoire-4\/\",\"name\":\"Vacances d'Hiver \u00e0 Tautavel : Culture & Ateliers pour Tous\",\"isPartOf\":{\"@id\":\"https:\/\/www.locansol.fr\/#website\"},\"primaryImageOfPage\":{\"@id\":\"https:\/\/www.locansol.fr\/vacances-hiver-tautavel-prehistoire-4\/#primaryimage\"},\"image\":{\"@id\":\"https:\/\/www.locansol.fr\/vacances-hiver-tautavel-prehistoire-4\/#primaryimage\"},\"thumbnailUrl\":\"https:\/\/www.locansol.fr\/wp-content\/uploads\/2026\/02\/vacances-hiver-tautavel-prehistoire-3.webp\",\"datePublished\":\"2026-02-25T21:10:34+00:00\",\"dateModified\":\"2026-02-25T21:10:39+00:00\",\"description\":\"Vacances d'Hiver \u00e0 Tautavel : D\u00e9couvrez des ateliers interactifs et des activit\u00e9s culturelles pour tous les \u00e2ges. Plongez dans l'histoire au Mus\u00e9e de Pr\u00e9histoire des Pyr\u00e9n\u00e9es-Orientales.\",\"breadcrumb\":{\"@id\":\"https:\/\/www.locansol.fr\/vacances-hiver-tautavel-prehistoire-4\/#breadcrumb\"},\"inLanguage\":\"es\",\"potentialAction\":[{\"@type\":\"ReadAction\",\"target\":[\"https:\/\/www.locansol.fr\/vacances-hiver-tautavel-prehistoire-4\/\"]}]},{\"@type\":\"ImageObject\",\"inLanguage\":\"es\",\"@id\":\"https:\/\/www.locansol.fr\/vacances-hiver-tautavel-prehistoire-4\/#primaryimage\",\"url\":\"https:\/\/www.locansol.fr\/wp-content\/uploads\/2026\/02\/vacances-hiver-tautavel-prehistoire-3.webp\",\"contentUrl\":\"https:\/\/www.locansol.fr\/wp-content\/uploads\/2026\/02\/vacances-hiver-tautavel-prehistoire-3.webp\",\"width\":1357,\"height\":1920,\"caption\":\"Vacances d'Hiver \u00e0 Tautavel : Culture & Ateliers pour Tous\"},{\"@type\":\"BreadcrumbList\",\"@id\":\"https:\/\/www.locansol.fr\/vacances-hiver-tautavel-prehistoire-4\/#breadcrumb\",\"itemListElement\":[{\"@type\":\"ListItem\",\"position\":1,\"name\":\"Accueil\",\"item\":\"https:\/\/www.locansol.fr\/\"},{\"@type\":\"ListItem\",\"position\":2,\"name\":\"Vacances d&rsquo;Hiver \u00e0 Tautavel (21 f\u00e9vrier &#8211; 6 mars) : Culture et Ateliers pour Tous\"}]},{\"@type\":\"WebSite\",\"@id\":\"https:\/\/www.locansol.fr\/#website\",\"url\":\"https:\/\/www.locansol.fr\/\",\"name\":\"Locansol, louer un h\u00e9bergement dans les Pyr\u00e9n\u00e9es-Orientales\",\"description\":\"Location Mobil-home Mer M\u00e9diterran\u00e9e &amp; Chalet de Montagne dans les Pyr\u00e9n\u00e9es Orientales (Occitanie, 66). Weekend, s\u00e9jour &amp; vacances en famille et entre amis.\",\"publisher\":{\"@id\":\"https:\/\/www.locansol.fr\/#organization\"},\"alternateName\":\"Louer un h\u00e9bergement dans les Pyr\u00e9n\u00e9es Orientales, chalet & mobil-home en Occitanie\",\"potentialAction\":[{\"@type\":\"SearchAction\",\"target\":{\"@type\":\"EntryPoint\",\"urlTemplate\":\"https:\/\/www.locansol.fr\/?s={search_term_string}\"},\"query-input\":{\"@type\":\"PropertyValueSpecification\",\"valueRequired\":true,\"valueName\":\"search_term_string\"}}],\"inLanguage\":\"es\"},{\"@type\":\"Organization\",\"@id\":\"https:\/\/www.locansol.fr\/#organization\",\"name\":\"Location MobilHome & chalet dans les Pyr\u00e9n\u00e9es Orientales\",\"alternateName\":\"Louer un h\u00e9bergement dans les Pyr\u00e9n\u00e9es Orientales en Occitanie\",\"url\":\"https:\/\/www.locansol.fr\/\",\"logo\":{\"@type\":\"ImageObject\",\"inLanguage\":\"es\",\"@id\":\"https:\/\/www.locansol.fr\/#\/schema\/logo\/image\/\",\"url\":\"https:\/\/www.locansol.fr\/wp-content\/uploads\/2024\/04\/AdobeStock_303324767-scaled.jpeg\",\"contentUrl\":\"https:\/\/www.locansol.fr\/wp-content\/uploads\/2024\/04\/AdobeStock_303324767-scaled.jpeg\",\"width\":2560,\"height\":1707,\"caption\":\"Location MobilHome & chalet dans les Pyr\u00e9n\u00e9es Orientales\"},\"image\":{\"@id\":\"https:\/\/www.locansol.fr\/#\/schema\/logo\/image\/\"}},{\"@type\":\"Person\",\"@id\":\"https:\/\/www.locansol.fr\/#\/schema\/person\/0b08d440f1ac44674c6d498107de351d\",\"name\":\"H\u00e9bergements Locansol\",\"image\":{\"@type\":\"ImageObject\",\"inLanguage\":\"es\",\"@id\":\"https:\/\/www.locansol.fr\/#\/schema\/person\/image\/\",\"url\":\"https:\/\/secure.gravatar.com\/avatar\/444436b93284204f8116b6e0eb964cd3fcb811519c737232bde6dd5743c37ee5?s=96&d=mm&r=g\",\"contentUrl\":\"https:\/\/secure.gravatar.com\/avatar\/444436b93284204f8116b6e0eb964cd3fcb811519c737232bde6dd5743c37ee5?s=96&d=mm&r=g\",\"caption\":\"H\u00e9bergements Locansol\"},\"sameAs\":[\"https:\/\/www.locansol.fr\/\"],\"url\":\"https:\/\/www.locansol.fr\/es\/author\/locansol\/\"}]}<\/script>\n<!-- \/ Yoast SEO Premium plugin. -->","yoast_head_json":{"title":"Vacances d'Hiver \u00e0 Tautavel : Culture & Ateliers pour Tous","description":"Vacances d'Hiver \u00e0 Tautavel : D\u00e9couvrez des ateliers interactifs et des activit\u00e9s culturelles pour tous les \u00e2ges. Plongez dans l'histoire au Mus\u00e9e de Pr\u00e9histoire des Pyr\u00e9n\u00e9es-Orientales.","robots":{"index":"index","follow":"follow","max-snippet":"max-snippet:-1","max-image-preview":"max-image-preview:large","max-video-preview":"max-video-preview:-1"},"canonical":"https:\/\/www.locansol.fr\/es\/vacances-hiver-tautavel-prehistoire-4\/","og_locale":"es_ES","og_type":"article","og_title":"Explorez l'histoire \u00e0 Tautavel : Des ateliers ludiques et des d\u00e9couvertes passionnantes","og_description":"Imaginez-vous plongeant dans l'histoire de l'humanit\u00e9 \u00e0 travers des ateliers interactifs et des d\u00e9couvertes passionnantes. Venez vivre une exp\u00e9rience unique au Mus\u00e9e de Pr\u00e9histoire de Tautavel.","og_url":"https:\/\/www.locansol.fr\/es\/vacances-hiver-tautavel-prehistoire-4\/","og_site_name":"Locansol, louer un h\u00e9bergement dans les Pyr\u00e9n\u00e9es Orientales","article_published_time":"2026-02-25T21:10:34+00:00","article_modified_time":"2026-02-25T21:10:39+00:00","og_image":[{"url":"https:\/\/www.locansol.fr\/wp-content\/uploads\/2026\/02\/vacances-hiver-tautavel-prehistoire-3.webp","type":"","width":"","height":""}],"author":"H\u00e9bergements Locansol","twitter_card":"summary_large_image","twitter_title":"D\u00e9couvrez Tautavel cet hiver : Culture et ateliers pour tous","twitter_description":"Venez vivre des vacances uniques \u00e0 Tautavel avec des ateliers interactifs et des d\u00e9couvertes culturelles pour toute la famille. Une exp\u00e9rience enrichissante \u00e0 ne pas manquer!","twitter_image":"https:\/\/www.locansol.fr\/wp-content\/uploads\/2026\/02\/vacances-hiver-tautavel-prehistoire-3.webp","twitter_misc":{"Escrito por":"H\u00e9bergements Locansol","Tiempo de lectura":"2 minutos"},"schema":{"@context":"https:\/\/schema.org","@graph":[{"@type":"Article","@id":"https:\/\/www.locansol.fr\/vacances-hiver-tautavel-prehistoire-4\/#article","isPartOf":{"@id":"https:\/\/www.locansol.fr\/vacances-hiver-tautavel-prehistoire-4\/"},"author":{"name":"H\u00e9bergements Locansol","@id":"https:\/\/www.locansol.fr\/#\/schema\/person\/0b08d440f1ac44674c6d498107de351d"},"headline":"Vacances d&rsquo;Hiver \u00e0 Tautavel (21 f\u00e9vrier &#8211; 6 mars) : Culture et Ateliers pour Tous","datePublished":"2026-02-25T21:10:34+00:00","dateModified":"2026-02-25T21:10:39+00:00","mainEntityOfPage":{"@id":"https:\/\/www.locansol.fr\/vacances-hiver-tautavel-prehistoire-4\/"},"wordCount":448,"publisher":{"@id":"https:\/\/www.locansol.fr\/#organization"},"image":{"@id":"https:\/\/www.locansol.fr\/vacances-hiver-tautavel-prehistoire-4\/#primaryimage"},"thumbnailUrl":"https:\/\/www.locansol.fr\/wp-content\/uploads\/2026\/02\/vacances-hiver-tautavel-prehistoire-3.webp","keywords":["\u00c9v\u00e8nement culturel","Pyr\u00e9n\u00e9es-Orientales"],"articleSection":["Stage \/ Atelier"],"inLanguage":"es"},{"@type":"WebPage","@id":"https:\/\/www.locansol.fr\/vacances-hiver-tautavel-prehistoire-4\/","url":"https:\/\/www.locansol.fr\/vacances-hiver-tautavel-prehistoire-4\/","name":"Vacances d'Hiver \u00e0 Tautavel : Culture & Ateliers pour Tous","isPartOf":{"@id":"https:\/\/www.locansol.fr\/#website"},"primaryImageOfPage":{"@id":"https:\/\/www.locansol.fr\/vacances-hiver-tautavel-prehistoire-4\/#primaryimage"},"image":{"@id":"https:\/\/www.locansol.fr\/vacances-hiver-tautavel-prehistoire-4\/#primaryimage"},"thumbnailUrl":"https:\/\/www.locansol.fr\/wp-content\/uploads\/2026\/02\/vacances-hiver-tautavel-prehistoire-3.webp","datePublished":"2026-02-25T21:10:34+00:00","dateModified":"2026-02-25T21:10:39+00:00","description":"Vacances d'Hiver \u00e0 Tautavel : D\u00e9couvrez des ateliers interactifs et des activit\u00e9s culturelles pour tous les \u00e2ges. Plongez dans l'histoire au Mus\u00e9e de Pr\u00e9histoire des Pyr\u00e9n\u00e9es-Orientales.","breadcrumb":{"@id":"https:\/\/www.locansol.fr\/vacances-hiver-tautavel-prehistoire-4\/#breadcrumb"},"inLanguage":"es","potentialAction":[{"@type":"ReadAction","target":["https:\/\/www.locansol.fr\/vacances-hiver-tautavel-prehistoire-4\/"]}]},{"@type":"ImageObject","inLanguage":"es","@id":"https:\/\/www.locansol.fr\/vacances-hiver-tautavel-prehistoire-4\/#primaryimage","url":"https:\/\/www.locansol.fr\/wp-content\/uploads\/2026\/02\/vacances-hiver-tautavel-prehistoire-3.webp","contentUrl":"https:\/\/www.locansol.fr\/wp-content\/uploads\/2026\/02\/vacances-hiver-tautavel-prehistoire-3.webp","width":1357,"height":1920,"caption":"Vacances d'Hiver \u00e0 Tautavel : Culture & Ateliers pour Tous"},{"@type":"BreadcrumbList","@id":"https:\/\/www.locansol.fr\/vacances-hiver-tautavel-prehistoire-4\/#breadcrumb","itemListElement":[{"@type":"ListItem","position":1,"name":"Accueil","item":"https:\/\/www.locansol.fr\/"},{"@type":"ListItem","position":2,"name":"Vacances d&rsquo;Hiver \u00e0 Tautavel (21 f\u00e9vrier &#8211; 6 mars) : Culture et Ateliers pour Tous"}]},{"@type":"WebSite","@id":"https:\/\/www.locansol.fr\/#website","url":"https:\/\/www.locansol.fr\/","name":"Locansol, louer un h\u00e9bergement dans les Pyr\u00e9n\u00e9es-Orientales","description":"Location Mobil-home Mer M\u00e9diterran\u00e9e &amp; Chalet de Montagne dans les Pyr\u00e9n\u00e9es Orientales (Occitanie, 66). Weekend, s\u00e9jour &amp; vacances en famille et entre amis.","publisher":{"@id":"https:\/\/www.locansol.fr\/#organization"},"alternateName":"Louer un h\u00e9bergement dans les Pyr\u00e9n\u00e9es Orientales, chalet & mobil-home en Occitanie","potentialAction":[{"@type":"SearchAction","target":{"@type":"EntryPoint","urlTemplate":"https:\/\/www.locansol.fr\/?s={search_term_string}"},"query-input":{"@type":"PropertyValueSpecification","valueRequired":true,"valueName":"search_term_string"}}],"inLanguage":"es"},{"@type":"Organization","@id":"https:\/\/www.locansol.fr\/#organization","name":"Location MobilHome & chalet dans les Pyr\u00e9n\u00e9es Orientales","alternateName":"Louer un h\u00e9bergement dans les Pyr\u00e9n\u00e9es Orientales en Occitanie","url":"https:\/\/www.locansol.fr\/","logo":{"@type":"ImageObject","inLanguage":"es","@id":"https:\/\/www.locansol.fr\/#\/schema\/logo\/image\/","url":"https:\/\/www.locansol.fr\/wp-content\/uploads\/2024\/04\/AdobeStock_303324767-scaled.jpeg","contentUrl":"https:\/\/www.locansol.fr\/wp-content\/uploads\/2024\/04\/AdobeStock_303324767-scaled.jpeg","width":2560,"height":1707,"caption":"Location MobilHome & chalet dans les Pyr\u00e9n\u00e9es Orientales"},"image":{"@id":"https:\/\/www.locansol.fr\/#\/schema\/logo\/image\/"}},{"@type":"Person","@id":"https:\/\/www.locansol.fr\/#\/schema\/person\/0b08d440f1ac44674c6d498107de351d","name":"H\u00e9bergements Locansol","image":{"@type":"ImageObject","inLanguage":"es","@id":"https:\/\/www.locansol.fr\/#\/schema\/person\/image\/","url":"https:\/\/secure.gravatar.com\/avatar\/444436b93284204f8116b6e0eb964cd3fcb811519c737232bde6dd5743c37ee5?s=96&d=mm&r=g","contentUrl":"https:\/\/secure.gravatar.com\/avatar\/444436b93284204f8116b6e0eb964cd3fcb811519c737232bde6dd5743c37ee5?s=96&d=mm&r=g","caption":"H\u00e9bergements Locansol"},"sameAs":["https:\/\/www.locansol.fr\/"],"url":"https:\/\/www.locansol.fr\/es\/author\/locansol\/"}]}},"_links":{"self":[{"href":"https:\/\/www.locansol.fr\/es\/wp-json\/wp\/v2\/posts\/4096","targetHints":{"allow":["GET"]}}],"collection":[{"href":"https:\/\/www.locansol.fr\/es\/wp-json\/wp\/v2\/posts"}],"about":[{"href":"https:\/\/www.locansol.fr\/es\/wp-json\/wp\/v2\/types\/post"}],"author":[{"embeddable":true,"href":"https:\/\/www.locansol.fr\/es\/wp-json\/wp\/v2\/users\/5"}],"replies":[{"embeddable":true,"href":"https:\/\/www.locansol.fr\/es\/wp-json\/wp\/v2\/comments?post=4096"}],"version-history":[{"count":1,"href":"https:\/\/www.locansol.fr\/es\/wp-json\/wp\/v2\/posts\/4096\/revisions"}],"predecessor-version":[{"id":4097,"href":"https:\/\/www.locansol.fr\/es\/wp-json\/wp\/v2\/posts\/4096\/revisions\/4097"}],"wp:featuredmedia":[{"embeddable":true,"href":"https:\/\/www.locansol.fr\/es\/wp-json\/wp\/v2\/media\/4095"}],"wp:attachment":[{"href":"https:\/\/www.locansol.fr\/es\/wp-json\/wp\/v2\/media?parent=4096"}],"wp:term":[{"taxonomy":"category","embeddable":true,"href":"https:\/\/www.locansol.fr\/es\/wp-json\/wp\/v2\/categories?post=4096"},{"taxonomy":"post_tag","embeddable":true,"href":"https:\/\/www.locansol.fr\/es\/wp-json\/wp\/v2\/tags?post=4096"}],"curies":[{"name":"wp","href":"https:\/\/api.w.org\/{rel}","templated":true}]}}