{"id":4244,"date":"2026-02-28T08:06:56","date_gmt":"2026-02-28T07:06:56","guid":{"rendered":"https:\/\/www.locansol.fr\/concert-variete-laroque-alberes\/"},"modified":"2026-02-28T08:07:01","modified_gmt":"2026-02-28T07:07:01","slug":"concert-variete-laroque-alberes","status":"publish","type":"post","link":"https:\/\/www.locansol.fr\/es\/concert-variete-laroque-alberes\/","title":{"rendered":"Concert \u00e0 Laroque-des-Alb\u00e8res &#8211; 28 f\u00e9vrier : Cath &#038; JC, une soir\u00e9e musicale unique"},"content":{"rendered":"<p>Le samedi 28 f\u00e9vrier \u00e0 20h30, rendez-vous \u00e0 Laroque-des-Alb\u00e8res pour une soir\u00e9e musicale exceptionnelle en compagnie du duo talentueux Cath &#038; JC. Si vous \u00eates amateur de belle musique et de moments conviviaux, ne cherchez plus : ce concert est fait pour vous.<\/p>\n<p>Cath &#038; JC, complices et passionn\u00e9s, sauront vous emmener dans leur univers musical riche et \u00e9mouvant. Le duo propose un r\u00e9pertoire qui m\u00e9lange \u00e0 merveille les incontournables de la vari\u00e9t\u00e9 fran\u00e7aise et internationale. Leurs harmonies vocales parfaites, sublim\u00e9es par des arrangements \u00e0 la guitare, cr\u00e9ent une ambiance chaleureuse et authentique. C\u2019est une invitation \u00e0 fredonner, danser et appr\u00e9cier des tubes intemporels, dans un m\u00e9lange de douceur et d\u2019\u00e9nergie communicative.<\/p>\n<p>L\u2019atmosph\u00e8re intime et conviviale de ce concert s\u2019allie parfaitement au cadre pittoresque de Laroque-des-Alb\u00e8res, ajoutant une note de charme suppl\u00e9mentaire \u00e0 la soir\u00e9e. Que vous soyez m\u00e9lomane averti ou simple curieux en qu\u00eate de moments joyeux, la prestation de Cath &#038; JC saura combler toutes les attentes.<\/p>\n<p>L\u2019\u00e9v\u00e9nement est accessible \u00e0 tous gr\u00e2ce \u00e0 son tarif attractif de 10,00 \u20ac pour les abonn\u00e9s. Pour faciliter votre venue, vous avez la possibilit\u00e9 de r\u00e9server vos places \u00e0 l\u2019avance via la plateforme HelloAsso de Laroque Art et Culture, ou directement sur place le soir-m\u00eame. Preuve que cette soir\u00e9e place la musique et le plaisir du partage avant tout, n\u2019attendez plus pour planifier votre visite.<\/p>\n<p>Rejoignez Cath &#038; JC pour une exp\u00e9rience musicale inoubliable \u00e0 Laroque-des-Alb\u00e8res. Vibrez, chantez, laissez-vous emporter par leur interpr\u00e9tation unique des classiques et profitez d\u2019une parenth\u00e8se enchant\u00e9e, \u00e0 savourer entre amis ou en famille.<\/p>\n<h3>Informaci\u00f3n pr\u00e1ctica<\/h3>\n<p>\ud83d\udcc5 QUAND ? Samedi 28 f\u00e9vrier \u00e0 20:30<br \/>\ud83d\udccd O\u00d9 ? Laroque-des-Alb\u00e8res<br \/>\ud83d\udcb6 COMBIEN ? Abonn\u00e9 : 10,00 \u20ac<\/p>","protected":false},"excerpt":{"rendered":"<p>Rejoignez Cath &#038; JC \u00e0 Laroque-des-Alb\u00e8res le 28 f\u00e9vrier pour un concert chaleureux entre vari\u00e9t\u00e9 et authenticit\u00e9.<\/p>","protected":false},"author":5,"featured_media":4243,"comment_status":"closed","ping_status":"open","sticky":false,"template":"","format":"standard","meta":{"_yoast_wpseo_focuskw":"Concert vari\u00e9t\u00e9 Laroque-des-Alb\u00e8res","_yoast_wpseo_title":"Concert Laroque-des-Alb\u00e8res : Cath & JC pour une soir\u00e9e musicale","_yoast_wpseo_metadesc":"Concert Laroque-des-Alb\u00e8res : Vibrez avec Cath & JC dans les Pyr\u00e9n\u00e9es-Orientales. Soir\u00e9e musicale conviviale \u00e0 10\u20ac pour les abonn\u00e9s.","_yoast_wpseo_canonical":"","_yoast_wpseo_opengraph-title":"Une soir\u00e9e musicale unique : Cath & JC \u00e0 Laroque-des-Alb\u00e8res \u2014 Harmonie et \u00e9motion garanties","_yoast_wpseo_opengraph-description":"Imaginez une soir\u00e9e o\u00f9 les notes de Cath & JC r\u00e9sonnent sous les \u00e9toiles de Laroque-des-Alb\u00e8res. Une exp\u00e9rience musicale inoubliable vous attend.","_yoast_wpseo_opengraph-image":"https:\/\/www.locansol.fr\/wp-content\/uploads\/2026\/02\/concert-variete-laroque-alberes.webp","_yoast_wpseo_opengraph-image-id":"","_yoast_wpseo_twitter-title":"Concert Cath & JC \u00e0 Laroque-des-Alb\u00e8res : ne manquez pas cette soir\u00e9e !","_yoast_wpseo_twitter-description":"Vibrez avec Cath & JC lors d'une soir\u00e9e musicale conviviale \u00e0 Laroque-des-Alb\u00e8res. R\u00e9servez vite pour 10\u20ac !","_yoast_wpseo_twitter-image":"https:\/\/www.locansol.fr\/wp-content\/uploads\/2026\/02\/concert-variete-laroque-alberes.webp","_yoast_wpseo_twitter-image-id":"","yoast_primary_category":"Concert","footnotes":""},"categories":[45],"tags":[69,76],"class_list":["post-4244","post","type-post","status-publish","format-standard","has-post-thumbnail","hentry","category-festival","tag-musique","tag-pyrenees-orientales"],"yoast_head":"<!-- This site is optimized with the Yoast SEO Premium plugin v23.3 (Yoast SEO v26.9) - https:\/\/yoast.com\/product\/yoast-seo-premium-wordpress\/ -->\n<title>Concert Laroque-des-Alb\u00e8res : Cath &amp; JC pour une soir\u00e9e musicale<\/title>\n<meta name=\"description\" content=\"Concert Laroque-des-Alb\u00e8res : Vibrez avec Cath &amp; JC dans les Pyr\u00e9n\u00e9es-Orientales. Soir\u00e9e musicale conviviale \u00e0 10\u20ac pour les abonn\u00e9s.\" \/>\n<meta name=\"robots\" content=\"index, follow, max-snippet:-1, max-image-preview:large, max-video-preview:-1\" \/>\n<link rel=\"canonical\" href=\"https:\/\/www.locansol.fr\/es\/concert-variete-laroque-alberes\/\" \/>\n<meta property=\"og:locale\" content=\"es_ES\" \/>\n<meta property=\"og:type\" content=\"article\" \/>\n<meta property=\"og:title\" content=\"Une soir\u00e9e musicale unique : Cath &amp; JC \u00e0 Laroque-des-Alb\u00e8res \u2014 Harmonie et \u00e9motion garanties\" \/>\n<meta property=\"og:description\" content=\"Imaginez une soir\u00e9e o\u00f9 les notes de Cath &amp; JC r\u00e9sonnent sous les \u00e9toiles de Laroque-des-Alb\u00e8res. Une exp\u00e9rience musicale inoubliable vous attend.\" \/>\n<meta property=\"og:url\" content=\"https:\/\/www.locansol.fr\/es\/concert-variete-laroque-alberes\/\" \/>\n<meta property=\"og:site_name\" content=\"Locansol, louer un h\u00e9bergement dans les Pyr\u00e9n\u00e9es Orientales\" \/>\n<meta property=\"article:published_time\" content=\"2026-02-28T07:06:56+00:00\" \/>\n<meta property=\"article:modified_time\" content=\"2026-02-28T07:07:01+00:00\" \/>\n<meta property=\"og:image\" content=\"https:\/\/www.locansol.fr\/wp-content\/uploads\/2026\/02\/concert-variete-laroque-alberes.webp\" \/>\n<meta name=\"author\" content=\"H\u00e9bergements Locansol\" \/>\n<meta name=\"twitter:card\" content=\"summary_large_image\" \/>\n<meta name=\"twitter:title\" content=\"Concert Cath &amp; JC \u00e0 Laroque-des-Alb\u00e8res : ne manquez pas cette soir\u00e9e !\" \/>\n<meta name=\"twitter:description\" content=\"Vibrez avec Cath &amp; JC lors d&#039;une soir\u00e9e musicale conviviale \u00e0 Laroque-des-Alb\u00e8res. R\u00e9servez vite pour 10\u20ac !\" \/>\n<meta name=\"twitter:image\" content=\"https:\/\/www.locansol.fr\/wp-content\/uploads\/2026\/02\/concert-variete-laroque-alberes.webp\" \/>\n<meta name=\"twitter:label1\" content=\"Escrito por\" \/>\n\t<meta name=\"twitter:data1\" content=\"H\u00e9bergements Locansol\" \/>\n\t<meta name=\"twitter:label2\" content=\"Tiempo de lectura\" \/>\n\t<meta name=\"twitter:data2\" content=\"1 minuto\" \/>\n<script type=\"application\/ld+json\" class=\"yoast-schema-graph\">{\"@context\":\"https:\/\/schema.org\",\"@graph\":[{\"@type\":\"Article\",\"@id\":\"https:\/\/www.locansol.fr\/concert-variete-laroque-alberes\/#article\",\"isPartOf\":{\"@id\":\"https:\/\/www.locansol.fr\/concert-variete-laroque-alberes\/\"},\"author\":{\"name\":\"H\u00e9bergements Locansol\",\"@id\":\"https:\/\/www.locansol.fr\/#\/schema\/person\/0b08d440f1ac44674c6d498107de351d\"},\"headline\":\"Concert \u00e0 Laroque-des-Alb\u00e8res &#8211; 28 f\u00e9vrier : Cath &#038; JC, une soir\u00e9e musicale unique\",\"datePublished\":\"2026-02-28T07:06:56+00:00\",\"dateModified\":\"2026-02-28T07:07:01+00:00\",\"mainEntityOfPage\":{\"@id\":\"https:\/\/www.locansol.fr\/concert-variete-laroque-alberes\/\"},\"wordCount\":299,\"publisher\":{\"@id\":\"https:\/\/www.locansol.fr\/#organization\"},\"image\":{\"@id\":\"https:\/\/www.locansol.fr\/concert-variete-laroque-alberes\/#primaryimage\"},\"thumbnailUrl\":\"https:\/\/www.locansol.fr\/wp-content\/uploads\/2026\/02\/concert-variete-laroque-alberes.webp\",\"keywords\":[\"Musique\",\"Pyr\u00e9n\u00e9es-Orientales\"],\"articleSection\":[\"Festival\"],\"inLanguage\":\"es\"},{\"@type\":\"WebPage\",\"@id\":\"https:\/\/www.locansol.fr\/concert-variete-laroque-alberes\/\",\"url\":\"https:\/\/www.locansol.fr\/concert-variete-laroque-alberes\/\",\"name\":\"Concert Laroque-des-Alb\u00e8res : Cath & JC pour une soir\u00e9e musicale\",\"isPartOf\":{\"@id\":\"https:\/\/www.locansol.fr\/#website\"},\"primaryImageOfPage\":{\"@id\":\"https:\/\/www.locansol.fr\/concert-variete-laroque-alberes\/#primaryimage\"},\"image\":{\"@id\":\"https:\/\/www.locansol.fr\/concert-variete-laroque-alberes\/#primaryimage\"},\"thumbnailUrl\":\"https:\/\/www.locansol.fr\/wp-content\/uploads\/2026\/02\/concert-variete-laroque-alberes.webp\",\"datePublished\":\"2026-02-28T07:06:56+00:00\",\"dateModified\":\"2026-02-28T07:07:01+00:00\",\"description\":\"Concert Laroque-des-Alb\u00e8res : Vibrez avec Cath & JC dans les Pyr\u00e9n\u00e9es-Orientales. Soir\u00e9e musicale conviviale \u00e0 10\u20ac pour les abonn\u00e9s.\",\"breadcrumb\":{\"@id\":\"https:\/\/www.locansol.fr\/concert-variete-laroque-alberes\/#breadcrumb\"},\"inLanguage\":\"es\",\"potentialAction\":[{\"@type\":\"ReadAction\",\"target\":[\"https:\/\/www.locansol.fr\/concert-variete-laroque-alberes\/\"]}]},{\"@type\":\"ImageObject\",\"inLanguage\":\"es\",\"@id\":\"https:\/\/www.locansol.fr\/concert-variete-laroque-alberes\/#primaryimage\",\"url\":\"https:\/\/www.locansol.fr\/wp-content\/uploads\/2026\/02\/concert-variete-laroque-alberes.webp\",\"contentUrl\":\"https:\/\/www.locansol.fr\/wp-content\/uploads\/2026\/02\/concert-variete-laroque-alberes.webp\",\"width\":1024,\"height\":1536,\"caption\":\"Concert Laroque-des-Alb\u00e8res : Cath & JC pour une soir\u00e9e musicale\"},{\"@type\":\"BreadcrumbList\",\"@id\":\"https:\/\/www.locansol.fr\/concert-variete-laroque-alberes\/#breadcrumb\",\"itemListElement\":[{\"@type\":\"ListItem\",\"position\":1,\"name\":\"Accueil\",\"item\":\"https:\/\/www.locansol.fr\/\"},{\"@type\":\"ListItem\",\"position\":2,\"name\":\"Concert \u00e0 Laroque-des-Alb\u00e8res &#8211; 28 f\u00e9vrier : Cath &#038; JC, une soir\u00e9e musicale unique\"}]},{\"@type\":\"WebSite\",\"@id\":\"https:\/\/www.locansol.fr\/#website\",\"url\":\"https:\/\/www.locansol.fr\/\",\"name\":\"Locansol, louer un h\u00e9bergement dans les Pyr\u00e9n\u00e9es-Orientales\",\"description\":\"Location Mobil-home Mer M\u00e9diterran\u00e9e &amp; Chalet de Montagne dans les Pyr\u00e9n\u00e9es Orientales (Occitanie, 66). Weekend, s\u00e9jour &amp; vacances en famille et entre amis.\",\"publisher\":{\"@id\":\"https:\/\/www.locansol.fr\/#organization\"},\"alternateName\":\"Louer un h\u00e9bergement dans les Pyr\u00e9n\u00e9es Orientales, chalet & mobil-home en Occitanie\",\"potentialAction\":[{\"@type\":\"SearchAction\",\"target\":{\"@type\":\"EntryPoint\",\"urlTemplate\":\"https:\/\/www.locansol.fr\/?s={search_term_string}\"},\"query-input\":{\"@type\":\"PropertyValueSpecification\",\"valueRequired\":true,\"valueName\":\"search_term_string\"}}],\"inLanguage\":\"es\"},{\"@type\":\"Organization\",\"@id\":\"https:\/\/www.locansol.fr\/#organization\",\"name\":\"Location MobilHome & chalet dans les Pyr\u00e9n\u00e9es Orientales\",\"alternateName\":\"Louer un h\u00e9bergement dans les Pyr\u00e9n\u00e9es Orientales en Occitanie\",\"url\":\"https:\/\/www.locansol.fr\/\",\"logo\":{\"@type\":\"ImageObject\",\"inLanguage\":\"es\",\"@id\":\"https:\/\/www.locansol.fr\/#\/schema\/logo\/image\/\",\"url\":\"https:\/\/www.locansol.fr\/wp-content\/uploads\/2024\/04\/AdobeStock_303324767-scaled.jpeg\",\"contentUrl\":\"https:\/\/www.locansol.fr\/wp-content\/uploads\/2024\/04\/AdobeStock_303324767-scaled.jpeg\",\"width\":2560,\"height\":1707,\"caption\":\"Location MobilHome & chalet dans les Pyr\u00e9n\u00e9es Orientales\"},\"image\":{\"@id\":\"https:\/\/www.locansol.fr\/#\/schema\/logo\/image\/\"}},{\"@type\":\"Person\",\"@id\":\"https:\/\/www.locansol.fr\/#\/schema\/person\/0b08d440f1ac44674c6d498107de351d\",\"name\":\"H\u00e9bergements Locansol\",\"image\":{\"@type\":\"ImageObject\",\"inLanguage\":\"es\",\"@id\":\"https:\/\/www.locansol.fr\/#\/schema\/person\/image\/\",\"url\":\"https:\/\/secure.gravatar.com\/avatar\/444436b93284204f8116b6e0eb964cd3fcb811519c737232bde6dd5743c37ee5?s=96&d=mm&r=g\",\"contentUrl\":\"https:\/\/secure.gravatar.com\/avatar\/444436b93284204f8116b6e0eb964cd3fcb811519c737232bde6dd5743c37ee5?s=96&d=mm&r=g\",\"caption\":\"H\u00e9bergements Locansol\"},\"sameAs\":[\"https:\/\/www.locansol.fr\/\"],\"url\":\"https:\/\/www.locansol.fr\/es\/author\/locansol\/\"}]}<\/script>\n<!-- \/ Yoast SEO Premium plugin. -->","yoast_head_json":{"title":"Concert Laroque-des-Alb\u00e8res : Cath & JC pour une soir\u00e9e musicale","description":"Concert Laroque-des-Alb\u00e8res : Vibrez avec Cath & JC dans les Pyr\u00e9n\u00e9es-Orientales. Soir\u00e9e musicale conviviale \u00e0 10\u20ac pour les abonn\u00e9s.","robots":{"index":"index","follow":"follow","max-snippet":"max-snippet:-1","max-image-preview":"max-image-preview:large","max-video-preview":"max-video-preview:-1"},"canonical":"https:\/\/www.locansol.fr\/es\/concert-variete-laroque-alberes\/","og_locale":"es_ES","og_type":"article","og_title":"Une soir\u00e9e musicale unique : Cath & JC \u00e0 Laroque-des-Alb\u00e8res \u2014 Harmonie et \u00e9motion garanties","og_description":"Imaginez une soir\u00e9e o\u00f9 les notes de Cath & JC r\u00e9sonnent sous les \u00e9toiles de Laroque-des-Alb\u00e8res. Une exp\u00e9rience musicale inoubliable vous attend.","og_url":"https:\/\/www.locansol.fr\/es\/concert-variete-laroque-alberes\/","og_site_name":"Locansol, louer un h\u00e9bergement dans les Pyr\u00e9n\u00e9es Orientales","article_published_time":"2026-02-28T07:06:56+00:00","article_modified_time":"2026-02-28T07:07:01+00:00","og_image":[{"url":"https:\/\/www.locansol.fr\/wp-content\/uploads\/2026\/02\/concert-variete-laroque-alberes.webp","type":"","width":"","height":""}],"author":"H\u00e9bergements Locansol","twitter_card":"summary_large_image","twitter_title":"Concert Cath & JC \u00e0 Laroque-des-Alb\u00e8res : ne manquez pas cette soir\u00e9e !","twitter_description":"Vibrez avec Cath & JC lors d'une soir\u00e9e musicale conviviale \u00e0 Laroque-des-Alb\u00e8res. R\u00e9servez vite pour 10\u20ac !","twitter_image":"https:\/\/www.locansol.fr\/wp-content\/uploads\/2026\/02\/concert-variete-laroque-alberes.webp","twitter_misc":{"Escrito por":"H\u00e9bergements Locansol","Tiempo de lectura":"1 minuto"},"schema":{"@context":"https:\/\/schema.org","@graph":[{"@type":"Article","@id":"https:\/\/www.locansol.fr\/concert-variete-laroque-alberes\/#article","isPartOf":{"@id":"https:\/\/www.locansol.fr\/concert-variete-laroque-alberes\/"},"author":{"name":"H\u00e9bergements Locansol","@id":"https:\/\/www.locansol.fr\/#\/schema\/person\/0b08d440f1ac44674c6d498107de351d"},"headline":"Concert \u00e0 Laroque-des-Alb\u00e8res &#8211; 28 f\u00e9vrier : Cath &#038; JC, une soir\u00e9e musicale unique","datePublished":"2026-02-28T07:06:56+00:00","dateModified":"2026-02-28T07:07:01+00:00","mainEntityOfPage":{"@id":"https:\/\/www.locansol.fr\/concert-variete-laroque-alberes\/"},"wordCount":299,"publisher":{"@id":"https:\/\/www.locansol.fr\/#organization"},"image":{"@id":"https:\/\/www.locansol.fr\/concert-variete-laroque-alberes\/#primaryimage"},"thumbnailUrl":"https:\/\/www.locansol.fr\/wp-content\/uploads\/2026\/02\/concert-variete-laroque-alberes.webp","keywords":["Musique","Pyr\u00e9n\u00e9es-Orientales"],"articleSection":["Festival"],"inLanguage":"es"},{"@type":"WebPage","@id":"https:\/\/www.locansol.fr\/concert-variete-laroque-alberes\/","url":"https:\/\/www.locansol.fr\/concert-variete-laroque-alberes\/","name":"Concert Laroque-des-Alb\u00e8res : Cath & JC pour une soir\u00e9e musicale","isPartOf":{"@id":"https:\/\/www.locansol.fr\/#website"},"primaryImageOfPage":{"@id":"https:\/\/www.locansol.fr\/concert-variete-laroque-alberes\/#primaryimage"},"image":{"@id":"https:\/\/www.locansol.fr\/concert-variete-laroque-alberes\/#primaryimage"},"thumbnailUrl":"https:\/\/www.locansol.fr\/wp-content\/uploads\/2026\/02\/concert-variete-laroque-alberes.webp","datePublished":"2026-02-28T07:06:56+00:00","dateModified":"2026-02-28T07:07:01+00:00","description":"Concert Laroque-des-Alb\u00e8res : Vibrez avec Cath & JC dans les Pyr\u00e9n\u00e9es-Orientales. Soir\u00e9e musicale conviviale \u00e0 10\u20ac pour les abonn\u00e9s.","breadcrumb":{"@id":"https:\/\/www.locansol.fr\/concert-variete-laroque-alberes\/#breadcrumb"},"inLanguage":"es","potentialAction":[{"@type":"ReadAction","target":["https:\/\/www.locansol.fr\/concert-variete-laroque-alberes\/"]}]},{"@type":"ImageObject","inLanguage":"es","@id":"https:\/\/www.locansol.fr\/concert-variete-laroque-alberes\/#primaryimage","url":"https:\/\/www.locansol.fr\/wp-content\/uploads\/2026\/02\/concert-variete-laroque-alberes.webp","contentUrl":"https:\/\/www.locansol.fr\/wp-content\/uploads\/2026\/02\/concert-variete-laroque-alberes.webp","width":1024,"height":1536,"caption":"Concert Laroque-des-Alb\u00e8res : Cath & JC pour une soir\u00e9e musicale"},{"@type":"BreadcrumbList","@id":"https:\/\/www.locansol.fr\/concert-variete-laroque-alberes\/#breadcrumb","itemListElement":[{"@type":"ListItem","position":1,"name":"Accueil","item":"https:\/\/www.locansol.fr\/"},{"@type":"ListItem","position":2,"name":"Concert \u00e0 Laroque-des-Alb\u00e8res &#8211; 28 f\u00e9vrier : Cath &#038; JC, une soir\u00e9e musicale unique"}]},{"@type":"WebSite","@id":"https:\/\/www.locansol.fr\/#website","url":"https:\/\/www.locansol.fr\/","name":"Locansol, louer un h\u00e9bergement dans les Pyr\u00e9n\u00e9es-Orientales","description":"Location Mobil-home Mer M\u00e9diterran\u00e9e &amp; Chalet de Montagne dans les Pyr\u00e9n\u00e9es Orientales (Occitanie, 66). Weekend, s\u00e9jour &amp; vacances en famille et entre amis.","publisher":{"@id":"https:\/\/www.locansol.fr\/#organization"},"alternateName":"Louer un h\u00e9bergement dans les Pyr\u00e9n\u00e9es Orientales, chalet & mobil-home en Occitanie","potentialAction":[{"@type":"SearchAction","target":{"@type":"EntryPoint","urlTemplate":"https:\/\/www.locansol.fr\/?s={search_term_string}"},"query-input":{"@type":"PropertyValueSpecification","valueRequired":true,"valueName":"search_term_string"}}],"inLanguage":"es"},{"@type":"Organization","@id":"https:\/\/www.locansol.fr\/#organization","name":"Location MobilHome & chalet dans les Pyr\u00e9n\u00e9es Orientales","alternateName":"Louer un h\u00e9bergement dans les Pyr\u00e9n\u00e9es Orientales en Occitanie","url":"https:\/\/www.locansol.fr\/","logo":{"@type":"ImageObject","inLanguage":"es","@id":"https:\/\/www.locansol.fr\/#\/schema\/logo\/image\/","url":"https:\/\/www.locansol.fr\/wp-content\/uploads\/2024\/04\/AdobeStock_303324767-scaled.jpeg","contentUrl":"https:\/\/www.locansol.fr\/wp-content\/uploads\/2024\/04\/AdobeStock_303324767-scaled.jpeg","width":2560,"height":1707,"caption":"Location MobilHome & chalet dans les Pyr\u00e9n\u00e9es Orientales"},"image":{"@id":"https:\/\/www.locansol.fr\/#\/schema\/logo\/image\/"}},{"@type":"Person","@id":"https:\/\/www.locansol.fr\/#\/schema\/person\/0b08d440f1ac44674c6d498107de351d","name":"H\u00e9bergements Locansol","image":{"@type":"ImageObject","inLanguage":"es","@id":"https:\/\/www.locansol.fr\/#\/schema\/person\/image\/","url":"https:\/\/secure.gravatar.com\/avatar\/444436b93284204f8116b6e0eb964cd3fcb811519c737232bde6dd5743c37ee5?s=96&d=mm&r=g","contentUrl":"https:\/\/secure.gravatar.com\/avatar\/444436b93284204f8116b6e0eb964cd3fcb811519c737232bde6dd5743c37ee5?s=96&d=mm&r=g","caption":"H\u00e9bergements Locansol"},"sameAs":["https:\/\/www.locansol.fr\/"],"url":"https:\/\/www.locansol.fr\/es\/author\/locansol\/"}]}},"_links":{"self":[{"href":"https:\/\/www.locansol.fr\/es\/wp-json\/wp\/v2\/posts\/4244","targetHints":{"allow":["GET"]}}],"collection":[{"href":"https:\/\/www.locansol.fr\/es\/wp-json\/wp\/v2\/posts"}],"about":[{"href":"https:\/\/www.locansol.fr\/es\/wp-json\/wp\/v2\/types\/post"}],"author":[{"embeddable":true,"href":"https:\/\/www.locansol.fr\/es\/wp-json\/wp\/v2\/users\/5"}],"replies":[{"embeddable":true,"href":"https:\/\/www.locansol.fr\/es\/wp-json\/wp\/v2\/comments?post=4244"}],"version-history":[{"count":1,"href":"https:\/\/www.locansol.fr\/es\/wp-json\/wp\/v2\/posts\/4244\/revisions"}],"predecessor-version":[{"id":4245,"href":"https:\/\/www.locansol.fr\/es\/wp-json\/wp\/v2\/posts\/4244\/revisions\/4245"}],"wp:featuredmedia":[{"embeddable":true,"href":"https:\/\/www.locansol.fr\/es\/wp-json\/wp\/v2\/media\/4243"}],"wp:attachment":[{"href":"https:\/\/www.locansol.fr\/es\/wp-json\/wp\/v2\/media?parent=4244"}],"wp:term":[{"taxonomy":"category","embeddable":true,"href":"https:\/\/www.locansol.fr\/es\/wp-json\/wp\/v2\/categories?post=4244"},{"taxonomy":"post_tag","embeddable":true,"href":"https:\/\/www.locansol.fr\/es\/wp-json\/wp\/v2\/tags?post=4244"}],"curies":[{"name":"wp","href":"https:\/\/api.w.org\/{rel}","templated":true}]}}