{"id":4349,"date":"2026-03-01T08:04:56","date_gmt":"2026-03-01T07:04:56","guid":{"rendered":"https:\/\/www.locansol.fr\/fete-grands-meres-concert-dalida\/"},"modified":"2026-03-01T08:05:01","modified_gmt":"2026-03-01T07:05:01","slug":"fete-grands-meres-concert-dalida","status":"publish","type":"post","link":"https:\/\/www.locansol.fr\/es\/fete-grands-meres-concert-dalida\/","title":{"rendered":"Port-Vendres 1er mars : F\u00eate des grands-m\u00e8res et concert hommage \u00e0 Dalida"},"content":{"rendered":"<p>Le dimanche 1er mars 2026 \u00e0 15h00, Port-Vendres c\u00e9l\u00e8bre la F\u00eate des grands-m\u00e8res avec un \u00e9v\u00e9nement unique m\u00ealant douceur et \u00e9motion. Rendez-vous au Cin\u00e9-Th\u00e9\u00e2tre Le Vauban, situ\u00e9 au 26 avenue Castellane, pour assister \u00e0 un concert exceptionnel en l&rsquo;honneur de nos mamies ador\u00e9es.<\/p>\n<p>Pour marquer cette journ\u00e9e sp\u00e9ciale, Nathalie Santaine, une artiste \u00e0 la voix envo\u00fbtante, montera sur sc\u00e8ne pour interpr\u00e9ter les chansons inoubliables de Dalida dans un spectacle intitul\u00e9 \u00ab Dalida, la fleur du d\u00e9sert \u00bb. Du charme, de la nostalgie et des m\u00e9lodies \u00e9ternelles vous attendent pour cet apr\u00e8s-midi qui promet d\u2019\u00eatre riche en \u00e9motion. Une occasion en or pour les familles de se retrouver et de partager un moment d\u2019intense complicit\u00e9 autour des plus grands succ\u00e8s de la star franco-italienne.<\/p>\n<p>Nathalie Santaine est reconnue pour son talent incroyable et sa capacit\u00e9 \u00e0 captiver le public. Habitu\u00e9e des hommages \u00e0 des figures de l\u00e9gende comme \u00c9dith Piaf ou Ella Fitzgerald, elle ajoutera \u00e0 ce rendez-vous une touche de magie qui plaira autant aux grands-m\u00e8res qu\u2019aux plus jeunes. Chaque note, chaque mot, racontera une histoire et r\u00e9veillera des souvenirs tendres.<\/p>\n<p>L\u2019\u00e9v\u00e9nement est enti\u00e8rement gratuit et ouvert \u00e0 tous. C\u2019est donc une belle opportunit\u00e9 de faire revivre le charme de Dalida tout en mettant \u00e0 l\u2019honneur ces femmes extraordinaires qui jouent un r\u00f4le essentiel dans nos vies. Port-Vendres, ce charmant port des Pyr\u00e9n\u00e9es-Orientales, offrira un cadre id\u00e9al pour ce moment de partage et de tendresse.<\/p>\n<p>Alors, que vous veniez en famille ou entre amis, ne manquez pas ce moment de musique et d\u2019\u00e9motion. Pr\u00e9parez-vous \u00e0 \u00eatre transport\u00e9 dans l\u2019univers envo\u00fbtant de Dalida, et surtout, offrez \u00e0 vos grands-m\u00e8res un apr\u00e8s-midi qu\u2019elles ne sont pas pr\u00eates d\u2019oublier.<\/p>\n<h3>Informaci\u00f3n pr\u00e1ctica<\/h3>\n<p>\ud83d\udcc5 QUAND ? Dimanche 1er mars 2026 \u00e0 15h00<br \/>\ud83d\udccd O\u00d9 ? Cin\u00e9-Th\u00e9\u00e2tre Le Vauban, 26 avenue Castellane, Port-Vendres<br \/>\ud83d\udcb6 COMBIEN ? Entr\u00e9e gratuite<\/p>","protected":false},"excerpt":{"rendered":"<p>Un concert hommage \u00e0 Dalida pour c\u00e9l\u00e9brer la F\u00eate des grands-m\u00e8res, le dimanche 1er mars \u00e0 Port-Vendres.<\/p>","protected":false},"author":5,"featured_media":4348,"comment_status":"closed","ping_status":"open","sticky":false,"template":"","format":"standard","meta":{"_yoast_wpseo_focuskw":"F\u00eate grands-m\u00e8res concert Dalida","_yoast_wpseo_title":"F\u00eate des grands-m\u00e8res et concert hommage \u00e0 Dalida Port-Vendres","_yoast_wpseo_metadesc":"F\u00eate des grands-m\u00e8res et concert hommage \u00e0 Dalida Port-Vendres. Un apr\u00e8s-midi d'\u00e9motion et de nostalgie avec Nathalie Santaine. Gratuit pour tous. Pyr\u00e9n\u00e9es-Orientales.","_yoast_wpseo_canonical":"","_yoast_wpseo_opengraph-title":"Hommage \u00e9mouvant \u00e0 Dalida : F\u00eate des grands-m\u00e8res \u00e0 Port-Vendres","_yoast_wpseo_opengraph-description":"Plongez dans un apr\u00e8s-midi d'\u00e9motion et de nostalgie avec les chansons de Dalida. Un moment magique \u00e0 partager en famille \u00e0 Port-Vendres.","_yoast_wpseo_opengraph-image":"https:\/\/www.locansol.fr\/wp-content\/uploads\/2026\/03\/fete-grands-meres-concert-dalida.webp","_yoast_wpseo_opengraph-image-id":"","_yoast_wpseo_twitter-title":"F\u00eate des grands-m\u00e8res \u00e0 Port-Vendres : concert hommage \u00e0 Dalida","_yoast_wpseo_twitter-description":"Un apr\u00e8s-midi d'\u00e9motion et de nostalgie avec les chansons de Dalida. Gratuit pour tous \u00e0 Port-Vendres. Ne manquez pas ce moment magique !","_yoast_wpseo_twitter-image":"https:\/\/www.locansol.fr\/wp-content\/uploads\/2026\/03\/fete-grands-meres-concert-dalida.webp","_yoast_wpseo_twitter-image-id":"","yoast_primary_category":"Spectacle","footnotes":""},"categories":[61],"tags":[69,76],"class_list":["post-4349","post","type-post","status-publish","format-standard","has-post-thumbnail","hentry","category-spectacle","tag-musique","tag-pyrenees-orientales"],"yoast_head":"<!-- This site is optimized with the Yoast SEO Premium plugin v23.3 (Yoast SEO v26.9) - https:\/\/yoast.com\/product\/yoast-seo-premium-wordpress\/ -->\n<title>F\u00eate des grands-m\u00e8res et concert hommage \u00e0 Dalida Port-Vendres<\/title>\n<meta name=\"description\" content=\"F\u00eate des grands-m\u00e8res et concert hommage \u00e0 Dalida Port-Vendres. Un apr\u00e8s-midi d&#039;\u00e9motion et de nostalgie avec Nathalie Santaine. Gratuit pour tous. Pyr\u00e9n\u00e9es-Orientales.\" \/>\n<meta name=\"robots\" content=\"index, follow, max-snippet:-1, max-image-preview:large, max-video-preview:-1\" \/>\n<link rel=\"canonical\" href=\"https:\/\/www.locansol.fr\/es\/fete-grands-meres-concert-dalida\/\" \/>\n<meta property=\"og:locale\" content=\"es_ES\" \/>\n<meta property=\"og:type\" content=\"article\" \/>\n<meta property=\"og:title\" content=\"Hommage \u00e9mouvant \u00e0 Dalida : F\u00eate des grands-m\u00e8res \u00e0 Port-Vendres\" \/>\n<meta property=\"og:description\" content=\"Plongez dans un apr\u00e8s-midi d&#039;\u00e9motion et de nostalgie avec les chansons de Dalida. Un moment magique \u00e0 partager en famille \u00e0 Port-Vendres.\" \/>\n<meta property=\"og:url\" content=\"https:\/\/www.locansol.fr\/es\/fete-grands-meres-concert-dalida\/\" \/>\n<meta property=\"og:site_name\" content=\"Locansol, louer un h\u00e9bergement dans les Pyr\u00e9n\u00e9es Orientales\" \/>\n<meta property=\"article:published_time\" content=\"2026-03-01T07:04:56+00:00\" \/>\n<meta property=\"article:modified_time\" content=\"2026-03-01T07:05:01+00:00\" \/>\n<meta property=\"og:image\" content=\"https:\/\/www.locansol.fr\/wp-content\/uploads\/2026\/03\/fete-grands-meres-concert-dalida.webp\" \/>\n<meta name=\"author\" content=\"H\u00e9bergements Locansol\" \/>\n<meta name=\"twitter:card\" content=\"summary_large_image\" \/>\n<meta name=\"twitter:title\" content=\"F\u00eate des grands-m\u00e8res \u00e0 Port-Vendres : concert hommage \u00e0 Dalida\" \/>\n<meta name=\"twitter:description\" content=\"Un apr\u00e8s-midi d&#039;\u00e9motion et de nostalgie avec les chansons de Dalida. Gratuit pour tous \u00e0 Port-Vendres. Ne manquez pas ce moment magique !\" \/>\n<meta name=\"twitter:image\" content=\"https:\/\/www.locansol.fr\/wp-content\/uploads\/2026\/03\/fete-grands-meres-concert-dalida.webp\" \/>\n<meta name=\"twitter:label1\" content=\"Escrito por\" \/>\n\t<meta name=\"twitter:data1\" content=\"H\u00e9bergements Locansol\" \/>\n\t<meta name=\"twitter:label2\" content=\"Tiempo de lectura\" \/>\n\t<meta name=\"twitter:data2\" content=\"2 minutos\" \/>\n<script type=\"application\/ld+json\" class=\"yoast-schema-graph\">{\"@context\":\"https:\/\/schema.org\",\"@graph\":[{\"@type\":\"Article\",\"@id\":\"https:\/\/www.locansol.fr\/fete-grands-meres-concert-dalida\/#article\",\"isPartOf\":{\"@id\":\"https:\/\/www.locansol.fr\/fete-grands-meres-concert-dalida\/\"},\"author\":{\"name\":\"H\u00e9bergements Locansol\",\"@id\":\"https:\/\/www.locansol.fr\/#\/schema\/person\/0b08d440f1ac44674c6d498107de351d\"},\"headline\":\"Port-Vendres 1er mars : F\u00eate des grands-m\u00e8res et concert hommage \u00e0 Dalida\",\"datePublished\":\"2026-03-01T07:04:56+00:00\",\"dateModified\":\"2026-03-01T07:05:01+00:00\",\"mainEntityOfPage\":{\"@id\":\"https:\/\/www.locansol.fr\/fete-grands-meres-concert-dalida\/\"},\"wordCount\":338,\"publisher\":{\"@id\":\"https:\/\/www.locansol.fr\/#organization\"},\"image\":{\"@id\":\"https:\/\/www.locansol.fr\/fete-grands-meres-concert-dalida\/#primaryimage\"},\"thumbnailUrl\":\"https:\/\/www.locansol.fr\/wp-content\/uploads\/2026\/03\/fete-grands-meres-concert-dalida.webp\",\"keywords\":[\"Musique\",\"Pyr\u00e9n\u00e9es-Orientales\"],\"articleSection\":[\"Spectacle\"],\"inLanguage\":\"es\"},{\"@type\":\"WebPage\",\"@id\":\"https:\/\/www.locansol.fr\/fete-grands-meres-concert-dalida\/\",\"url\":\"https:\/\/www.locansol.fr\/fete-grands-meres-concert-dalida\/\",\"name\":\"F\u00eate des grands-m\u00e8res et concert hommage \u00e0 Dalida Port-Vendres\",\"isPartOf\":{\"@id\":\"https:\/\/www.locansol.fr\/#website\"},\"primaryImageOfPage\":{\"@id\":\"https:\/\/www.locansol.fr\/fete-grands-meres-concert-dalida\/#primaryimage\"},\"image\":{\"@id\":\"https:\/\/www.locansol.fr\/fete-grands-meres-concert-dalida\/#primaryimage\"},\"thumbnailUrl\":\"https:\/\/www.locansol.fr\/wp-content\/uploads\/2026\/03\/fete-grands-meres-concert-dalida.webp\",\"datePublished\":\"2026-03-01T07:04:56+00:00\",\"dateModified\":\"2026-03-01T07:05:01+00:00\",\"description\":\"F\u00eate des grands-m\u00e8res et concert hommage \u00e0 Dalida Port-Vendres. Un apr\u00e8s-midi d'\u00e9motion et de nostalgie avec Nathalie Santaine. Gratuit pour tous. Pyr\u00e9n\u00e9es-Orientales.\",\"breadcrumb\":{\"@id\":\"https:\/\/www.locansol.fr\/fete-grands-meres-concert-dalida\/#breadcrumb\"},\"inLanguage\":\"es\",\"potentialAction\":[{\"@type\":\"ReadAction\",\"target\":[\"https:\/\/www.locansol.fr\/fete-grands-meres-concert-dalida\/\"]}]},{\"@type\":\"ImageObject\",\"inLanguage\":\"es\",\"@id\":\"https:\/\/www.locansol.fr\/fete-grands-meres-concert-dalida\/#primaryimage\",\"url\":\"https:\/\/www.locansol.fr\/wp-content\/uploads\/2026\/03\/fete-grands-meres-concert-dalida.webp\",\"contentUrl\":\"https:\/\/www.locansol.fr\/wp-content\/uploads\/2026\/03\/fete-grands-meres-concert-dalida.webp\",\"width\":1280,\"height\":837,\"caption\":\"F\u00eate des grands-m\u00e8res et concert hommage \u00e0 Dalida Port-Vendres\"},{\"@type\":\"BreadcrumbList\",\"@id\":\"https:\/\/www.locansol.fr\/fete-grands-meres-concert-dalida\/#breadcrumb\",\"itemListElement\":[{\"@type\":\"ListItem\",\"position\":1,\"name\":\"Accueil\",\"item\":\"https:\/\/www.locansol.fr\/\"},{\"@type\":\"ListItem\",\"position\":2,\"name\":\"Port-Vendres 1er mars : F\u00eate des grands-m\u00e8res et concert hommage \u00e0 Dalida\"}]},{\"@type\":\"WebSite\",\"@id\":\"https:\/\/www.locansol.fr\/#website\",\"url\":\"https:\/\/www.locansol.fr\/\",\"name\":\"Locansol, louer un h\u00e9bergement dans les Pyr\u00e9n\u00e9es-Orientales\",\"description\":\"Location Mobil-home Mer M\u00e9diterran\u00e9e &amp; Chalet de Montagne dans les Pyr\u00e9n\u00e9es Orientales (Occitanie, 66). Weekend, s\u00e9jour &amp; vacances en famille et entre amis.\",\"publisher\":{\"@id\":\"https:\/\/www.locansol.fr\/#organization\"},\"alternateName\":\"Louer un h\u00e9bergement dans les Pyr\u00e9n\u00e9es Orientales, chalet & mobil-home en Occitanie\",\"potentialAction\":[{\"@type\":\"SearchAction\",\"target\":{\"@type\":\"EntryPoint\",\"urlTemplate\":\"https:\/\/www.locansol.fr\/?s={search_term_string}\"},\"query-input\":{\"@type\":\"PropertyValueSpecification\",\"valueRequired\":true,\"valueName\":\"search_term_string\"}}],\"inLanguage\":\"es\"},{\"@type\":\"Organization\",\"@id\":\"https:\/\/www.locansol.fr\/#organization\",\"name\":\"Location MobilHome & chalet dans les Pyr\u00e9n\u00e9es Orientales\",\"alternateName\":\"Louer un h\u00e9bergement dans les Pyr\u00e9n\u00e9es Orientales en Occitanie\",\"url\":\"https:\/\/www.locansol.fr\/\",\"logo\":{\"@type\":\"ImageObject\",\"inLanguage\":\"es\",\"@id\":\"https:\/\/www.locansol.fr\/#\/schema\/logo\/image\/\",\"url\":\"https:\/\/www.locansol.fr\/wp-content\/uploads\/2024\/04\/AdobeStock_303324767-scaled.jpeg\",\"contentUrl\":\"https:\/\/www.locansol.fr\/wp-content\/uploads\/2024\/04\/AdobeStock_303324767-scaled.jpeg\",\"width\":2560,\"height\":1707,\"caption\":\"Location MobilHome & chalet dans les Pyr\u00e9n\u00e9es Orientales\"},\"image\":{\"@id\":\"https:\/\/www.locansol.fr\/#\/schema\/logo\/image\/\"}},{\"@type\":\"Person\",\"@id\":\"https:\/\/www.locansol.fr\/#\/schema\/person\/0b08d440f1ac44674c6d498107de351d\",\"name\":\"H\u00e9bergements Locansol\",\"image\":{\"@type\":\"ImageObject\",\"inLanguage\":\"es\",\"@id\":\"https:\/\/www.locansol.fr\/#\/schema\/person\/image\/\",\"url\":\"https:\/\/secure.gravatar.com\/avatar\/444436b93284204f8116b6e0eb964cd3fcb811519c737232bde6dd5743c37ee5?s=96&d=mm&r=g\",\"contentUrl\":\"https:\/\/secure.gravatar.com\/avatar\/444436b93284204f8116b6e0eb964cd3fcb811519c737232bde6dd5743c37ee5?s=96&d=mm&r=g\",\"caption\":\"H\u00e9bergements Locansol\"},\"sameAs\":[\"https:\/\/www.locansol.fr\/\"],\"url\":\"https:\/\/www.locansol.fr\/es\/author\/locansol\/\"}]}<\/script>\n<!-- \/ Yoast SEO Premium plugin. -->","yoast_head_json":{"title":"F\u00eate des grands-m\u00e8res et concert hommage \u00e0 Dalida Port-Vendres","description":"F\u00eate des grands-m\u00e8res et concert hommage \u00e0 Dalida Port-Vendres. Un apr\u00e8s-midi d'\u00e9motion et de nostalgie avec Nathalie Santaine. Gratuit pour tous. Pyr\u00e9n\u00e9es-Orientales.","robots":{"index":"index","follow":"follow","max-snippet":"max-snippet:-1","max-image-preview":"max-image-preview:large","max-video-preview":"max-video-preview:-1"},"canonical":"https:\/\/www.locansol.fr\/es\/fete-grands-meres-concert-dalida\/","og_locale":"es_ES","og_type":"article","og_title":"Hommage \u00e9mouvant \u00e0 Dalida : F\u00eate des grands-m\u00e8res \u00e0 Port-Vendres","og_description":"Plongez dans un apr\u00e8s-midi d'\u00e9motion et de nostalgie avec les chansons de Dalida. Un moment magique \u00e0 partager en famille \u00e0 Port-Vendres.","og_url":"https:\/\/www.locansol.fr\/es\/fete-grands-meres-concert-dalida\/","og_site_name":"Locansol, louer un h\u00e9bergement dans les Pyr\u00e9n\u00e9es Orientales","article_published_time":"2026-03-01T07:04:56+00:00","article_modified_time":"2026-03-01T07:05:01+00:00","og_image":[{"url":"https:\/\/www.locansol.fr\/wp-content\/uploads\/2026\/03\/fete-grands-meres-concert-dalida.webp","type":"","width":"","height":""}],"author":"H\u00e9bergements Locansol","twitter_card":"summary_large_image","twitter_title":"F\u00eate des grands-m\u00e8res \u00e0 Port-Vendres : concert hommage \u00e0 Dalida","twitter_description":"Un apr\u00e8s-midi d'\u00e9motion et de nostalgie avec les chansons de Dalida. Gratuit pour tous \u00e0 Port-Vendres. Ne manquez pas ce moment magique !","twitter_image":"https:\/\/www.locansol.fr\/wp-content\/uploads\/2026\/03\/fete-grands-meres-concert-dalida.webp","twitter_misc":{"Escrito por":"H\u00e9bergements Locansol","Tiempo de lectura":"2 minutos"},"schema":{"@context":"https:\/\/schema.org","@graph":[{"@type":"Article","@id":"https:\/\/www.locansol.fr\/fete-grands-meres-concert-dalida\/#article","isPartOf":{"@id":"https:\/\/www.locansol.fr\/fete-grands-meres-concert-dalida\/"},"author":{"name":"H\u00e9bergements Locansol","@id":"https:\/\/www.locansol.fr\/#\/schema\/person\/0b08d440f1ac44674c6d498107de351d"},"headline":"Port-Vendres 1er mars : F\u00eate des grands-m\u00e8res et concert hommage \u00e0 Dalida","datePublished":"2026-03-01T07:04:56+00:00","dateModified":"2026-03-01T07:05:01+00:00","mainEntityOfPage":{"@id":"https:\/\/www.locansol.fr\/fete-grands-meres-concert-dalida\/"},"wordCount":338,"publisher":{"@id":"https:\/\/www.locansol.fr\/#organization"},"image":{"@id":"https:\/\/www.locansol.fr\/fete-grands-meres-concert-dalida\/#primaryimage"},"thumbnailUrl":"https:\/\/www.locansol.fr\/wp-content\/uploads\/2026\/03\/fete-grands-meres-concert-dalida.webp","keywords":["Musique","Pyr\u00e9n\u00e9es-Orientales"],"articleSection":["Spectacle"],"inLanguage":"es"},{"@type":"WebPage","@id":"https:\/\/www.locansol.fr\/fete-grands-meres-concert-dalida\/","url":"https:\/\/www.locansol.fr\/fete-grands-meres-concert-dalida\/","name":"F\u00eate des grands-m\u00e8res et concert hommage \u00e0 Dalida Port-Vendres","isPartOf":{"@id":"https:\/\/www.locansol.fr\/#website"},"primaryImageOfPage":{"@id":"https:\/\/www.locansol.fr\/fete-grands-meres-concert-dalida\/#primaryimage"},"image":{"@id":"https:\/\/www.locansol.fr\/fete-grands-meres-concert-dalida\/#primaryimage"},"thumbnailUrl":"https:\/\/www.locansol.fr\/wp-content\/uploads\/2026\/03\/fete-grands-meres-concert-dalida.webp","datePublished":"2026-03-01T07:04:56+00:00","dateModified":"2026-03-01T07:05:01+00:00","description":"F\u00eate des grands-m\u00e8res et concert hommage \u00e0 Dalida Port-Vendres. Un apr\u00e8s-midi d'\u00e9motion et de nostalgie avec Nathalie Santaine. Gratuit pour tous. Pyr\u00e9n\u00e9es-Orientales.","breadcrumb":{"@id":"https:\/\/www.locansol.fr\/fete-grands-meres-concert-dalida\/#breadcrumb"},"inLanguage":"es","potentialAction":[{"@type":"ReadAction","target":["https:\/\/www.locansol.fr\/fete-grands-meres-concert-dalida\/"]}]},{"@type":"ImageObject","inLanguage":"es","@id":"https:\/\/www.locansol.fr\/fete-grands-meres-concert-dalida\/#primaryimage","url":"https:\/\/www.locansol.fr\/wp-content\/uploads\/2026\/03\/fete-grands-meres-concert-dalida.webp","contentUrl":"https:\/\/www.locansol.fr\/wp-content\/uploads\/2026\/03\/fete-grands-meres-concert-dalida.webp","width":1280,"height":837,"caption":"F\u00eate des grands-m\u00e8res et concert hommage \u00e0 Dalida Port-Vendres"},{"@type":"BreadcrumbList","@id":"https:\/\/www.locansol.fr\/fete-grands-meres-concert-dalida\/#breadcrumb","itemListElement":[{"@type":"ListItem","position":1,"name":"Accueil","item":"https:\/\/www.locansol.fr\/"},{"@type":"ListItem","position":2,"name":"Port-Vendres 1er mars : F\u00eate des grands-m\u00e8res et concert hommage \u00e0 Dalida"}]},{"@type":"WebSite","@id":"https:\/\/www.locansol.fr\/#website","url":"https:\/\/www.locansol.fr\/","name":"Locansol, louer un h\u00e9bergement dans les Pyr\u00e9n\u00e9es-Orientales","description":"Location Mobil-home Mer M\u00e9diterran\u00e9e &amp; Chalet de Montagne dans les Pyr\u00e9n\u00e9es Orientales (Occitanie, 66). Weekend, s\u00e9jour &amp; vacances en famille et entre amis.","publisher":{"@id":"https:\/\/www.locansol.fr\/#organization"},"alternateName":"Louer un h\u00e9bergement dans les Pyr\u00e9n\u00e9es Orientales, chalet & mobil-home en Occitanie","potentialAction":[{"@type":"SearchAction","target":{"@type":"EntryPoint","urlTemplate":"https:\/\/www.locansol.fr\/?s={search_term_string}"},"query-input":{"@type":"PropertyValueSpecification","valueRequired":true,"valueName":"search_term_string"}}],"inLanguage":"es"},{"@type":"Organization","@id":"https:\/\/www.locansol.fr\/#organization","name":"Location MobilHome & chalet dans les Pyr\u00e9n\u00e9es Orientales","alternateName":"Louer un h\u00e9bergement dans les Pyr\u00e9n\u00e9es Orientales en Occitanie","url":"https:\/\/www.locansol.fr\/","logo":{"@type":"ImageObject","inLanguage":"es","@id":"https:\/\/www.locansol.fr\/#\/schema\/logo\/image\/","url":"https:\/\/www.locansol.fr\/wp-content\/uploads\/2024\/04\/AdobeStock_303324767-scaled.jpeg","contentUrl":"https:\/\/www.locansol.fr\/wp-content\/uploads\/2024\/04\/AdobeStock_303324767-scaled.jpeg","width":2560,"height":1707,"caption":"Location MobilHome & chalet dans les Pyr\u00e9n\u00e9es Orientales"},"image":{"@id":"https:\/\/www.locansol.fr\/#\/schema\/logo\/image\/"}},{"@type":"Person","@id":"https:\/\/www.locansol.fr\/#\/schema\/person\/0b08d440f1ac44674c6d498107de351d","name":"H\u00e9bergements Locansol","image":{"@type":"ImageObject","inLanguage":"es","@id":"https:\/\/www.locansol.fr\/#\/schema\/person\/image\/","url":"https:\/\/secure.gravatar.com\/avatar\/444436b93284204f8116b6e0eb964cd3fcb811519c737232bde6dd5743c37ee5?s=96&d=mm&r=g","contentUrl":"https:\/\/secure.gravatar.com\/avatar\/444436b93284204f8116b6e0eb964cd3fcb811519c737232bde6dd5743c37ee5?s=96&d=mm&r=g","caption":"H\u00e9bergements Locansol"},"sameAs":["https:\/\/www.locansol.fr\/"],"url":"https:\/\/www.locansol.fr\/es\/author\/locansol\/"}]}},"_links":{"self":[{"href":"https:\/\/www.locansol.fr\/es\/wp-json\/wp\/v2\/posts\/4349","targetHints":{"allow":["GET"]}}],"collection":[{"href":"https:\/\/www.locansol.fr\/es\/wp-json\/wp\/v2\/posts"}],"about":[{"href":"https:\/\/www.locansol.fr\/es\/wp-json\/wp\/v2\/types\/post"}],"author":[{"embeddable":true,"href":"https:\/\/www.locansol.fr\/es\/wp-json\/wp\/v2\/users\/5"}],"replies":[{"embeddable":true,"href":"https:\/\/www.locansol.fr\/es\/wp-json\/wp\/v2\/comments?post=4349"}],"version-history":[{"count":1,"href":"https:\/\/www.locansol.fr\/es\/wp-json\/wp\/v2\/posts\/4349\/revisions"}],"predecessor-version":[{"id":4350,"href":"https:\/\/www.locansol.fr\/es\/wp-json\/wp\/v2\/posts\/4349\/revisions\/4350"}],"wp:featuredmedia":[{"embeddable":true,"href":"https:\/\/www.locansol.fr\/es\/wp-json\/wp\/v2\/media\/4348"}],"wp:attachment":[{"href":"https:\/\/www.locansol.fr\/es\/wp-json\/wp\/v2\/media?parent=4349"}],"wp:term":[{"taxonomy":"category","embeddable":true,"href":"https:\/\/www.locansol.fr\/es\/wp-json\/wp\/v2\/categories?post=4349"},{"taxonomy":"post_tag","embeddable":true,"href":"https:\/\/www.locansol.fr\/es\/wp-json\/wp\/v2\/tags?post=4349"}],"curies":[{"name":"wp","href":"https:\/\/api.w.org\/{rel}","templated":true}]}}