{"id":4535,"date":"2026-03-04T04:25:15","date_gmt":"2026-03-04T03:25:15","guid":{"rendered":"https:\/\/www.locansol.fr\/exposition-rencontres-saint-andre-mars\/"},"modified":"2026-03-04T04:25:27","modified_gmt":"2026-03-04T03:25:27","slug":"exposition-rencontres-saint-andre-mars","status":"publish","type":"post","link":"https:\/\/www.locansol.fr\/es\/exposition-rencontres-saint-andre-mars\/","title":{"rendered":"Exposition \u00e0 Saint-Andr\u00e9 mars 2024 : D\u00e9couvrez \u00ab Rencontres \u00bb, un dialogue artistique unique"},"content":{"rendered":"<p>Du 3 au 29 mars 2024, les amateurs d\u2019art et les curieux sont convi\u00e9s \u00e0 Saint-Andr\u00e9, charmante commune des Pyr\u00e9n\u00e9es-Orientales, pour d\u00e9couvrir une exposition exceptionnelle intitul\u00e9e \u00ab Rencontres \u00bb. Cette manifestation artistique, qui se tient \u00e0 la Galerie d&rsquo;Art de la mairie de Saint-Andr\u00e9, promet une immersion unique dans l\u2019univers de trois artistes de renom : Flossie Saillard, Lucien Giammarino et Michel Bonavia Forch.<\/p>\n<p>Cette exposition se distingue par la diversit\u00e9 des techniques et des styles qu\u2019elle r\u00e9unit. Flossie Saillard, aquarelliste talentueuse, impressionne avec des \u0153uvres empreintes de d\u00e9licatesse et capables d\u2019\u00e9veiller de profondes \u00e9motions. Lucien Giammarino, ma\u00eetre de la plume et de l\u2019encre de Chine, propose des \u0153uvres pr\u00e9cises et fascinantes o\u00f9 chaque d\u00e9tail est cisel\u00e9 avec une minutie remarquable. De son c\u00f4t\u00e9, Michel Bonavia Forch exploite toute la richesse des couleurs \u00e0 travers ses peintures \u00e0 l\u2019huile et ses pastels, explorant des th\u00e8mes vari\u00e9s avec une intensit\u00e9 chromatique saisissante.<\/p>\n<p>\u00c0 travers \u00ab Rencontres \u00bb, ces trois artistes offrent un dialogue visuel captivant o\u00f9 leurs techniques compl\u00e9mentaires enrichissent mutuellement leurs univers respectifs. Peintures, aquarelles, pastels, dessins \u00e0 la plume : chaque \u0153uvre t\u00e9moigne d\u2019un talent unique et contribue \u00e0 une ambiance artistique aussi riche qu\u2019inspirante.<\/p>\n<p>Pour profiter de cette exp\u00e9rience culturelle, rendez-vous au premier \u00e9tage de la mairie de Saint-Andr\u00e9, au 10 all\u00e9e de la Libert\u00e9. L\u2019exposition est ouverte du lundi au vendredi, de 9h \u00e0 12h et de 14h \u00e0 18h, et l\u2019entr\u00e9e y est libre, permettant \u00e0 tous d\u2019acc\u00e9der sans contrainte \u00e0 ce rendez-vous artistique. Un point fort de l\u2019\u00e9v\u00e9nement : le vernissage, qui se tiendra le 4 mars \u00e0 18h, une occasion privil\u00e9gi\u00e9e pour \u00e9changer avec les artistes et d\u00e9couvrir leurs \u0153uvres dans une atmosph\u00e8re conviviale.<\/p>\n<p>Informations pratiques \u00e0 noter : la page consacr\u00e9e \u00e0 l&rsquo;\u00e9v\u00e9nement sur le site de la mairie est \u00e0 consulter pour toute mise \u00e0 jour. Vous pouvez \u00e9galement suivre l\u2019actualit\u00e9 de l\u2019exposition sur les r\u00e9seaux sociaux officiels de Saint-Andr\u00e9.<\/p>\n<p>En r\u00e9sum\u00e9, \u00ab Rencontres \u00bb est une occasion id\u00e9ale pour plonger dans la richesse et la diversit\u00e9 de l\u2019art contemporain. Que vous soyez passionn\u00e9 d\u2019art ou simplement en qu\u00eate d\u2019une sortie culturelle enrichissante, ne manquez pas cette exposition qui promet d&rsquo;\u00eatre autant une source d\u2019\u00e9merveillement qu\u2019un voyage au c\u0153ur de la cr\u00e9ativit\u00e9.<\/p>\n<h3>Informaci\u00f3n pr\u00e1ctica<\/h3>\n<p>\ud83d\udcc5 QUAND ? Du 3 au 29 mars 2024<br \/>\ud83d\udccd O\u00d9 ? Galerie d&rsquo;Art, Mairie de Saint-Andr\u00e9, 10 all\u00e9e de la Libert\u00e9<br \/>\ud83d\udcb6 COMBIEN ? Gratuit<\/p>","protected":false},"excerpt":{"rendered":"<p>L&rsquo;exposition \u00ab Rencontres \u00bb se tient du 3 au 29 mars 2024 \u00e0 Saint-Andr\u00e9. D\u00e9couvrez trois artistes de renom dans une ambiance artistique unique.<\/p>","protected":false},"author":5,"featured_media":4534,"comment_status":"closed","ping_status":"open","sticky":false,"template":"","format":"standard","meta":{"_yoast_wpseo_focuskw":"Exposition Rencontres Saint-Andr\u00e9 mars","_yoast_wpseo_title":"Exposition \u00e0 Saint-Andr\u00e9 mars 2024 : un dialogue artistique unique","_yoast_wpseo_metadesc":"Exposition \u00e0 Saint-Andr\u00e9 mars 2024 : D\u00e9couvrez des \u0153uvres uniques en Pyr\u00e9n\u00e9es-Orientales. Rencontres entre trois artistes de renom. Entr\u00e9e libre.","_yoast_wpseo_canonical":"","_yoast_wpseo_opengraph-title":"Plongez dans l'art : Exposition \u00e0 Saint-Andr\u00e9 \u2014 Un dialogue visuel captivant","_yoast_wpseo_opengraph-description":"Imaginez un voyage au c\u0153ur de la cr\u00e9ativit\u00e9 avec des \u0153uvres qui \u00e9veillent les \u00e9motions. Rencontres \u00e0 Saint-Andr\u00e9 : une exposition gratuite \u00e0 ne pas manquer.","_yoast_wpseo_opengraph-image":"https:\/\/www.locansol.fr\/wp-content\/uploads\/2026\/03\/exposition-rencontres-saint-andre-mars.webp","_yoast_wpseo_opengraph-image-id":"","_yoast_wpseo_twitter-title":"Exposition Rencontres \u00e0 Saint-Andr\u00e9 : un dialogue artistique unique","_yoast_wpseo_twitter-description":"Plongez dans l'univers de trois artistes de renom \u00e0 Saint-Andr\u00e9. Exposition gratuite du 3 au 29 mars.","_yoast_wpseo_twitter-image":"https:\/\/www.locansol.fr\/wp-content\/uploads\/2026\/03\/exposition-rencontres-saint-andre-mars.webp","_yoast_wpseo_twitter-image-id":"","yoast_primary_category":"Exposition","footnotes":""},"categories":[35],"tags":[66,67,76],"class_list":["post-4535","post","type-post","status-publish","format-standard","has-post-thumbnail","hentry","category-carnaval","tag-evenement-culturel","tag-loisirs","tag-pyrenees-orientales"],"yoast_head":"<!-- This site is optimized with the Yoast SEO Premium plugin v23.3 (Yoast SEO v26.9) - https:\/\/yoast.com\/product\/yoast-seo-premium-wordpress\/ -->\n<title>Exposition \u00e0 Saint-Andr\u00e9 mars 2024 : un dialogue artistique unique<\/title>\n<meta name=\"description\" content=\"Exposition \u00e0 Saint-Andr\u00e9 mars 2024 : D\u00e9couvrez des \u0153uvres uniques en Pyr\u00e9n\u00e9es-Orientales. Rencontres entre trois artistes de renom. Entr\u00e9e libre.\" \/>\n<meta name=\"robots\" content=\"index, follow, max-snippet:-1, max-image-preview:large, max-video-preview:-1\" \/>\n<link rel=\"canonical\" href=\"https:\/\/www.locansol.fr\/es\/exposition-rencontres-saint-andre-mars\/\" \/>\n<meta property=\"og:locale\" content=\"es_ES\" \/>\n<meta property=\"og:type\" content=\"article\" \/>\n<meta property=\"og:title\" content=\"Plongez dans l&#039;art : Exposition \u00e0 Saint-Andr\u00e9 \u2014 Un dialogue visuel captivant\" \/>\n<meta property=\"og:description\" content=\"Imaginez un voyage au c\u0153ur de la cr\u00e9ativit\u00e9 avec des \u0153uvres qui \u00e9veillent les \u00e9motions. Rencontres \u00e0 Saint-Andr\u00e9 : une exposition gratuite \u00e0 ne pas manquer.\" \/>\n<meta property=\"og:url\" content=\"https:\/\/www.locansol.fr\/es\/exposition-rencontres-saint-andre-mars\/\" \/>\n<meta property=\"og:site_name\" content=\"Locansol, louer un h\u00e9bergement dans les Pyr\u00e9n\u00e9es Orientales\" \/>\n<meta property=\"article:published_time\" content=\"2026-03-04T03:25:15+00:00\" \/>\n<meta property=\"article:modified_time\" content=\"2026-03-04T03:25:27+00:00\" \/>\n<meta property=\"og:image\" content=\"https:\/\/www.locansol.fr\/wp-content\/uploads\/2026\/03\/exposition-rencontres-saint-andre-mars.webp\" \/>\n<meta name=\"author\" content=\"H\u00e9bergements Locansol\" \/>\n<meta name=\"twitter:card\" content=\"summary_large_image\" \/>\n<meta name=\"twitter:title\" content=\"Exposition Rencontres \u00e0 Saint-Andr\u00e9 : un dialogue artistique unique\" \/>\n<meta name=\"twitter:description\" content=\"Plongez dans l&#039;univers de trois artistes de renom \u00e0 Saint-Andr\u00e9. Exposition gratuite du 3 au 29 mars.\" \/>\n<meta name=\"twitter:image\" content=\"https:\/\/www.locansol.fr\/wp-content\/uploads\/2026\/03\/exposition-rencontres-saint-andre-mars.webp\" \/>\n<meta name=\"twitter:label1\" content=\"Escrito por\" \/>\n\t<meta name=\"twitter:data1\" content=\"H\u00e9bergements Locansol\" \/>\n\t<meta name=\"twitter:label2\" content=\"Tiempo de lectura\" \/>\n\t<meta name=\"twitter:data2\" content=\"2 minutos\" \/>\n<script type=\"application\/ld+json\" class=\"yoast-schema-graph\">{\"@context\":\"https:\/\/schema.org\",\"@graph\":[{\"@type\":\"Article\",\"@id\":\"https:\/\/www.locansol.fr\/exposition-rencontres-saint-andre-mars\/#article\",\"isPartOf\":{\"@id\":\"https:\/\/www.locansol.fr\/exposition-rencontres-saint-andre-mars\/\"},\"author\":{\"name\":\"H\u00e9bergements Locansol\",\"@id\":\"https:\/\/www.locansol.fr\/#\/schema\/person\/0b08d440f1ac44674c6d498107de351d\"},\"headline\":\"Exposition \u00e0 Saint-Andr\u00e9 mars 2024 : D\u00e9couvrez \u00ab Rencontres \u00bb, un dialogue artistique unique\",\"datePublished\":\"2026-03-04T03:25:15+00:00\",\"dateModified\":\"2026-03-04T03:25:27+00:00\",\"mainEntityOfPage\":{\"@id\":\"https:\/\/www.locansol.fr\/exposition-rencontres-saint-andre-mars\/\"},\"wordCount\":423,\"publisher\":{\"@id\":\"https:\/\/www.locansol.fr\/#organization\"},\"image\":{\"@id\":\"https:\/\/www.locansol.fr\/exposition-rencontres-saint-andre-mars\/#primaryimage\"},\"thumbnailUrl\":\"https:\/\/www.locansol.fr\/wp-content\/uploads\/2026\/03\/exposition-rencontres-saint-andre-mars.webp\",\"keywords\":[\"\u00c9v\u00e8nement culturel\",\"Loisirs\",\"Pyr\u00e9n\u00e9es-Orientales\"],\"articleSection\":[\"Carnaval\"],\"inLanguage\":\"es\"},{\"@type\":\"WebPage\",\"@id\":\"https:\/\/www.locansol.fr\/exposition-rencontres-saint-andre-mars\/\",\"url\":\"https:\/\/www.locansol.fr\/exposition-rencontres-saint-andre-mars\/\",\"name\":\"Exposition \u00e0 Saint-Andr\u00e9 mars 2024 : un dialogue artistique unique\",\"isPartOf\":{\"@id\":\"https:\/\/www.locansol.fr\/#website\"},\"primaryImageOfPage\":{\"@id\":\"https:\/\/www.locansol.fr\/exposition-rencontres-saint-andre-mars\/#primaryimage\"},\"image\":{\"@id\":\"https:\/\/www.locansol.fr\/exposition-rencontres-saint-andre-mars\/#primaryimage\"},\"thumbnailUrl\":\"https:\/\/www.locansol.fr\/wp-content\/uploads\/2026\/03\/exposition-rencontres-saint-andre-mars.webp\",\"datePublished\":\"2026-03-04T03:25:15+00:00\",\"dateModified\":\"2026-03-04T03:25:27+00:00\",\"description\":\"Exposition \u00e0 Saint-Andr\u00e9 mars 2024 : D\u00e9couvrez des \u0153uvres uniques en Pyr\u00e9n\u00e9es-Orientales. Rencontres entre trois artistes de renom. Entr\u00e9e libre.\",\"breadcrumb\":{\"@id\":\"https:\/\/www.locansol.fr\/exposition-rencontres-saint-andre-mars\/#breadcrumb\"},\"inLanguage\":\"es\",\"potentialAction\":[{\"@type\":\"ReadAction\",\"target\":[\"https:\/\/www.locansol.fr\/exposition-rencontres-saint-andre-mars\/\"]}]},{\"@type\":\"ImageObject\",\"inLanguage\":\"es\",\"@id\":\"https:\/\/www.locansol.fr\/exposition-rencontres-saint-andre-mars\/#primaryimage\",\"url\":\"https:\/\/www.locansol.fr\/wp-content\/uploads\/2026\/03\/exposition-rencontres-saint-andre-mars.webp\",\"contentUrl\":\"https:\/\/www.locansol.fr\/wp-content\/uploads\/2026\/03\/exposition-rencontres-saint-andre-mars.webp\",\"width\":1683,\"height\":1103,\"caption\":\"Exposition \u00e0 Saint-Andr\u00e9 mars 2024 : un dialogue artistique unique\"},{\"@type\":\"BreadcrumbList\",\"@id\":\"https:\/\/www.locansol.fr\/exposition-rencontres-saint-andre-mars\/#breadcrumb\",\"itemListElement\":[{\"@type\":\"ListItem\",\"position\":1,\"name\":\"Accueil\",\"item\":\"https:\/\/www.locansol.fr\/\"},{\"@type\":\"ListItem\",\"position\":2,\"name\":\"Exposition \u00e0 Saint-Andr\u00e9 mars 2024 : D\u00e9couvrez \u00ab Rencontres \u00bb, un dialogue artistique unique\"}]},{\"@type\":\"WebSite\",\"@id\":\"https:\/\/www.locansol.fr\/#website\",\"url\":\"https:\/\/www.locansol.fr\/\",\"name\":\"Locansol, louer un h\u00e9bergement dans les Pyr\u00e9n\u00e9es-Orientales\",\"description\":\"Location Mobil-home Mer M\u00e9diterran\u00e9e &amp; Chalet de Montagne dans les Pyr\u00e9n\u00e9es Orientales (Occitanie, 66). Weekend, s\u00e9jour &amp; vacances en famille et entre amis.\",\"publisher\":{\"@id\":\"https:\/\/www.locansol.fr\/#organization\"},\"alternateName\":\"Louer un h\u00e9bergement dans les Pyr\u00e9n\u00e9es Orientales, chalet & mobil-home en Occitanie\",\"potentialAction\":[{\"@type\":\"SearchAction\",\"target\":{\"@type\":\"EntryPoint\",\"urlTemplate\":\"https:\/\/www.locansol.fr\/?s={search_term_string}\"},\"query-input\":{\"@type\":\"PropertyValueSpecification\",\"valueRequired\":true,\"valueName\":\"search_term_string\"}}],\"inLanguage\":\"es\"},{\"@type\":\"Organization\",\"@id\":\"https:\/\/www.locansol.fr\/#organization\",\"name\":\"Location MobilHome & chalet dans les Pyr\u00e9n\u00e9es Orientales\",\"alternateName\":\"Louer un h\u00e9bergement dans les Pyr\u00e9n\u00e9es Orientales en Occitanie\",\"url\":\"https:\/\/www.locansol.fr\/\",\"logo\":{\"@type\":\"ImageObject\",\"inLanguage\":\"es\",\"@id\":\"https:\/\/www.locansol.fr\/#\/schema\/logo\/image\/\",\"url\":\"https:\/\/www.locansol.fr\/wp-content\/uploads\/2024\/04\/AdobeStock_303324767-scaled.jpeg\",\"contentUrl\":\"https:\/\/www.locansol.fr\/wp-content\/uploads\/2024\/04\/AdobeStock_303324767-scaled.jpeg\",\"width\":2560,\"height\":1707,\"caption\":\"Location MobilHome & chalet dans les Pyr\u00e9n\u00e9es Orientales\"},\"image\":{\"@id\":\"https:\/\/www.locansol.fr\/#\/schema\/logo\/image\/\"}},{\"@type\":\"Person\",\"@id\":\"https:\/\/www.locansol.fr\/#\/schema\/person\/0b08d440f1ac44674c6d498107de351d\",\"name\":\"H\u00e9bergements Locansol\",\"image\":{\"@type\":\"ImageObject\",\"inLanguage\":\"es\",\"@id\":\"https:\/\/www.locansol.fr\/#\/schema\/person\/image\/\",\"url\":\"https:\/\/secure.gravatar.com\/avatar\/444436b93284204f8116b6e0eb964cd3fcb811519c737232bde6dd5743c37ee5?s=96&d=mm&r=g\",\"contentUrl\":\"https:\/\/secure.gravatar.com\/avatar\/444436b93284204f8116b6e0eb964cd3fcb811519c737232bde6dd5743c37ee5?s=96&d=mm&r=g\",\"caption\":\"H\u00e9bergements Locansol\"},\"sameAs\":[\"https:\/\/www.locansol.fr\/\"],\"url\":\"https:\/\/www.locansol.fr\/es\/author\/locansol\/\"}]}<\/script>\n<!-- \/ Yoast SEO Premium plugin. -->","yoast_head_json":{"title":"Exposition \u00e0 Saint-Andr\u00e9 mars 2024 : un dialogue artistique unique","description":"Exposition \u00e0 Saint-Andr\u00e9 mars 2024 : D\u00e9couvrez des \u0153uvres uniques en Pyr\u00e9n\u00e9es-Orientales. Rencontres entre trois artistes de renom. Entr\u00e9e libre.","robots":{"index":"index","follow":"follow","max-snippet":"max-snippet:-1","max-image-preview":"max-image-preview:large","max-video-preview":"max-video-preview:-1"},"canonical":"https:\/\/www.locansol.fr\/es\/exposition-rencontres-saint-andre-mars\/","og_locale":"es_ES","og_type":"article","og_title":"Plongez dans l'art : Exposition \u00e0 Saint-Andr\u00e9 \u2014 Un dialogue visuel captivant","og_description":"Imaginez un voyage au c\u0153ur de la cr\u00e9ativit\u00e9 avec des \u0153uvres qui \u00e9veillent les \u00e9motions. Rencontres \u00e0 Saint-Andr\u00e9 : une exposition gratuite \u00e0 ne pas manquer.","og_url":"https:\/\/www.locansol.fr\/es\/exposition-rencontres-saint-andre-mars\/","og_site_name":"Locansol, louer un h\u00e9bergement dans les Pyr\u00e9n\u00e9es Orientales","article_published_time":"2026-03-04T03:25:15+00:00","article_modified_time":"2026-03-04T03:25:27+00:00","og_image":[{"url":"https:\/\/www.locansol.fr\/wp-content\/uploads\/2026\/03\/exposition-rencontres-saint-andre-mars.webp","type":"","width":"","height":""}],"author":"H\u00e9bergements Locansol","twitter_card":"summary_large_image","twitter_title":"Exposition Rencontres \u00e0 Saint-Andr\u00e9 : un dialogue artistique unique","twitter_description":"Plongez dans l'univers de trois artistes de renom \u00e0 Saint-Andr\u00e9. Exposition gratuite du 3 au 29 mars.","twitter_image":"https:\/\/www.locansol.fr\/wp-content\/uploads\/2026\/03\/exposition-rencontres-saint-andre-mars.webp","twitter_misc":{"Escrito por":"H\u00e9bergements Locansol","Tiempo de lectura":"2 minutos"},"schema":{"@context":"https:\/\/schema.org","@graph":[{"@type":"Article","@id":"https:\/\/www.locansol.fr\/exposition-rencontres-saint-andre-mars\/#article","isPartOf":{"@id":"https:\/\/www.locansol.fr\/exposition-rencontres-saint-andre-mars\/"},"author":{"name":"H\u00e9bergements Locansol","@id":"https:\/\/www.locansol.fr\/#\/schema\/person\/0b08d440f1ac44674c6d498107de351d"},"headline":"Exposition \u00e0 Saint-Andr\u00e9 mars 2024 : D\u00e9couvrez \u00ab Rencontres \u00bb, un dialogue artistique unique","datePublished":"2026-03-04T03:25:15+00:00","dateModified":"2026-03-04T03:25:27+00:00","mainEntityOfPage":{"@id":"https:\/\/www.locansol.fr\/exposition-rencontres-saint-andre-mars\/"},"wordCount":423,"publisher":{"@id":"https:\/\/www.locansol.fr\/#organization"},"image":{"@id":"https:\/\/www.locansol.fr\/exposition-rencontres-saint-andre-mars\/#primaryimage"},"thumbnailUrl":"https:\/\/www.locansol.fr\/wp-content\/uploads\/2026\/03\/exposition-rencontres-saint-andre-mars.webp","keywords":["\u00c9v\u00e8nement culturel","Loisirs","Pyr\u00e9n\u00e9es-Orientales"],"articleSection":["Carnaval"],"inLanguage":"es"},{"@type":"WebPage","@id":"https:\/\/www.locansol.fr\/exposition-rencontres-saint-andre-mars\/","url":"https:\/\/www.locansol.fr\/exposition-rencontres-saint-andre-mars\/","name":"Exposition \u00e0 Saint-Andr\u00e9 mars 2024 : un dialogue artistique unique","isPartOf":{"@id":"https:\/\/www.locansol.fr\/#website"},"primaryImageOfPage":{"@id":"https:\/\/www.locansol.fr\/exposition-rencontres-saint-andre-mars\/#primaryimage"},"image":{"@id":"https:\/\/www.locansol.fr\/exposition-rencontres-saint-andre-mars\/#primaryimage"},"thumbnailUrl":"https:\/\/www.locansol.fr\/wp-content\/uploads\/2026\/03\/exposition-rencontres-saint-andre-mars.webp","datePublished":"2026-03-04T03:25:15+00:00","dateModified":"2026-03-04T03:25:27+00:00","description":"Exposition \u00e0 Saint-Andr\u00e9 mars 2024 : D\u00e9couvrez des \u0153uvres uniques en Pyr\u00e9n\u00e9es-Orientales. Rencontres entre trois artistes de renom. Entr\u00e9e libre.","breadcrumb":{"@id":"https:\/\/www.locansol.fr\/exposition-rencontres-saint-andre-mars\/#breadcrumb"},"inLanguage":"es","potentialAction":[{"@type":"ReadAction","target":["https:\/\/www.locansol.fr\/exposition-rencontres-saint-andre-mars\/"]}]},{"@type":"ImageObject","inLanguage":"es","@id":"https:\/\/www.locansol.fr\/exposition-rencontres-saint-andre-mars\/#primaryimage","url":"https:\/\/www.locansol.fr\/wp-content\/uploads\/2026\/03\/exposition-rencontres-saint-andre-mars.webp","contentUrl":"https:\/\/www.locansol.fr\/wp-content\/uploads\/2026\/03\/exposition-rencontres-saint-andre-mars.webp","width":1683,"height":1103,"caption":"Exposition \u00e0 Saint-Andr\u00e9 mars 2024 : un dialogue artistique unique"},{"@type":"BreadcrumbList","@id":"https:\/\/www.locansol.fr\/exposition-rencontres-saint-andre-mars\/#breadcrumb","itemListElement":[{"@type":"ListItem","position":1,"name":"Accueil","item":"https:\/\/www.locansol.fr\/"},{"@type":"ListItem","position":2,"name":"Exposition \u00e0 Saint-Andr\u00e9 mars 2024 : D\u00e9couvrez \u00ab Rencontres \u00bb, un dialogue artistique unique"}]},{"@type":"WebSite","@id":"https:\/\/www.locansol.fr\/#website","url":"https:\/\/www.locansol.fr\/","name":"Locansol, louer un h\u00e9bergement dans les Pyr\u00e9n\u00e9es-Orientales","description":"Location Mobil-home Mer M\u00e9diterran\u00e9e &amp; Chalet de Montagne dans les Pyr\u00e9n\u00e9es Orientales (Occitanie, 66). Weekend, s\u00e9jour &amp; vacances en famille et entre amis.","publisher":{"@id":"https:\/\/www.locansol.fr\/#organization"},"alternateName":"Louer un h\u00e9bergement dans les Pyr\u00e9n\u00e9es Orientales, chalet & mobil-home en Occitanie","potentialAction":[{"@type":"SearchAction","target":{"@type":"EntryPoint","urlTemplate":"https:\/\/www.locansol.fr\/?s={search_term_string}"},"query-input":{"@type":"PropertyValueSpecification","valueRequired":true,"valueName":"search_term_string"}}],"inLanguage":"es"},{"@type":"Organization","@id":"https:\/\/www.locansol.fr\/#organization","name":"Location MobilHome & chalet dans les Pyr\u00e9n\u00e9es Orientales","alternateName":"Louer un h\u00e9bergement dans les Pyr\u00e9n\u00e9es Orientales en Occitanie","url":"https:\/\/www.locansol.fr\/","logo":{"@type":"ImageObject","inLanguage":"es","@id":"https:\/\/www.locansol.fr\/#\/schema\/logo\/image\/","url":"https:\/\/www.locansol.fr\/wp-content\/uploads\/2024\/04\/AdobeStock_303324767-scaled.jpeg","contentUrl":"https:\/\/www.locansol.fr\/wp-content\/uploads\/2024\/04\/AdobeStock_303324767-scaled.jpeg","width":2560,"height":1707,"caption":"Location MobilHome & chalet dans les Pyr\u00e9n\u00e9es Orientales"},"image":{"@id":"https:\/\/www.locansol.fr\/#\/schema\/logo\/image\/"}},{"@type":"Person","@id":"https:\/\/www.locansol.fr\/#\/schema\/person\/0b08d440f1ac44674c6d498107de351d","name":"H\u00e9bergements Locansol","image":{"@type":"ImageObject","inLanguage":"es","@id":"https:\/\/www.locansol.fr\/#\/schema\/person\/image\/","url":"https:\/\/secure.gravatar.com\/avatar\/444436b93284204f8116b6e0eb964cd3fcb811519c737232bde6dd5743c37ee5?s=96&d=mm&r=g","contentUrl":"https:\/\/secure.gravatar.com\/avatar\/444436b93284204f8116b6e0eb964cd3fcb811519c737232bde6dd5743c37ee5?s=96&d=mm&r=g","caption":"H\u00e9bergements Locansol"},"sameAs":["https:\/\/www.locansol.fr\/"],"url":"https:\/\/www.locansol.fr\/es\/author\/locansol\/"}]}},"_links":{"self":[{"href":"https:\/\/www.locansol.fr\/es\/wp-json\/wp\/v2\/posts\/4535","targetHints":{"allow":["GET"]}}],"collection":[{"href":"https:\/\/www.locansol.fr\/es\/wp-json\/wp\/v2\/posts"}],"about":[{"href":"https:\/\/www.locansol.fr\/es\/wp-json\/wp\/v2\/types\/post"}],"author":[{"embeddable":true,"href":"https:\/\/www.locansol.fr\/es\/wp-json\/wp\/v2\/users\/5"}],"replies":[{"embeddable":true,"href":"https:\/\/www.locansol.fr\/es\/wp-json\/wp\/v2\/comments?post=4535"}],"version-history":[{"count":1,"href":"https:\/\/www.locansol.fr\/es\/wp-json\/wp\/v2\/posts\/4535\/revisions"}],"predecessor-version":[{"id":4536,"href":"https:\/\/www.locansol.fr\/es\/wp-json\/wp\/v2\/posts\/4535\/revisions\/4536"}],"wp:featuredmedia":[{"embeddable":true,"href":"https:\/\/www.locansol.fr\/es\/wp-json\/wp\/v2\/media\/4534"}],"wp:attachment":[{"href":"https:\/\/www.locansol.fr\/es\/wp-json\/wp\/v2\/media?parent=4535"}],"wp:term":[{"taxonomy":"category","embeddable":true,"href":"https:\/\/www.locansol.fr\/es\/wp-json\/wp\/v2\/categories?post=4535"},{"taxonomy":"post_tag","embeddable":true,"href":"https:\/\/www.locansol.fr\/es\/wp-json\/wp\/v2\/tags?post=4535"}],"curies":[{"name":"wp","href":"https:\/\/api.w.org\/{rel}","templated":true}]}}