{"id":4575,"date":"2026-03-05T14:13:24","date_gmt":"2026-03-05T13:13:24","guid":{"rendered":"https:\/\/www.locansol.fr\/conference-etoiles-mer-banyuls\/"},"modified":"2026-03-05T14:13:38","modified_gmt":"2026-03-05T13:13:38","slug":"conference-etoiles-mer-banyuls","status":"publish","type":"post","link":"https:\/\/www.locansol.fr\/es\/conference-etoiles-mer-banyuls\/","title":{"rendered":"Conf\u00e9rence \u00e0 Banyuls-sur-Mer &#8211; 4 mars 2024 : D\u00e9couvrez le myst\u00e8re des \u00e9toiles de mer"},"content":{"rendered":"<p>Que diriez-vous d\u2019une plong\u00e9e dans l&rsquo;univers fascinant des \u00e9toiles de mer et des myst\u00e8res de la science ? Ce mercredi 4 mars, \u00e0 Banyuls-sur-Mer, la conf\u00e9rence \u00ab O\u00f9 est pass\u00e9e la t\u00eate des \u00e9toiles de mer ? \u00bb, anim\u00e9e par Laurent Formery, vous invite \u00e0 une exploration captivante. Rendez-vous \u00e0 18h00, dans l&rsquo;amphith\u00e9\u00e2tre Alain Guille de l&rsquo;Observatoire Oc\u00e9anologique, pour une soir\u00e9e enrichissante autour de l&rsquo;\u00e9volution morphologique des animaux.<\/p>\n<p>Organis\u00e9 par Les Amis du Laboratoire Arago, cet \u00e9v\u00e9nement s\u2019inscrit dans la s\u00e9rie des \u00ab Mercredis de la Connaissance \u00bb, une initiative visant \u00e0 rendre accessibles les recherches scientifiques au grand public. Laurent Formery, expert en zoologie, partagera ses d\u00e9couvertes sur ce myst\u00e8re zoologique \u00e0 travers des outils modernes tels que l\u2019imagerie mol\u00e9culaire et le s\u00e9quen\u00e7age. Pr\u00e9parez-vous \u00e0 plonger au c\u0153ur des m\u00e9canismes \u00e9volutifs de la biodiversit\u00e9 marine.<\/p>\n<p>Situ\u00e9 sur l\u2019Avenue de la C\u00f4te Vermeille, l\u2019Observatoire Oc\u00e9anologique de Banyuls-sur-Mer est un lieu incontournable d\u00e9di\u00e9 \u00e0 l\u2019\u00e9tude des milieux marins et \u00e0 la pr\u00e9servation de la biodiversit\u00e9. Ce cadre scientifique inspire la r\u00e9flexion et offre une immersion id\u00e9ale pour en apprendre davantage sur les enjeux actuels de la biologie marine. L\u2019amphith\u00e9\u00e2tre Alain Guille, connu pour son ambiance accueillante, saura vous mettre \u00e0 l\u2019aise tout au long de cette conf\u00e9rence.<\/p>\n<p>L&rsquo;entr\u00e9e est libre, une excellente raison de ne pas manquer cette opportunit\u00e9 unique. Que vous soyez passionn\u00e9 de biologie, curieux des myst\u00e8res de la nature ou simplement \u00e0 la recherche d\u2019une sortie instructive en famille ou entre amis, cette soir\u00e9e s\u2019annoncera m\u00e9morable. Les \u00ab Mercredis de la Connaissance \u00bb sont \u00e9galement une belle occasion d\u2019\u00e9changer avec les chercheurs et de mieux comprendre les travaux men\u00e9s au sein de l&rsquo;Observatoire.<\/p>\n<p>Prenez date et rejoignez cette aventure scientifique \u00e0 la d\u00e9couverte des \u00e9toiles de mer et de leurs secrets. Avec un sujet aussi fascinant et un cadre aussi exceptionnel, la soir\u00e9e promet d\u2019\u00eatre aussi \u00e9ducative qu\u2019inoubliable. On vous attend nombreux pour ce rendez-vous p\u00e9dagogique \u00e0 la fois passionnant et convivial.<\/p>\n<h3>Informaci\u00f3n pr\u00e1ctica<\/h3>\n<p>\ud83d\udcc5 QUAND ? Mercredi 4 mars 2024 &#8211; 18h00<br \/>\ud83d\udccd O\u00d9 ? Amphith\u00e9\u00e2tre Alain Guille, Observatoire Oc\u00e9anologique, Banyuls-sur-Mer<br \/>\ud83d\udcb6 COMBIEN ? Entr\u00e9e libre<\/p>","protected":false},"excerpt":{"rendered":"<p>Participez \u00e0 une conf\u00e9rence captivante \u00e0 Banyuls-sur-Mer le 4 mars pour explorer le myst\u00e8re des \u00e9toiles de mer, avec l\u2019expert Laurent Formery.<\/p>","protected":false},"author":5,"featured_media":4574,"comment_status":"closed","ping_status":"open","sticky":false,"template":"","format":"standard","meta":{"_yoast_wpseo_focuskw":"Conf\u00e9rence \u00e9toiles de mer Banyuls","_yoast_wpseo_title":"Conf\u00e9rence \u00e0 Banyuls-sur-Mer : D\u00e9couvrez les \u00e9toiles de mer","_yoast_wpseo_metadesc":"Conf\u00e9rence \u00e0 Banyuls-sur-Mer : Explorez les myst\u00e8res des \u00e9toiles de mer avec Laurent Formery. Un \u00e9v\u00e9nement captivant dans les Pyr\u00e9n\u00e9es-Orientales.","_yoast_wpseo_canonical":"","_yoast_wpseo_opengraph-title":"Plongez dans le myst\u00e8re des \u00e9toiles de mer \u00e0 Banyuls-sur-Mer","_yoast_wpseo_opengraph-description":"Imaginez-vous plonger dans l'univers fascinant des \u00e9toiles de mer. Une conf\u00e9rence captivante \u00e0 Banyuls-sur-Mer vous attend.","_yoast_wpseo_opengraph-image":"https:\/\/www.locansol.fr\/wp-content\/uploads\/2026\/03\/conference-etoiles-mer-banyuls.webp","_yoast_wpseo_opengraph-image-id":"","_yoast_wpseo_twitter-title":"D\u00e9couvrez le myst\u00e8re des \u00e9toiles de mer \u00e0 Banyuls-sur-Mer","_yoast_wpseo_twitter-description":"Plongez dans l'univers fascinant des \u00e9toiles de mer avec Laurent Formery. Une conf\u00e9rence captivante \u00e0 Banyuls-sur-Mer.","_yoast_wpseo_twitter-image":"https:\/\/www.locansol.fr\/wp-content\/uploads\/2026\/03\/conference-etoiles-mer-banyuls.webp","_yoast_wpseo_twitter-image-id":"","yoast_primary_category":"D\u00e9bat \/ Conf\u00e9rence","footnotes":""},"categories":[47],"tags":[66,70,76],"class_list":["post-4575","post","type-post","status-publish","format-standard","has-post-thumbnail","hentry","category-foire","tag-evenement-culturel","tag-nature","tag-pyrenees-orientales"],"yoast_head":"<!-- This site is optimized with the Yoast SEO Premium plugin v23.3 (Yoast SEO v26.9) - https:\/\/yoast.com\/product\/yoast-seo-premium-wordpress\/ -->\n<title>Conf\u00e9rence \u00e0 Banyuls-sur-Mer : D\u00e9couvrez les \u00e9toiles de mer<\/title>\n<meta name=\"description\" content=\"Conf\u00e9rence \u00e0 Banyuls-sur-Mer : Explorez les myst\u00e8res des \u00e9toiles de mer avec Laurent Formery. Un \u00e9v\u00e9nement captivant dans les Pyr\u00e9n\u00e9es-Orientales.\" \/>\n<meta name=\"robots\" content=\"index, follow, max-snippet:-1, max-image-preview:large, max-video-preview:-1\" \/>\n<link rel=\"canonical\" href=\"https:\/\/www.locansol.fr\/es\/conference-etoiles-mer-banyuls\/\" \/>\n<meta property=\"og:locale\" content=\"es_ES\" \/>\n<meta property=\"og:type\" content=\"article\" \/>\n<meta property=\"og:title\" content=\"Plongez dans le myst\u00e8re des \u00e9toiles de mer \u00e0 Banyuls-sur-Mer\" \/>\n<meta property=\"og:description\" content=\"Imaginez-vous plonger dans l&#039;univers fascinant des \u00e9toiles de mer. Une conf\u00e9rence captivante \u00e0 Banyuls-sur-Mer vous attend.\" \/>\n<meta property=\"og:url\" content=\"https:\/\/www.locansol.fr\/es\/conference-etoiles-mer-banyuls\/\" \/>\n<meta property=\"og:site_name\" content=\"Locansol, louer un h\u00e9bergement dans les Pyr\u00e9n\u00e9es Orientales\" \/>\n<meta property=\"article:published_time\" content=\"2026-03-05T13:13:24+00:00\" \/>\n<meta property=\"article:modified_time\" content=\"2026-03-05T13:13:38+00:00\" \/>\n<meta property=\"og:image\" content=\"https:\/\/www.locansol.fr\/wp-content\/uploads\/2026\/03\/conference-etoiles-mer-banyuls.webp\" \/>\n<meta name=\"author\" content=\"H\u00e9bergements Locansol\" \/>\n<meta name=\"twitter:card\" content=\"summary_large_image\" \/>\n<meta name=\"twitter:title\" content=\"D\u00e9couvrez le myst\u00e8re des \u00e9toiles de mer \u00e0 Banyuls-sur-Mer\" \/>\n<meta name=\"twitter:description\" content=\"Plongez dans l&#039;univers fascinant des \u00e9toiles de mer avec Laurent Formery. Une conf\u00e9rence captivante \u00e0 Banyuls-sur-Mer.\" \/>\n<meta name=\"twitter:image\" content=\"https:\/\/www.locansol.fr\/wp-content\/uploads\/2026\/03\/conference-etoiles-mer-banyuls.webp\" \/>\n<meta name=\"twitter:label1\" content=\"Escrito por\" \/>\n\t<meta name=\"twitter:data1\" content=\"H\u00e9bergements Locansol\" \/>\n\t<meta name=\"twitter:label2\" content=\"Tiempo de lectura\" \/>\n\t<meta name=\"twitter:data2\" content=\"2 minutos\" \/>\n<script type=\"application\/ld+json\" class=\"yoast-schema-graph\">{\"@context\":\"https:\/\/schema.org\",\"@graph\":[{\"@type\":\"Article\",\"@id\":\"https:\/\/www.locansol.fr\/conference-etoiles-mer-banyuls\/#article\",\"isPartOf\":{\"@id\":\"https:\/\/www.locansol.fr\/conference-etoiles-mer-banyuls\/\"},\"author\":{\"name\":\"H\u00e9bergements Locansol\",\"@id\":\"https:\/\/www.locansol.fr\/#\/schema\/person\/0b08d440f1ac44674c6d498107de351d\"},\"headline\":\"Conf\u00e9rence \u00e0 Banyuls-sur-Mer &#8211; 4 mars 2024 : D\u00e9couvrez le myst\u00e8re des \u00e9toiles de mer\",\"datePublished\":\"2026-03-05T13:13:24+00:00\",\"dateModified\":\"2026-03-05T13:13:38+00:00\",\"mainEntityOfPage\":{\"@id\":\"https:\/\/www.locansol.fr\/conference-etoiles-mer-banyuls\/\"},\"wordCount\":391,\"publisher\":{\"@id\":\"https:\/\/www.locansol.fr\/#organization\"},\"image\":{\"@id\":\"https:\/\/www.locansol.fr\/conference-etoiles-mer-banyuls\/#primaryimage\"},\"thumbnailUrl\":\"https:\/\/www.locansol.fr\/wp-content\/uploads\/2026\/03\/conference-etoiles-mer-banyuls.webp\",\"keywords\":[\"\u00c9v\u00e8nement culturel\",\"Nature\",\"Pyr\u00e9n\u00e9es-Orientales\"],\"articleSection\":[\"Foire\"],\"inLanguage\":\"es\"},{\"@type\":\"WebPage\",\"@id\":\"https:\/\/www.locansol.fr\/conference-etoiles-mer-banyuls\/\",\"url\":\"https:\/\/www.locansol.fr\/conference-etoiles-mer-banyuls\/\",\"name\":\"Conf\u00e9rence \u00e0 Banyuls-sur-Mer : D\u00e9couvrez les \u00e9toiles de mer\",\"isPartOf\":{\"@id\":\"https:\/\/www.locansol.fr\/#website\"},\"primaryImageOfPage\":{\"@id\":\"https:\/\/www.locansol.fr\/conference-etoiles-mer-banyuls\/#primaryimage\"},\"image\":{\"@id\":\"https:\/\/www.locansol.fr\/conference-etoiles-mer-banyuls\/#primaryimage\"},\"thumbnailUrl\":\"https:\/\/www.locansol.fr\/wp-content\/uploads\/2026\/03\/conference-etoiles-mer-banyuls.webp\",\"datePublished\":\"2026-03-05T13:13:24+00:00\",\"dateModified\":\"2026-03-05T13:13:38+00:00\",\"description\":\"Conf\u00e9rence \u00e0 Banyuls-sur-Mer : Explorez les myst\u00e8res des \u00e9toiles de mer avec Laurent Formery. Un \u00e9v\u00e9nement captivant dans les Pyr\u00e9n\u00e9es-Orientales.\",\"breadcrumb\":{\"@id\":\"https:\/\/www.locansol.fr\/conference-etoiles-mer-banyuls\/#breadcrumb\"},\"inLanguage\":\"es\",\"potentialAction\":[{\"@type\":\"ReadAction\",\"target\":[\"https:\/\/www.locansol.fr\/conference-etoiles-mer-banyuls\/\"]}]},{\"@type\":\"ImageObject\",\"inLanguage\":\"es\",\"@id\":\"https:\/\/www.locansol.fr\/conference-etoiles-mer-banyuls\/#primaryimage\",\"url\":\"https:\/\/www.locansol.fr\/wp-content\/uploads\/2026\/03\/conference-etoiles-mer-banyuls.webp\",\"contentUrl\":\"https:\/\/www.locansol.fr\/wp-content\/uploads\/2026\/03\/conference-etoiles-mer-banyuls.webp\",\"width\":842,\"height\":1191,\"caption\":\"Conf\u00e9rence \u00e0 Banyuls-sur-Mer : D\u00e9couvrez les \u00e9toiles de mer\"},{\"@type\":\"BreadcrumbList\",\"@id\":\"https:\/\/www.locansol.fr\/conference-etoiles-mer-banyuls\/#breadcrumb\",\"itemListElement\":[{\"@type\":\"ListItem\",\"position\":1,\"name\":\"Accueil\",\"item\":\"https:\/\/www.locansol.fr\/\"},{\"@type\":\"ListItem\",\"position\":2,\"name\":\"Conf\u00e9rence \u00e0 Banyuls-sur-Mer &#8211; 4 mars 2024 : D\u00e9couvrez le myst\u00e8re des \u00e9toiles de mer\"}]},{\"@type\":\"WebSite\",\"@id\":\"https:\/\/www.locansol.fr\/#website\",\"url\":\"https:\/\/www.locansol.fr\/\",\"name\":\"Locansol, louer un h\u00e9bergement dans les Pyr\u00e9n\u00e9es-Orientales\",\"description\":\"Location Mobil-home Mer M\u00e9diterran\u00e9e &amp; Chalet de Montagne dans les Pyr\u00e9n\u00e9es Orientales (Occitanie, 66). Weekend, s\u00e9jour &amp; vacances en famille et entre amis.\",\"publisher\":{\"@id\":\"https:\/\/www.locansol.fr\/#organization\"},\"alternateName\":\"Louer un h\u00e9bergement dans les Pyr\u00e9n\u00e9es Orientales, chalet & mobil-home en Occitanie\",\"potentialAction\":[{\"@type\":\"SearchAction\",\"target\":{\"@type\":\"EntryPoint\",\"urlTemplate\":\"https:\/\/www.locansol.fr\/?s={search_term_string}\"},\"query-input\":{\"@type\":\"PropertyValueSpecification\",\"valueRequired\":true,\"valueName\":\"search_term_string\"}}],\"inLanguage\":\"es\"},{\"@type\":\"Organization\",\"@id\":\"https:\/\/www.locansol.fr\/#organization\",\"name\":\"Location MobilHome & chalet dans les Pyr\u00e9n\u00e9es Orientales\",\"alternateName\":\"Louer un h\u00e9bergement dans les Pyr\u00e9n\u00e9es Orientales en Occitanie\",\"url\":\"https:\/\/www.locansol.fr\/\",\"logo\":{\"@type\":\"ImageObject\",\"inLanguage\":\"es\",\"@id\":\"https:\/\/www.locansol.fr\/#\/schema\/logo\/image\/\",\"url\":\"https:\/\/www.locansol.fr\/wp-content\/uploads\/2024\/04\/AdobeStock_303324767-scaled.jpeg\",\"contentUrl\":\"https:\/\/www.locansol.fr\/wp-content\/uploads\/2024\/04\/AdobeStock_303324767-scaled.jpeg\",\"width\":2560,\"height\":1707,\"caption\":\"Location MobilHome & chalet dans les Pyr\u00e9n\u00e9es Orientales\"},\"image\":{\"@id\":\"https:\/\/www.locansol.fr\/#\/schema\/logo\/image\/\"}},{\"@type\":\"Person\",\"@id\":\"https:\/\/www.locansol.fr\/#\/schema\/person\/0b08d440f1ac44674c6d498107de351d\",\"name\":\"H\u00e9bergements Locansol\",\"image\":{\"@type\":\"ImageObject\",\"inLanguage\":\"es\",\"@id\":\"https:\/\/www.locansol.fr\/#\/schema\/person\/image\/\",\"url\":\"https:\/\/secure.gravatar.com\/avatar\/444436b93284204f8116b6e0eb964cd3fcb811519c737232bde6dd5743c37ee5?s=96&d=mm&r=g\",\"contentUrl\":\"https:\/\/secure.gravatar.com\/avatar\/444436b93284204f8116b6e0eb964cd3fcb811519c737232bde6dd5743c37ee5?s=96&d=mm&r=g\",\"caption\":\"H\u00e9bergements Locansol\"},\"sameAs\":[\"https:\/\/www.locansol.fr\/\"],\"url\":\"https:\/\/www.locansol.fr\/es\/author\/locansol\/\"}]}<\/script>\n<!-- \/ Yoast SEO Premium plugin. -->","yoast_head_json":{"title":"Conf\u00e9rence \u00e0 Banyuls-sur-Mer : D\u00e9couvrez les \u00e9toiles de mer","description":"Conf\u00e9rence \u00e0 Banyuls-sur-Mer : Explorez les myst\u00e8res des \u00e9toiles de mer avec Laurent Formery. Un \u00e9v\u00e9nement captivant dans les Pyr\u00e9n\u00e9es-Orientales.","robots":{"index":"index","follow":"follow","max-snippet":"max-snippet:-1","max-image-preview":"max-image-preview:large","max-video-preview":"max-video-preview:-1"},"canonical":"https:\/\/www.locansol.fr\/es\/conference-etoiles-mer-banyuls\/","og_locale":"es_ES","og_type":"article","og_title":"Plongez dans le myst\u00e8re des \u00e9toiles de mer \u00e0 Banyuls-sur-Mer","og_description":"Imaginez-vous plonger dans l'univers fascinant des \u00e9toiles de mer. Une conf\u00e9rence captivante \u00e0 Banyuls-sur-Mer vous attend.","og_url":"https:\/\/www.locansol.fr\/es\/conference-etoiles-mer-banyuls\/","og_site_name":"Locansol, louer un h\u00e9bergement dans les Pyr\u00e9n\u00e9es Orientales","article_published_time":"2026-03-05T13:13:24+00:00","article_modified_time":"2026-03-05T13:13:38+00:00","og_image":[{"url":"https:\/\/www.locansol.fr\/wp-content\/uploads\/2026\/03\/conference-etoiles-mer-banyuls.webp","type":"","width":"","height":""}],"author":"H\u00e9bergements Locansol","twitter_card":"summary_large_image","twitter_title":"D\u00e9couvrez le myst\u00e8re des \u00e9toiles de mer \u00e0 Banyuls-sur-Mer","twitter_description":"Plongez dans l'univers fascinant des \u00e9toiles de mer avec Laurent Formery. Une conf\u00e9rence captivante \u00e0 Banyuls-sur-Mer.","twitter_image":"https:\/\/www.locansol.fr\/wp-content\/uploads\/2026\/03\/conference-etoiles-mer-banyuls.webp","twitter_misc":{"Escrito por":"H\u00e9bergements Locansol","Tiempo de lectura":"2 minutos"},"schema":{"@context":"https:\/\/schema.org","@graph":[{"@type":"Article","@id":"https:\/\/www.locansol.fr\/conference-etoiles-mer-banyuls\/#article","isPartOf":{"@id":"https:\/\/www.locansol.fr\/conference-etoiles-mer-banyuls\/"},"author":{"name":"H\u00e9bergements Locansol","@id":"https:\/\/www.locansol.fr\/#\/schema\/person\/0b08d440f1ac44674c6d498107de351d"},"headline":"Conf\u00e9rence \u00e0 Banyuls-sur-Mer &#8211; 4 mars 2024 : D\u00e9couvrez le myst\u00e8re des \u00e9toiles de mer","datePublished":"2026-03-05T13:13:24+00:00","dateModified":"2026-03-05T13:13:38+00:00","mainEntityOfPage":{"@id":"https:\/\/www.locansol.fr\/conference-etoiles-mer-banyuls\/"},"wordCount":391,"publisher":{"@id":"https:\/\/www.locansol.fr\/#organization"},"image":{"@id":"https:\/\/www.locansol.fr\/conference-etoiles-mer-banyuls\/#primaryimage"},"thumbnailUrl":"https:\/\/www.locansol.fr\/wp-content\/uploads\/2026\/03\/conference-etoiles-mer-banyuls.webp","keywords":["\u00c9v\u00e8nement culturel","Nature","Pyr\u00e9n\u00e9es-Orientales"],"articleSection":["Foire"],"inLanguage":"es"},{"@type":"WebPage","@id":"https:\/\/www.locansol.fr\/conference-etoiles-mer-banyuls\/","url":"https:\/\/www.locansol.fr\/conference-etoiles-mer-banyuls\/","name":"Conf\u00e9rence \u00e0 Banyuls-sur-Mer : D\u00e9couvrez les \u00e9toiles de mer","isPartOf":{"@id":"https:\/\/www.locansol.fr\/#website"},"primaryImageOfPage":{"@id":"https:\/\/www.locansol.fr\/conference-etoiles-mer-banyuls\/#primaryimage"},"image":{"@id":"https:\/\/www.locansol.fr\/conference-etoiles-mer-banyuls\/#primaryimage"},"thumbnailUrl":"https:\/\/www.locansol.fr\/wp-content\/uploads\/2026\/03\/conference-etoiles-mer-banyuls.webp","datePublished":"2026-03-05T13:13:24+00:00","dateModified":"2026-03-05T13:13:38+00:00","description":"Conf\u00e9rence \u00e0 Banyuls-sur-Mer : Explorez les myst\u00e8res des \u00e9toiles de mer avec Laurent Formery. Un \u00e9v\u00e9nement captivant dans les Pyr\u00e9n\u00e9es-Orientales.","breadcrumb":{"@id":"https:\/\/www.locansol.fr\/conference-etoiles-mer-banyuls\/#breadcrumb"},"inLanguage":"es","potentialAction":[{"@type":"ReadAction","target":["https:\/\/www.locansol.fr\/conference-etoiles-mer-banyuls\/"]}]},{"@type":"ImageObject","inLanguage":"es","@id":"https:\/\/www.locansol.fr\/conference-etoiles-mer-banyuls\/#primaryimage","url":"https:\/\/www.locansol.fr\/wp-content\/uploads\/2026\/03\/conference-etoiles-mer-banyuls.webp","contentUrl":"https:\/\/www.locansol.fr\/wp-content\/uploads\/2026\/03\/conference-etoiles-mer-banyuls.webp","width":842,"height":1191,"caption":"Conf\u00e9rence \u00e0 Banyuls-sur-Mer : D\u00e9couvrez les \u00e9toiles de mer"},{"@type":"BreadcrumbList","@id":"https:\/\/www.locansol.fr\/conference-etoiles-mer-banyuls\/#breadcrumb","itemListElement":[{"@type":"ListItem","position":1,"name":"Accueil","item":"https:\/\/www.locansol.fr\/"},{"@type":"ListItem","position":2,"name":"Conf\u00e9rence \u00e0 Banyuls-sur-Mer &#8211; 4 mars 2024 : D\u00e9couvrez le myst\u00e8re des \u00e9toiles de mer"}]},{"@type":"WebSite","@id":"https:\/\/www.locansol.fr\/#website","url":"https:\/\/www.locansol.fr\/","name":"Locansol, louer un h\u00e9bergement dans les Pyr\u00e9n\u00e9es-Orientales","description":"Location Mobil-home Mer M\u00e9diterran\u00e9e &amp; Chalet de Montagne dans les Pyr\u00e9n\u00e9es Orientales (Occitanie, 66). Weekend, s\u00e9jour &amp; vacances en famille et entre amis.","publisher":{"@id":"https:\/\/www.locansol.fr\/#organization"},"alternateName":"Louer un h\u00e9bergement dans les Pyr\u00e9n\u00e9es Orientales, chalet & mobil-home en Occitanie","potentialAction":[{"@type":"SearchAction","target":{"@type":"EntryPoint","urlTemplate":"https:\/\/www.locansol.fr\/?s={search_term_string}"},"query-input":{"@type":"PropertyValueSpecification","valueRequired":true,"valueName":"search_term_string"}}],"inLanguage":"es"},{"@type":"Organization","@id":"https:\/\/www.locansol.fr\/#organization","name":"Location MobilHome & chalet dans les Pyr\u00e9n\u00e9es Orientales","alternateName":"Louer un h\u00e9bergement dans les Pyr\u00e9n\u00e9es Orientales en Occitanie","url":"https:\/\/www.locansol.fr\/","logo":{"@type":"ImageObject","inLanguage":"es","@id":"https:\/\/www.locansol.fr\/#\/schema\/logo\/image\/","url":"https:\/\/www.locansol.fr\/wp-content\/uploads\/2024\/04\/AdobeStock_303324767-scaled.jpeg","contentUrl":"https:\/\/www.locansol.fr\/wp-content\/uploads\/2024\/04\/AdobeStock_303324767-scaled.jpeg","width":2560,"height":1707,"caption":"Location MobilHome & chalet dans les Pyr\u00e9n\u00e9es Orientales"},"image":{"@id":"https:\/\/www.locansol.fr\/#\/schema\/logo\/image\/"}},{"@type":"Person","@id":"https:\/\/www.locansol.fr\/#\/schema\/person\/0b08d440f1ac44674c6d498107de351d","name":"H\u00e9bergements Locansol","image":{"@type":"ImageObject","inLanguage":"es","@id":"https:\/\/www.locansol.fr\/#\/schema\/person\/image\/","url":"https:\/\/secure.gravatar.com\/avatar\/444436b93284204f8116b6e0eb964cd3fcb811519c737232bde6dd5743c37ee5?s=96&d=mm&r=g","contentUrl":"https:\/\/secure.gravatar.com\/avatar\/444436b93284204f8116b6e0eb964cd3fcb811519c737232bde6dd5743c37ee5?s=96&d=mm&r=g","caption":"H\u00e9bergements Locansol"},"sameAs":["https:\/\/www.locansol.fr\/"],"url":"https:\/\/www.locansol.fr\/es\/author\/locansol\/"}]}},"_links":{"self":[{"href":"https:\/\/www.locansol.fr\/es\/wp-json\/wp\/v2\/posts\/4575","targetHints":{"allow":["GET"]}}],"collection":[{"href":"https:\/\/www.locansol.fr\/es\/wp-json\/wp\/v2\/posts"}],"about":[{"href":"https:\/\/www.locansol.fr\/es\/wp-json\/wp\/v2\/types\/post"}],"author":[{"embeddable":true,"href":"https:\/\/www.locansol.fr\/es\/wp-json\/wp\/v2\/users\/5"}],"replies":[{"embeddable":true,"href":"https:\/\/www.locansol.fr\/es\/wp-json\/wp\/v2\/comments?post=4575"}],"version-history":[{"count":1,"href":"https:\/\/www.locansol.fr\/es\/wp-json\/wp\/v2\/posts\/4575\/revisions"}],"predecessor-version":[{"id":4576,"href":"https:\/\/www.locansol.fr\/es\/wp-json\/wp\/v2\/posts\/4575\/revisions\/4576"}],"wp:featuredmedia":[{"embeddable":true,"href":"https:\/\/www.locansol.fr\/es\/wp-json\/wp\/v2\/media\/4574"}],"wp:attachment":[{"href":"https:\/\/www.locansol.fr\/es\/wp-json\/wp\/v2\/media?parent=4575"}],"wp:term":[{"taxonomy":"category","embeddable":true,"href":"https:\/\/www.locansol.fr\/es\/wp-json\/wp\/v2\/categories?post=4575"},{"taxonomy":"post_tag","embeddable":true,"href":"https:\/\/www.locansol.fr\/es\/wp-json\/wp\/v2\/tags?post=4575"}],"curies":[{"name":"wp","href":"https:\/\/api.w.org\/{rel}","templated":true}]}}