{"id":4643,"date":"2026-03-08T00:16:15","date_gmt":"2026-03-07T23:16:15","guid":{"rendered":"https:\/\/www.locansol.fr\/aquarelle-pastel-nature-ceret\/"},"modified":"2026-03-08T00:16:19","modified_gmt":"2026-03-07T23:16:19","slug":"aquarelle-pastel-nature-ceret","status":"publish","type":"post","link":"https:\/\/www.locansol.fr\/es\/aquarelle-pastel-nature-ceret\/","title":{"rendered":"Exposition \u00e0 C\u00e9ret en mars 2026 : Aquarelle, pastel et nature"},"content":{"rendered":"<p>L\u2019arriv\u00e9e du printemps \u00e0 C\u00e9ret, c\u00e9l\u00e8bre pour sa douceur de vivre et son esprit artistique, s\u2019accompagne cette ann\u00e9e d\u2019un rendez-vous incontournable pour les amateurs d\u2019art et amoureux de la nature. Du 4 au 28 mars 2026, la M\u00e9diath\u00e8que Ludovic Mass\u00e9, en plein c\u0153ur de la ville, ouvre ses portes \u00e0 une exposition unique. Intitul\u00e9e \u00ab Oiseaux \u00bb, cette exposition met en lumi\u00e8re les aquarelles et pastels de l\u2019artiste locale Monique Fradier.<\/p>\n<p>Monique Fradier, bien connue dans la r\u00e9gion pour son expertise dans l\u2019aquarelle et le pastel, d\u00e9ploie sur ses toiles toute la richesse et la beaut\u00e9 du monde aviaire. \u00c0 travers sa sensibilit\u00e9 et ses talents artistiques, elle immortalise les couleurs vibrantes des plumages et les poses gracieuses des oiseaux, offrant aux visiteurs une vision po\u00e9tique et pleine de vie de la nature. Chaque tableau invite \u00e0 porter un regard attentif sur ces cr\u00e9atures fascinantes qui peuplent nos cieux et nos campagnes.<\/p>\n<p>Mais ce n\u2019est pas tout. En parall\u00e8le, l\u2019exposition \u00ab Dans mon jardin\u2026 \u00bb, sign\u00e9e par une jeune artiste prometteuse nomm\u00e9e Cl\u00e9mentine, s\u2019ajoute au programme. Ses \u0153uvres c\u00e9l\u00e8brent la beaut\u00e9 simple et po\u00e9tique des jardins et des espaces verts. Ensemble, ces deux expositions forment un duo harmonieux, unissant l\u2019amour des oiseaux et des jardins pour une exp\u00e9rience artistique et sensorielle en lien direct avec la nature.<\/p>\n<p>Le vernissage de l\u2019exposition \u00ab Oiseaux \u00bb se tiendra le samedi 14 mars 2026 \u00e0 11h, une belle opportunit\u00e9 de rencontrer l\u2019artiste qui viendra \u00e9changer avec les visiteurs sur son travail et ses inspirations. Cet \u00e9v\u00e9nement convivial promet un moment de partage autour de l\u2019art et de la nature.<\/p>\n<p>La M\u00e9diath\u00e8que Ludovic Mass\u00e9, situ\u00e9e au 2 Rue du Commerce, s\u2019affirme une fois encore comme un acteur phare de la vie culturelle c\u00e9r\u00e9tane. Plus qu\u2019un simple espace d\u2019exposition, c\u2019est un lieu de rencontres, de d\u00e9couvertes et de cr\u00e9ation. Profitez-en pour red\u00e9couvrir ce charmant lieu, ancr\u00e9 au c\u0153ur du territoire.<\/p>\n<p>Pour ne rien g\u00e2cher, cet \u00e9v\u00e9nement est enti\u00e8rement gratuit. Une belle fa\u00e7on de d\u00e9mocratiser l\u2019acc\u00e8s \u00e0 l\u2019art et d\u2019offrir \u00e0 chacun, petits et grands, l\u2019occasion de vivre une pause enchant\u00e9e dans un cadre inspirant.<\/p>\n<p>Si vous avez envie d\u2019une parenth\u00e8se po\u00e9tique ou que vous cherchez \u00e0 passer un moment de qualit\u00e9 \u00e0 C\u00e9ret, l\u2019exposition \u00ab Oiseaux \u00bb de Monique Fradier et \u00ab Dans mon jardin\u2026 \u00bb de Cl\u00e9mentine est une invitation \u00e0 saisir. Ne manquez pas ce rendez-vous artistique et naturel qui vous m\u00e8nera au plus pr\u00e8s de la beaut\u00e9 du monde qui nous entoure.<\/p>\n<h3>Informaci\u00f3n pr\u00e1ctica<\/h3>\n<p>\ud83d\udcc5 QUAND ? Du 4 au 28 mars 2026<br \/>\ud83d\udccd O\u00d9 ? M\u00e9diath\u00e8que Ludovic Mass\u00e9, 2 Rue du Commerce, C\u00e9ret<br \/>\ud83d\udcb6 COMBIEN ? Entr\u00e9e gratuite<\/p>","protected":false},"excerpt":{"rendered":"<p>D\u00e9couvrez l&rsquo;exposition gratuite \u00ab Oiseaux \u00bb \u00e0 C\u00e9ret du 4 au 28 mars 2026, mettant \u00e0 l&rsquo;honneur les \u0153uvres de Monique Fradier et Cl\u00e9mentine.<\/p>","protected":false},"author":5,"featured_media":4642,"comment_status":"closed","ping_status":"open","sticky":false,"template":"","format":"standard","meta":{"_yoast_wpseo_focuskw":"Aquarelle pastel nature C\u00e9ret","_yoast_wpseo_title":"Aquarelle pastel nature C\u00e9ret - Exposition mars 2026","_yoast_wpseo_metadesc":"Aquarelle pastel nature C\u00e9ret : d\u00e9couvrez les \u0153uvres de Monique Fradier et Cl\u00e9mentine \u00e0 la M\u00e9diath\u00e8que Ludovic Mass\u00e9. Exposition gratuite en mars 2026 dans les Pyr\u00e9n\u00e9es-Orientales.","_yoast_wpseo_canonical":"","_yoast_wpseo_opengraph-title":"Plongez dans l'art et la nature \u00e0 C\u00e9ret \u2014 Exposition en mars 2026","_yoast_wpseo_opengraph-description":"D\u00e9couvrez les aquarelles et pastels vibrants de Monique Fradier et Cl\u00e9mentine \u00e0 C\u00e9ret. Une immersion po\u00e9tique dans la nature \u00e0 ne pas manquer en mars 2026.","_yoast_wpseo_opengraph-image":"https:\/\/www.locansol.fr\/wp-content\/uploads\/2026\/03\/aquarelle-pastel-nature-ceret.webp","_yoast_wpseo_opengraph-image-id":"","_yoast_wpseo_twitter-title":"Exposition artistique \u00e0 C\u00e9ret : aquarelles et pastels en mars 2026","_yoast_wpseo_twitter-description":"Ne manquez pas l'exposition \u00ab Aquarelle, pastel et nature \u00bb \u00e0 C\u00e9ret en mars 2026. Rencontrez les artistes et plongez dans un monde de couleurs et de po\u00e9sie.","_yoast_wpseo_twitter-image":"https:\/\/www.locansol.fr\/wp-content\/uploads\/2026\/03\/aquarelle-pastel-nature-ceret.webp","_yoast_wpseo_twitter-image-id":"","yoast_primary_category":"Exposition","footnotes":""},"categories":[35],"tags":[66,76],"class_list":["post-4643","post","type-post","status-publish","format-standard","has-post-thumbnail","hentry","category-carnaval","tag-evenement-culturel","tag-pyrenees-orientales"],"yoast_head":"<!-- This site is optimized with the Yoast SEO Premium plugin v23.3 (Yoast SEO v26.9) - https:\/\/yoast.com\/product\/yoast-seo-premium-wordpress\/ -->\n<title>Aquarelle pastel nature C\u00e9ret - Exposition mars 2026<\/title>\n<meta name=\"description\" content=\"Aquarelle pastel nature C\u00e9ret : d\u00e9couvrez les \u0153uvres de Monique Fradier et Cl\u00e9mentine \u00e0 la M\u00e9diath\u00e8que Ludovic Mass\u00e9. Exposition gratuite en mars 2026 dans les Pyr\u00e9n\u00e9es-Orientales.\" \/>\n<meta name=\"robots\" content=\"index, follow, max-snippet:-1, max-image-preview:large, max-video-preview:-1\" \/>\n<link rel=\"canonical\" href=\"https:\/\/www.locansol.fr\/es\/aquarelle-pastel-nature-ceret\/\" \/>\n<meta property=\"og:locale\" content=\"es_ES\" \/>\n<meta property=\"og:type\" content=\"article\" \/>\n<meta property=\"og:title\" content=\"Plongez dans l&#039;art et la nature \u00e0 C\u00e9ret \u2014 Exposition en mars 2026\" \/>\n<meta property=\"og:description\" content=\"D\u00e9couvrez les aquarelles et pastels vibrants de Monique Fradier et Cl\u00e9mentine \u00e0 C\u00e9ret. Une immersion po\u00e9tique dans la nature \u00e0 ne pas manquer en mars 2026.\" \/>\n<meta property=\"og:url\" content=\"https:\/\/www.locansol.fr\/es\/aquarelle-pastel-nature-ceret\/\" \/>\n<meta property=\"og:site_name\" content=\"Locansol, louer un h\u00e9bergement dans les Pyr\u00e9n\u00e9es Orientales\" \/>\n<meta property=\"article:published_time\" content=\"2026-03-07T23:16:15+00:00\" \/>\n<meta property=\"article:modified_time\" content=\"2026-03-07T23:16:19+00:00\" \/>\n<meta property=\"og:image\" content=\"https:\/\/www.locansol.fr\/wp-content\/uploads\/2026\/03\/aquarelle-pastel-nature-ceret.webp\" \/>\n<meta name=\"author\" content=\"H\u00e9bergements Locansol\" \/>\n<meta name=\"twitter:card\" content=\"summary_large_image\" \/>\n<meta name=\"twitter:title\" content=\"Exposition artistique \u00e0 C\u00e9ret : aquarelles et pastels en mars 2026\" \/>\n<meta name=\"twitter:description\" content=\"Ne manquez pas l&#039;exposition \u00ab Aquarelle, pastel et nature \u00bb \u00e0 C\u00e9ret en mars 2026. Rencontrez les artistes et plongez dans un monde de couleurs et de po\u00e9sie.\" \/>\n<meta name=\"twitter:image\" content=\"https:\/\/www.locansol.fr\/wp-content\/uploads\/2026\/03\/aquarelle-pastel-nature-ceret.webp\" \/>\n<meta name=\"twitter:label1\" content=\"Escrito por\" \/>\n\t<meta name=\"twitter:data1\" content=\"H\u00e9bergements Locansol\" \/>\n\t<meta name=\"twitter:label2\" content=\"Tiempo de lectura\" \/>\n\t<meta name=\"twitter:data2\" content=\"2 minutos\" \/>\n<script type=\"application\/ld+json\" class=\"yoast-schema-graph\">{\"@context\":\"https:\/\/schema.org\",\"@graph\":[{\"@type\":\"Article\",\"@id\":\"https:\/\/www.locansol.fr\/aquarelle-pastel-nature-ceret\/#article\",\"isPartOf\":{\"@id\":\"https:\/\/www.locansol.fr\/aquarelle-pastel-nature-ceret\/\"},\"author\":{\"name\":\"H\u00e9bergements Locansol\",\"@id\":\"https:\/\/www.locansol.fr\/#\/schema\/person\/0b08d440f1ac44674c6d498107de351d\"},\"headline\":\"Exposition \u00e0 C\u00e9ret en mars 2026 : Aquarelle, pastel et nature\",\"datePublished\":\"2026-03-07T23:16:15+00:00\",\"dateModified\":\"2026-03-07T23:16:19+00:00\",\"mainEntityOfPage\":{\"@id\":\"https:\/\/www.locansol.fr\/aquarelle-pastel-nature-ceret\/\"},\"wordCount\":482,\"publisher\":{\"@id\":\"https:\/\/www.locansol.fr\/#organization\"},\"image\":{\"@id\":\"https:\/\/www.locansol.fr\/aquarelle-pastel-nature-ceret\/#primaryimage\"},\"thumbnailUrl\":\"https:\/\/www.locansol.fr\/wp-content\/uploads\/2026\/03\/aquarelle-pastel-nature-ceret.webp\",\"keywords\":[\"\u00c9v\u00e8nement culturel\",\"Pyr\u00e9n\u00e9es-Orientales\"],\"articleSection\":[\"Carnaval\"],\"inLanguage\":\"es\"},{\"@type\":\"WebPage\",\"@id\":\"https:\/\/www.locansol.fr\/aquarelle-pastel-nature-ceret\/\",\"url\":\"https:\/\/www.locansol.fr\/aquarelle-pastel-nature-ceret\/\",\"name\":\"Aquarelle pastel nature C\u00e9ret - Exposition mars 2026\",\"isPartOf\":{\"@id\":\"https:\/\/www.locansol.fr\/#website\"},\"primaryImageOfPage\":{\"@id\":\"https:\/\/www.locansol.fr\/aquarelle-pastel-nature-ceret\/#primaryimage\"},\"image\":{\"@id\":\"https:\/\/www.locansol.fr\/aquarelle-pastel-nature-ceret\/#primaryimage\"},\"thumbnailUrl\":\"https:\/\/www.locansol.fr\/wp-content\/uploads\/2026\/03\/aquarelle-pastel-nature-ceret.webp\",\"datePublished\":\"2026-03-07T23:16:15+00:00\",\"dateModified\":\"2026-03-07T23:16:19+00:00\",\"description\":\"Aquarelle pastel nature C\u00e9ret : d\u00e9couvrez les \u0153uvres de Monique Fradier et Cl\u00e9mentine \u00e0 la M\u00e9diath\u00e8que Ludovic Mass\u00e9. Exposition gratuite en mars 2026 dans les Pyr\u00e9n\u00e9es-Orientales.\",\"breadcrumb\":{\"@id\":\"https:\/\/www.locansol.fr\/aquarelle-pastel-nature-ceret\/#breadcrumb\"},\"inLanguage\":\"es\",\"potentialAction\":[{\"@type\":\"ReadAction\",\"target\":[\"https:\/\/www.locansol.fr\/aquarelle-pastel-nature-ceret\/\"]}]},{\"@type\":\"ImageObject\",\"inLanguage\":\"es\",\"@id\":\"https:\/\/www.locansol.fr\/aquarelle-pastel-nature-ceret\/#primaryimage\",\"url\":\"https:\/\/www.locansol.fr\/wp-content\/uploads\/2026\/03\/aquarelle-pastel-nature-ceret.webp\",\"contentUrl\":\"https:\/\/www.locansol.fr\/wp-content\/uploads\/2026\/03\/aquarelle-pastel-nature-ceret.webp\",\"width\":1357,\"height\":1920,\"caption\":\"Aquarelle pastel nature C\u00e9ret - Exposition mars 2026\"},{\"@type\":\"BreadcrumbList\",\"@id\":\"https:\/\/www.locansol.fr\/aquarelle-pastel-nature-ceret\/#breadcrumb\",\"itemListElement\":[{\"@type\":\"ListItem\",\"position\":1,\"name\":\"Accueil\",\"item\":\"https:\/\/www.locansol.fr\/\"},{\"@type\":\"ListItem\",\"position\":2,\"name\":\"Exposition \u00e0 C\u00e9ret en mars 2026 : Aquarelle, pastel et nature\"}]},{\"@type\":\"WebSite\",\"@id\":\"https:\/\/www.locansol.fr\/#website\",\"url\":\"https:\/\/www.locansol.fr\/\",\"name\":\"Locansol, louer un h\u00e9bergement dans les Pyr\u00e9n\u00e9es-Orientales\",\"description\":\"Location Mobil-home Mer M\u00e9diterran\u00e9e &amp; Chalet de Montagne dans les Pyr\u00e9n\u00e9es Orientales (Occitanie, 66). Weekend, s\u00e9jour &amp; vacances en famille et entre amis.\",\"publisher\":{\"@id\":\"https:\/\/www.locansol.fr\/#organization\"},\"alternateName\":\"Louer un h\u00e9bergement dans les Pyr\u00e9n\u00e9es Orientales, chalet & mobil-home en Occitanie\",\"potentialAction\":[{\"@type\":\"SearchAction\",\"target\":{\"@type\":\"EntryPoint\",\"urlTemplate\":\"https:\/\/www.locansol.fr\/?s={search_term_string}\"},\"query-input\":{\"@type\":\"PropertyValueSpecification\",\"valueRequired\":true,\"valueName\":\"search_term_string\"}}],\"inLanguage\":\"es\"},{\"@type\":\"Organization\",\"@id\":\"https:\/\/www.locansol.fr\/#organization\",\"name\":\"Location MobilHome & chalet dans les Pyr\u00e9n\u00e9es Orientales\",\"alternateName\":\"Louer un h\u00e9bergement dans les Pyr\u00e9n\u00e9es Orientales en Occitanie\",\"url\":\"https:\/\/www.locansol.fr\/\",\"logo\":{\"@type\":\"ImageObject\",\"inLanguage\":\"es\",\"@id\":\"https:\/\/www.locansol.fr\/#\/schema\/logo\/image\/\",\"url\":\"https:\/\/www.locansol.fr\/wp-content\/uploads\/2024\/04\/AdobeStock_303324767-scaled.jpeg\",\"contentUrl\":\"https:\/\/www.locansol.fr\/wp-content\/uploads\/2024\/04\/AdobeStock_303324767-scaled.jpeg\",\"width\":2560,\"height\":1707,\"caption\":\"Location MobilHome & chalet dans les Pyr\u00e9n\u00e9es Orientales\"},\"image\":{\"@id\":\"https:\/\/www.locansol.fr\/#\/schema\/logo\/image\/\"}},{\"@type\":\"Person\",\"@id\":\"https:\/\/www.locansol.fr\/#\/schema\/person\/0b08d440f1ac44674c6d498107de351d\",\"name\":\"H\u00e9bergements Locansol\",\"image\":{\"@type\":\"ImageObject\",\"inLanguage\":\"es\",\"@id\":\"https:\/\/www.locansol.fr\/#\/schema\/person\/image\/\",\"url\":\"https:\/\/secure.gravatar.com\/avatar\/444436b93284204f8116b6e0eb964cd3fcb811519c737232bde6dd5743c37ee5?s=96&d=mm&r=g\",\"contentUrl\":\"https:\/\/secure.gravatar.com\/avatar\/444436b93284204f8116b6e0eb964cd3fcb811519c737232bde6dd5743c37ee5?s=96&d=mm&r=g\",\"caption\":\"H\u00e9bergements Locansol\"},\"sameAs\":[\"https:\/\/www.locansol.fr\/\"],\"url\":\"https:\/\/www.locansol.fr\/es\/author\/locansol\/\"}]}<\/script>\n<!-- \/ Yoast SEO Premium plugin. -->","yoast_head_json":{"title":"Aquarelle pastel nature C\u00e9ret - Exposition mars 2026","description":"Aquarelle pastel nature C\u00e9ret : d\u00e9couvrez les \u0153uvres de Monique Fradier et Cl\u00e9mentine \u00e0 la M\u00e9diath\u00e8que Ludovic Mass\u00e9. Exposition gratuite en mars 2026 dans les Pyr\u00e9n\u00e9es-Orientales.","robots":{"index":"index","follow":"follow","max-snippet":"max-snippet:-1","max-image-preview":"max-image-preview:large","max-video-preview":"max-video-preview:-1"},"canonical":"https:\/\/www.locansol.fr\/es\/aquarelle-pastel-nature-ceret\/","og_locale":"es_ES","og_type":"article","og_title":"Plongez dans l'art et la nature \u00e0 C\u00e9ret \u2014 Exposition en mars 2026","og_description":"D\u00e9couvrez les aquarelles et pastels vibrants de Monique Fradier et Cl\u00e9mentine \u00e0 C\u00e9ret. Une immersion po\u00e9tique dans la nature \u00e0 ne pas manquer en mars 2026.","og_url":"https:\/\/www.locansol.fr\/es\/aquarelle-pastel-nature-ceret\/","og_site_name":"Locansol, louer un h\u00e9bergement dans les Pyr\u00e9n\u00e9es Orientales","article_published_time":"2026-03-07T23:16:15+00:00","article_modified_time":"2026-03-07T23:16:19+00:00","og_image":[{"url":"https:\/\/www.locansol.fr\/wp-content\/uploads\/2026\/03\/aquarelle-pastel-nature-ceret.webp","type":"","width":"","height":""}],"author":"H\u00e9bergements Locansol","twitter_card":"summary_large_image","twitter_title":"Exposition artistique \u00e0 C\u00e9ret : aquarelles et pastels en mars 2026","twitter_description":"Ne manquez pas l'exposition \u00ab Aquarelle, pastel et nature \u00bb \u00e0 C\u00e9ret en mars 2026. Rencontrez les artistes et plongez dans un monde de couleurs et de po\u00e9sie.","twitter_image":"https:\/\/www.locansol.fr\/wp-content\/uploads\/2026\/03\/aquarelle-pastel-nature-ceret.webp","twitter_misc":{"Escrito por":"H\u00e9bergements Locansol","Tiempo de lectura":"2 minutos"},"schema":{"@context":"https:\/\/schema.org","@graph":[{"@type":"Article","@id":"https:\/\/www.locansol.fr\/aquarelle-pastel-nature-ceret\/#article","isPartOf":{"@id":"https:\/\/www.locansol.fr\/aquarelle-pastel-nature-ceret\/"},"author":{"name":"H\u00e9bergements Locansol","@id":"https:\/\/www.locansol.fr\/#\/schema\/person\/0b08d440f1ac44674c6d498107de351d"},"headline":"Exposition \u00e0 C\u00e9ret en mars 2026 : Aquarelle, pastel et nature","datePublished":"2026-03-07T23:16:15+00:00","dateModified":"2026-03-07T23:16:19+00:00","mainEntityOfPage":{"@id":"https:\/\/www.locansol.fr\/aquarelle-pastel-nature-ceret\/"},"wordCount":482,"publisher":{"@id":"https:\/\/www.locansol.fr\/#organization"},"image":{"@id":"https:\/\/www.locansol.fr\/aquarelle-pastel-nature-ceret\/#primaryimage"},"thumbnailUrl":"https:\/\/www.locansol.fr\/wp-content\/uploads\/2026\/03\/aquarelle-pastel-nature-ceret.webp","keywords":["\u00c9v\u00e8nement culturel","Pyr\u00e9n\u00e9es-Orientales"],"articleSection":["Carnaval"],"inLanguage":"es"},{"@type":"WebPage","@id":"https:\/\/www.locansol.fr\/aquarelle-pastel-nature-ceret\/","url":"https:\/\/www.locansol.fr\/aquarelle-pastel-nature-ceret\/","name":"Aquarelle pastel nature C\u00e9ret - Exposition mars 2026","isPartOf":{"@id":"https:\/\/www.locansol.fr\/#website"},"primaryImageOfPage":{"@id":"https:\/\/www.locansol.fr\/aquarelle-pastel-nature-ceret\/#primaryimage"},"image":{"@id":"https:\/\/www.locansol.fr\/aquarelle-pastel-nature-ceret\/#primaryimage"},"thumbnailUrl":"https:\/\/www.locansol.fr\/wp-content\/uploads\/2026\/03\/aquarelle-pastel-nature-ceret.webp","datePublished":"2026-03-07T23:16:15+00:00","dateModified":"2026-03-07T23:16:19+00:00","description":"Aquarelle pastel nature C\u00e9ret : d\u00e9couvrez les \u0153uvres de Monique Fradier et Cl\u00e9mentine \u00e0 la M\u00e9diath\u00e8que Ludovic Mass\u00e9. Exposition gratuite en mars 2026 dans les Pyr\u00e9n\u00e9es-Orientales.","breadcrumb":{"@id":"https:\/\/www.locansol.fr\/aquarelle-pastel-nature-ceret\/#breadcrumb"},"inLanguage":"es","potentialAction":[{"@type":"ReadAction","target":["https:\/\/www.locansol.fr\/aquarelle-pastel-nature-ceret\/"]}]},{"@type":"ImageObject","inLanguage":"es","@id":"https:\/\/www.locansol.fr\/aquarelle-pastel-nature-ceret\/#primaryimage","url":"https:\/\/www.locansol.fr\/wp-content\/uploads\/2026\/03\/aquarelle-pastel-nature-ceret.webp","contentUrl":"https:\/\/www.locansol.fr\/wp-content\/uploads\/2026\/03\/aquarelle-pastel-nature-ceret.webp","width":1357,"height":1920,"caption":"Aquarelle pastel nature C\u00e9ret - Exposition mars 2026"},{"@type":"BreadcrumbList","@id":"https:\/\/www.locansol.fr\/aquarelle-pastel-nature-ceret\/#breadcrumb","itemListElement":[{"@type":"ListItem","position":1,"name":"Accueil","item":"https:\/\/www.locansol.fr\/"},{"@type":"ListItem","position":2,"name":"Exposition \u00e0 C\u00e9ret en mars 2026 : Aquarelle, pastel et nature"}]},{"@type":"WebSite","@id":"https:\/\/www.locansol.fr\/#website","url":"https:\/\/www.locansol.fr\/","name":"Locansol, louer un h\u00e9bergement dans les Pyr\u00e9n\u00e9es-Orientales","description":"Location Mobil-home Mer M\u00e9diterran\u00e9e &amp; Chalet de Montagne dans les Pyr\u00e9n\u00e9es Orientales (Occitanie, 66). Weekend, s\u00e9jour &amp; vacances en famille et entre amis.","publisher":{"@id":"https:\/\/www.locansol.fr\/#organization"},"alternateName":"Louer un h\u00e9bergement dans les Pyr\u00e9n\u00e9es Orientales, chalet & mobil-home en Occitanie","potentialAction":[{"@type":"SearchAction","target":{"@type":"EntryPoint","urlTemplate":"https:\/\/www.locansol.fr\/?s={search_term_string}"},"query-input":{"@type":"PropertyValueSpecification","valueRequired":true,"valueName":"search_term_string"}}],"inLanguage":"es"},{"@type":"Organization","@id":"https:\/\/www.locansol.fr\/#organization","name":"Location MobilHome & chalet dans les Pyr\u00e9n\u00e9es Orientales","alternateName":"Louer un h\u00e9bergement dans les Pyr\u00e9n\u00e9es Orientales en Occitanie","url":"https:\/\/www.locansol.fr\/","logo":{"@type":"ImageObject","inLanguage":"es","@id":"https:\/\/www.locansol.fr\/#\/schema\/logo\/image\/","url":"https:\/\/www.locansol.fr\/wp-content\/uploads\/2024\/04\/AdobeStock_303324767-scaled.jpeg","contentUrl":"https:\/\/www.locansol.fr\/wp-content\/uploads\/2024\/04\/AdobeStock_303324767-scaled.jpeg","width":2560,"height":1707,"caption":"Location MobilHome & chalet dans les Pyr\u00e9n\u00e9es Orientales"},"image":{"@id":"https:\/\/www.locansol.fr\/#\/schema\/logo\/image\/"}},{"@type":"Person","@id":"https:\/\/www.locansol.fr\/#\/schema\/person\/0b08d440f1ac44674c6d498107de351d","name":"H\u00e9bergements Locansol","image":{"@type":"ImageObject","inLanguage":"es","@id":"https:\/\/www.locansol.fr\/#\/schema\/person\/image\/","url":"https:\/\/secure.gravatar.com\/avatar\/444436b93284204f8116b6e0eb964cd3fcb811519c737232bde6dd5743c37ee5?s=96&d=mm&r=g","contentUrl":"https:\/\/secure.gravatar.com\/avatar\/444436b93284204f8116b6e0eb964cd3fcb811519c737232bde6dd5743c37ee5?s=96&d=mm&r=g","caption":"H\u00e9bergements Locansol"},"sameAs":["https:\/\/www.locansol.fr\/"],"url":"https:\/\/www.locansol.fr\/es\/author\/locansol\/"}]}},"_links":{"self":[{"href":"https:\/\/www.locansol.fr\/es\/wp-json\/wp\/v2\/posts\/4643","targetHints":{"allow":["GET"]}}],"collection":[{"href":"https:\/\/www.locansol.fr\/es\/wp-json\/wp\/v2\/posts"}],"about":[{"href":"https:\/\/www.locansol.fr\/es\/wp-json\/wp\/v2\/types\/post"}],"author":[{"embeddable":true,"href":"https:\/\/www.locansol.fr\/es\/wp-json\/wp\/v2\/users\/5"}],"replies":[{"embeddable":true,"href":"https:\/\/www.locansol.fr\/es\/wp-json\/wp\/v2\/comments?post=4643"}],"version-history":[{"count":1,"href":"https:\/\/www.locansol.fr\/es\/wp-json\/wp\/v2\/posts\/4643\/revisions"}],"predecessor-version":[{"id":4644,"href":"https:\/\/www.locansol.fr\/es\/wp-json\/wp\/v2\/posts\/4643\/revisions\/4644"}],"wp:featuredmedia":[{"embeddable":true,"href":"https:\/\/www.locansol.fr\/es\/wp-json\/wp\/v2\/media\/4642"}],"wp:attachment":[{"href":"https:\/\/www.locansol.fr\/es\/wp-json\/wp\/v2\/media?parent=4643"}],"wp:term":[{"taxonomy":"category","embeddable":true,"href":"https:\/\/www.locansol.fr\/es\/wp-json\/wp\/v2\/categories?post=4643"},{"taxonomy":"post_tag","embeddable":true,"href":"https:\/\/www.locansol.fr\/es\/wp-json\/wp\/v2\/tags?post=4643"}],"curies":[{"name":"wp","href":"https:\/\/api.w.org\/{rel}","templated":true}]}}