{"id":4700,"date":"2026-03-10T00:13:08","date_gmt":"2026-03-09T23:13:08","guid":{"rendered":"https:\/\/www.locansol.fr\/marche-prades-terroir-catalan\/"},"modified":"2026-03-10T00:13:14","modified_gmt":"2026-03-09T23:13:14","slug":"marche-prades-terroir-catalan","status":"publish","type":"post","link":"https:\/\/www.locansol.fr\/es\/marche-prades-terroir-catalan\/","title":{"rendered":"Le grand march\u00e9 de Prades : Tous les mardis, une immersion dans le terroir catalan"},"content":{"rendered":"<p>Si vous cherchez \u00e0 d\u00e9couvrir les saveurs, les couleurs et l&rsquo;authenticit\u00e9 des Pyr\u00e9n\u00e9es-Orientales, le grand march\u00e9 de Prades est un rendez-vous \u00e0 ne pas manquer. Organis\u00e9 tous les mardis matin, ce march\u00e9 traditionnel se d\u00e9roule toute l&rsquo;ann\u00e9e au pied de la majestueuse \u00e9glise Saint-Pierre, sur la place de la R\u00e9publique. C\u2019est une v\u00e9ritable institution locale qui unit habitants et visiteurs dans une ambiance chaleureuse et conviviale.  Avec pr\u00e8s de 200 exposants, le march\u00e9 de Prades est l\u2019un des plus grands et anim\u00e9s de toute la r\u00e9gion. Il est particuli\u00e8rement pl\u00e9biscit\u00e9 pour sa vari\u00e9t\u00e9 exceptionnelle. Que vous soyez amateur de gastronomie, de produits artisanaux ou que vous recherchiez des id\u00e9es cadeaux originales, vous serez combl\u00e9 par l\u2019offre propos\u00e9e. Les \u00e9tals regorgent de fruits et l\u00e9gumes frais, de fromages locaux, de charcuteries, mais aussi de sp\u00e9cialit\u00e9s du terroir comme les c\u00e9l\u00e8bres rousquilles catalanes ou le nougat traditionnel appel\u00e9 touron. Un vrai plaisir pour les papilles !  Mais ce march\u00e9 ne s\u2019arr\u00eate pas l\u00e0. En plus des produits alimentaires, il invite \u00e9galement \u00e0 d\u00e9couvrir un vaste choix de v\u00eatements, accessoires et objets d\u2019artisanat. Bijoux, poteries, cr\u00e9ations en bois sculpt\u00e9\u2026 les artisans locaux d\u00e9voilent leurs talents en proposant des pi\u00e8ces uniques. On peut \u00e9galement y d\u00e9nicher des souvenirs authentiques \u00e0 glisser dans sa valise.  L\u2019exp\u00e9rience ne se limite pas \u00e0 l\u2019achat. Le march\u00e9 est un lieu de partage o\u00f9 producteurs et commer\u00e7ants \u00e9changent volontiers avec les visiteurs. Certains parlent en catalan, d\u2019autres partagent des anecdotes ou des recettes traditionnelles. C\u2019est aussi l\u2019occasion de s\u2019impr\u00e9gner de la culture locale tout en explorant les divers stands.   Dot\u00e9 d\u2019une ambiance unique, le march\u00e9 de Prades transforme chaque mardi la ville en un lieu de f\u00eate des sens, dans lequel se m\u00ealent odeurs enivrantes, \u00e9talages color\u00e9s et musique des accents catalans. Tr\u00e8s appr\u00e9ci\u00e9 des familles et des gourmands, ce march\u00e9 incarne parfaitement l\u2019identit\u00e9 de Prades, ville situ\u00e9e au pied de la montagne sacr\u00e9e du Canigou.   Alors laissez-vous tenter par cet incontournable des Pyr\u00e9n\u00e9es-Orientales. Que ce soit pour d\u00e9couvrir de nouveaux produits, go\u00fbter des sp\u00e9cialit\u00e9s locales, profiter d\u2019un moment de convivialit\u00e9 ou simplement fl\u00e2ner entre les stands, le grand march\u00e9 de Prades saura conqu\u00e9rir votre c\u0153ur.<\/p>\n<h3>Informaci\u00f3n pr\u00e1ctica<\/h3>\n<p>\ud83d\udcc5 QUAND ? Tous les mardis matin<br \/>\ud83d\udccd O\u00d9 ? Place de la R\u00e9publique, Prades<br \/>\ud83d\udcb6 COMBIEN ? Acc\u00e8s libre<\/p>","protected":false},"excerpt":{"rendered":"<p>Tous les mardis matin, le grand march\u00e9 de Prades r\u00e9unit habitants et visiteurs pour un moment d&rsquo;\u00e9changes et de d\u00e9couvertes au pied de l\u2019\u00e9glise Saint-Pierre.<\/p>","protected":false},"author":5,"featured_media":4699,"comment_status":"closed","ping_status":"open","sticky":false,"template":"","format":"standard","meta":{"_yoast_wpseo_focuskw":"march\u00e9 Prades terroir catalan","_yoast_wpseo_title":"Le grand march\u00e9 de Prades - D\u00e9couverte du terroir catalan","_yoast_wpseo_metadesc":"Le grand march\u00e9 de Prades vous invite \u00e0 d\u00e9couvrir les saveurs et couleurs des Pyr\u00e9n\u00e9es-Orientales. Avec 200 exposants, profitez de produits locaux et d'une ambiance conviviale tous les mardis matin.","_yoast_wpseo_canonical":"","_yoast_wpseo_opengraph-title":"D\u00e9couvrez les saveurs catalanes : Le grand march\u00e9 de Prades \u2014 Une immersion authentique","_yoast_wpseo_opengraph-description":"Plongez dans une explosion de saveurs et de couleurs au grand march\u00e9 de Prades. D\u00e9couvrez des produits locaux, des artisanats uniques et une ambiance chaleureuse.","_yoast_wpseo_opengraph-image":"https:\/\/www.locansol.fr\/wp-content\/uploads\/2026\/03\/marche-prades-terroir-catalan.webp","_yoast_wpseo_opengraph-image-id":"","_yoast_wpseo_twitter-title":"Le grand march\u00e9 de Prades : une immersion catalane","_yoast_wpseo_twitter-description":"D\u00e9couvrez les saveurs et l'authenticit\u00e9 du terroir catalan au grand march\u00e9 de Prades. Un rendez-vous incontournable tous les mardis matin.","_yoast_wpseo_twitter-image":"https:\/\/www.locansol.fr\/wp-content\/uploads\/2026\/03\/marche-prades-terroir-catalan.webp","_yoast_wpseo_twitter-image-id":"","yoast_primary_category":"March\u00e9","footnotes":""},"categories":[50],"tags":[68,76,74],"class_list":["post-4700","post","type-post","status-publish","format-standard","has-post-thumbnail","hentry","category-marche","tag-manifestation-commerciale","tag-pyrenees-orientales","tag-terroir"],"yoast_head":"<!-- This site is optimized with the Yoast SEO Premium plugin v23.3 (Yoast SEO v26.9) - https:\/\/yoast.com\/product\/yoast-seo-premium-wordpress\/ -->\n<title>Le grand march\u00e9 de Prades - D\u00e9couverte du terroir catalan<\/title>\n<meta name=\"description\" content=\"Le grand march\u00e9 de Prades vous invite \u00e0 d\u00e9couvrir les saveurs et couleurs des Pyr\u00e9n\u00e9es-Orientales. Avec 200 exposants, profitez de produits locaux et d&#039;une ambiance conviviale tous les mardis matin.\" \/>\n<meta name=\"robots\" content=\"index, follow, max-snippet:-1, max-image-preview:large, max-video-preview:-1\" \/>\n<link rel=\"canonical\" href=\"https:\/\/www.locansol.fr\/es\/marche-prades-terroir-catalan\/\" \/>\n<meta property=\"og:locale\" content=\"es_ES\" \/>\n<meta property=\"og:type\" content=\"article\" \/>\n<meta property=\"og:title\" content=\"D\u00e9couvrez les saveurs catalanes : Le grand march\u00e9 de Prades \u2014 Une immersion authentique\" \/>\n<meta property=\"og:description\" content=\"Plongez dans une explosion de saveurs et de couleurs au grand march\u00e9 de Prades. D\u00e9couvrez des produits locaux, des artisanats uniques et une ambiance chaleureuse.\" \/>\n<meta property=\"og:url\" content=\"https:\/\/www.locansol.fr\/es\/marche-prades-terroir-catalan\/\" \/>\n<meta property=\"og:site_name\" content=\"Locansol, louer un h\u00e9bergement dans les Pyr\u00e9n\u00e9es Orientales\" \/>\n<meta property=\"article:published_time\" content=\"2026-03-09T23:13:08+00:00\" \/>\n<meta property=\"article:modified_time\" content=\"2026-03-09T23:13:14+00:00\" \/>\n<meta property=\"og:image\" content=\"https:\/\/www.locansol.fr\/wp-content\/uploads\/2026\/03\/marche-prades-terroir-catalan.webp\" \/>\n<meta name=\"author\" content=\"H\u00e9bergements Locansol\" \/>\n<meta name=\"twitter:card\" content=\"summary_large_image\" \/>\n<meta name=\"twitter:title\" content=\"Le grand march\u00e9 de Prades : une immersion catalane\" \/>\n<meta name=\"twitter:description\" content=\"D\u00e9couvrez les saveurs et l&#039;authenticit\u00e9 du terroir catalan au grand march\u00e9 de Prades. Un rendez-vous incontournable tous les mardis matin.\" \/>\n<meta name=\"twitter:image\" content=\"https:\/\/www.locansol.fr\/wp-content\/uploads\/2026\/03\/marche-prades-terroir-catalan.webp\" \/>\n<meta name=\"twitter:label1\" content=\"Escrito por\" \/>\n\t<meta name=\"twitter:data1\" content=\"H\u00e9bergements Locansol\" \/>\n\t<meta name=\"twitter:label2\" content=\"Tiempo de lectura\" \/>\n\t<meta name=\"twitter:data2\" content=\"2 minutos\" \/>\n<script type=\"application\/ld+json\" class=\"yoast-schema-graph\">{\"@context\":\"https:\/\/schema.org\",\"@graph\":[{\"@type\":\"Article\",\"@id\":\"https:\/\/www.locansol.fr\/marche-prades-terroir-catalan\/#article\",\"isPartOf\":{\"@id\":\"https:\/\/www.locansol.fr\/marche-prades-terroir-catalan\/\"},\"author\":{\"name\":\"H\u00e9bergements Locansol\",\"@id\":\"https:\/\/www.locansol.fr\/#\/schema\/person\/0b08d440f1ac44674c6d498107de351d\"},\"headline\":\"Le grand march\u00e9 de Prades : Tous les mardis, une immersion dans le terroir catalan\",\"datePublished\":\"2026-03-09T23:13:08+00:00\",\"dateModified\":\"2026-03-09T23:13:14+00:00\",\"mainEntityOfPage\":{\"@id\":\"https:\/\/www.locansol.fr\/marche-prades-terroir-catalan\/\"},\"wordCount\":444,\"publisher\":{\"@id\":\"https:\/\/www.locansol.fr\/#organization\"},\"image\":{\"@id\":\"https:\/\/www.locansol.fr\/marche-prades-terroir-catalan\/#primaryimage\"},\"thumbnailUrl\":\"https:\/\/www.locansol.fr\/wp-content\/uploads\/2026\/03\/marche-prades-terroir-catalan.webp\",\"keywords\":[\"Manifestation commerciale\",\"Pyr\u00e9n\u00e9es-Orientales\",\"Terroir\"],\"articleSection\":[\"March\u00e9\"],\"inLanguage\":\"es\"},{\"@type\":\"WebPage\",\"@id\":\"https:\/\/www.locansol.fr\/marche-prades-terroir-catalan\/\",\"url\":\"https:\/\/www.locansol.fr\/marche-prades-terroir-catalan\/\",\"name\":\"Le grand march\u00e9 de Prades - D\u00e9couverte du terroir catalan\",\"isPartOf\":{\"@id\":\"https:\/\/www.locansol.fr\/#website\"},\"primaryImageOfPage\":{\"@id\":\"https:\/\/www.locansol.fr\/marche-prades-terroir-catalan\/#primaryimage\"},\"image\":{\"@id\":\"https:\/\/www.locansol.fr\/marche-prades-terroir-catalan\/#primaryimage\"},\"thumbnailUrl\":\"https:\/\/www.locansol.fr\/wp-content\/uploads\/2026\/03\/marche-prades-terroir-catalan.webp\",\"datePublished\":\"2026-03-09T23:13:08+00:00\",\"dateModified\":\"2026-03-09T23:13:14+00:00\",\"description\":\"Le grand march\u00e9 de Prades vous invite \u00e0 d\u00e9couvrir les saveurs et couleurs des Pyr\u00e9n\u00e9es-Orientales. Avec 200 exposants, profitez de produits locaux et d'une ambiance conviviale tous les mardis matin.\",\"breadcrumb\":{\"@id\":\"https:\/\/www.locansol.fr\/marche-prades-terroir-catalan\/#breadcrumb\"},\"inLanguage\":\"es\",\"potentialAction\":[{\"@type\":\"ReadAction\",\"target\":[\"https:\/\/www.locansol.fr\/marche-prades-terroir-catalan\/\"]}]},{\"@type\":\"ImageObject\",\"inLanguage\":\"es\",\"@id\":\"https:\/\/www.locansol.fr\/marche-prades-terroir-catalan\/#primaryimage\",\"url\":\"https:\/\/www.locansol.fr\/wp-content\/uploads\/2026\/03\/marche-prades-terroir-catalan.webp\",\"contentUrl\":\"https:\/\/www.locansol.fr\/wp-content\/uploads\/2026\/03\/marche-prades-terroir-catalan.webp\",\"width\":1080,\"height\":1920,\"caption\":\"Le grand march\u00e9 de Prades - D\u00e9couverte du terroir catalan\"},{\"@type\":\"BreadcrumbList\",\"@id\":\"https:\/\/www.locansol.fr\/marche-prades-terroir-catalan\/#breadcrumb\",\"itemListElement\":[{\"@type\":\"ListItem\",\"position\":1,\"name\":\"Accueil\",\"item\":\"https:\/\/www.locansol.fr\/\"},{\"@type\":\"ListItem\",\"position\":2,\"name\":\"Le grand march\u00e9 de Prades : Tous les mardis, une immersion dans le terroir catalan\"}]},{\"@type\":\"WebSite\",\"@id\":\"https:\/\/www.locansol.fr\/#website\",\"url\":\"https:\/\/www.locansol.fr\/\",\"name\":\"Locansol, louer un h\u00e9bergement dans les Pyr\u00e9n\u00e9es-Orientales\",\"description\":\"Location Mobil-home Mer M\u00e9diterran\u00e9e &amp; Chalet de Montagne dans les Pyr\u00e9n\u00e9es Orientales (Occitanie, 66). Weekend, s\u00e9jour &amp; vacances en famille et entre amis.\",\"publisher\":{\"@id\":\"https:\/\/www.locansol.fr\/#organization\"},\"alternateName\":\"Louer un h\u00e9bergement dans les Pyr\u00e9n\u00e9es Orientales, chalet & mobil-home en Occitanie\",\"potentialAction\":[{\"@type\":\"SearchAction\",\"target\":{\"@type\":\"EntryPoint\",\"urlTemplate\":\"https:\/\/www.locansol.fr\/?s={search_term_string}\"},\"query-input\":{\"@type\":\"PropertyValueSpecification\",\"valueRequired\":true,\"valueName\":\"search_term_string\"}}],\"inLanguage\":\"es\"},{\"@type\":\"Organization\",\"@id\":\"https:\/\/www.locansol.fr\/#organization\",\"name\":\"Location MobilHome & chalet dans les Pyr\u00e9n\u00e9es Orientales\",\"alternateName\":\"Louer un h\u00e9bergement dans les Pyr\u00e9n\u00e9es Orientales en Occitanie\",\"url\":\"https:\/\/www.locansol.fr\/\",\"logo\":{\"@type\":\"ImageObject\",\"inLanguage\":\"es\",\"@id\":\"https:\/\/www.locansol.fr\/#\/schema\/logo\/image\/\",\"url\":\"https:\/\/www.locansol.fr\/wp-content\/uploads\/2024\/04\/AdobeStock_303324767-scaled.jpeg\",\"contentUrl\":\"https:\/\/www.locansol.fr\/wp-content\/uploads\/2024\/04\/AdobeStock_303324767-scaled.jpeg\",\"width\":2560,\"height\":1707,\"caption\":\"Location MobilHome & chalet dans les Pyr\u00e9n\u00e9es Orientales\"},\"image\":{\"@id\":\"https:\/\/www.locansol.fr\/#\/schema\/logo\/image\/\"}},{\"@type\":\"Person\",\"@id\":\"https:\/\/www.locansol.fr\/#\/schema\/person\/0b08d440f1ac44674c6d498107de351d\",\"name\":\"H\u00e9bergements Locansol\",\"image\":{\"@type\":\"ImageObject\",\"inLanguage\":\"es\",\"@id\":\"https:\/\/www.locansol.fr\/#\/schema\/person\/image\/\",\"url\":\"https:\/\/secure.gravatar.com\/avatar\/444436b93284204f8116b6e0eb964cd3fcb811519c737232bde6dd5743c37ee5?s=96&d=mm&r=g\",\"contentUrl\":\"https:\/\/secure.gravatar.com\/avatar\/444436b93284204f8116b6e0eb964cd3fcb811519c737232bde6dd5743c37ee5?s=96&d=mm&r=g\",\"caption\":\"H\u00e9bergements Locansol\"},\"sameAs\":[\"https:\/\/www.locansol.fr\/\"],\"url\":\"https:\/\/www.locansol.fr\/es\/author\/locansol\/\"}]}<\/script>\n<!-- \/ Yoast SEO Premium plugin. -->","yoast_head_json":{"title":"Le grand march\u00e9 de Prades - D\u00e9couverte du terroir catalan","description":"Le grand march\u00e9 de Prades vous invite \u00e0 d\u00e9couvrir les saveurs et couleurs des Pyr\u00e9n\u00e9es-Orientales. Avec 200 exposants, profitez de produits locaux et d'une ambiance conviviale tous les mardis matin.","robots":{"index":"index","follow":"follow","max-snippet":"max-snippet:-1","max-image-preview":"max-image-preview:large","max-video-preview":"max-video-preview:-1"},"canonical":"https:\/\/www.locansol.fr\/es\/marche-prades-terroir-catalan\/","og_locale":"es_ES","og_type":"article","og_title":"D\u00e9couvrez les saveurs catalanes : Le grand march\u00e9 de Prades \u2014 Une immersion authentique","og_description":"Plongez dans une explosion de saveurs et de couleurs au grand march\u00e9 de Prades. D\u00e9couvrez des produits locaux, des artisanats uniques et une ambiance chaleureuse.","og_url":"https:\/\/www.locansol.fr\/es\/marche-prades-terroir-catalan\/","og_site_name":"Locansol, louer un h\u00e9bergement dans les Pyr\u00e9n\u00e9es Orientales","article_published_time":"2026-03-09T23:13:08+00:00","article_modified_time":"2026-03-09T23:13:14+00:00","og_image":[{"url":"https:\/\/www.locansol.fr\/wp-content\/uploads\/2026\/03\/marche-prades-terroir-catalan.webp","type":"","width":"","height":""}],"author":"H\u00e9bergements Locansol","twitter_card":"summary_large_image","twitter_title":"Le grand march\u00e9 de Prades : une immersion catalane","twitter_description":"D\u00e9couvrez les saveurs et l'authenticit\u00e9 du terroir catalan au grand march\u00e9 de Prades. Un rendez-vous incontournable tous les mardis matin.","twitter_image":"https:\/\/www.locansol.fr\/wp-content\/uploads\/2026\/03\/marche-prades-terroir-catalan.webp","twitter_misc":{"Escrito por":"H\u00e9bergements Locansol","Tiempo de lectura":"2 minutos"},"schema":{"@context":"https:\/\/schema.org","@graph":[{"@type":"Article","@id":"https:\/\/www.locansol.fr\/marche-prades-terroir-catalan\/#article","isPartOf":{"@id":"https:\/\/www.locansol.fr\/marche-prades-terroir-catalan\/"},"author":{"name":"H\u00e9bergements Locansol","@id":"https:\/\/www.locansol.fr\/#\/schema\/person\/0b08d440f1ac44674c6d498107de351d"},"headline":"Le grand march\u00e9 de Prades : Tous les mardis, une immersion dans le terroir catalan","datePublished":"2026-03-09T23:13:08+00:00","dateModified":"2026-03-09T23:13:14+00:00","mainEntityOfPage":{"@id":"https:\/\/www.locansol.fr\/marche-prades-terroir-catalan\/"},"wordCount":444,"publisher":{"@id":"https:\/\/www.locansol.fr\/#organization"},"image":{"@id":"https:\/\/www.locansol.fr\/marche-prades-terroir-catalan\/#primaryimage"},"thumbnailUrl":"https:\/\/www.locansol.fr\/wp-content\/uploads\/2026\/03\/marche-prades-terroir-catalan.webp","keywords":["Manifestation commerciale","Pyr\u00e9n\u00e9es-Orientales","Terroir"],"articleSection":["March\u00e9"],"inLanguage":"es"},{"@type":"WebPage","@id":"https:\/\/www.locansol.fr\/marche-prades-terroir-catalan\/","url":"https:\/\/www.locansol.fr\/marche-prades-terroir-catalan\/","name":"Le grand march\u00e9 de Prades - D\u00e9couverte du terroir catalan","isPartOf":{"@id":"https:\/\/www.locansol.fr\/#website"},"primaryImageOfPage":{"@id":"https:\/\/www.locansol.fr\/marche-prades-terroir-catalan\/#primaryimage"},"image":{"@id":"https:\/\/www.locansol.fr\/marche-prades-terroir-catalan\/#primaryimage"},"thumbnailUrl":"https:\/\/www.locansol.fr\/wp-content\/uploads\/2026\/03\/marche-prades-terroir-catalan.webp","datePublished":"2026-03-09T23:13:08+00:00","dateModified":"2026-03-09T23:13:14+00:00","description":"Le grand march\u00e9 de Prades vous invite \u00e0 d\u00e9couvrir les saveurs et couleurs des Pyr\u00e9n\u00e9es-Orientales. Avec 200 exposants, profitez de produits locaux et d'une ambiance conviviale tous les mardis matin.","breadcrumb":{"@id":"https:\/\/www.locansol.fr\/marche-prades-terroir-catalan\/#breadcrumb"},"inLanguage":"es","potentialAction":[{"@type":"ReadAction","target":["https:\/\/www.locansol.fr\/marche-prades-terroir-catalan\/"]}]},{"@type":"ImageObject","inLanguage":"es","@id":"https:\/\/www.locansol.fr\/marche-prades-terroir-catalan\/#primaryimage","url":"https:\/\/www.locansol.fr\/wp-content\/uploads\/2026\/03\/marche-prades-terroir-catalan.webp","contentUrl":"https:\/\/www.locansol.fr\/wp-content\/uploads\/2026\/03\/marche-prades-terroir-catalan.webp","width":1080,"height":1920,"caption":"Le grand march\u00e9 de Prades - D\u00e9couverte du terroir catalan"},{"@type":"BreadcrumbList","@id":"https:\/\/www.locansol.fr\/marche-prades-terroir-catalan\/#breadcrumb","itemListElement":[{"@type":"ListItem","position":1,"name":"Accueil","item":"https:\/\/www.locansol.fr\/"},{"@type":"ListItem","position":2,"name":"Le grand march\u00e9 de Prades : Tous les mardis, une immersion dans le terroir catalan"}]},{"@type":"WebSite","@id":"https:\/\/www.locansol.fr\/#website","url":"https:\/\/www.locansol.fr\/","name":"Locansol, louer un h\u00e9bergement dans les Pyr\u00e9n\u00e9es-Orientales","description":"Location Mobil-home Mer M\u00e9diterran\u00e9e &amp; Chalet de Montagne dans les Pyr\u00e9n\u00e9es Orientales (Occitanie, 66). Weekend, s\u00e9jour &amp; vacances en famille et entre amis.","publisher":{"@id":"https:\/\/www.locansol.fr\/#organization"},"alternateName":"Louer un h\u00e9bergement dans les Pyr\u00e9n\u00e9es Orientales, chalet & mobil-home en Occitanie","potentialAction":[{"@type":"SearchAction","target":{"@type":"EntryPoint","urlTemplate":"https:\/\/www.locansol.fr\/?s={search_term_string}"},"query-input":{"@type":"PropertyValueSpecification","valueRequired":true,"valueName":"search_term_string"}}],"inLanguage":"es"},{"@type":"Organization","@id":"https:\/\/www.locansol.fr\/#organization","name":"Location MobilHome & chalet dans les Pyr\u00e9n\u00e9es Orientales","alternateName":"Louer un h\u00e9bergement dans les Pyr\u00e9n\u00e9es Orientales en Occitanie","url":"https:\/\/www.locansol.fr\/","logo":{"@type":"ImageObject","inLanguage":"es","@id":"https:\/\/www.locansol.fr\/#\/schema\/logo\/image\/","url":"https:\/\/www.locansol.fr\/wp-content\/uploads\/2024\/04\/AdobeStock_303324767-scaled.jpeg","contentUrl":"https:\/\/www.locansol.fr\/wp-content\/uploads\/2024\/04\/AdobeStock_303324767-scaled.jpeg","width":2560,"height":1707,"caption":"Location MobilHome & chalet dans les Pyr\u00e9n\u00e9es Orientales"},"image":{"@id":"https:\/\/www.locansol.fr\/#\/schema\/logo\/image\/"}},{"@type":"Person","@id":"https:\/\/www.locansol.fr\/#\/schema\/person\/0b08d440f1ac44674c6d498107de351d","name":"H\u00e9bergements Locansol","image":{"@type":"ImageObject","inLanguage":"es","@id":"https:\/\/www.locansol.fr\/#\/schema\/person\/image\/","url":"https:\/\/secure.gravatar.com\/avatar\/444436b93284204f8116b6e0eb964cd3fcb811519c737232bde6dd5743c37ee5?s=96&d=mm&r=g","contentUrl":"https:\/\/secure.gravatar.com\/avatar\/444436b93284204f8116b6e0eb964cd3fcb811519c737232bde6dd5743c37ee5?s=96&d=mm&r=g","caption":"H\u00e9bergements Locansol"},"sameAs":["https:\/\/www.locansol.fr\/"],"url":"https:\/\/www.locansol.fr\/es\/author\/locansol\/"}]}},"_links":{"self":[{"href":"https:\/\/www.locansol.fr\/es\/wp-json\/wp\/v2\/posts\/4700","targetHints":{"allow":["GET"]}}],"collection":[{"href":"https:\/\/www.locansol.fr\/es\/wp-json\/wp\/v2\/posts"}],"about":[{"href":"https:\/\/www.locansol.fr\/es\/wp-json\/wp\/v2\/types\/post"}],"author":[{"embeddable":true,"href":"https:\/\/www.locansol.fr\/es\/wp-json\/wp\/v2\/users\/5"}],"replies":[{"embeddable":true,"href":"https:\/\/www.locansol.fr\/es\/wp-json\/wp\/v2\/comments?post=4700"}],"version-history":[{"count":1,"href":"https:\/\/www.locansol.fr\/es\/wp-json\/wp\/v2\/posts\/4700\/revisions"}],"predecessor-version":[{"id":4701,"href":"https:\/\/www.locansol.fr\/es\/wp-json\/wp\/v2\/posts\/4700\/revisions\/4701"}],"wp:featuredmedia":[{"embeddable":true,"href":"https:\/\/www.locansol.fr\/es\/wp-json\/wp\/v2\/media\/4699"}],"wp:attachment":[{"href":"https:\/\/www.locansol.fr\/es\/wp-json\/wp\/v2\/media?parent=4700"}],"wp:term":[{"taxonomy":"category","embeddable":true,"href":"https:\/\/www.locansol.fr\/es\/wp-json\/wp\/v2\/categories?post=4700"},{"taxonomy":"post_tag","embeddable":true,"href":"https:\/\/www.locansol.fr\/es\/wp-json\/wp\/v2\/tags?post=4700"}],"curies":[{"name":"wp","href":"https:\/\/api.w.org\/{rel}","templated":true}]}}