{"id":4750,"date":"2026-03-12T20:15:44","date_gmt":"2026-03-12T19:15:44","guid":{"rendered":"https:\/\/www.locansol.fr\/marche-hiver-font-romeu-saveurs\/"},"modified":"2026-03-12T20:15:50","modified_gmt":"2026-03-12T19:15:50","slug":"marche-hiver-font-romeu-saveurs","status":"publish","type":"post","link":"https:\/\/www.locansol.fr\/es\/marche-hiver-font-romeu-saveurs\/","title":{"rendered":"March\u00e9 d&rsquo;Hiver \u00e0 Font-Romeu-Odeillo-Via (1er janv. &#8211; 6 avril) : Saveurs et traditions des Pyr\u00e9n\u00e9es"},"content":{"rendered":"<p>Quand l\u2019hiver s\u2019installe sur les hauteurs des Pyr\u00e9n\u00e9es, Font-Romeu-Odeillo-Via se transforme en capitale de la convivialit\u00e9 gr\u00e2ce \u00e0 son March\u00e9 d\u2019Hiver. Du 1er janvier au 6 avril, ce rendez-vous incontournable vous invite \u00e0 une immersion totale dans la richesse et les traditions locales au c\u0153ur de cette ville pittoresque des Pyr\u00e9n\u00e9es-Orientales.<\/p>\n<p>Nich\u00e9s au 84 Avenue Emmanuel Brousse, les chalets du march\u00e9 s\u2019alignent dans une mise en sc\u00e8ne chaleureuse, \u00e9voquant les villages typiques montagnards. Ce march\u00e9 saisonnier est bien plus qu\u2019un simple lieu d\u2019\u00e9change : c\u2019est une exp\u00e9rience. Ici, le charme op\u00e8re d\u00e8s les premiers pas, entre les effluves des sp\u00e9cialit\u00e9s locales, les voix enthousiastes des producteurs et l\u2019atmosph\u00e8re d\u00e9tendue qui pla\u00eet tant aux familles et gourmets en qu\u00eate d\u2019authenticit\u00e9.<\/p>\n<p>Le March\u00e9 d\u2019Hiver de Font-Romeu-Odeillo-Via s\u2019adresse \u00e0 tous les amoureux de la gastronomie locale et de l\u2019artisanat. Les produits pr\u00e9sent\u00e9s sont un v\u00e9ritable hommage au savoir-faire pyr\u00e9n\u00e9en : charcuteries, fromages, miels, confitures et bien d\u2019autres d\u00e9lices pr\u00eats \u00e0 flatter vos papilles. Mais ce n\u2019est pas tout : vous d\u00e9couvrirez aussi des cr\u00e9ations artisanales uniques, id\u00e9ales pour ramener un souvenir typique ou encore offrir des cadeaux.<\/p>\n<p>Accessible gratuitement, ce march\u00e9 a pens\u00e9 \u00e0 chaque visiteur avec des horaires adapt\u00e9s : il est ouvert tous les week-ends en dehors des vacances scolaires et tous les jours pendant ces derni\u00e8res, permettant \u00e0 tous de profiter d\u2019un moment de d\u00e9tente \u00e0 leur rythme. Cette organisation rend la d\u00e9couverte des stands modulable, que vous soyez dans les environs pour un court s\u00e9jour ou pour des vacances prolong\u00e9es.<\/p>\n<p>Le c\u0153ur battant de l\u2019\u00e9v\u00e9nement r\u00e9side surtout dans son ambiance intimiste et vraie. Chaque stand est une rencontre avec des artisans et producteurs passionn\u00e9s, heureux de partager leurs histoires, leurs techniques, et leur amour pour le terroir. En explorant chaque recoin du march\u00e9, c\u2019est donc toute une culture que vous \u00eates invit\u00e9 \u00e0 d\u00e9couvrir et savourer.<\/p>\n<p>Avec ses animations adapt\u00e9es \u00e0 toutes les g\u00e9n\u00e9rations et son cadre particulier, ce march\u00e9 d\u2019hiver a su s\u2019imposer comme une halte incontournable de la saison touristique hivernale dans la r\u00e9gion. Imaginez, apr\u00e8s une journ\u00e9e au grand air dans le domaine skiable de Font-Romeu, faire une pause gourmande au march\u00e9 o\u00f9 r\u00e8gne une ambiance cosy, \u00e0 l\u2019abri du froid.<\/p>\n<p>Si vous h\u00e9sitez encore, laissez-vous convaincre : le March\u00e9 d\u2019Hiver de Font-Romeu-Odeillo-Via est un v\u00e9ritable cocon o\u00f9 gastronomie et partage se m\u00ealent harmonieusement. C\u2019est une mani\u00e8re id\u00e9ale de go\u00fbter l\u2019authenticit\u00e9 de la r\u00e9gion tout en soutenant l\u2019\u00e9conomie locale et les petits producteurs.<\/p>\n<p>Alors, ne manquez pas cet \u00e9v\u00e9nement chaleureux au c\u0153ur de l\u2019hiver. Rendez-vous \u00e0 Font-Romeu-Odeillo-Via et laissez-vous charmer par ce march\u00e9 unique, parfait pour illuminer vos week-ends ou pour enrichir vos vacances en famille !<\/p>\n<h3>Informaci\u00f3n pr\u00e1ctica<\/h3>\n<p>\ud83d\udcc5 QUAND ? Du 1er janvier au 6 avril<br \/>\ud83d\udccd O\u00d9 ? 84 Avenue Emmanuel Brousse, Font-Romeu-Odeillo-Via<br \/>\ud83d\udcb6 COMBIEN ? Gratuit<\/p>","protected":false},"excerpt":{"rendered":"<p>D\u00e9couvrez le March\u00e9 d&rsquo;Hiver de Font-Romeu-Odeillo-Via : un rendez-vous familial incontournable pour savourer les traditions des Pyr\u00e9n\u00e9es !<\/p>","protected":false},"author":5,"featured_media":4749,"comment_status":"closed","ping_status":"open","sticky":false,"template":"","format":"standard","meta":{"_yoast_wpseo_focuskw":"March\u00e9 hiver Font-Romeu saveurs","_yoast_wpseo_title":"March\u00e9 d'Hiver Font-Romeu-Odeillo-Via : Saveurs locales","_yoast_wpseo_metadesc":"March\u00e9 d'Hiver Font-Romeu-Odeillo-Via : D\u00e9couvrez les saveurs et traditions des Pyr\u00e9n\u00e9es-Orientales. Un rendez-vous incontournable pour les amateurs de gastronomie locale et d'artisanat.","_yoast_wpseo_canonical":"","_yoast_wpseo_opengraph-title":"D\u00e9couvrez la magie de l'hiver : March\u00e9 d'Hiver \u00e0 Font-Romeu-Odeillo-Via","_yoast_wpseo_opengraph-description":"Plongez dans une ambiance chaleureuse et d\u00e9couvrez les saveurs authentiques des Pyr\u00e9n\u00e9es. Le March\u00e9 d'Hiver de Font-Romeu-Odeillo-Via vous attend pour une exp\u00e9rience unique.","_yoast_wpseo_opengraph-image":"https:\/\/www.locansol.fr\/wp-content\/uploads\/2026\/03\/marche-hiver-font-romeu-saveurs.webp","_yoast_wpseo_opengraph-image-id":"","_yoast_wpseo_twitter-title":"March\u00e9 d'Hiver \u00e0 Font-Romeu : Saveurs et traditions","_yoast_wpseo_twitter-description":"D\u00e9couvrez les saveurs locales et l'artisanat au March\u00e9 d'Hiver de Font-Romeu. Une exp\u00e9rience chaleureuse et authentique vous attend !","_yoast_wpseo_twitter-image":"https:\/\/www.locansol.fr\/wp-content\/uploads\/2026\/03\/marche-hiver-font-romeu-saveurs.webp","_yoast_wpseo_twitter-image-id":"","yoast_primary_category":"March\u00e9","footnotes":""},"categories":[50],"tags":[68,76],"class_list":["post-4750","post","type-post","status-publish","format-standard","has-post-thumbnail","hentry","category-marche","tag-manifestation-commerciale","tag-pyrenees-orientales"],"yoast_head":"<!-- This site is optimized with the Yoast SEO Premium plugin v23.3 (Yoast SEO v26.9) - https:\/\/yoast.com\/product\/yoast-seo-premium-wordpress\/ -->\n<title>March\u00e9 d&#039;Hiver Font-Romeu-Odeillo-Via : Saveurs locales<\/title>\n<meta name=\"description\" content=\"March\u00e9 d&#039;Hiver Font-Romeu-Odeillo-Via : D\u00e9couvrez les saveurs et traditions des Pyr\u00e9n\u00e9es-Orientales. Un rendez-vous incontournable pour les amateurs de gastronomie locale et d&#039;artisanat.\" \/>\n<meta name=\"robots\" content=\"index, follow, max-snippet:-1, max-image-preview:large, max-video-preview:-1\" \/>\n<link rel=\"canonical\" href=\"https:\/\/www.locansol.fr\/es\/marche-hiver-font-romeu-saveurs\/\" \/>\n<meta property=\"og:locale\" content=\"es_ES\" \/>\n<meta property=\"og:type\" content=\"article\" \/>\n<meta property=\"og:title\" content=\"D\u00e9couvrez la magie de l&#039;hiver : March\u00e9 d&#039;Hiver \u00e0 Font-Romeu-Odeillo-Via\" \/>\n<meta property=\"og:description\" content=\"Plongez dans une ambiance chaleureuse et d\u00e9couvrez les saveurs authentiques des Pyr\u00e9n\u00e9es. Le March\u00e9 d&#039;Hiver de Font-Romeu-Odeillo-Via vous attend pour une exp\u00e9rience unique.\" \/>\n<meta property=\"og:url\" content=\"https:\/\/www.locansol.fr\/es\/marche-hiver-font-romeu-saveurs\/\" \/>\n<meta property=\"og:site_name\" content=\"Locansol, louer un h\u00e9bergement dans les Pyr\u00e9n\u00e9es Orientales\" \/>\n<meta property=\"article:published_time\" content=\"2026-03-12T19:15:44+00:00\" \/>\n<meta property=\"article:modified_time\" content=\"2026-03-12T19:15:50+00:00\" \/>\n<meta property=\"og:image\" content=\"https:\/\/www.locansol.fr\/wp-content\/uploads\/2026\/03\/marche-hiver-font-romeu-saveurs.webp\" \/>\n<meta name=\"author\" content=\"H\u00e9bergements Locansol\" \/>\n<meta name=\"twitter:card\" content=\"summary_large_image\" \/>\n<meta name=\"twitter:title\" content=\"March\u00e9 d&#039;Hiver \u00e0 Font-Romeu : Saveurs et traditions\" \/>\n<meta name=\"twitter:description\" content=\"D\u00e9couvrez les saveurs locales et l&#039;artisanat au March\u00e9 d&#039;Hiver de Font-Romeu. Une exp\u00e9rience chaleureuse et authentique vous attend !\" \/>\n<meta name=\"twitter:image\" content=\"https:\/\/www.locansol.fr\/wp-content\/uploads\/2026\/03\/marche-hiver-font-romeu-saveurs.webp\" \/>\n<meta name=\"twitter:label1\" content=\"Escrito por\" \/>\n\t<meta name=\"twitter:data1\" content=\"H\u00e9bergements Locansol\" \/>\n\t<meta name=\"twitter:label2\" content=\"Tiempo de lectura\" \/>\n\t<meta name=\"twitter:data2\" content=\"3 minutos\" \/>\n<script type=\"application\/ld+json\" class=\"yoast-schema-graph\">{\"@context\":\"https:\/\/schema.org\",\"@graph\":[{\"@type\":\"Article\",\"@id\":\"https:\/\/www.locansol.fr\/marche-hiver-font-romeu-saveurs\/#article\",\"isPartOf\":{\"@id\":\"https:\/\/www.locansol.fr\/marche-hiver-font-romeu-saveurs\/\"},\"author\":{\"name\":\"H\u00e9bergements Locansol\",\"@id\":\"https:\/\/www.locansol.fr\/#\/schema\/person\/0b08d440f1ac44674c6d498107de351d\"},\"headline\":\"March\u00e9 d&rsquo;Hiver \u00e0 Font-Romeu-Odeillo-Via (1er janv. &#8211; 6 avril) : Saveurs et traditions des Pyr\u00e9n\u00e9es\",\"datePublished\":\"2026-03-12T19:15:44+00:00\",\"dateModified\":\"2026-03-12T19:15:50+00:00\",\"mainEntityOfPage\":{\"@id\":\"https:\/\/www.locansol.fr\/marche-hiver-font-romeu-saveurs\/\"},\"wordCount\":531,\"publisher\":{\"@id\":\"https:\/\/www.locansol.fr\/#organization\"},\"image\":{\"@id\":\"https:\/\/www.locansol.fr\/marche-hiver-font-romeu-saveurs\/#primaryimage\"},\"thumbnailUrl\":\"https:\/\/www.locansol.fr\/wp-content\/uploads\/2026\/03\/marche-hiver-font-romeu-saveurs.webp\",\"keywords\":[\"Manifestation commerciale\",\"Pyr\u00e9n\u00e9es-Orientales\"],\"articleSection\":[\"March\u00e9\"],\"inLanguage\":\"es\"},{\"@type\":\"WebPage\",\"@id\":\"https:\/\/www.locansol.fr\/marche-hiver-font-romeu-saveurs\/\",\"url\":\"https:\/\/www.locansol.fr\/marche-hiver-font-romeu-saveurs\/\",\"name\":\"March\u00e9 d'Hiver Font-Romeu-Odeillo-Via : Saveurs locales\",\"isPartOf\":{\"@id\":\"https:\/\/www.locansol.fr\/#website\"},\"primaryImageOfPage\":{\"@id\":\"https:\/\/www.locansol.fr\/marche-hiver-font-romeu-saveurs\/#primaryimage\"},\"image\":{\"@id\":\"https:\/\/www.locansol.fr\/marche-hiver-font-romeu-saveurs\/#primaryimage\"},\"thumbnailUrl\":\"https:\/\/www.locansol.fr\/wp-content\/uploads\/2026\/03\/marche-hiver-font-romeu-saveurs.webp\",\"datePublished\":\"2026-03-12T19:15:44+00:00\",\"dateModified\":\"2026-03-12T19:15:50+00:00\",\"description\":\"March\u00e9 d'Hiver Font-Romeu-Odeillo-Via : D\u00e9couvrez les saveurs et traditions des Pyr\u00e9n\u00e9es-Orientales. Un rendez-vous incontournable pour les amateurs de gastronomie locale et d'artisanat.\",\"breadcrumb\":{\"@id\":\"https:\/\/www.locansol.fr\/marche-hiver-font-romeu-saveurs\/#breadcrumb\"},\"inLanguage\":\"es\",\"potentialAction\":[{\"@type\":\"ReadAction\",\"target\":[\"https:\/\/www.locansol.fr\/marche-hiver-font-romeu-saveurs\/\"]}]},{\"@type\":\"ImageObject\",\"inLanguage\":\"es\",\"@id\":\"https:\/\/www.locansol.fr\/marche-hiver-font-romeu-saveurs\/#primaryimage\",\"url\":\"https:\/\/www.locansol.fr\/wp-content\/uploads\/2026\/03\/marche-hiver-font-romeu-saveurs.webp\",\"contentUrl\":\"https:\/\/www.locansol.fr\/wp-content\/uploads\/2026\/03\/marche-hiver-font-romeu-saveurs.webp\",\"width\":500,\"height\":643,\"caption\":\"March\u00e9 d'Hiver Font-Romeu-Odeillo-Via : Saveurs locales\"},{\"@type\":\"BreadcrumbList\",\"@id\":\"https:\/\/www.locansol.fr\/marche-hiver-font-romeu-saveurs\/#breadcrumb\",\"itemListElement\":[{\"@type\":\"ListItem\",\"position\":1,\"name\":\"Accueil\",\"item\":\"https:\/\/www.locansol.fr\/\"},{\"@type\":\"ListItem\",\"position\":2,\"name\":\"March\u00e9 d&rsquo;Hiver \u00e0 Font-Romeu-Odeillo-Via (1er janv. &#8211; 6 avril) : Saveurs et traditions des Pyr\u00e9n\u00e9es\"}]},{\"@type\":\"WebSite\",\"@id\":\"https:\/\/www.locansol.fr\/#website\",\"url\":\"https:\/\/www.locansol.fr\/\",\"name\":\"Locansol, louer un h\u00e9bergement dans les Pyr\u00e9n\u00e9es-Orientales\",\"description\":\"Location Mobil-home Mer M\u00e9diterran\u00e9e &amp; Chalet de Montagne dans les Pyr\u00e9n\u00e9es Orientales (Occitanie, 66). Weekend, s\u00e9jour &amp; vacances en famille et entre amis.\",\"publisher\":{\"@id\":\"https:\/\/www.locansol.fr\/#organization\"},\"alternateName\":\"Louer un h\u00e9bergement dans les Pyr\u00e9n\u00e9es Orientales, chalet & mobil-home en Occitanie\",\"potentialAction\":[{\"@type\":\"SearchAction\",\"target\":{\"@type\":\"EntryPoint\",\"urlTemplate\":\"https:\/\/www.locansol.fr\/?s={search_term_string}\"},\"query-input\":{\"@type\":\"PropertyValueSpecification\",\"valueRequired\":true,\"valueName\":\"search_term_string\"}}],\"inLanguage\":\"es\"},{\"@type\":\"Organization\",\"@id\":\"https:\/\/www.locansol.fr\/#organization\",\"name\":\"Location MobilHome & chalet dans les Pyr\u00e9n\u00e9es Orientales\",\"alternateName\":\"Louer un h\u00e9bergement dans les Pyr\u00e9n\u00e9es Orientales en Occitanie\",\"url\":\"https:\/\/www.locansol.fr\/\",\"logo\":{\"@type\":\"ImageObject\",\"inLanguage\":\"es\",\"@id\":\"https:\/\/www.locansol.fr\/#\/schema\/logo\/image\/\",\"url\":\"https:\/\/www.locansol.fr\/wp-content\/uploads\/2024\/04\/AdobeStock_303324767-scaled.jpeg\",\"contentUrl\":\"https:\/\/www.locansol.fr\/wp-content\/uploads\/2024\/04\/AdobeStock_303324767-scaled.jpeg\",\"width\":2560,\"height\":1707,\"caption\":\"Location MobilHome & chalet dans les Pyr\u00e9n\u00e9es Orientales\"},\"image\":{\"@id\":\"https:\/\/www.locansol.fr\/#\/schema\/logo\/image\/\"}},{\"@type\":\"Person\",\"@id\":\"https:\/\/www.locansol.fr\/#\/schema\/person\/0b08d440f1ac44674c6d498107de351d\",\"name\":\"H\u00e9bergements Locansol\",\"image\":{\"@type\":\"ImageObject\",\"inLanguage\":\"es\",\"@id\":\"https:\/\/www.locansol.fr\/#\/schema\/person\/image\/\",\"url\":\"https:\/\/secure.gravatar.com\/avatar\/444436b93284204f8116b6e0eb964cd3fcb811519c737232bde6dd5743c37ee5?s=96&d=mm&r=g\",\"contentUrl\":\"https:\/\/secure.gravatar.com\/avatar\/444436b93284204f8116b6e0eb964cd3fcb811519c737232bde6dd5743c37ee5?s=96&d=mm&r=g\",\"caption\":\"H\u00e9bergements Locansol\"},\"sameAs\":[\"https:\/\/www.locansol.fr\/\"],\"url\":\"https:\/\/www.locansol.fr\/es\/author\/locansol\/\"}]}<\/script>\n<!-- \/ Yoast SEO Premium plugin. -->","yoast_head_json":{"title":"March\u00e9 d'Hiver Font-Romeu-Odeillo-Via : Saveurs locales","description":"March\u00e9 d'Hiver Font-Romeu-Odeillo-Via : D\u00e9couvrez les saveurs et traditions des Pyr\u00e9n\u00e9es-Orientales. Un rendez-vous incontournable pour les amateurs de gastronomie locale et d'artisanat.","robots":{"index":"index","follow":"follow","max-snippet":"max-snippet:-1","max-image-preview":"max-image-preview:large","max-video-preview":"max-video-preview:-1"},"canonical":"https:\/\/www.locansol.fr\/es\/marche-hiver-font-romeu-saveurs\/","og_locale":"es_ES","og_type":"article","og_title":"D\u00e9couvrez la magie de l'hiver : March\u00e9 d'Hiver \u00e0 Font-Romeu-Odeillo-Via","og_description":"Plongez dans une ambiance chaleureuse et d\u00e9couvrez les saveurs authentiques des Pyr\u00e9n\u00e9es. Le March\u00e9 d'Hiver de Font-Romeu-Odeillo-Via vous attend pour une exp\u00e9rience unique.","og_url":"https:\/\/www.locansol.fr\/es\/marche-hiver-font-romeu-saveurs\/","og_site_name":"Locansol, louer un h\u00e9bergement dans les Pyr\u00e9n\u00e9es Orientales","article_published_time":"2026-03-12T19:15:44+00:00","article_modified_time":"2026-03-12T19:15:50+00:00","og_image":[{"url":"https:\/\/www.locansol.fr\/wp-content\/uploads\/2026\/03\/marche-hiver-font-romeu-saveurs.webp","type":"","width":"","height":""}],"author":"H\u00e9bergements Locansol","twitter_card":"summary_large_image","twitter_title":"March\u00e9 d'Hiver \u00e0 Font-Romeu : Saveurs et traditions","twitter_description":"D\u00e9couvrez les saveurs locales et l'artisanat au March\u00e9 d'Hiver de Font-Romeu. Une exp\u00e9rience chaleureuse et authentique vous attend !","twitter_image":"https:\/\/www.locansol.fr\/wp-content\/uploads\/2026\/03\/marche-hiver-font-romeu-saveurs.webp","twitter_misc":{"Escrito por":"H\u00e9bergements Locansol","Tiempo de lectura":"3 minutos"},"schema":{"@context":"https:\/\/schema.org","@graph":[{"@type":"Article","@id":"https:\/\/www.locansol.fr\/marche-hiver-font-romeu-saveurs\/#article","isPartOf":{"@id":"https:\/\/www.locansol.fr\/marche-hiver-font-romeu-saveurs\/"},"author":{"name":"H\u00e9bergements Locansol","@id":"https:\/\/www.locansol.fr\/#\/schema\/person\/0b08d440f1ac44674c6d498107de351d"},"headline":"March\u00e9 d&rsquo;Hiver \u00e0 Font-Romeu-Odeillo-Via (1er janv. &#8211; 6 avril) : Saveurs et traditions des Pyr\u00e9n\u00e9es","datePublished":"2026-03-12T19:15:44+00:00","dateModified":"2026-03-12T19:15:50+00:00","mainEntityOfPage":{"@id":"https:\/\/www.locansol.fr\/marche-hiver-font-romeu-saveurs\/"},"wordCount":531,"publisher":{"@id":"https:\/\/www.locansol.fr\/#organization"},"image":{"@id":"https:\/\/www.locansol.fr\/marche-hiver-font-romeu-saveurs\/#primaryimage"},"thumbnailUrl":"https:\/\/www.locansol.fr\/wp-content\/uploads\/2026\/03\/marche-hiver-font-romeu-saveurs.webp","keywords":["Manifestation commerciale","Pyr\u00e9n\u00e9es-Orientales"],"articleSection":["March\u00e9"],"inLanguage":"es"},{"@type":"WebPage","@id":"https:\/\/www.locansol.fr\/marche-hiver-font-romeu-saveurs\/","url":"https:\/\/www.locansol.fr\/marche-hiver-font-romeu-saveurs\/","name":"March\u00e9 d'Hiver Font-Romeu-Odeillo-Via : Saveurs locales","isPartOf":{"@id":"https:\/\/www.locansol.fr\/#website"},"primaryImageOfPage":{"@id":"https:\/\/www.locansol.fr\/marche-hiver-font-romeu-saveurs\/#primaryimage"},"image":{"@id":"https:\/\/www.locansol.fr\/marche-hiver-font-romeu-saveurs\/#primaryimage"},"thumbnailUrl":"https:\/\/www.locansol.fr\/wp-content\/uploads\/2026\/03\/marche-hiver-font-romeu-saveurs.webp","datePublished":"2026-03-12T19:15:44+00:00","dateModified":"2026-03-12T19:15:50+00:00","description":"March\u00e9 d'Hiver Font-Romeu-Odeillo-Via : D\u00e9couvrez les saveurs et traditions des Pyr\u00e9n\u00e9es-Orientales. Un rendez-vous incontournable pour les amateurs de gastronomie locale et d'artisanat.","breadcrumb":{"@id":"https:\/\/www.locansol.fr\/marche-hiver-font-romeu-saveurs\/#breadcrumb"},"inLanguage":"es","potentialAction":[{"@type":"ReadAction","target":["https:\/\/www.locansol.fr\/marche-hiver-font-romeu-saveurs\/"]}]},{"@type":"ImageObject","inLanguage":"es","@id":"https:\/\/www.locansol.fr\/marche-hiver-font-romeu-saveurs\/#primaryimage","url":"https:\/\/www.locansol.fr\/wp-content\/uploads\/2026\/03\/marche-hiver-font-romeu-saveurs.webp","contentUrl":"https:\/\/www.locansol.fr\/wp-content\/uploads\/2026\/03\/marche-hiver-font-romeu-saveurs.webp","width":500,"height":643,"caption":"March\u00e9 d'Hiver Font-Romeu-Odeillo-Via : Saveurs locales"},{"@type":"BreadcrumbList","@id":"https:\/\/www.locansol.fr\/marche-hiver-font-romeu-saveurs\/#breadcrumb","itemListElement":[{"@type":"ListItem","position":1,"name":"Accueil","item":"https:\/\/www.locansol.fr\/"},{"@type":"ListItem","position":2,"name":"March\u00e9 d&rsquo;Hiver \u00e0 Font-Romeu-Odeillo-Via (1er janv. &#8211; 6 avril) : Saveurs et traditions des Pyr\u00e9n\u00e9es"}]},{"@type":"WebSite","@id":"https:\/\/www.locansol.fr\/#website","url":"https:\/\/www.locansol.fr\/","name":"Locansol, louer un h\u00e9bergement dans les Pyr\u00e9n\u00e9es-Orientales","description":"Location Mobil-home Mer M\u00e9diterran\u00e9e &amp; Chalet de Montagne dans les Pyr\u00e9n\u00e9es Orientales (Occitanie, 66). Weekend, s\u00e9jour &amp; vacances en famille et entre amis.","publisher":{"@id":"https:\/\/www.locansol.fr\/#organization"},"alternateName":"Louer un h\u00e9bergement dans les Pyr\u00e9n\u00e9es Orientales, chalet & mobil-home en Occitanie","potentialAction":[{"@type":"SearchAction","target":{"@type":"EntryPoint","urlTemplate":"https:\/\/www.locansol.fr\/?s={search_term_string}"},"query-input":{"@type":"PropertyValueSpecification","valueRequired":true,"valueName":"search_term_string"}}],"inLanguage":"es"},{"@type":"Organization","@id":"https:\/\/www.locansol.fr\/#organization","name":"Location MobilHome & chalet dans les Pyr\u00e9n\u00e9es Orientales","alternateName":"Louer un h\u00e9bergement dans les Pyr\u00e9n\u00e9es Orientales en Occitanie","url":"https:\/\/www.locansol.fr\/","logo":{"@type":"ImageObject","inLanguage":"es","@id":"https:\/\/www.locansol.fr\/#\/schema\/logo\/image\/","url":"https:\/\/www.locansol.fr\/wp-content\/uploads\/2024\/04\/AdobeStock_303324767-scaled.jpeg","contentUrl":"https:\/\/www.locansol.fr\/wp-content\/uploads\/2024\/04\/AdobeStock_303324767-scaled.jpeg","width":2560,"height":1707,"caption":"Location MobilHome & chalet dans les Pyr\u00e9n\u00e9es Orientales"},"image":{"@id":"https:\/\/www.locansol.fr\/#\/schema\/logo\/image\/"}},{"@type":"Person","@id":"https:\/\/www.locansol.fr\/#\/schema\/person\/0b08d440f1ac44674c6d498107de351d","name":"H\u00e9bergements Locansol","image":{"@type":"ImageObject","inLanguage":"es","@id":"https:\/\/www.locansol.fr\/#\/schema\/person\/image\/","url":"https:\/\/secure.gravatar.com\/avatar\/444436b93284204f8116b6e0eb964cd3fcb811519c737232bde6dd5743c37ee5?s=96&d=mm&r=g","contentUrl":"https:\/\/secure.gravatar.com\/avatar\/444436b93284204f8116b6e0eb964cd3fcb811519c737232bde6dd5743c37ee5?s=96&d=mm&r=g","caption":"H\u00e9bergements Locansol"},"sameAs":["https:\/\/www.locansol.fr\/"],"url":"https:\/\/www.locansol.fr\/es\/author\/locansol\/"}]}},"_links":{"self":[{"href":"https:\/\/www.locansol.fr\/es\/wp-json\/wp\/v2\/posts\/4750","targetHints":{"allow":["GET"]}}],"collection":[{"href":"https:\/\/www.locansol.fr\/es\/wp-json\/wp\/v2\/posts"}],"about":[{"href":"https:\/\/www.locansol.fr\/es\/wp-json\/wp\/v2\/types\/post"}],"author":[{"embeddable":true,"href":"https:\/\/www.locansol.fr\/es\/wp-json\/wp\/v2\/users\/5"}],"replies":[{"embeddable":true,"href":"https:\/\/www.locansol.fr\/es\/wp-json\/wp\/v2\/comments?post=4750"}],"version-history":[{"count":1,"href":"https:\/\/www.locansol.fr\/es\/wp-json\/wp\/v2\/posts\/4750\/revisions"}],"predecessor-version":[{"id":4751,"href":"https:\/\/www.locansol.fr\/es\/wp-json\/wp\/v2\/posts\/4750\/revisions\/4751"}],"wp:featuredmedia":[{"embeddable":true,"href":"https:\/\/www.locansol.fr\/es\/wp-json\/wp\/v2\/media\/4749"}],"wp:attachment":[{"href":"https:\/\/www.locansol.fr\/es\/wp-json\/wp\/v2\/media?parent=4750"}],"wp:term":[{"taxonomy":"category","embeddable":true,"href":"https:\/\/www.locansol.fr\/es\/wp-json\/wp\/v2\/categories?post=4750"},{"taxonomy":"post_tag","embeddable":true,"href":"https:\/\/www.locansol.fr\/es\/wp-json\/wp\/v2\/tags?post=4750"}],"curies":[{"name":"wp","href":"https:\/\/api.w.org\/{rel}","templated":true}]}}