{"id":4916,"date":"2026-03-16T16:10:52","date_gmt":"2026-03-16T15:10:52","guid":{"rendered":"https:\/\/www.locansol.fr\/festival-musique-sacree-perpignan\/"},"modified":"2026-03-16T16:10:57","modified_gmt":"2026-03-16T15:10:57","slug":"festival-musique-sacree-perpignan","status":"publish","type":"post","link":"https:\/\/www.locansol.fr\/es\/festival-musique-sacree-perpignan\/","title":{"rendered":"Festival de Musique Sacr\u00e9e 2026 \u00e0 Perpignan : C\u00e9l\u00e9brez 40 ans de diversit\u00e9 musicale"},"content":{"rendered":"<p>Du 16 mars au 4 avril 2026, Perpignan devient le c\u0153ur vibrant de la musique sacr\u00e9e en c\u00e9l\u00e9brant le 40e anniversaire de son incontournable Festival de Musique Sacr\u00e9e. Cet \u00e9v\u00e9nement, ancr\u00e9 dans le calendrier culturel de la r\u00e9gion, s\u2019adresse \u00e0 tous les amateurs de musique, qu\u2019ils soient initi\u00e9s ou curieux. Sous le signe de l\u2019all\u00e9gresse et de la f\u00eate, cette \u00e9dition 2026 promet une immersion unique dans l\u2019univers riche et vari\u00e9 de la musique sacr\u00e9e.<\/p>\n<p>Organis\u00e9 dans plusieurs lieux embl\u00e9matiques de Perpignan, notamment au 6 rue Fran\u00e7ois Rabelais, le festival propose une programmation exceptionnelle rassemblant plus de 50 rendez-vous. Parmi eux, le public pourra assister \u00e0 20 concerts aux styles vari\u00e9s, allant des r\u00e9citals d\u2019orgue aux performances chorales, en passant par des concerts floril\u00e8ges et m\u00eame du jazz. Chaque moment musical est con\u00e7u pour surprendre et \u00e9merveiller, tout en mettant en lumi\u00e8re la profondeur et la diversit\u00e9 de la musique sacr\u00e9e.<\/p>\n<p>Cette ann\u00e9e, l\u2019accent est particuli\u00e8rement mis sur une ambiance festive et conviviale. Au fil des jours, des concerts pour les familles et les jeunes publics viendront enrichir l\u2019exp\u00e9rience, rendant l\u2019\u00e9v\u00e9nement accessible et attrayant pour tous. Une grande partie de la programmation \u00e9tant gratuite, les organisateurs marquent ainsi leur volont\u00e9 d\u2019ouvrir les portes de l\u2019art musical sacr\u00e9 au plus grand nombre.<\/p>\n<p>Le Festival 2026, en plus de son audace artistique, offre un cadre unique : celui du patrimoine culturel et architectural exceptionnel de Perpignan. Les participants auront l\u2019occasion d\u2019associer d\u00e9couvertes musicales et plaisirs du patrimoine local, une immersion totale dans l\u2019univers de la ville.<\/p>\n<p>En r\u00e9sum\u00e9, le Festival de Musique Sacr\u00e9e de Perpignan est une invitation \u00e0 vivre des moments de gr\u00e2ce, de joie et de partage. Que vous soyez passionn\u00e9 de musique, curieux de d\u00e9couvrir des sonorit\u00e9s nouvelles ou en qu\u00eate d\u2019une ambiance festive et m\u00e9ditative, ce rendez-vous unique est \u00e0 ne pas manquer.<\/p>\n<p>R\u00e9servez sans tarder votre agenda du 16 mars au 4 avril 2026, et laissez-vous transporter par l\u2019harmonie et la beaut\u00e9 musicale au c\u0153ur de Perpignan !<\/p>\n<h3>Informaci\u00f3n pr\u00e1ctica<\/h3>\n<p>\ud83d\udcc5 QUAND ? 16 mars > 4 avril 2026<br \/>\ud83d\udccd O\u00d9 ? 6 rue Fran\u00e7ois Rabelais, Perpignan<br \/>\ud83d\udcb6 COMBIEN ? Plein tarif : 126,00 \u20ac<\/p>","protected":false},"excerpt":{"rendered":"<p>C\u00e9l\u00e9brez 40 ans de musique et de joie au Festival de Musique Sacr\u00e9e 2026 \u00e0 Perpignan, une immersion exceptionnelle dans la diversit\u00e9 musicale sacr\u00e9e.<\/p>","protected":false},"author":5,"featured_media":4915,"comment_status":"closed","ping_status":"open","sticky":false,"template":"","format":"standard","meta":{"_yoast_wpseo_focuskw":"Festival musique sacr\u00e9e f\u00eate","_yoast_wpseo_title":"Festival de Musique Sacr\u00e9e Perpignan : 40 ans de magie musicale","_yoast_wpseo_metadesc":"Festival de Musique Sacr\u00e9e Perpignan : D\u00e9couvrez 40 ans de diversit\u00e9 musicale en Pyr\u00e9n\u00e9es-Orientales. 50 rendez-vous, concerts gratuits et ambiance festive.","_yoast_wpseo_canonical":"","_yoast_wpseo_opengraph-title":"Vivez la magie musicale : Festival de Musique Sacr\u00e9e \u00e0 Perpignan \u2014 40 ans d\u2019harmonie","_yoast_wpseo_opengraph-description":"Plongez dans l\u2019harmonie sacr\u00e9e au c\u0153ur de Perpignan. D\u00e9couvrez des concerts uniques et vibrez au rythme de la musique. Une exp\u00e9rience sensorielle \u00e0 ne pas manquer.","_yoast_wpseo_opengraph-image":"https:\/\/www.locansol.fr\/wp-content\/uploads\/2026\/03\/festival-musique-sacree-perpignan.webp","_yoast_wpseo_opengraph-image-id":"","_yoast_wpseo_twitter-title":"Festival de Musique Sacr\u00e9e \u00e0 Perpignan : 40 ans de magie musicale","_yoast_wpseo_twitter-description":"D\u00e9couvrez 40 ans de musique sacr\u00e9e \u00e0 Perpignan. Concerts gratuits, ambiance festive et patrimoine culturel. \u00c0 ne pas manquer !","_yoast_wpseo_twitter-image":"https:\/\/www.locansol.fr\/wp-content\/uploads\/2026\/03\/festival-musique-sacree-perpignan.webp","_yoast_wpseo_twitter-image-id":"","yoast_primary_category":"F\u00eates de P\u00e2ques","footnotes":""},"categories":[29],"tags":[66,69,76,71],"class_list":["post-4916","post","type-post","status-publish","format-standard","has-post-thumbnail","hentry","category-agenda-pyrenees-orientales","tag-evenement-culturel","tag-musique","tag-pyrenees-orientales","tag-religion"],"yoast_head":"<!-- This site is optimized with the Yoast SEO Premium plugin v23.3 (Yoast SEO v26.9) - https:\/\/yoast.com\/product\/yoast-seo-premium-wordpress\/ -->\n<title>Festival de Musique Sacr\u00e9e Perpignan : 40 ans de magie musicale<\/title>\n<meta name=\"description\" content=\"Festival de Musique Sacr\u00e9e Perpignan : D\u00e9couvrez 40 ans de diversit\u00e9 musicale en Pyr\u00e9n\u00e9es-Orientales. 50 rendez-vous, concerts gratuits et ambiance festive.\" \/>\n<meta name=\"robots\" content=\"index, follow, max-snippet:-1, max-image-preview:large, max-video-preview:-1\" \/>\n<link rel=\"canonical\" href=\"https:\/\/www.locansol.fr\/es\/festival-musique-sacree-perpignan\/\" \/>\n<meta property=\"og:locale\" content=\"es_ES\" \/>\n<meta property=\"og:type\" content=\"article\" \/>\n<meta property=\"og:title\" content=\"Vivez la magie musicale : Festival de Musique Sacr\u00e9e \u00e0 Perpignan \u2014 40 ans d\u2019harmonie\" \/>\n<meta property=\"og:description\" content=\"Plongez dans l\u2019harmonie sacr\u00e9e au c\u0153ur de Perpignan. D\u00e9couvrez des concerts uniques et vibrez au rythme de la musique. Une exp\u00e9rience sensorielle \u00e0 ne pas manquer.\" \/>\n<meta property=\"og:url\" content=\"https:\/\/www.locansol.fr\/es\/festival-musique-sacree-perpignan\/\" \/>\n<meta property=\"og:site_name\" content=\"Locansol, louer un h\u00e9bergement dans les Pyr\u00e9n\u00e9es Orientales\" \/>\n<meta property=\"article:published_time\" content=\"2026-03-16T15:10:52+00:00\" \/>\n<meta property=\"article:modified_time\" content=\"2026-03-16T15:10:57+00:00\" \/>\n<meta property=\"og:image\" content=\"https:\/\/www.locansol.fr\/wp-content\/uploads\/2026\/03\/festival-musique-sacree-perpignan.webp\" \/>\n<meta name=\"author\" content=\"H\u00e9bergements Locansol\" \/>\n<meta name=\"twitter:card\" content=\"summary_large_image\" \/>\n<meta name=\"twitter:title\" content=\"Festival de Musique Sacr\u00e9e \u00e0 Perpignan : 40 ans de magie musicale\" \/>\n<meta name=\"twitter:description\" content=\"D\u00e9couvrez 40 ans de musique sacr\u00e9e \u00e0 Perpignan. Concerts gratuits, ambiance festive et patrimoine culturel. \u00c0 ne pas manquer !\" \/>\n<meta name=\"twitter:image\" content=\"https:\/\/www.locansol.fr\/wp-content\/uploads\/2026\/03\/festival-musique-sacree-perpignan.webp\" \/>\n<meta name=\"twitter:label1\" content=\"Escrito por\" \/>\n\t<meta name=\"twitter:data1\" content=\"H\u00e9bergements Locansol\" \/>\n\t<meta name=\"twitter:label2\" content=\"Tiempo de lectura\" \/>\n\t<meta name=\"twitter:data2\" content=\"2 minutos\" \/>\n<script type=\"application\/ld+json\" class=\"yoast-schema-graph\">{\"@context\":\"https:\/\/schema.org\",\"@graph\":[{\"@type\":\"Article\",\"@id\":\"https:\/\/www.locansol.fr\/festival-musique-sacree-perpignan\/#article\",\"isPartOf\":{\"@id\":\"https:\/\/www.locansol.fr\/festival-musique-sacree-perpignan\/\"},\"author\":{\"name\":\"H\u00e9bergements Locansol\",\"@id\":\"https:\/\/www.locansol.fr\/#\/schema\/person\/0b08d440f1ac44674c6d498107de351d\"},\"headline\":\"Festival de Musique Sacr\u00e9e 2026 \u00e0 Perpignan : C\u00e9l\u00e9brez 40 ans de diversit\u00e9 musicale\",\"datePublished\":\"2026-03-16T15:10:52+00:00\",\"dateModified\":\"2026-03-16T15:10:57+00:00\",\"mainEntityOfPage\":{\"@id\":\"https:\/\/www.locansol.fr\/festival-musique-sacree-perpignan\/\"},\"wordCount\":390,\"publisher\":{\"@id\":\"https:\/\/www.locansol.fr\/#organization\"},\"image\":{\"@id\":\"https:\/\/www.locansol.fr\/festival-musique-sacree-perpignan\/#primaryimage\"},\"thumbnailUrl\":\"https:\/\/www.locansol.fr\/wp-content\/uploads\/2026\/03\/festival-musique-sacree-perpignan.webp\",\"keywords\":[\"\u00c9v\u00e8nement culturel\",\"Musique\",\"Pyr\u00e9n\u00e9es-Orientales\",\"Religion\"],\"articleSection\":[\"Agenda\"],\"inLanguage\":\"es\"},{\"@type\":\"WebPage\",\"@id\":\"https:\/\/www.locansol.fr\/festival-musique-sacree-perpignan\/\",\"url\":\"https:\/\/www.locansol.fr\/festival-musique-sacree-perpignan\/\",\"name\":\"Festival de Musique Sacr\u00e9e Perpignan : 40 ans de magie musicale\",\"isPartOf\":{\"@id\":\"https:\/\/www.locansol.fr\/#website\"},\"primaryImageOfPage\":{\"@id\":\"https:\/\/www.locansol.fr\/festival-musique-sacree-perpignan\/#primaryimage\"},\"image\":{\"@id\":\"https:\/\/www.locansol.fr\/festival-musique-sacree-perpignan\/#primaryimage\"},\"thumbnailUrl\":\"https:\/\/www.locansol.fr\/wp-content\/uploads\/2026\/03\/festival-musique-sacree-perpignan.webp\",\"datePublished\":\"2026-03-16T15:10:52+00:00\",\"dateModified\":\"2026-03-16T15:10:57+00:00\",\"description\":\"Festival de Musique Sacr\u00e9e Perpignan : D\u00e9couvrez 40 ans de diversit\u00e9 musicale en Pyr\u00e9n\u00e9es-Orientales. 50 rendez-vous, concerts gratuits et ambiance festive.\",\"breadcrumb\":{\"@id\":\"https:\/\/www.locansol.fr\/festival-musique-sacree-perpignan\/#breadcrumb\"},\"inLanguage\":\"es\",\"potentialAction\":[{\"@type\":\"ReadAction\",\"target\":[\"https:\/\/www.locansol.fr\/festival-musique-sacree-perpignan\/\"]}]},{\"@type\":\"ImageObject\",\"inLanguage\":\"es\",\"@id\":\"https:\/\/www.locansol.fr\/festival-musique-sacree-perpignan\/#primaryimage\",\"url\":\"https:\/\/www.locansol.fr\/wp-content\/uploads\/2026\/03\/festival-musique-sacree-perpignan.webp\",\"contentUrl\":\"https:\/\/www.locansol.fr\/wp-content\/uploads\/2026\/03\/festival-musique-sacree-perpignan.webp\",\"width\":1024,\"height\":576,\"caption\":\"Festival de Musique Sacr\u00e9e Perpignan : 40 ans de magie musicale\"},{\"@type\":\"BreadcrumbList\",\"@id\":\"https:\/\/www.locansol.fr\/festival-musique-sacree-perpignan\/#breadcrumb\",\"itemListElement\":[{\"@type\":\"ListItem\",\"position\":1,\"name\":\"Accueil\",\"item\":\"https:\/\/www.locansol.fr\/\"},{\"@type\":\"ListItem\",\"position\":2,\"name\":\"Festival de Musique Sacr\u00e9e 2026 \u00e0 Perpignan : C\u00e9l\u00e9brez 40 ans de diversit\u00e9 musicale\"}]},{\"@type\":\"WebSite\",\"@id\":\"https:\/\/www.locansol.fr\/#website\",\"url\":\"https:\/\/www.locansol.fr\/\",\"name\":\"Locansol, louer un h\u00e9bergement dans les Pyr\u00e9n\u00e9es-Orientales\",\"description\":\"Location Mobil-home Mer M\u00e9diterran\u00e9e &amp; Chalet de Montagne dans les Pyr\u00e9n\u00e9es Orientales (Occitanie, 66). Weekend, s\u00e9jour &amp; vacances en famille et entre amis.\",\"publisher\":{\"@id\":\"https:\/\/www.locansol.fr\/#organization\"},\"alternateName\":\"Louer un h\u00e9bergement dans les Pyr\u00e9n\u00e9es Orientales, chalet & mobil-home en Occitanie\",\"potentialAction\":[{\"@type\":\"SearchAction\",\"target\":{\"@type\":\"EntryPoint\",\"urlTemplate\":\"https:\/\/www.locansol.fr\/?s={search_term_string}\"},\"query-input\":{\"@type\":\"PropertyValueSpecification\",\"valueRequired\":true,\"valueName\":\"search_term_string\"}}],\"inLanguage\":\"es\"},{\"@type\":\"Organization\",\"@id\":\"https:\/\/www.locansol.fr\/#organization\",\"name\":\"Location MobilHome & chalet dans les Pyr\u00e9n\u00e9es Orientales\",\"alternateName\":\"Louer un h\u00e9bergement dans les Pyr\u00e9n\u00e9es Orientales en Occitanie\",\"url\":\"https:\/\/www.locansol.fr\/\",\"logo\":{\"@type\":\"ImageObject\",\"inLanguage\":\"es\",\"@id\":\"https:\/\/www.locansol.fr\/#\/schema\/logo\/image\/\",\"url\":\"https:\/\/www.locansol.fr\/wp-content\/uploads\/2024\/04\/AdobeStock_303324767-scaled.jpeg\",\"contentUrl\":\"https:\/\/www.locansol.fr\/wp-content\/uploads\/2024\/04\/AdobeStock_303324767-scaled.jpeg\",\"width\":2560,\"height\":1707,\"caption\":\"Location MobilHome & chalet dans les Pyr\u00e9n\u00e9es Orientales\"},\"image\":{\"@id\":\"https:\/\/www.locansol.fr\/#\/schema\/logo\/image\/\"}},{\"@type\":\"Person\",\"@id\":\"https:\/\/www.locansol.fr\/#\/schema\/person\/0b08d440f1ac44674c6d498107de351d\",\"name\":\"H\u00e9bergements Locansol\",\"image\":{\"@type\":\"ImageObject\",\"inLanguage\":\"es\",\"@id\":\"https:\/\/www.locansol.fr\/#\/schema\/person\/image\/\",\"url\":\"https:\/\/secure.gravatar.com\/avatar\/444436b93284204f8116b6e0eb964cd3fcb811519c737232bde6dd5743c37ee5?s=96&d=mm&r=g\",\"contentUrl\":\"https:\/\/secure.gravatar.com\/avatar\/444436b93284204f8116b6e0eb964cd3fcb811519c737232bde6dd5743c37ee5?s=96&d=mm&r=g\",\"caption\":\"H\u00e9bergements Locansol\"},\"sameAs\":[\"https:\/\/www.locansol.fr\/\"],\"url\":\"https:\/\/www.locansol.fr\/es\/author\/locansol\/\"}]}<\/script>\n<!-- \/ Yoast SEO Premium plugin. -->","yoast_head_json":{"title":"Festival de Musique Sacr\u00e9e Perpignan : 40 ans de magie musicale","description":"Festival de Musique Sacr\u00e9e Perpignan : D\u00e9couvrez 40 ans de diversit\u00e9 musicale en Pyr\u00e9n\u00e9es-Orientales. 50 rendez-vous, concerts gratuits et ambiance festive.","robots":{"index":"index","follow":"follow","max-snippet":"max-snippet:-1","max-image-preview":"max-image-preview:large","max-video-preview":"max-video-preview:-1"},"canonical":"https:\/\/www.locansol.fr\/es\/festival-musique-sacree-perpignan\/","og_locale":"es_ES","og_type":"article","og_title":"Vivez la magie musicale : Festival de Musique Sacr\u00e9e \u00e0 Perpignan \u2014 40 ans d\u2019harmonie","og_description":"Plongez dans l\u2019harmonie sacr\u00e9e au c\u0153ur de Perpignan. D\u00e9couvrez des concerts uniques et vibrez au rythme de la musique. Une exp\u00e9rience sensorielle \u00e0 ne pas manquer.","og_url":"https:\/\/www.locansol.fr\/es\/festival-musique-sacree-perpignan\/","og_site_name":"Locansol, louer un h\u00e9bergement dans les Pyr\u00e9n\u00e9es Orientales","article_published_time":"2026-03-16T15:10:52+00:00","article_modified_time":"2026-03-16T15:10:57+00:00","og_image":[{"url":"https:\/\/www.locansol.fr\/wp-content\/uploads\/2026\/03\/festival-musique-sacree-perpignan.webp","type":"","width":"","height":""}],"author":"H\u00e9bergements Locansol","twitter_card":"summary_large_image","twitter_title":"Festival de Musique Sacr\u00e9e \u00e0 Perpignan : 40 ans de magie musicale","twitter_description":"D\u00e9couvrez 40 ans de musique sacr\u00e9e \u00e0 Perpignan. Concerts gratuits, ambiance festive et patrimoine culturel. \u00c0 ne pas manquer !","twitter_image":"https:\/\/www.locansol.fr\/wp-content\/uploads\/2026\/03\/festival-musique-sacree-perpignan.webp","twitter_misc":{"Escrito por":"H\u00e9bergements Locansol","Tiempo de lectura":"2 minutos"},"schema":{"@context":"https:\/\/schema.org","@graph":[{"@type":"Article","@id":"https:\/\/www.locansol.fr\/festival-musique-sacree-perpignan\/#article","isPartOf":{"@id":"https:\/\/www.locansol.fr\/festival-musique-sacree-perpignan\/"},"author":{"name":"H\u00e9bergements Locansol","@id":"https:\/\/www.locansol.fr\/#\/schema\/person\/0b08d440f1ac44674c6d498107de351d"},"headline":"Festival de Musique Sacr\u00e9e 2026 \u00e0 Perpignan : C\u00e9l\u00e9brez 40 ans de diversit\u00e9 musicale","datePublished":"2026-03-16T15:10:52+00:00","dateModified":"2026-03-16T15:10:57+00:00","mainEntityOfPage":{"@id":"https:\/\/www.locansol.fr\/festival-musique-sacree-perpignan\/"},"wordCount":390,"publisher":{"@id":"https:\/\/www.locansol.fr\/#organization"},"image":{"@id":"https:\/\/www.locansol.fr\/festival-musique-sacree-perpignan\/#primaryimage"},"thumbnailUrl":"https:\/\/www.locansol.fr\/wp-content\/uploads\/2026\/03\/festival-musique-sacree-perpignan.webp","keywords":["\u00c9v\u00e8nement culturel","Musique","Pyr\u00e9n\u00e9es-Orientales","Religion"],"articleSection":["Agenda"],"inLanguage":"es"},{"@type":"WebPage","@id":"https:\/\/www.locansol.fr\/festival-musique-sacree-perpignan\/","url":"https:\/\/www.locansol.fr\/festival-musique-sacree-perpignan\/","name":"Festival de Musique Sacr\u00e9e Perpignan : 40 ans de magie musicale","isPartOf":{"@id":"https:\/\/www.locansol.fr\/#website"},"primaryImageOfPage":{"@id":"https:\/\/www.locansol.fr\/festival-musique-sacree-perpignan\/#primaryimage"},"image":{"@id":"https:\/\/www.locansol.fr\/festival-musique-sacree-perpignan\/#primaryimage"},"thumbnailUrl":"https:\/\/www.locansol.fr\/wp-content\/uploads\/2026\/03\/festival-musique-sacree-perpignan.webp","datePublished":"2026-03-16T15:10:52+00:00","dateModified":"2026-03-16T15:10:57+00:00","description":"Festival de Musique Sacr\u00e9e Perpignan : D\u00e9couvrez 40 ans de diversit\u00e9 musicale en Pyr\u00e9n\u00e9es-Orientales. 50 rendez-vous, concerts gratuits et ambiance festive.","breadcrumb":{"@id":"https:\/\/www.locansol.fr\/festival-musique-sacree-perpignan\/#breadcrumb"},"inLanguage":"es","potentialAction":[{"@type":"ReadAction","target":["https:\/\/www.locansol.fr\/festival-musique-sacree-perpignan\/"]}]},{"@type":"ImageObject","inLanguage":"es","@id":"https:\/\/www.locansol.fr\/festival-musique-sacree-perpignan\/#primaryimage","url":"https:\/\/www.locansol.fr\/wp-content\/uploads\/2026\/03\/festival-musique-sacree-perpignan.webp","contentUrl":"https:\/\/www.locansol.fr\/wp-content\/uploads\/2026\/03\/festival-musique-sacree-perpignan.webp","width":1024,"height":576,"caption":"Festival de Musique Sacr\u00e9e Perpignan : 40 ans de magie musicale"},{"@type":"BreadcrumbList","@id":"https:\/\/www.locansol.fr\/festival-musique-sacree-perpignan\/#breadcrumb","itemListElement":[{"@type":"ListItem","position":1,"name":"Accueil","item":"https:\/\/www.locansol.fr\/"},{"@type":"ListItem","position":2,"name":"Festival de Musique Sacr\u00e9e 2026 \u00e0 Perpignan : C\u00e9l\u00e9brez 40 ans de diversit\u00e9 musicale"}]},{"@type":"WebSite","@id":"https:\/\/www.locansol.fr\/#website","url":"https:\/\/www.locansol.fr\/","name":"Locansol, louer un h\u00e9bergement dans les Pyr\u00e9n\u00e9es-Orientales","description":"Location Mobil-home Mer M\u00e9diterran\u00e9e &amp; Chalet de Montagne dans les Pyr\u00e9n\u00e9es Orientales (Occitanie, 66). Weekend, s\u00e9jour &amp; vacances en famille et entre amis.","publisher":{"@id":"https:\/\/www.locansol.fr\/#organization"},"alternateName":"Louer un h\u00e9bergement dans les Pyr\u00e9n\u00e9es Orientales, chalet & mobil-home en Occitanie","potentialAction":[{"@type":"SearchAction","target":{"@type":"EntryPoint","urlTemplate":"https:\/\/www.locansol.fr\/?s={search_term_string}"},"query-input":{"@type":"PropertyValueSpecification","valueRequired":true,"valueName":"search_term_string"}}],"inLanguage":"es"},{"@type":"Organization","@id":"https:\/\/www.locansol.fr\/#organization","name":"Location MobilHome & chalet dans les Pyr\u00e9n\u00e9es Orientales","alternateName":"Louer un h\u00e9bergement dans les Pyr\u00e9n\u00e9es Orientales en Occitanie","url":"https:\/\/www.locansol.fr\/","logo":{"@type":"ImageObject","inLanguage":"es","@id":"https:\/\/www.locansol.fr\/#\/schema\/logo\/image\/","url":"https:\/\/www.locansol.fr\/wp-content\/uploads\/2024\/04\/AdobeStock_303324767-scaled.jpeg","contentUrl":"https:\/\/www.locansol.fr\/wp-content\/uploads\/2024\/04\/AdobeStock_303324767-scaled.jpeg","width":2560,"height":1707,"caption":"Location MobilHome & chalet dans les Pyr\u00e9n\u00e9es Orientales"},"image":{"@id":"https:\/\/www.locansol.fr\/#\/schema\/logo\/image\/"}},{"@type":"Person","@id":"https:\/\/www.locansol.fr\/#\/schema\/person\/0b08d440f1ac44674c6d498107de351d","name":"H\u00e9bergements Locansol","image":{"@type":"ImageObject","inLanguage":"es","@id":"https:\/\/www.locansol.fr\/#\/schema\/person\/image\/","url":"https:\/\/secure.gravatar.com\/avatar\/444436b93284204f8116b6e0eb964cd3fcb811519c737232bde6dd5743c37ee5?s=96&d=mm&r=g","contentUrl":"https:\/\/secure.gravatar.com\/avatar\/444436b93284204f8116b6e0eb964cd3fcb811519c737232bde6dd5743c37ee5?s=96&d=mm&r=g","caption":"H\u00e9bergements Locansol"},"sameAs":["https:\/\/www.locansol.fr\/"],"url":"https:\/\/www.locansol.fr\/es\/author\/locansol\/"}]}},"_links":{"self":[{"href":"https:\/\/www.locansol.fr\/es\/wp-json\/wp\/v2\/posts\/4916","targetHints":{"allow":["GET"]}}],"collection":[{"href":"https:\/\/www.locansol.fr\/es\/wp-json\/wp\/v2\/posts"}],"about":[{"href":"https:\/\/www.locansol.fr\/es\/wp-json\/wp\/v2\/types\/post"}],"author":[{"embeddable":true,"href":"https:\/\/www.locansol.fr\/es\/wp-json\/wp\/v2\/users\/5"}],"replies":[{"embeddable":true,"href":"https:\/\/www.locansol.fr\/es\/wp-json\/wp\/v2\/comments?post=4916"}],"version-history":[{"count":1,"href":"https:\/\/www.locansol.fr\/es\/wp-json\/wp\/v2\/posts\/4916\/revisions"}],"predecessor-version":[{"id":4917,"href":"https:\/\/www.locansol.fr\/es\/wp-json\/wp\/v2\/posts\/4916\/revisions\/4917"}],"wp:featuredmedia":[{"embeddable":true,"href":"https:\/\/www.locansol.fr\/es\/wp-json\/wp\/v2\/media\/4915"}],"wp:attachment":[{"href":"https:\/\/www.locansol.fr\/es\/wp-json\/wp\/v2\/media?parent=4916"}],"wp:term":[{"taxonomy":"category","embeddable":true,"href":"https:\/\/www.locansol.fr\/es\/wp-json\/wp\/v2\/categories?post=4916"},{"taxonomy":"post_tag","embeddable":true,"href":"https:\/\/www.locansol.fr\/es\/wp-json\/wp\/v2\/tags?post=4916"}],"curies":[{"name":"wp","href":"https:\/\/api.w.org\/{rel}","templated":true}]}}