{"id":4959,"date":"2026-03-19T08:13:16","date_gmt":"2026-03-19T07:13:16","guid":{"rendered":"https:\/\/www.locansol.fr\/visite-vernet-les-bains-patrimoine\/"},"modified":"2026-03-19T08:13:20","modified_gmt":"2026-03-19T07:13:20","slug":"visite-vernet-les-bains-patrimoine","status":"publish","type":"post","link":"https:\/\/www.locansol.fr\/es\/visite-vernet-les-bains-patrimoine\/","title":{"rendered":"Vernet-les-Bains le 19 mars : D\u00e9couvrez son histoire et son patrimoine unique"},"content":{"rendered":"<p>Le 19 mars prochain, de 14h00 \u00e0 15h30, Vernet-les-Bains vous ouvre ses portes pour une visite guid\u00e9e sp\u00e9ciale qui vous plongera dans l\u2019histoire et le patrimoine de ce charmant village pyr\u00e9n\u00e9en. Situ\u00e9 dans un cadre naturel exceptionnel, entre montagnes et for\u00eats, Vernet-les-Bains est connu pour son riche pass\u00e9 de station thermale et pour \u00eatre le tout premier village arboretum de France.<\/p>\n<p>Le point de d\u00e9part de cette aventure culturelle est fix\u00e9 \u00e0 l\u2019Office de tourisme, au 2 rue de la Chapelle. Sous la conduite d\u2019un guide passionn\u00e9, vous entamerez votre exploration par l\u2019ancien quartier thermal, v\u00e9ritable embl\u00e8me du village. Au XIXe si\u00e8cle, Vernet-les-Bains attirait les plus grands noms de l\u2019\u00e9poque gr\u00e2ce \u00e0 ses eaux reconnues pour leurs propri\u00e9t\u00e9s curatives. Vous d\u00e9couvrirez les b\u00e2timents historiques qui t\u00e9moignent de cette p\u00e9riode prosp\u00e8re et serez captiv\u00e9 par les anecdotes qui donnent vie \u00e0 ce pass\u00e9 prestigieux.<\/p>\n<p>La promenade se poursuivra dans le village arboretum, un espace unique o\u00f9 la nature est reine. Chaque coin de rue et chaque jardin d\u00e9voilent des tr\u00e9sors botaniques : des arbres centenaires aux essences rares qui incarnent l\u2019engagement de la commune pour pr\u00e9server la biodiversit\u00e9. Un spectacle apaisant pour les amoureux de la nature et les amateurs de botanique.<\/p>\n<p>Un des temps forts de cette visite sera sans nul doute la d\u00e9couverte de l\u2019\u00e9glise Saint-Saturnin. Ce chef-d\u2019\u0153uvre du patrimoine catalan rec\u00e8le des merveilles architecturales et artistiques : fresques d\u00e9taill\u00e9es, vitraux color\u00e9s et sculptures \u00e0 l\u2019histoire fascinante. Le guide vous d\u00e9voilera les secrets cach\u00e9s entre ces murs, offrant une immersion totale dans les traditions et la spiritualit\u00e9 locale.<\/p>\n<p>Ce rendez-vous est bien plus qu\u2019une simple visite guid\u00e9e. C\u2019est une opportunit\u00e9 unique de s\u2019immerger dans l\u2019histoire vibrante et la riche culture de Vernet-les-Bains. La convivialit\u00e9 et l\u2019expertise du guide feront de ce moment une exp\u00e9rience inoubliable, que vous soyez passionn\u00e9 d\u2019histoire, amoureux de la nature ou simplement curieux de d\u00e9couvrir un village unique au c\u0153ur des Pyr\u00e9n\u00e9es-Orientales.<\/p>\n<p>Des visites personnalis\u00e9es ou des promenades en petit comit\u00e9 peuvent \u00e9galement \u00eatre organis\u00e9es sur demande. N\u2019h\u00e9sitez pas \u00e0 contacter l\u2019Office de tourisme pour plus d\u2019informations ou pour r\u00e9server votre place d\u00e8s maintenant. Cette activit\u00e9 est parfaite pour les familles, les groupes d\u2019amis ou les voyageurs en solo, offrant une subtile combinaison de culture, d\u2019histoire et de d\u00e9tente.<\/p>\n<p>Ne manquez pas cette belle opportunit\u00e9 de d\u00e9couvrir Vernet-les-Bains sous un jour in\u00e9dit. Venez partager un moment convivial et enrichissant dans un cadre magnifique, entre patrimoine, nature et traditions. Alors, \u00e0 vos agendas : rendez-vous le 19 mars pour une exp\u00e9rience m\u00e9morable \u00e0 Vernet-les-Bains !<\/p>\n<h3>Informaci\u00f3n pr\u00e1ctica<\/h3>\n<p>\ud83d\udcc5 QUAND ? Jeudi 19 mars de 14:00 \u00e0 15:30<br \/>\ud83d\udccd O\u00d9 ? 2 rue de la chapelle, Vernet-les-Bains<br \/>\ud83d\udcb6 COMBIEN ? Plein tarif : 8,00 \u20ac<\/p>","protected":false},"excerpt":{"rendered":"<p>D\u00e9couvrez Vernet-les-Bains le 19 mars lors d\u2019une visite guid\u00e9e immersive entre patrimoine, nature et traditions catalanes.<\/p>","protected":false},"author":5,"featured_media":4958,"comment_status":"closed","ping_status":"open","sticky":false,"template":"","format":"standard","meta":{"_yoast_wpseo_focuskw":"Visite historique Vernet-les-Bains patrimoine","_yoast_wpseo_title":"Visite guid\u00e9e Vernet-les-Bains : histoire et patrimoine unique","_yoast_wpseo_metadesc":"Visite guid\u00e9e Vernet-les-Bains pour d\u00e9couvrir son histoire et patrimoine unique. Explorez le village arboretum et l'\u00e9glise Saint-Saturnin dans les Pyr\u00e9n\u00e9es-Orientales.","_yoast_wpseo_canonical":"","_yoast_wpseo_opengraph-title":"Plongez dans l'histoire de Vernet-les-Bains : patrimoine et nature en Pyr\u00e9n\u00e9es-Orientales","_yoast_wpseo_opengraph-description":"D\u00e9couvrez Vernet-les-Bains \u00e0 travers une visite guid\u00e9e unique. Immergez-vous dans son histoire, explorez son village arboretum et admirez l'\u00e9glise Saint-Saturnin.","_yoast_wpseo_opengraph-image":"https:\/\/www.locansol.fr\/wp-content\/uploads\/2026\/03\/visite-vernet-les-bains-patrimoine.webp","_yoast_wpseo_opengraph-image-id":"","_yoast_wpseo_twitter-title":"D\u00e9couvrez Vernet-les-Bains le 19 mars : histoire, nature et patrimoine","_yoast_wpseo_twitter-description":"Plongez dans l'histoire de Vernet-les-Bains lors d'une visite guid\u00e9e unique. D\u00e9couvrez son patrimoine, son village arboretum et bien plus encore le 19 mars.","_yoast_wpseo_twitter-image":"https:\/\/www.locansol.fr\/wp-content\/uploads\/2026\/03\/visite-vernet-les-bains-patrimoine.webp","_yoast_wpseo_twitter-image-id":"","yoast_primary_category":"Visite guid\u00e9e","footnotes":""},"categories":[65],"tags":[66,76],"class_list":["post-4959","post","type-post","status-publish","format-standard","has-post-thumbnail","hentry","category-visite-guidee","tag-evenement-culturel","tag-pyrenees-orientales"],"yoast_head":"<!-- This site is optimized with the Yoast SEO Premium plugin v23.3 (Yoast SEO v26.9) - https:\/\/yoast.com\/product\/yoast-seo-premium-wordpress\/ -->\n<title>Visite guid\u00e9e Vernet-les-Bains : histoire et patrimoine unique<\/title>\n<meta name=\"description\" content=\"Visite guid\u00e9e Vernet-les-Bains pour d\u00e9couvrir son histoire et patrimoine unique. Explorez le village arboretum et l&#039;\u00e9glise Saint-Saturnin dans les Pyr\u00e9n\u00e9es-Orientales.\" \/>\n<meta name=\"robots\" content=\"index, follow, max-snippet:-1, max-image-preview:large, max-video-preview:-1\" \/>\n<link rel=\"canonical\" href=\"https:\/\/www.locansol.fr\/es\/visite-vernet-les-bains-patrimoine\/\" \/>\n<meta property=\"og:locale\" content=\"es_ES\" \/>\n<meta property=\"og:type\" content=\"article\" \/>\n<meta property=\"og:title\" content=\"Plongez dans l&#039;histoire de Vernet-les-Bains : patrimoine et nature en Pyr\u00e9n\u00e9es-Orientales\" \/>\n<meta property=\"og:description\" content=\"D\u00e9couvrez Vernet-les-Bains \u00e0 travers une visite guid\u00e9e unique. Immergez-vous dans son histoire, explorez son village arboretum et admirez l&#039;\u00e9glise Saint-Saturnin.\" \/>\n<meta property=\"og:url\" content=\"https:\/\/www.locansol.fr\/es\/visite-vernet-les-bains-patrimoine\/\" \/>\n<meta property=\"og:site_name\" content=\"Locansol, louer un h\u00e9bergement dans les Pyr\u00e9n\u00e9es Orientales\" \/>\n<meta property=\"article:published_time\" content=\"2026-03-19T07:13:16+00:00\" \/>\n<meta property=\"article:modified_time\" content=\"2026-03-19T07:13:20+00:00\" \/>\n<meta property=\"og:image\" content=\"https:\/\/www.locansol.fr\/wp-content\/uploads\/2026\/03\/visite-vernet-les-bains-patrimoine.webp\" \/>\n<meta name=\"author\" content=\"H\u00e9bergements Locansol\" \/>\n<meta name=\"twitter:card\" content=\"summary_large_image\" \/>\n<meta name=\"twitter:title\" content=\"D\u00e9couvrez Vernet-les-Bains le 19 mars : histoire, nature et patrimoine\" \/>\n<meta name=\"twitter:description\" content=\"Plongez dans l&#039;histoire de Vernet-les-Bains lors d&#039;une visite guid\u00e9e unique. D\u00e9couvrez son patrimoine, son village arboretum et bien plus encore le 19 mars.\" \/>\n<meta name=\"twitter:image\" content=\"https:\/\/www.locansol.fr\/wp-content\/uploads\/2026\/03\/visite-vernet-les-bains-patrimoine.webp\" \/>\n<meta name=\"twitter:label1\" content=\"Escrito por\" \/>\n\t<meta name=\"twitter:data1\" content=\"H\u00e9bergements Locansol\" \/>\n\t<meta name=\"twitter:label2\" content=\"Tiempo de lectura\" \/>\n\t<meta name=\"twitter:data2\" content=\"2 minutos\" \/>\n<script type=\"application\/ld+json\" class=\"yoast-schema-graph\">{\"@context\":\"https:\/\/schema.org\",\"@graph\":[{\"@type\":\"Article\",\"@id\":\"https:\/\/www.locansol.fr\/visite-vernet-les-bains-patrimoine\/#article\",\"isPartOf\":{\"@id\":\"https:\/\/www.locansol.fr\/visite-vernet-les-bains-patrimoine\/\"},\"author\":{\"name\":\"H\u00e9bergements Locansol\",\"@id\":\"https:\/\/www.locansol.fr\/#\/schema\/person\/0b08d440f1ac44674c6d498107de351d\"},\"headline\":\"Vernet-les-Bains le 19 mars : D\u00e9couvrez son histoire et son patrimoine unique\",\"datePublished\":\"2026-03-19T07:13:16+00:00\",\"dateModified\":\"2026-03-19T07:13:20+00:00\",\"mainEntityOfPage\":{\"@id\":\"https:\/\/www.locansol.fr\/visite-vernet-les-bains-patrimoine\/\"},\"wordCount\":493,\"publisher\":{\"@id\":\"https:\/\/www.locansol.fr\/#organization\"},\"image\":{\"@id\":\"https:\/\/www.locansol.fr\/visite-vernet-les-bains-patrimoine\/#primaryimage\"},\"thumbnailUrl\":\"https:\/\/www.locansol.fr\/wp-content\/uploads\/2026\/03\/visite-vernet-les-bains-patrimoine.webp\",\"keywords\":[\"\u00c9v\u00e8nement culturel\",\"Pyr\u00e9n\u00e9es-Orientales\"],\"articleSection\":[\"Visite guid\u00e9e\"],\"inLanguage\":\"es\"},{\"@type\":\"WebPage\",\"@id\":\"https:\/\/www.locansol.fr\/visite-vernet-les-bains-patrimoine\/\",\"url\":\"https:\/\/www.locansol.fr\/visite-vernet-les-bains-patrimoine\/\",\"name\":\"Visite guid\u00e9e Vernet-les-Bains : histoire et patrimoine unique\",\"isPartOf\":{\"@id\":\"https:\/\/www.locansol.fr\/#website\"},\"primaryImageOfPage\":{\"@id\":\"https:\/\/www.locansol.fr\/visite-vernet-les-bains-patrimoine\/#primaryimage\"},\"image\":{\"@id\":\"https:\/\/www.locansol.fr\/visite-vernet-les-bains-patrimoine\/#primaryimage\"},\"thumbnailUrl\":\"https:\/\/www.locansol.fr\/wp-content\/uploads\/2026\/03\/visite-vernet-les-bains-patrimoine.webp\",\"datePublished\":\"2026-03-19T07:13:16+00:00\",\"dateModified\":\"2026-03-19T07:13:20+00:00\",\"description\":\"Visite guid\u00e9e Vernet-les-Bains pour d\u00e9couvrir son histoire et patrimoine unique. Explorez le village arboretum et l'\u00e9glise Saint-Saturnin dans les Pyr\u00e9n\u00e9es-Orientales.\",\"breadcrumb\":{\"@id\":\"https:\/\/www.locansol.fr\/visite-vernet-les-bains-patrimoine\/#breadcrumb\"},\"inLanguage\":\"es\",\"potentialAction\":[{\"@type\":\"ReadAction\",\"target\":[\"https:\/\/www.locansol.fr\/visite-vernet-les-bains-patrimoine\/\"]}]},{\"@type\":\"ImageObject\",\"inLanguage\":\"es\",\"@id\":\"https:\/\/www.locansol.fr\/visite-vernet-les-bains-patrimoine\/#primaryimage\",\"url\":\"https:\/\/www.locansol.fr\/wp-content\/uploads\/2026\/03\/visite-vernet-les-bains-patrimoine.webp\",\"contentUrl\":\"https:\/\/www.locansol.fr\/wp-content\/uploads\/2026\/03\/visite-vernet-les-bains-patrimoine.webp\",\"width\":1920,\"height\":1275,\"caption\":\"Visite guid\u00e9e Vernet-les-Bains : histoire et patrimoine unique\"},{\"@type\":\"BreadcrumbList\",\"@id\":\"https:\/\/www.locansol.fr\/visite-vernet-les-bains-patrimoine\/#breadcrumb\",\"itemListElement\":[{\"@type\":\"ListItem\",\"position\":1,\"name\":\"Accueil\",\"item\":\"https:\/\/www.locansol.fr\/\"},{\"@type\":\"ListItem\",\"position\":2,\"name\":\"Vernet-les-Bains le 19 mars : D\u00e9couvrez son histoire et son patrimoine unique\"}]},{\"@type\":\"WebSite\",\"@id\":\"https:\/\/www.locansol.fr\/#website\",\"url\":\"https:\/\/www.locansol.fr\/\",\"name\":\"Locansol, louer un h\u00e9bergement dans les Pyr\u00e9n\u00e9es-Orientales\",\"description\":\"Location Mobil-home Mer M\u00e9diterran\u00e9e &amp; Chalet de Montagne dans les Pyr\u00e9n\u00e9es Orientales (Occitanie, 66). Weekend, s\u00e9jour &amp; vacances en famille et entre amis.\",\"publisher\":{\"@id\":\"https:\/\/www.locansol.fr\/#organization\"},\"alternateName\":\"Louer un h\u00e9bergement dans les Pyr\u00e9n\u00e9es Orientales, chalet & mobil-home en Occitanie\",\"potentialAction\":[{\"@type\":\"SearchAction\",\"target\":{\"@type\":\"EntryPoint\",\"urlTemplate\":\"https:\/\/www.locansol.fr\/?s={search_term_string}\"},\"query-input\":{\"@type\":\"PropertyValueSpecification\",\"valueRequired\":true,\"valueName\":\"search_term_string\"}}],\"inLanguage\":\"es\"},{\"@type\":\"Organization\",\"@id\":\"https:\/\/www.locansol.fr\/#organization\",\"name\":\"Location MobilHome & chalet dans les Pyr\u00e9n\u00e9es Orientales\",\"alternateName\":\"Louer un h\u00e9bergement dans les Pyr\u00e9n\u00e9es Orientales en Occitanie\",\"url\":\"https:\/\/www.locansol.fr\/\",\"logo\":{\"@type\":\"ImageObject\",\"inLanguage\":\"es\",\"@id\":\"https:\/\/www.locansol.fr\/#\/schema\/logo\/image\/\",\"url\":\"https:\/\/www.locansol.fr\/wp-content\/uploads\/2024\/04\/AdobeStock_303324767-scaled.jpeg\",\"contentUrl\":\"https:\/\/www.locansol.fr\/wp-content\/uploads\/2024\/04\/AdobeStock_303324767-scaled.jpeg\",\"width\":2560,\"height\":1707,\"caption\":\"Location MobilHome & chalet dans les Pyr\u00e9n\u00e9es Orientales\"},\"image\":{\"@id\":\"https:\/\/www.locansol.fr\/#\/schema\/logo\/image\/\"}},{\"@type\":\"Person\",\"@id\":\"https:\/\/www.locansol.fr\/#\/schema\/person\/0b08d440f1ac44674c6d498107de351d\",\"name\":\"H\u00e9bergements Locansol\",\"image\":{\"@type\":\"ImageObject\",\"inLanguage\":\"es\",\"@id\":\"https:\/\/www.locansol.fr\/#\/schema\/person\/image\/\",\"url\":\"https:\/\/secure.gravatar.com\/avatar\/444436b93284204f8116b6e0eb964cd3fcb811519c737232bde6dd5743c37ee5?s=96&d=mm&r=g\",\"contentUrl\":\"https:\/\/secure.gravatar.com\/avatar\/444436b93284204f8116b6e0eb964cd3fcb811519c737232bde6dd5743c37ee5?s=96&d=mm&r=g\",\"caption\":\"H\u00e9bergements Locansol\"},\"sameAs\":[\"https:\/\/www.locansol.fr\/\"],\"url\":\"https:\/\/www.locansol.fr\/es\/author\/locansol\/\"}]}<\/script>\n<!-- \/ Yoast SEO Premium plugin. -->","yoast_head_json":{"title":"Visite guid\u00e9e Vernet-les-Bains : histoire et patrimoine unique","description":"Visite guid\u00e9e Vernet-les-Bains pour d\u00e9couvrir son histoire et patrimoine unique. Explorez le village arboretum et l'\u00e9glise Saint-Saturnin dans les Pyr\u00e9n\u00e9es-Orientales.","robots":{"index":"index","follow":"follow","max-snippet":"max-snippet:-1","max-image-preview":"max-image-preview:large","max-video-preview":"max-video-preview:-1"},"canonical":"https:\/\/www.locansol.fr\/es\/visite-vernet-les-bains-patrimoine\/","og_locale":"es_ES","og_type":"article","og_title":"Plongez dans l'histoire de Vernet-les-Bains : patrimoine et nature en Pyr\u00e9n\u00e9es-Orientales","og_description":"D\u00e9couvrez Vernet-les-Bains \u00e0 travers une visite guid\u00e9e unique. Immergez-vous dans son histoire, explorez son village arboretum et admirez l'\u00e9glise Saint-Saturnin.","og_url":"https:\/\/www.locansol.fr\/es\/visite-vernet-les-bains-patrimoine\/","og_site_name":"Locansol, louer un h\u00e9bergement dans les Pyr\u00e9n\u00e9es Orientales","article_published_time":"2026-03-19T07:13:16+00:00","article_modified_time":"2026-03-19T07:13:20+00:00","og_image":[{"url":"https:\/\/www.locansol.fr\/wp-content\/uploads\/2026\/03\/visite-vernet-les-bains-patrimoine.webp","type":"","width":"","height":""}],"author":"H\u00e9bergements Locansol","twitter_card":"summary_large_image","twitter_title":"D\u00e9couvrez Vernet-les-Bains le 19 mars : histoire, nature et patrimoine","twitter_description":"Plongez dans l'histoire de Vernet-les-Bains lors d'une visite guid\u00e9e unique. D\u00e9couvrez son patrimoine, son village arboretum et bien plus encore le 19 mars.","twitter_image":"https:\/\/www.locansol.fr\/wp-content\/uploads\/2026\/03\/visite-vernet-les-bains-patrimoine.webp","twitter_misc":{"Escrito por":"H\u00e9bergements Locansol","Tiempo de lectura":"2 minutos"},"schema":{"@context":"https:\/\/schema.org","@graph":[{"@type":"Article","@id":"https:\/\/www.locansol.fr\/visite-vernet-les-bains-patrimoine\/#article","isPartOf":{"@id":"https:\/\/www.locansol.fr\/visite-vernet-les-bains-patrimoine\/"},"author":{"name":"H\u00e9bergements Locansol","@id":"https:\/\/www.locansol.fr\/#\/schema\/person\/0b08d440f1ac44674c6d498107de351d"},"headline":"Vernet-les-Bains le 19 mars : D\u00e9couvrez son histoire et son patrimoine unique","datePublished":"2026-03-19T07:13:16+00:00","dateModified":"2026-03-19T07:13:20+00:00","mainEntityOfPage":{"@id":"https:\/\/www.locansol.fr\/visite-vernet-les-bains-patrimoine\/"},"wordCount":493,"publisher":{"@id":"https:\/\/www.locansol.fr\/#organization"},"image":{"@id":"https:\/\/www.locansol.fr\/visite-vernet-les-bains-patrimoine\/#primaryimage"},"thumbnailUrl":"https:\/\/www.locansol.fr\/wp-content\/uploads\/2026\/03\/visite-vernet-les-bains-patrimoine.webp","keywords":["\u00c9v\u00e8nement culturel","Pyr\u00e9n\u00e9es-Orientales"],"articleSection":["Visite guid\u00e9e"],"inLanguage":"es"},{"@type":"WebPage","@id":"https:\/\/www.locansol.fr\/visite-vernet-les-bains-patrimoine\/","url":"https:\/\/www.locansol.fr\/visite-vernet-les-bains-patrimoine\/","name":"Visite guid\u00e9e Vernet-les-Bains : histoire et patrimoine unique","isPartOf":{"@id":"https:\/\/www.locansol.fr\/#website"},"primaryImageOfPage":{"@id":"https:\/\/www.locansol.fr\/visite-vernet-les-bains-patrimoine\/#primaryimage"},"image":{"@id":"https:\/\/www.locansol.fr\/visite-vernet-les-bains-patrimoine\/#primaryimage"},"thumbnailUrl":"https:\/\/www.locansol.fr\/wp-content\/uploads\/2026\/03\/visite-vernet-les-bains-patrimoine.webp","datePublished":"2026-03-19T07:13:16+00:00","dateModified":"2026-03-19T07:13:20+00:00","description":"Visite guid\u00e9e Vernet-les-Bains pour d\u00e9couvrir son histoire et patrimoine unique. Explorez le village arboretum et l'\u00e9glise Saint-Saturnin dans les Pyr\u00e9n\u00e9es-Orientales.","breadcrumb":{"@id":"https:\/\/www.locansol.fr\/visite-vernet-les-bains-patrimoine\/#breadcrumb"},"inLanguage":"es","potentialAction":[{"@type":"ReadAction","target":["https:\/\/www.locansol.fr\/visite-vernet-les-bains-patrimoine\/"]}]},{"@type":"ImageObject","inLanguage":"es","@id":"https:\/\/www.locansol.fr\/visite-vernet-les-bains-patrimoine\/#primaryimage","url":"https:\/\/www.locansol.fr\/wp-content\/uploads\/2026\/03\/visite-vernet-les-bains-patrimoine.webp","contentUrl":"https:\/\/www.locansol.fr\/wp-content\/uploads\/2026\/03\/visite-vernet-les-bains-patrimoine.webp","width":1920,"height":1275,"caption":"Visite guid\u00e9e Vernet-les-Bains : histoire et patrimoine unique"},{"@type":"BreadcrumbList","@id":"https:\/\/www.locansol.fr\/visite-vernet-les-bains-patrimoine\/#breadcrumb","itemListElement":[{"@type":"ListItem","position":1,"name":"Accueil","item":"https:\/\/www.locansol.fr\/"},{"@type":"ListItem","position":2,"name":"Vernet-les-Bains le 19 mars : D\u00e9couvrez son histoire et son patrimoine unique"}]},{"@type":"WebSite","@id":"https:\/\/www.locansol.fr\/#website","url":"https:\/\/www.locansol.fr\/","name":"Locansol, louer un h\u00e9bergement dans les Pyr\u00e9n\u00e9es-Orientales","description":"Location Mobil-home Mer M\u00e9diterran\u00e9e &amp; Chalet de Montagne dans les Pyr\u00e9n\u00e9es Orientales (Occitanie, 66). Weekend, s\u00e9jour &amp; vacances en famille et entre amis.","publisher":{"@id":"https:\/\/www.locansol.fr\/#organization"},"alternateName":"Louer un h\u00e9bergement dans les Pyr\u00e9n\u00e9es Orientales, chalet & mobil-home en Occitanie","potentialAction":[{"@type":"SearchAction","target":{"@type":"EntryPoint","urlTemplate":"https:\/\/www.locansol.fr\/?s={search_term_string}"},"query-input":{"@type":"PropertyValueSpecification","valueRequired":true,"valueName":"search_term_string"}}],"inLanguage":"es"},{"@type":"Organization","@id":"https:\/\/www.locansol.fr\/#organization","name":"Location MobilHome & chalet dans les Pyr\u00e9n\u00e9es Orientales","alternateName":"Louer un h\u00e9bergement dans les Pyr\u00e9n\u00e9es Orientales en Occitanie","url":"https:\/\/www.locansol.fr\/","logo":{"@type":"ImageObject","inLanguage":"es","@id":"https:\/\/www.locansol.fr\/#\/schema\/logo\/image\/","url":"https:\/\/www.locansol.fr\/wp-content\/uploads\/2024\/04\/AdobeStock_303324767-scaled.jpeg","contentUrl":"https:\/\/www.locansol.fr\/wp-content\/uploads\/2024\/04\/AdobeStock_303324767-scaled.jpeg","width":2560,"height":1707,"caption":"Location MobilHome & chalet dans les Pyr\u00e9n\u00e9es Orientales"},"image":{"@id":"https:\/\/www.locansol.fr\/#\/schema\/logo\/image\/"}},{"@type":"Person","@id":"https:\/\/www.locansol.fr\/#\/schema\/person\/0b08d440f1ac44674c6d498107de351d","name":"H\u00e9bergements Locansol","image":{"@type":"ImageObject","inLanguage":"es","@id":"https:\/\/www.locansol.fr\/#\/schema\/person\/image\/","url":"https:\/\/secure.gravatar.com\/avatar\/444436b93284204f8116b6e0eb964cd3fcb811519c737232bde6dd5743c37ee5?s=96&d=mm&r=g","contentUrl":"https:\/\/secure.gravatar.com\/avatar\/444436b93284204f8116b6e0eb964cd3fcb811519c737232bde6dd5743c37ee5?s=96&d=mm&r=g","caption":"H\u00e9bergements Locansol"},"sameAs":["https:\/\/www.locansol.fr\/"],"url":"https:\/\/www.locansol.fr\/es\/author\/locansol\/"}]}},"_links":{"self":[{"href":"https:\/\/www.locansol.fr\/es\/wp-json\/wp\/v2\/posts\/4959","targetHints":{"allow":["GET"]}}],"collection":[{"href":"https:\/\/www.locansol.fr\/es\/wp-json\/wp\/v2\/posts"}],"about":[{"href":"https:\/\/www.locansol.fr\/es\/wp-json\/wp\/v2\/types\/post"}],"author":[{"embeddable":true,"href":"https:\/\/www.locansol.fr\/es\/wp-json\/wp\/v2\/users\/5"}],"replies":[{"embeddable":true,"href":"https:\/\/www.locansol.fr\/es\/wp-json\/wp\/v2\/comments?post=4959"}],"version-history":[{"count":1,"href":"https:\/\/www.locansol.fr\/es\/wp-json\/wp\/v2\/posts\/4959\/revisions"}],"predecessor-version":[{"id":4960,"href":"https:\/\/www.locansol.fr\/es\/wp-json\/wp\/v2\/posts\/4959\/revisions\/4960"}],"wp:featuredmedia":[{"embeddable":true,"href":"https:\/\/www.locansol.fr\/es\/wp-json\/wp\/v2\/media\/4958"}],"wp:attachment":[{"href":"https:\/\/www.locansol.fr\/es\/wp-json\/wp\/v2\/media?parent=4959"}],"wp:term":[{"taxonomy":"category","embeddable":true,"href":"https:\/\/www.locansol.fr\/es\/wp-json\/wp\/v2\/categories?post=4959"},{"taxonomy":"post_tag","embeddable":true,"href":"https:\/\/www.locansol.fr\/es\/wp-json\/wp\/v2\/tags?post=4959"}],"curies":[{"name":"wp","href":"https:\/\/api.w.org\/{rel}","templated":true}]}}