{"id":5034,"date":"2026-03-21T08:17:06","date_gmt":"2026-03-21T07:17:06","guid":{"rendered":"https:\/\/www.locansol.fr\/concert-celtique-rivesaltes-duo\/"},"modified":"2026-03-21T08:17:10","modified_gmt":"2026-03-21T07:17:10","slug":"concert-celtique-rivesaltes-duo","status":"publish","type":"post","link":"https:\/\/www.locansol.fr\/es\/concert-celtique-rivesaltes-duo\/","title":{"rendered":"Concert \u00e0 Rivesaltes le 21 mars : Week-end celtique avec le Duo Hylia"},"content":{"rendered":"<p>Le samedi 21 mars, \u00e0 18:00, le c\u0153ur de Rivesaltes vibrera au son des m\u00e9lodies celtiques, gr\u00e2ce \u00e0 un \u00e9v\u00e9nement exceptionnel : le concert du Duo Hylia. Ce week-end celtique, organis\u00e9 au 7 Rue de la R\u00e9publique, promet une immersion inoubliable dans l\u2019univers enchanteur de la musique celtique, entre tradition et modernit\u00e9.<\/p>\n<p>Le Duo Hylia rassemble les s\u0153urs Roxanne et Marie, des musiciennes passionn\u00e9es qui explorent les sons envo\u00fbtants de la culture celtique depuis leur plus jeune \u00e2ge. Inspir\u00e9es par les artistes embl\u00e9matiques du Festival Interceltique de Lorient, les deux s\u0153urs ont su insuffler leur propre sensibilit\u00e9 dans un r\u00e9pertoire qui m\u00eale airs traditionnels et cr\u00e9ations originales. Leurs compositions, initi\u00e9es d\u00e8s 2021, puisent \u00e0 la fois dans le folk, la musique classique et les richesses d\u00e9couvertes lors de leurs voyages en Irlande, berceau de leur inspiration.<\/p>\n<p>Le concert \u00e0 Rivesaltes est une opportunit\u00e9 unique de d\u00e9couvrir l\u2019univers du Duo Hylia avant la sortie de leur premier EP pr\u00e9vu pour 2026. Leur prestation promet une alchimie parfaite entre tradition et renouveau, offrant au public rivesaltais un moment musical authentique et envo\u00fbtant. Avec des arrangements soign\u00e9s, port\u00e9s par une ambiance chaleureuse, cet \u00e9v\u00e9nement s\u00e9duira autant les amateurs de musique celtique que les curieux en qu\u00eate de nouvelles d\u00e9couvertes artistiques.<\/p>\n<p>Si vous aimez les sonorit\u00e9s celtiques, les r\u00e9cits musicaux po\u00e9tiques et les exp\u00e9riences intimes, ce concert est fait pour vous ! Les billets, disponibles \u00e0 partir de 10 \u20ac, vous donneront acc\u00e8s \u00e0 un voyage musical enchanteur au c\u0153ur des l\u00e9gendes et des terreaux fertiles de la culture celtique.<\/p>\n<p>Venez nombreux profiter de ce week-end celtique \u00e0 Rivesaltes et laissez-vous emporter par la magie du Duo Hylia !<\/p>\n<h3>Informaci\u00f3n pr\u00e1ctica<\/h3>\n<p>\ud83d\udcc5 QUAND ? Samedi 21 mars \u00e0 18:00<br \/>\ud83d\udccd O\u00d9 ? 7 Rue de la R\u00e9publique, Rivesaltes<br \/>\ud83d\udcb6 COMBIEN ? Plein tarif \u00c0 partir de : 10,00 \u20ac<\/p>","protected":false},"excerpt":{"rendered":"<p>Vivez un week-end celtique unique \u00e0 Rivesaltes avec le Duo Hylia, le samedi 21 mars d\u00e8s 18:00. Une immersion musicale entre traditions et cr\u00e9ations !<\/p>","protected":false},"author":5,"featured_media":5033,"comment_status":"closed","ping_status":"open","sticky":false,"template":"","format":"standard","meta":{"_yoast_wpseo_focuskw":"Concert celtique Rivesaltes Duo","_yoast_wpseo_title":"Concert Week-end celtique Rivesaltes \u2013 Duo Hylia","_yoast_wpseo_metadesc":"Concert Week-end celtique Rivesaltes. D\u00e9couvrez une immersion unique dans la musique celtique avec le Duo Hylia. \u00c9v\u00e9nement incontournable dans les Pyr\u00e9n\u00e9es-Orientales.","_yoast_wpseo_canonical":"","_yoast_wpseo_opengraph-title":"Vivez la magie celtique \u00e0 Rivesaltes \u2014 Concert du Duo Hylia","_yoast_wpseo_opengraph-description":"Plongez dans l'univers envo\u00fbtant de la musique celtique avec le Duo Hylia \u00e0 Rivesaltes. Un voyage musical unique vous attend.","_yoast_wpseo_opengraph-image":"https:\/\/www.locansol.fr\/wp-content\/uploads\/2026\/03\/concert-celtique-rivesaltes-duo.webp","_yoast_wpseo_opengraph-image-id":"","_yoast_wpseo_twitter-title":"Concert celtique \u00e0 Rivesaltes avec le Duo Hylia","_yoast_wpseo_twitter-description":"D\u00e9couvrez la magie de la musique celtique avec le Duo Hylia \u00e0 Rivesaltes. Un \u00e9v\u00e9nement \u00e0 ne pas manquer pour les amateurs de sons envo\u00fbtants.","_yoast_wpseo_twitter-image":"https:\/\/www.locansol.fr\/wp-content\/uploads\/2026\/03\/concert-celtique-rivesaltes-duo.webp","_yoast_wpseo_twitter-image-id":"","yoast_primary_category":"Concert","footnotes":""},"categories":[45],"tags":[69,76],"class_list":["post-5034","post","type-post","status-publish","format-standard","has-post-thumbnail","hentry","category-festival","tag-musique","tag-pyrenees-orientales"],"yoast_head":"<!-- This site is optimized with the Yoast SEO Premium plugin v23.3 (Yoast SEO v26.9) - https:\/\/yoast.com\/product\/yoast-seo-premium-wordpress\/ -->\n<title>Concert Week-end celtique Rivesaltes \u2013 Duo Hylia<\/title>\n<meta name=\"description\" content=\"Concert Week-end celtique Rivesaltes. D\u00e9couvrez une immersion unique dans la musique celtique avec le Duo Hylia. \u00c9v\u00e9nement incontournable dans les Pyr\u00e9n\u00e9es-Orientales.\" \/>\n<meta name=\"robots\" content=\"index, follow, max-snippet:-1, max-image-preview:large, max-video-preview:-1\" \/>\n<link rel=\"canonical\" href=\"https:\/\/www.locansol.fr\/es\/concert-celtique-rivesaltes-duo\/\" \/>\n<meta property=\"og:locale\" content=\"es_ES\" \/>\n<meta property=\"og:type\" content=\"article\" \/>\n<meta property=\"og:title\" content=\"Vivez la magie celtique \u00e0 Rivesaltes \u2014 Concert du Duo Hylia\" \/>\n<meta property=\"og:description\" content=\"Plongez dans l&#039;univers envo\u00fbtant de la musique celtique avec le Duo Hylia \u00e0 Rivesaltes. Un voyage musical unique vous attend.\" \/>\n<meta property=\"og:url\" content=\"https:\/\/www.locansol.fr\/es\/concert-celtique-rivesaltes-duo\/\" \/>\n<meta property=\"og:site_name\" content=\"Locansol, louer un h\u00e9bergement dans les Pyr\u00e9n\u00e9es Orientales\" \/>\n<meta property=\"article:published_time\" content=\"2026-03-21T07:17:06+00:00\" \/>\n<meta property=\"article:modified_time\" content=\"2026-03-21T07:17:10+00:00\" \/>\n<meta property=\"og:image\" content=\"https:\/\/www.locansol.fr\/wp-content\/uploads\/2026\/03\/concert-celtique-rivesaltes-duo.webp\" \/>\n<meta name=\"author\" content=\"H\u00e9bergements Locansol\" \/>\n<meta name=\"twitter:card\" content=\"summary_large_image\" \/>\n<meta name=\"twitter:title\" content=\"Concert celtique \u00e0 Rivesaltes avec le Duo Hylia\" \/>\n<meta name=\"twitter:description\" content=\"D\u00e9couvrez la magie de la musique celtique avec le Duo Hylia \u00e0 Rivesaltes. Un \u00e9v\u00e9nement \u00e0 ne pas manquer pour les amateurs de sons envo\u00fbtants.\" \/>\n<meta name=\"twitter:image\" content=\"https:\/\/www.locansol.fr\/wp-content\/uploads\/2026\/03\/concert-celtique-rivesaltes-duo.webp\" \/>\n<meta name=\"twitter:label1\" content=\"Escrito por\" \/>\n\t<meta name=\"twitter:data1\" content=\"H\u00e9bergements Locansol\" \/>\n\t<meta name=\"twitter:label2\" content=\"Tiempo de lectura\" \/>\n\t<meta name=\"twitter:data2\" content=\"2 minutos\" \/>\n<script type=\"application\/ld+json\" class=\"yoast-schema-graph\">{\"@context\":\"https:\/\/schema.org\",\"@graph\":[{\"@type\":\"Article\",\"@id\":\"https:\/\/www.locansol.fr\/concert-celtique-rivesaltes-duo\/#article\",\"isPartOf\":{\"@id\":\"https:\/\/www.locansol.fr\/concert-celtique-rivesaltes-duo\/\"},\"author\":{\"name\":\"H\u00e9bergements Locansol\",\"@id\":\"https:\/\/www.locansol.fr\/#\/schema\/person\/0b08d440f1ac44674c6d498107de351d\"},\"headline\":\"Concert \u00e0 Rivesaltes le 21 mars : Week-end celtique avec le Duo Hylia\",\"datePublished\":\"2026-03-21T07:17:06+00:00\",\"dateModified\":\"2026-03-21T07:17:10+00:00\",\"mainEntityOfPage\":{\"@id\":\"https:\/\/www.locansol.fr\/concert-celtique-rivesaltes-duo\/\"},\"wordCount\":320,\"publisher\":{\"@id\":\"https:\/\/www.locansol.fr\/#organization\"},\"image\":{\"@id\":\"https:\/\/www.locansol.fr\/concert-celtique-rivesaltes-duo\/#primaryimage\"},\"thumbnailUrl\":\"https:\/\/www.locansol.fr\/wp-content\/uploads\/2026\/03\/concert-celtique-rivesaltes-duo.webp\",\"keywords\":[\"Musique\",\"Pyr\u00e9n\u00e9es-Orientales\"],\"articleSection\":[\"Festival\"],\"inLanguage\":\"es\"},{\"@type\":\"WebPage\",\"@id\":\"https:\/\/www.locansol.fr\/concert-celtique-rivesaltes-duo\/\",\"url\":\"https:\/\/www.locansol.fr\/concert-celtique-rivesaltes-duo\/\",\"name\":\"Concert Week-end celtique Rivesaltes \u2013 Duo Hylia\",\"isPartOf\":{\"@id\":\"https:\/\/www.locansol.fr\/#website\"},\"primaryImageOfPage\":{\"@id\":\"https:\/\/www.locansol.fr\/concert-celtique-rivesaltes-duo\/#primaryimage\"},\"image\":{\"@id\":\"https:\/\/www.locansol.fr\/concert-celtique-rivesaltes-duo\/#primaryimage\"},\"thumbnailUrl\":\"https:\/\/www.locansol.fr\/wp-content\/uploads\/2026\/03\/concert-celtique-rivesaltes-duo.webp\",\"datePublished\":\"2026-03-21T07:17:06+00:00\",\"dateModified\":\"2026-03-21T07:17:10+00:00\",\"description\":\"Concert Week-end celtique Rivesaltes. D\u00e9couvrez une immersion unique dans la musique celtique avec le Duo Hylia. \u00c9v\u00e9nement incontournable dans les Pyr\u00e9n\u00e9es-Orientales.\",\"breadcrumb\":{\"@id\":\"https:\/\/www.locansol.fr\/concert-celtique-rivesaltes-duo\/#breadcrumb\"},\"inLanguage\":\"es\",\"potentialAction\":[{\"@type\":\"ReadAction\",\"target\":[\"https:\/\/www.locansol.fr\/concert-celtique-rivesaltes-duo\/\"]}]},{\"@type\":\"ImageObject\",\"inLanguage\":\"es\",\"@id\":\"https:\/\/www.locansol.fr\/concert-celtique-rivesaltes-duo\/#primaryimage\",\"url\":\"https:\/\/www.locansol.fr\/wp-content\/uploads\/2026\/03\/concert-celtique-rivesaltes-duo.webp\",\"contentUrl\":\"https:\/\/www.locansol.fr\/wp-content\/uploads\/2026\/03\/concert-celtique-rivesaltes-duo.webp\",\"width\":1024,\"height\":768,\"caption\":\"Concert Week-end celtique Rivesaltes \u2013 Duo Hylia\"},{\"@type\":\"BreadcrumbList\",\"@id\":\"https:\/\/www.locansol.fr\/concert-celtique-rivesaltes-duo\/#breadcrumb\",\"itemListElement\":[{\"@type\":\"ListItem\",\"position\":1,\"name\":\"Accueil\",\"item\":\"https:\/\/www.locansol.fr\/\"},{\"@type\":\"ListItem\",\"position\":2,\"name\":\"Concert \u00e0 Rivesaltes le 21 mars : Week-end celtique avec le Duo Hylia\"}]},{\"@type\":\"WebSite\",\"@id\":\"https:\/\/www.locansol.fr\/#website\",\"url\":\"https:\/\/www.locansol.fr\/\",\"name\":\"Locansol, louer un h\u00e9bergement dans les Pyr\u00e9n\u00e9es-Orientales\",\"description\":\"Location Mobil-home Mer M\u00e9diterran\u00e9e &amp; Chalet de Montagne dans les Pyr\u00e9n\u00e9es Orientales (Occitanie, 66). Weekend, s\u00e9jour &amp; vacances en famille et entre amis.\",\"publisher\":{\"@id\":\"https:\/\/www.locansol.fr\/#organization\"},\"alternateName\":\"Louer un h\u00e9bergement dans les Pyr\u00e9n\u00e9es Orientales, chalet & mobil-home en Occitanie\",\"potentialAction\":[{\"@type\":\"SearchAction\",\"target\":{\"@type\":\"EntryPoint\",\"urlTemplate\":\"https:\/\/www.locansol.fr\/?s={search_term_string}\"},\"query-input\":{\"@type\":\"PropertyValueSpecification\",\"valueRequired\":true,\"valueName\":\"search_term_string\"}}],\"inLanguage\":\"es\"},{\"@type\":\"Organization\",\"@id\":\"https:\/\/www.locansol.fr\/#organization\",\"name\":\"Location MobilHome & chalet dans les Pyr\u00e9n\u00e9es Orientales\",\"alternateName\":\"Louer un h\u00e9bergement dans les Pyr\u00e9n\u00e9es Orientales en Occitanie\",\"url\":\"https:\/\/www.locansol.fr\/\",\"logo\":{\"@type\":\"ImageObject\",\"inLanguage\":\"es\",\"@id\":\"https:\/\/www.locansol.fr\/#\/schema\/logo\/image\/\",\"url\":\"https:\/\/www.locansol.fr\/wp-content\/uploads\/2024\/04\/AdobeStock_303324767-scaled.jpeg\",\"contentUrl\":\"https:\/\/www.locansol.fr\/wp-content\/uploads\/2024\/04\/AdobeStock_303324767-scaled.jpeg\",\"width\":2560,\"height\":1707,\"caption\":\"Location MobilHome & chalet dans les Pyr\u00e9n\u00e9es Orientales\"},\"image\":{\"@id\":\"https:\/\/www.locansol.fr\/#\/schema\/logo\/image\/\"}},{\"@type\":\"Person\",\"@id\":\"https:\/\/www.locansol.fr\/#\/schema\/person\/0b08d440f1ac44674c6d498107de351d\",\"name\":\"H\u00e9bergements Locansol\",\"image\":{\"@type\":\"ImageObject\",\"inLanguage\":\"es\",\"@id\":\"https:\/\/www.locansol.fr\/#\/schema\/person\/image\/\",\"url\":\"https:\/\/secure.gravatar.com\/avatar\/444436b93284204f8116b6e0eb964cd3fcb811519c737232bde6dd5743c37ee5?s=96&d=mm&r=g\",\"contentUrl\":\"https:\/\/secure.gravatar.com\/avatar\/444436b93284204f8116b6e0eb964cd3fcb811519c737232bde6dd5743c37ee5?s=96&d=mm&r=g\",\"caption\":\"H\u00e9bergements Locansol\"},\"sameAs\":[\"https:\/\/www.locansol.fr\/\"],\"url\":\"https:\/\/www.locansol.fr\/es\/author\/locansol\/\"}]}<\/script>\n<!-- \/ Yoast SEO Premium plugin. -->","yoast_head_json":{"title":"Concert Week-end celtique Rivesaltes \u2013 Duo Hylia","description":"Concert Week-end celtique Rivesaltes. D\u00e9couvrez une immersion unique dans la musique celtique avec le Duo Hylia. \u00c9v\u00e9nement incontournable dans les Pyr\u00e9n\u00e9es-Orientales.","robots":{"index":"index","follow":"follow","max-snippet":"max-snippet:-1","max-image-preview":"max-image-preview:large","max-video-preview":"max-video-preview:-1"},"canonical":"https:\/\/www.locansol.fr\/es\/concert-celtique-rivesaltes-duo\/","og_locale":"es_ES","og_type":"article","og_title":"Vivez la magie celtique \u00e0 Rivesaltes \u2014 Concert du Duo Hylia","og_description":"Plongez dans l'univers envo\u00fbtant de la musique celtique avec le Duo Hylia \u00e0 Rivesaltes. Un voyage musical unique vous attend.","og_url":"https:\/\/www.locansol.fr\/es\/concert-celtique-rivesaltes-duo\/","og_site_name":"Locansol, louer un h\u00e9bergement dans les Pyr\u00e9n\u00e9es Orientales","article_published_time":"2026-03-21T07:17:06+00:00","article_modified_time":"2026-03-21T07:17:10+00:00","og_image":[{"url":"https:\/\/www.locansol.fr\/wp-content\/uploads\/2026\/03\/concert-celtique-rivesaltes-duo.webp","type":"","width":"","height":""}],"author":"H\u00e9bergements Locansol","twitter_card":"summary_large_image","twitter_title":"Concert celtique \u00e0 Rivesaltes avec le Duo Hylia","twitter_description":"D\u00e9couvrez la magie de la musique celtique avec le Duo Hylia \u00e0 Rivesaltes. Un \u00e9v\u00e9nement \u00e0 ne pas manquer pour les amateurs de sons envo\u00fbtants.","twitter_image":"https:\/\/www.locansol.fr\/wp-content\/uploads\/2026\/03\/concert-celtique-rivesaltes-duo.webp","twitter_misc":{"Escrito por":"H\u00e9bergements Locansol","Tiempo de lectura":"2 minutos"},"schema":{"@context":"https:\/\/schema.org","@graph":[{"@type":"Article","@id":"https:\/\/www.locansol.fr\/concert-celtique-rivesaltes-duo\/#article","isPartOf":{"@id":"https:\/\/www.locansol.fr\/concert-celtique-rivesaltes-duo\/"},"author":{"name":"H\u00e9bergements Locansol","@id":"https:\/\/www.locansol.fr\/#\/schema\/person\/0b08d440f1ac44674c6d498107de351d"},"headline":"Concert \u00e0 Rivesaltes le 21 mars : Week-end celtique avec le Duo Hylia","datePublished":"2026-03-21T07:17:06+00:00","dateModified":"2026-03-21T07:17:10+00:00","mainEntityOfPage":{"@id":"https:\/\/www.locansol.fr\/concert-celtique-rivesaltes-duo\/"},"wordCount":320,"publisher":{"@id":"https:\/\/www.locansol.fr\/#organization"},"image":{"@id":"https:\/\/www.locansol.fr\/concert-celtique-rivesaltes-duo\/#primaryimage"},"thumbnailUrl":"https:\/\/www.locansol.fr\/wp-content\/uploads\/2026\/03\/concert-celtique-rivesaltes-duo.webp","keywords":["Musique","Pyr\u00e9n\u00e9es-Orientales"],"articleSection":["Festival"],"inLanguage":"es"},{"@type":"WebPage","@id":"https:\/\/www.locansol.fr\/concert-celtique-rivesaltes-duo\/","url":"https:\/\/www.locansol.fr\/concert-celtique-rivesaltes-duo\/","name":"Concert Week-end celtique Rivesaltes \u2013 Duo Hylia","isPartOf":{"@id":"https:\/\/www.locansol.fr\/#website"},"primaryImageOfPage":{"@id":"https:\/\/www.locansol.fr\/concert-celtique-rivesaltes-duo\/#primaryimage"},"image":{"@id":"https:\/\/www.locansol.fr\/concert-celtique-rivesaltes-duo\/#primaryimage"},"thumbnailUrl":"https:\/\/www.locansol.fr\/wp-content\/uploads\/2026\/03\/concert-celtique-rivesaltes-duo.webp","datePublished":"2026-03-21T07:17:06+00:00","dateModified":"2026-03-21T07:17:10+00:00","description":"Concert Week-end celtique Rivesaltes. D\u00e9couvrez une immersion unique dans la musique celtique avec le Duo Hylia. \u00c9v\u00e9nement incontournable dans les Pyr\u00e9n\u00e9es-Orientales.","breadcrumb":{"@id":"https:\/\/www.locansol.fr\/concert-celtique-rivesaltes-duo\/#breadcrumb"},"inLanguage":"es","potentialAction":[{"@type":"ReadAction","target":["https:\/\/www.locansol.fr\/concert-celtique-rivesaltes-duo\/"]}]},{"@type":"ImageObject","inLanguage":"es","@id":"https:\/\/www.locansol.fr\/concert-celtique-rivesaltes-duo\/#primaryimage","url":"https:\/\/www.locansol.fr\/wp-content\/uploads\/2026\/03\/concert-celtique-rivesaltes-duo.webp","contentUrl":"https:\/\/www.locansol.fr\/wp-content\/uploads\/2026\/03\/concert-celtique-rivesaltes-duo.webp","width":1024,"height":768,"caption":"Concert Week-end celtique Rivesaltes \u2013 Duo Hylia"},{"@type":"BreadcrumbList","@id":"https:\/\/www.locansol.fr\/concert-celtique-rivesaltes-duo\/#breadcrumb","itemListElement":[{"@type":"ListItem","position":1,"name":"Accueil","item":"https:\/\/www.locansol.fr\/"},{"@type":"ListItem","position":2,"name":"Concert \u00e0 Rivesaltes le 21 mars : Week-end celtique avec le Duo Hylia"}]},{"@type":"WebSite","@id":"https:\/\/www.locansol.fr\/#website","url":"https:\/\/www.locansol.fr\/","name":"Locansol, louer un h\u00e9bergement dans les Pyr\u00e9n\u00e9es-Orientales","description":"Location Mobil-home Mer M\u00e9diterran\u00e9e &amp; Chalet de Montagne dans les Pyr\u00e9n\u00e9es Orientales (Occitanie, 66). Weekend, s\u00e9jour &amp; vacances en famille et entre amis.","publisher":{"@id":"https:\/\/www.locansol.fr\/#organization"},"alternateName":"Louer un h\u00e9bergement dans les Pyr\u00e9n\u00e9es Orientales, chalet & mobil-home en Occitanie","potentialAction":[{"@type":"SearchAction","target":{"@type":"EntryPoint","urlTemplate":"https:\/\/www.locansol.fr\/?s={search_term_string}"},"query-input":{"@type":"PropertyValueSpecification","valueRequired":true,"valueName":"search_term_string"}}],"inLanguage":"es"},{"@type":"Organization","@id":"https:\/\/www.locansol.fr\/#organization","name":"Location MobilHome & chalet dans les Pyr\u00e9n\u00e9es Orientales","alternateName":"Louer un h\u00e9bergement dans les Pyr\u00e9n\u00e9es Orientales en Occitanie","url":"https:\/\/www.locansol.fr\/","logo":{"@type":"ImageObject","inLanguage":"es","@id":"https:\/\/www.locansol.fr\/#\/schema\/logo\/image\/","url":"https:\/\/www.locansol.fr\/wp-content\/uploads\/2024\/04\/AdobeStock_303324767-scaled.jpeg","contentUrl":"https:\/\/www.locansol.fr\/wp-content\/uploads\/2024\/04\/AdobeStock_303324767-scaled.jpeg","width":2560,"height":1707,"caption":"Location MobilHome & chalet dans les Pyr\u00e9n\u00e9es Orientales"},"image":{"@id":"https:\/\/www.locansol.fr\/#\/schema\/logo\/image\/"}},{"@type":"Person","@id":"https:\/\/www.locansol.fr\/#\/schema\/person\/0b08d440f1ac44674c6d498107de351d","name":"H\u00e9bergements Locansol","image":{"@type":"ImageObject","inLanguage":"es","@id":"https:\/\/www.locansol.fr\/#\/schema\/person\/image\/","url":"https:\/\/secure.gravatar.com\/avatar\/444436b93284204f8116b6e0eb964cd3fcb811519c737232bde6dd5743c37ee5?s=96&d=mm&r=g","contentUrl":"https:\/\/secure.gravatar.com\/avatar\/444436b93284204f8116b6e0eb964cd3fcb811519c737232bde6dd5743c37ee5?s=96&d=mm&r=g","caption":"H\u00e9bergements Locansol"},"sameAs":["https:\/\/www.locansol.fr\/"],"url":"https:\/\/www.locansol.fr\/es\/author\/locansol\/"}]}},"_links":{"self":[{"href":"https:\/\/www.locansol.fr\/es\/wp-json\/wp\/v2\/posts\/5034","targetHints":{"allow":["GET"]}}],"collection":[{"href":"https:\/\/www.locansol.fr\/es\/wp-json\/wp\/v2\/posts"}],"about":[{"href":"https:\/\/www.locansol.fr\/es\/wp-json\/wp\/v2\/types\/post"}],"author":[{"embeddable":true,"href":"https:\/\/www.locansol.fr\/es\/wp-json\/wp\/v2\/users\/5"}],"replies":[{"embeddable":true,"href":"https:\/\/www.locansol.fr\/es\/wp-json\/wp\/v2\/comments?post=5034"}],"version-history":[{"count":1,"href":"https:\/\/www.locansol.fr\/es\/wp-json\/wp\/v2\/posts\/5034\/revisions"}],"predecessor-version":[{"id":5035,"href":"https:\/\/www.locansol.fr\/es\/wp-json\/wp\/v2\/posts\/5034\/revisions\/5035"}],"wp:featuredmedia":[{"embeddable":true,"href":"https:\/\/www.locansol.fr\/es\/wp-json\/wp\/v2\/media\/5033"}],"wp:attachment":[{"href":"https:\/\/www.locansol.fr\/es\/wp-json\/wp\/v2\/media?parent=5034"}],"wp:term":[{"taxonomy":"category","embeddable":true,"href":"https:\/\/www.locansol.fr\/es\/wp-json\/wp\/v2\/categories?post=5034"},{"taxonomy":"post_tag","embeddable":true,"href":"https:\/\/www.locansol.fr\/es\/wp-json\/wp\/v2\/tags?post=5034"}],"curies":[{"name":"wp","href":"https:\/\/api.w.org\/{rel}","templated":true}]}}