{"id":5059,"date":"2026-03-21T16:17:40","date_gmt":"2026-03-21T15:17:40","guid":{"rendered":"https:\/\/www.locansol.fr\/rapaces-nohedes-balade-nature\/"},"modified":"2026-03-21T16:17:43","modified_gmt":"2026-03-21T15:17:43","slug":"rapaces-nohedes-balade-nature","status":"publish","type":"post","link":"https:\/\/www.locansol.fr\/es\/rapaces-nohedes-balade-nature\/","title":{"rendered":"D\u00e9couvrez les rapaces de Noh\u00e8des le 21 mars avec une balade conviviale"},"content":{"rendered":"<p>Le samedi 21 mars \u00e0 13h30, la r\u00e9serve naturelle de Noh\u00e8des vous convie \u00e0 une exp\u00e9rience extraordinaire au plus pr\u00e8s de la nature : \u00ab Go\u00fbter Gypa\u00e8te et Rapaces \u00bb. Nich\u00e9e au c\u0153ur des Pyr\u00e9n\u00e9es-Orientales, cette r\u00e9serve est un v\u00e9ritable refuge pour de nombreuses esp\u00e8ces animales et v\u00e9g\u00e9tales. Cet \u00e9v\u00e9nement unique vous offre une chance rare d&rsquo;observer des rapaces embl\u00e9matiques dans leur milieu naturel et de vous immerger dans l&rsquo;exceptionnelle biodiversit\u00e9 de la r\u00e9gion.<\/p>\n<p>Lors de cette balade, vous partirez \u00e0 la d\u00e9couverte des ma\u00eetres des cieux de la vall\u00e9e de Noh\u00e8des. Avec les falaises orang\u00e9es du Coronat pour d\u00e9cor majestueux, vous aurez l&rsquo;opportunit\u00e9 d&rsquo;observer l&rsquo;aigle royal, le faucon p\u00e8lerin et le vautour fauve. Mais le v\u00e9ritable invit\u00e9 d&rsquo;honneur de la journ\u00e9e est le gypa\u00e8te barbu. V\u00e9ritable g\u00e9ant des airs avec une envergure impressionnante de 2,80 m\u00e8tres, ce rapace, aussi spectaculaire qu\u2019essentiel \u00e0 l&rsquo;\u00e9cosyst\u00e8me, se distingue par son r\u00e9gime alimentaire insolite : il se nourrit principalement d&rsquo;os. Vivre ce moment d\u2019observation dans l\u2019un des sanctuaires les plus pr\u00e9serv\u00e9s de la r\u00e9gion constitue une occasion \u00e0 ne pas manquer.<\/p>\n<p>Toute la richesse de cet \u00e9cosyst\u00e8me sera d\u00e9voil\u00e9e \u00e0 travers les explications passionnantes des guides naturalistes de la r\u00e9serve. Vous apprendrez les comportements \u00e9tonnants de ces oiseaux, des techniques de vol aux rituels de chasse. Une fa\u00e7on passionnante d&rsquo;aborder la place de ces esp\u00e8ces dans le fragile \u00e9quilibre de la biodiversit\u00e9 locale et dans le patrimoine vivant des Pyr\u00e9n\u00e9es-Orientales.<\/p>\n<p>Pour couronner cette aventure au grand air, un go\u00fbter convivial sera offert \u00e0 tous les participants. Ce moment d&rsquo;\u00e9change permettra de partager vos impressions et d\u2019en apprendre davantage sur les actions de pr\u00e9servation men\u00e9es par l&rsquo;\u00e9quipe de la r\u00e9serve. En outre, si vous souhaitez poursuivre votre engagement pour la protection de la nature, vous aurez l&rsquo;occasion de vous renseigner sur les activit\u00e9s de l&rsquo;association qui g\u00e8re cet espace prot\u00e9g\u00e9 et, pourquoi pas, d&rsquo;y participer activement.<\/p>\n<p>N\u2019oubliez pas de r\u00e9server votre place pour cet \u00e9v\u00e9nement compl\u00e8tement gratuit. Seul ou en famille, cette sortie est accessible \u00e0 tous, passionn\u00e9s de nature ou simples curieux, et promet des souvenirs imp\u00e9rissables. Alors, chaussez vos chaussures de marche, emportez vos jumelles, et pr\u00e9parez-vous \u00e0 une immersion au c\u0153ur des cieux pyr\u00e9n\u00e9ens.<\/p>\n<p>Ne ratez pas cette chance de vous reconnecter \u00e0 l\u2019essence m\u00eame de la nature et de contribuer \u00e0 la pr\u00e9servation de tr\u00e9sors vivants uniques dans le cadre enchanteur de la r\u00e9serve de Noh\u00e8des. L&rsquo;appel du gypa\u00e8te ne laisse personne indiff\u00e9rent \u2013 serez-vous au rendez-vous ?<\/p>\n<h3>Informaci\u00f3n pr\u00e1ctica<\/h3>\n<p>\ud83d\udcc5 QUAND ? Samedi 21 mars \u00e0 13:30<br \/>\ud83d\udccd O\u00d9 ? R\u00e9serve naturelle, Noh\u00e8des<br \/>\ud83d\udcb6 COMBIEN ? Entr\u00e9e gratuite<\/p>","protected":false},"excerpt":{"rendered":"<p>Partez \u00e0 la rencontre des rapaces majestueux de la r\u00e9serve naturelle de Noh\u00e8des le samedi 21 mars \u00e0 13h30. Une balade magique pour petits et grands dans un lieu d\u2019exception, suivi d\u2019un go\u00fbter convivial. Entr\u00e9e gratuite et sur r\u00e9servation.<\/p>","protected":false},"author":5,"featured_media":5058,"comment_status":"closed","ping_status":"open","sticky":false,"template":"","format":"standard","meta":{"_yoast_wpseo_focuskw":"rapaces Noh\u00e8des balade nature","_yoast_wpseo_title":"Go\u00fbter Gypa\u00e8te et Rapaces Noh\u00e8des : balade nature","_yoast_wpseo_metadesc":"Go\u00fbter Gypa\u00e8te et Rapaces Noh\u00e8des : observez des rapaces embl\u00e9matiques dans les Pyr\u00e9n\u00e9es-Orientales. Une balade conviviale avec des guides naturalistes et un go\u00fbter offert.","_yoast_wpseo_canonical":"","_yoast_wpseo_opengraph-title":"\u00c9merveillement garanti : observez les rapaces de Noh\u00e8des lors d'une balade nature avec go\u00fbter convivial","_yoast_wpseo_opengraph-description":"Imaginez-vous au c\u0153ur des falaises orang\u00e9es de Noh\u00e8des, observant des rapaces majestueux comme le gypa\u00e8te barbu. Une balade nature avec go\u00fbter convivial vous attend.","_yoast_wpseo_opengraph-image":"https:\/\/www.locansol.fr\/wp-content\/uploads\/2026\/03\/rapaces-nohedes-balade-nature.webp","_yoast_wpseo_opengraph-image-id":"","_yoast_wpseo_twitter-title":"Observez les rapaces de Noh\u00e8des le 21 mars lors d'une balade nature","_yoast_wpseo_twitter-description":"Une balade nature pour observer des rapaces embl\u00e9matiques et partager un go\u00fbter convivial. Ne manquez pas cette exp\u00e9rience unique \u00e0 Noh\u00e8des !","_yoast_wpseo_twitter-image":"https:\/\/www.locansol.fr\/wp-content\/uploads\/2026\/03\/rapaces-nohedes-balade-nature.webp","_yoast_wpseo_twitter-image-id":"","yoast_primary_category":"Randonn\u00e9e","footnotes":""},"categories":[29],"tags":[70,76],"class_list":["post-5059","post","type-post","status-publish","format-standard","has-post-thumbnail","hentry","category-agenda-pyrenees-orientales","tag-nature","tag-pyrenees-orientales"],"yoast_head":"<!-- This site is optimized with the Yoast SEO Premium plugin v23.3 (Yoast SEO v26.9) - https:\/\/yoast.com\/product\/yoast-seo-premium-wordpress\/ -->\n<title>Go\u00fbter Gypa\u00e8te et Rapaces Noh\u00e8des : balade nature<\/title>\n<meta name=\"description\" content=\"Go\u00fbter Gypa\u00e8te et Rapaces Noh\u00e8des : observez des rapaces embl\u00e9matiques dans les Pyr\u00e9n\u00e9es-Orientales. Une balade conviviale avec des guides naturalistes et un go\u00fbter offert.\" \/>\n<meta name=\"robots\" content=\"index, follow, max-snippet:-1, max-image-preview:large, max-video-preview:-1\" \/>\n<link rel=\"canonical\" href=\"https:\/\/www.locansol.fr\/es\/rapaces-nohedes-balade-nature\/\" \/>\n<meta property=\"og:locale\" content=\"es_ES\" \/>\n<meta property=\"og:type\" content=\"article\" \/>\n<meta property=\"og:title\" content=\"\u00c9merveillement garanti : observez les rapaces de Noh\u00e8des lors d&#039;une balade nature avec go\u00fbter convivial\" \/>\n<meta property=\"og:description\" content=\"Imaginez-vous au c\u0153ur des falaises orang\u00e9es de Noh\u00e8des, observant des rapaces majestueux comme le gypa\u00e8te barbu. Une balade nature avec go\u00fbter convivial vous attend.\" \/>\n<meta property=\"og:url\" content=\"https:\/\/www.locansol.fr\/es\/rapaces-nohedes-balade-nature\/\" \/>\n<meta property=\"og:site_name\" content=\"Locansol, louer un h\u00e9bergement dans les Pyr\u00e9n\u00e9es Orientales\" \/>\n<meta property=\"article:published_time\" content=\"2026-03-21T15:17:40+00:00\" \/>\n<meta property=\"article:modified_time\" content=\"2026-03-21T15:17:43+00:00\" \/>\n<meta property=\"og:image\" content=\"https:\/\/www.locansol.fr\/wp-content\/uploads\/2026\/03\/rapaces-nohedes-balade-nature.webp\" \/>\n<meta name=\"author\" content=\"H\u00e9bergements Locansol\" \/>\n<meta name=\"twitter:card\" content=\"summary_large_image\" \/>\n<meta name=\"twitter:title\" content=\"Observez les rapaces de Noh\u00e8des le 21 mars lors d&#039;une balade nature\" \/>\n<meta name=\"twitter:description\" content=\"Une balade nature pour observer des rapaces embl\u00e9matiques et partager un go\u00fbter convivial. Ne manquez pas cette exp\u00e9rience unique \u00e0 Noh\u00e8des !\" \/>\n<meta name=\"twitter:image\" content=\"https:\/\/www.locansol.fr\/wp-content\/uploads\/2026\/03\/rapaces-nohedes-balade-nature.webp\" \/>\n<meta name=\"twitter:label1\" content=\"Escrito por\" \/>\n\t<meta name=\"twitter:data1\" content=\"H\u00e9bergements Locansol\" \/>\n\t<meta name=\"twitter:label2\" content=\"Tiempo de lectura\" \/>\n\t<meta name=\"twitter:data2\" content=\"2 minutos\" \/>\n<script type=\"application\/ld+json\" class=\"yoast-schema-graph\">{\"@context\":\"https:\/\/schema.org\",\"@graph\":[{\"@type\":\"Article\",\"@id\":\"https:\/\/www.locansol.fr\/rapaces-nohedes-balade-nature\/#article\",\"isPartOf\":{\"@id\":\"https:\/\/www.locansol.fr\/rapaces-nohedes-balade-nature\/\"},\"author\":{\"name\":\"H\u00e9bergements Locansol\",\"@id\":\"https:\/\/www.locansol.fr\/#\/schema\/person\/0b08d440f1ac44674c6d498107de351d\"},\"headline\":\"D\u00e9couvrez les rapaces de Noh\u00e8des le 21 mars avec une balade conviviale\",\"datePublished\":\"2026-03-21T15:17:40+00:00\",\"dateModified\":\"2026-03-21T15:17:43+00:00\",\"mainEntityOfPage\":{\"@id\":\"https:\/\/www.locansol.fr\/rapaces-nohedes-balade-nature\/\"},\"wordCount\":505,\"publisher\":{\"@id\":\"https:\/\/www.locansol.fr\/#organization\"},\"image\":{\"@id\":\"https:\/\/www.locansol.fr\/rapaces-nohedes-balade-nature\/#primaryimage\"},\"thumbnailUrl\":\"https:\/\/www.locansol.fr\/wp-content\/uploads\/2026\/03\/rapaces-nohedes-balade-nature.webp\",\"keywords\":[\"Nature\",\"Pyr\u00e9n\u00e9es-Orientales\"],\"articleSection\":[\"Agenda\"],\"inLanguage\":\"es\"},{\"@type\":\"WebPage\",\"@id\":\"https:\/\/www.locansol.fr\/rapaces-nohedes-balade-nature\/\",\"url\":\"https:\/\/www.locansol.fr\/rapaces-nohedes-balade-nature\/\",\"name\":\"Go\u00fbter Gypa\u00e8te et Rapaces Noh\u00e8des : balade nature\",\"isPartOf\":{\"@id\":\"https:\/\/www.locansol.fr\/#website\"},\"primaryImageOfPage\":{\"@id\":\"https:\/\/www.locansol.fr\/rapaces-nohedes-balade-nature\/#primaryimage\"},\"image\":{\"@id\":\"https:\/\/www.locansol.fr\/rapaces-nohedes-balade-nature\/#primaryimage\"},\"thumbnailUrl\":\"https:\/\/www.locansol.fr\/wp-content\/uploads\/2026\/03\/rapaces-nohedes-balade-nature.webp\",\"datePublished\":\"2026-03-21T15:17:40+00:00\",\"dateModified\":\"2026-03-21T15:17:43+00:00\",\"description\":\"Go\u00fbter Gypa\u00e8te et Rapaces Noh\u00e8des : observez des rapaces embl\u00e9matiques dans les Pyr\u00e9n\u00e9es-Orientales. Une balade conviviale avec des guides naturalistes et un go\u00fbter offert.\",\"breadcrumb\":{\"@id\":\"https:\/\/www.locansol.fr\/rapaces-nohedes-balade-nature\/#breadcrumb\"},\"inLanguage\":\"es\",\"potentialAction\":[{\"@type\":\"ReadAction\",\"target\":[\"https:\/\/www.locansol.fr\/rapaces-nohedes-balade-nature\/\"]}]},{\"@type\":\"ImageObject\",\"inLanguage\":\"es\",\"@id\":\"https:\/\/www.locansol.fr\/rapaces-nohedes-balade-nature\/#primaryimage\",\"url\":\"https:\/\/www.locansol.fr\/wp-content\/uploads\/2026\/03\/rapaces-nohedes-balade-nature.webp\",\"contentUrl\":\"https:\/\/www.locansol.fr\/wp-content\/uploads\/2026\/03\/rapaces-nohedes-balade-nature.webp\",\"width\":552,\"height\":787,\"caption\":\"Go\u00fbter Gypa\u00e8te et Rapaces Noh\u00e8des : balade nature\"},{\"@type\":\"BreadcrumbList\",\"@id\":\"https:\/\/www.locansol.fr\/rapaces-nohedes-balade-nature\/#breadcrumb\",\"itemListElement\":[{\"@type\":\"ListItem\",\"position\":1,\"name\":\"Accueil\",\"item\":\"https:\/\/www.locansol.fr\/\"},{\"@type\":\"ListItem\",\"position\":2,\"name\":\"D\u00e9couvrez les rapaces de Noh\u00e8des le 21 mars avec une balade conviviale\"}]},{\"@type\":\"WebSite\",\"@id\":\"https:\/\/www.locansol.fr\/#website\",\"url\":\"https:\/\/www.locansol.fr\/\",\"name\":\"Locansol, louer un h\u00e9bergement dans les Pyr\u00e9n\u00e9es-Orientales\",\"description\":\"Location Mobil-home Mer M\u00e9diterran\u00e9e &amp; Chalet de Montagne dans les Pyr\u00e9n\u00e9es Orientales (Occitanie, 66). Weekend, s\u00e9jour &amp; vacances en famille et entre amis.\",\"publisher\":{\"@id\":\"https:\/\/www.locansol.fr\/#organization\"},\"alternateName\":\"Louer un h\u00e9bergement dans les Pyr\u00e9n\u00e9es Orientales, chalet & mobil-home en Occitanie\",\"potentialAction\":[{\"@type\":\"SearchAction\",\"target\":{\"@type\":\"EntryPoint\",\"urlTemplate\":\"https:\/\/www.locansol.fr\/?s={search_term_string}\"},\"query-input\":{\"@type\":\"PropertyValueSpecification\",\"valueRequired\":true,\"valueName\":\"search_term_string\"}}],\"inLanguage\":\"es\"},{\"@type\":\"Organization\",\"@id\":\"https:\/\/www.locansol.fr\/#organization\",\"name\":\"Location MobilHome & chalet dans les Pyr\u00e9n\u00e9es Orientales\",\"alternateName\":\"Louer un h\u00e9bergement dans les Pyr\u00e9n\u00e9es Orientales en Occitanie\",\"url\":\"https:\/\/www.locansol.fr\/\",\"logo\":{\"@type\":\"ImageObject\",\"inLanguage\":\"es\",\"@id\":\"https:\/\/www.locansol.fr\/#\/schema\/logo\/image\/\",\"url\":\"https:\/\/www.locansol.fr\/wp-content\/uploads\/2024\/04\/AdobeStock_303324767-scaled.jpeg\",\"contentUrl\":\"https:\/\/www.locansol.fr\/wp-content\/uploads\/2024\/04\/AdobeStock_303324767-scaled.jpeg\",\"width\":2560,\"height\":1707,\"caption\":\"Location MobilHome & chalet dans les Pyr\u00e9n\u00e9es Orientales\"},\"image\":{\"@id\":\"https:\/\/www.locansol.fr\/#\/schema\/logo\/image\/\"}},{\"@type\":\"Person\",\"@id\":\"https:\/\/www.locansol.fr\/#\/schema\/person\/0b08d440f1ac44674c6d498107de351d\",\"name\":\"H\u00e9bergements Locansol\",\"image\":{\"@type\":\"ImageObject\",\"inLanguage\":\"es\",\"@id\":\"https:\/\/www.locansol.fr\/#\/schema\/person\/image\/\",\"url\":\"https:\/\/secure.gravatar.com\/avatar\/444436b93284204f8116b6e0eb964cd3fcb811519c737232bde6dd5743c37ee5?s=96&d=mm&r=g\",\"contentUrl\":\"https:\/\/secure.gravatar.com\/avatar\/444436b93284204f8116b6e0eb964cd3fcb811519c737232bde6dd5743c37ee5?s=96&d=mm&r=g\",\"caption\":\"H\u00e9bergements Locansol\"},\"sameAs\":[\"https:\/\/www.locansol.fr\/\"],\"url\":\"https:\/\/www.locansol.fr\/es\/author\/locansol\/\"}]}<\/script>\n<!-- \/ Yoast SEO Premium plugin. -->","yoast_head_json":{"title":"Go\u00fbter Gypa\u00e8te et Rapaces Noh\u00e8des : balade nature","description":"Go\u00fbter Gypa\u00e8te et Rapaces Noh\u00e8des : observez des rapaces embl\u00e9matiques dans les Pyr\u00e9n\u00e9es-Orientales. Une balade conviviale avec des guides naturalistes et un go\u00fbter offert.","robots":{"index":"index","follow":"follow","max-snippet":"max-snippet:-1","max-image-preview":"max-image-preview:large","max-video-preview":"max-video-preview:-1"},"canonical":"https:\/\/www.locansol.fr\/es\/rapaces-nohedes-balade-nature\/","og_locale":"es_ES","og_type":"article","og_title":"\u00c9merveillement garanti : observez les rapaces de Noh\u00e8des lors d'une balade nature avec go\u00fbter convivial","og_description":"Imaginez-vous au c\u0153ur des falaises orang\u00e9es de Noh\u00e8des, observant des rapaces majestueux comme le gypa\u00e8te barbu. Une balade nature avec go\u00fbter convivial vous attend.","og_url":"https:\/\/www.locansol.fr\/es\/rapaces-nohedes-balade-nature\/","og_site_name":"Locansol, louer un h\u00e9bergement dans les Pyr\u00e9n\u00e9es Orientales","article_published_time":"2026-03-21T15:17:40+00:00","article_modified_time":"2026-03-21T15:17:43+00:00","og_image":[{"url":"https:\/\/www.locansol.fr\/wp-content\/uploads\/2026\/03\/rapaces-nohedes-balade-nature.webp","type":"","width":"","height":""}],"author":"H\u00e9bergements Locansol","twitter_card":"summary_large_image","twitter_title":"Observez les rapaces de Noh\u00e8des le 21 mars lors d'une balade nature","twitter_description":"Une balade nature pour observer des rapaces embl\u00e9matiques et partager un go\u00fbter convivial. Ne manquez pas cette exp\u00e9rience unique \u00e0 Noh\u00e8des !","twitter_image":"https:\/\/www.locansol.fr\/wp-content\/uploads\/2026\/03\/rapaces-nohedes-balade-nature.webp","twitter_misc":{"Escrito por":"H\u00e9bergements Locansol","Tiempo de lectura":"2 minutos"},"schema":{"@context":"https:\/\/schema.org","@graph":[{"@type":"Article","@id":"https:\/\/www.locansol.fr\/rapaces-nohedes-balade-nature\/#article","isPartOf":{"@id":"https:\/\/www.locansol.fr\/rapaces-nohedes-balade-nature\/"},"author":{"name":"H\u00e9bergements Locansol","@id":"https:\/\/www.locansol.fr\/#\/schema\/person\/0b08d440f1ac44674c6d498107de351d"},"headline":"D\u00e9couvrez les rapaces de Noh\u00e8des le 21 mars avec une balade conviviale","datePublished":"2026-03-21T15:17:40+00:00","dateModified":"2026-03-21T15:17:43+00:00","mainEntityOfPage":{"@id":"https:\/\/www.locansol.fr\/rapaces-nohedes-balade-nature\/"},"wordCount":505,"publisher":{"@id":"https:\/\/www.locansol.fr\/#organization"},"image":{"@id":"https:\/\/www.locansol.fr\/rapaces-nohedes-balade-nature\/#primaryimage"},"thumbnailUrl":"https:\/\/www.locansol.fr\/wp-content\/uploads\/2026\/03\/rapaces-nohedes-balade-nature.webp","keywords":["Nature","Pyr\u00e9n\u00e9es-Orientales"],"articleSection":["Agenda"],"inLanguage":"es"},{"@type":"WebPage","@id":"https:\/\/www.locansol.fr\/rapaces-nohedes-balade-nature\/","url":"https:\/\/www.locansol.fr\/rapaces-nohedes-balade-nature\/","name":"Go\u00fbter Gypa\u00e8te et Rapaces Noh\u00e8des : balade nature","isPartOf":{"@id":"https:\/\/www.locansol.fr\/#website"},"primaryImageOfPage":{"@id":"https:\/\/www.locansol.fr\/rapaces-nohedes-balade-nature\/#primaryimage"},"image":{"@id":"https:\/\/www.locansol.fr\/rapaces-nohedes-balade-nature\/#primaryimage"},"thumbnailUrl":"https:\/\/www.locansol.fr\/wp-content\/uploads\/2026\/03\/rapaces-nohedes-balade-nature.webp","datePublished":"2026-03-21T15:17:40+00:00","dateModified":"2026-03-21T15:17:43+00:00","description":"Go\u00fbter Gypa\u00e8te et Rapaces Noh\u00e8des : observez des rapaces embl\u00e9matiques dans les Pyr\u00e9n\u00e9es-Orientales. Une balade conviviale avec des guides naturalistes et un go\u00fbter offert.","breadcrumb":{"@id":"https:\/\/www.locansol.fr\/rapaces-nohedes-balade-nature\/#breadcrumb"},"inLanguage":"es","potentialAction":[{"@type":"ReadAction","target":["https:\/\/www.locansol.fr\/rapaces-nohedes-balade-nature\/"]}]},{"@type":"ImageObject","inLanguage":"es","@id":"https:\/\/www.locansol.fr\/rapaces-nohedes-balade-nature\/#primaryimage","url":"https:\/\/www.locansol.fr\/wp-content\/uploads\/2026\/03\/rapaces-nohedes-balade-nature.webp","contentUrl":"https:\/\/www.locansol.fr\/wp-content\/uploads\/2026\/03\/rapaces-nohedes-balade-nature.webp","width":552,"height":787,"caption":"Go\u00fbter Gypa\u00e8te et Rapaces Noh\u00e8des : balade nature"},{"@type":"BreadcrumbList","@id":"https:\/\/www.locansol.fr\/rapaces-nohedes-balade-nature\/#breadcrumb","itemListElement":[{"@type":"ListItem","position":1,"name":"Accueil","item":"https:\/\/www.locansol.fr\/"},{"@type":"ListItem","position":2,"name":"D\u00e9couvrez les rapaces de Noh\u00e8des le 21 mars avec une balade conviviale"}]},{"@type":"WebSite","@id":"https:\/\/www.locansol.fr\/#website","url":"https:\/\/www.locansol.fr\/","name":"Locansol, louer un h\u00e9bergement dans les Pyr\u00e9n\u00e9es-Orientales","description":"Location Mobil-home Mer M\u00e9diterran\u00e9e &amp; Chalet de Montagne dans les Pyr\u00e9n\u00e9es Orientales (Occitanie, 66). Weekend, s\u00e9jour &amp; vacances en famille et entre amis.","publisher":{"@id":"https:\/\/www.locansol.fr\/#organization"},"alternateName":"Louer un h\u00e9bergement dans les Pyr\u00e9n\u00e9es Orientales, chalet & mobil-home en Occitanie","potentialAction":[{"@type":"SearchAction","target":{"@type":"EntryPoint","urlTemplate":"https:\/\/www.locansol.fr\/?s={search_term_string}"},"query-input":{"@type":"PropertyValueSpecification","valueRequired":true,"valueName":"search_term_string"}}],"inLanguage":"es"},{"@type":"Organization","@id":"https:\/\/www.locansol.fr\/#organization","name":"Location MobilHome & chalet dans les Pyr\u00e9n\u00e9es Orientales","alternateName":"Louer un h\u00e9bergement dans les Pyr\u00e9n\u00e9es Orientales en Occitanie","url":"https:\/\/www.locansol.fr\/","logo":{"@type":"ImageObject","inLanguage":"es","@id":"https:\/\/www.locansol.fr\/#\/schema\/logo\/image\/","url":"https:\/\/www.locansol.fr\/wp-content\/uploads\/2024\/04\/AdobeStock_303324767-scaled.jpeg","contentUrl":"https:\/\/www.locansol.fr\/wp-content\/uploads\/2024\/04\/AdobeStock_303324767-scaled.jpeg","width":2560,"height":1707,"caption":"Location MobilHome & chalet dans les Pyr\u00e9n\u00e9es Orientales"},"image":{"@id":"https:\/\/www.locansol.fr\/#\/schema\/logo\/image\/"}},{"@type":"Person","@id":"https:\/\/www.locansol.fr\/#\/schema\/person\/0b08d440f1ac44674c6d498107de351d","name":"H\u00e9bergements Locansol","image":{"@type":"ImageObject","inLanguage":"es","@id":"https:\/\/www.locansol.fr\/#\/schema\/person\/image\/","url":"https:\/\/secure.gravatar.com\/avatar\/444436b93284204f8116b6e0eb964cd3fcb811519c737232bde6dd5743c37ee5?s=96&d=mm&r=g","contentUrl":"https:\/\/secure.gravatar.com\/avatar\/444436b93284204f8116b6e0eb964cd3fcb811519c737232bde6dd5743c37ee5?s=96&d=mm&r=g","caption":"H\u00e9bergements Locansol"},"sameAs":["https:\/\/www.locansol.fr\/"],"url":"https:\/\/www.locansol.fr\/es\/author\/locansol\/"}]}},"_links":{"self":[{"href":"https:\/\/www.locansol.fr\/es\/wp-json\/wp\/v2\/posts\/5059","targetHints":{"allow":["GET"]}}],"collection":[{"href":"https:\/\/www.locansol.fr\/es\/wp-json\/wp\/v2\/posts"}],"about":[{"href":"https:\/\/www.locansol.fr\/es\/wp-json\/wp\/v2\/types\/post"}],"author":[{"embeddable":true,"href":"https:\/\/www.locansol.fr\/es\/wp-json\/wp\/v2\/users\/5"}],"replies":[{"embeddable":true,"href":"https:\/\/www.locansol.fr\/es\/wp-json\/wp\/v2\/comments?post=5059"}],"version-history":[{"count":1,"href":"https:\/\/www.locansol.fr\/es\/wp-json\/wp\/v2\/posts\/5059\/revisions"}],"predecessor-version":[{"id":5060,"href":"https:\/\/www.locansol.fr\/es\/wp-json\/wp\/v2\/posts\/5059\/revisions\/5060"}],"wp:featuredmedia":[{"embeddable":true,"href":"https:\/\/www.locansol.fr\/es\/wp-json\/wp\/v2\/media\/5058"}],"wp:attachment":[{"href":"https:\/\/www.locansol.fr\/es\/wp-json\/wp\/v2\/media?parent=5059"}],"wp:term":[{"taxonomy":"category","embeddable":true,"href":"https:\/\/www.locansol.fr\/es\/wp-json\/wp\/v2\/categories?post=5059"},{"taxonomy":"post_tag","embeddable":true,"href":"https:\/\/www.locansol.fr\/es\/wp-json\/wp\/v2\/tags?post=5059"}],"curies":[{"name":"wp","href":"https:\/\/api.w.org\/{rel}","templated":true}]}}