{"id":5074,"date":"2026-03-21T18:17:00","date_gmt":"2026-03-21T17:17:00","guid":{"rendered":"https:\/\/www.locansol.fr\/recital-musical-laroque-des-alberes\/"},"modified":"2026-03-21T18:17:04","modified_gmt":"2026-03-21T17:17:04","slug":"recital-musical-laroque-des-alberes","status":"publish","type":"post","link":"https:\/\/www.locansol.fr\/es\/recital-musical-laroque-des-alberes\/","title":{"rendered":"Laroque-des-Alb\u00e8res &#8211; 21 mars 2026 &#8211; R\u00e9cital \u00ab De Bach \u00e0 Broadway \u00bb : Une soir\u00e9e musicale exceptionnelle"},"content":{"rendered":"<p>Ce samedi 21 mars 2026 \u00e0 20h30, la commune pittoresque de Laroque-des-Alb\u00e8res, nich\u00e9e au c\u0153ur des Pyr\u00e9n\u00e9es-Orientales, accueillera une soir\u00e9e musicale d\u2019exception. Le r\u00e9cital intitul\u00e9 \u00ab De Bach \u00e0 Broadway \u00bb propose un voyage in\u00e9dit entre la grandeur des \u0153uvres classiques et l\u2019\u00e9clat des com\u00e9dies musicales, pour une exp\u00e9rience musicale empreinte de finesse et d\u2019\u00e9motion.<\/p>\n<p>L\u2019\u00e9v\u00e9nement met \u00e0 l\u2019honneur quatre interpr\u00e8tes talentueux : le t\u00e9nor Lambert Barth\u00e8s et la soprano Anne Dubois, aux voix puissantes et \u00e9mouvantes, seront accompagn\u00e9s par les pianistes virtuoses Anne-Gabrielle Gastou et \u00c9ric Allouche. Leur complicit\u00e9 sur sc\u00e8ne vous promet une interpr\u00e9tation exceptionnelle, o\u00f9 l\u2019art vocal et pianistique s\u2019entrelacent avec harmonie. De Bach aux airs embl\u00e9matiques de Broadway, ce programme \u00e9clectique a \u00e9t\u00e9 soigneusement pens\u00e9 pour enchanter les amateurs de musique classique tout autant que les passionn\u00e9s de com\u00e9dies musicales.<\/p>\n<p>Chaque morceau prendra vie dans l\u2019acoustique intimiste de l\u2019un des lieux embl\u00e9matiques de Laroque-des-Alb\u00e8res. La sc\u00e9nographie du spectacle vise \u00e0 offrir une v\u00e9ritable parenth\u00e8se enchant\u00e9e, au-del\u00e0 des notes et des mots, pour faire de cette soir\u00e9e un moment m\u00e9morable. Cette cr\u00e9ativit\u00e9 musicale se voudra accessible \u00e0 tous, experts comme n\u00e9ophytes, dans une atmosph\u00e8re \u00e9l\u00e9gante et conviviale.<\/p>\n<p>Mais ce concert, c\u2019est bien plus qu\u2019un simple \u00e9v\u00e9nement musical. C\u2019est une immersion dans l\u2019\u00e2me culturelle de Laroque-des-Alb\u00e8res, cette charmante commune au charme m\u00e9di\u00e9val d\u00e9j\u00e0 bien connue pour son dynamisme culturel. Entour\u00e9e par les paysages enchanteurs des Pyr\u00e9n\u00e9es-Orientales, la ville donne une saveur toute particuli\u00e8re \u00e0 chaque \u00e9v\u00e9nement qu\u2019elle accueille.<\/p>\n<p>Pour ne rien manquer de cette soir\u00e9e, l\u2019acc\u00e8s au concert est propos\u00e9 \u00e0 10 \u20ac pour les adh\u00e9rents et 12 \u20ac pour les non-adh\u00e9rents. La billetterie sera disponible d\u00e8s le 21 mars sur la plateforme HelloAsso, alors ne tardez pas \u00e0 r\u00e9server votre place !<\/p>\n<p>Que vous soyez m\u00e9lomane aguerri ou simplement curieux de d\u00e9couvrir une soir\u00e9e musicale unique, \u00ab De Bach \u00e0 Broadway \u00bb s\u2019annonce comme un rendez-vous incontournable. Rejoignez les spectateurs pour partager un moment inoubliable, entre virtuosit\u00e9 artistique et magie des lieux.<\/p>\n<p>Ne ratez pas cette opportunit\u00e9 de sublimer votre soir\u00e9e dans une ambiance o\u00f9 tradition, modernit\u00e9 et \u00e9motions s\u2019entrem\u00ealent avec brio.<\/p>\n<h3>Informaci\u00f3n pr\u00e1ctica<\/h3>\n<p>\ud83d\udcc5 QUAND ? Samedi 21 mars 2026 \u00e0 20h30<br \/>\ud83d\udccd O\u00d9 ? Laroque-des-Alb\u00e8res (lieu embl\u00e9matique de la commune)<br \/>\ud83d\udcb6 COMBIEN ? 10 \u20ac (adh\u00e9rents), 12 \u20ac (non-adh\u00e9rents)<\/p>","protected":false},"excerpt":{"rendered":"<p>Plongez dans un voyage musical, de Bach \u00e0 Broadway, \u00e0 Laroque-des-Alb\u00e8res le 21 mars 2026. Une soir\u00e9e inoubliable avec des artistes de renom.<\/p>","protected":false},"author":5,"featured_media":5073,"comment_status":"closed","ping_status":"open","sticky":false,"template":"","format":"standard","meta":{"_yoast_wpseo_focuskw":"R\u00e9cital musical Laroque-des-Alb\u00e8res","_yoast_wpseo_title":"R\u00e9cital De Bach \u00e0 Broadway Laroque-des-Alb\u00e8res - Soir\u00e9e musicale unique","_yoast_wpseo_metadesc":"R\u00e9cital De Bach \u00e0 Broadway Laroque-des-Alb\u00e8res : Une soir\u00e9e musicale exceptionnelle m\u00ealant classique et com\u00e9dies musicales. D\u00e9couvrez ce spectacle unique dans les Pyr\u00e9n\u00e9es-Orientales.","_yoast_wpseo_canonical":"","_yoast_wpseo_opengraph-title":"Vivez une soir\u00e9e magique o\u00f9 Bach rencontre Broadway \u00e0 Laroque-des-Alb\u00e8res","_yoast_wpseo_opengraph-description":"Plongez dans une soir\u00e9e musicale envo\u00fbtante o\u00f9 les \u0153uvres de Bach rencontrent les airs de Broadway. Une exp\u00e9rience unique et \u00e9mouvante vous attend \u00e0 Laroque-des-Alb\u00e8res.","_yoast_wpseo_opengraph-image":"https:\/\/www.locansol.fr\/wp-content\/uploads\/2026\/03\/recital-musical-laroque-des-alberes.webp","_yoast_wpseo_opengraph-image-id":"","_yoast_wpseo_twitter-title":"R\u00e9cital De Bach \u00e0 Broadway : une soir\u00e9e magique \u00e0 Laroque-des-Alb\u00e8res","_yoast_wpseo_twitter-description":"Vivez une soir\u00e9e musicale unique o\u00f9 Bach rencontre Broadway. Un spectacle inoubliable \u00e0 Laroque-des-Alb\u00e8res. R\u00e9servez d\u00e8s maintenant !","_yoast_wpseo_twitter-image":"https:\/\/www.locansol.fr\/wp-content\/uploads\/2026\/03\/recital-musical-laroque-des-alberes.webp","_yoast_wpseo_twitter-image-id":"","yoast_primary_category":"Concert","footnotes":""},"categories":[45],"tags":[69,76],"class_list":["post-5074","post","type-post","status-publish","format-standard","has-post-thumbnail","hentry","category-festival","tag-musique","tag-pyrenees-orientales"],"yoast_head":"<!-- This site is optimized with the Yoast SEO Premium plugin v23.3 (Yoast SEO v26.9) - https:\/\/yoast.com\/product\/yoast-seo-premium-wordpress\/ -->\n<title>R\u00e9cital De Bach \u00e0 Broadway Laroque-des-Alb\u00e8res - Soir\u00e9e musicale unique<\/title>\n<meta name=\"description\" content=\"R\u00e9cital De Bach \u00e0 Broadway Laroque-des-Alb\u00e8res : Une soir\u00e9e musicale exceptionnelle m\u00ealant classique et com\u00e9dies musicales. D\u00e9couvrez ce spectacle unique dans les Pyr\u00e9n\u00e9es-Orientales.\" \/>\n<meta name=\"robots\" content=\"index, follow, max-snippet:-1, max-image-preview:large, max-video-preview:-1\" \/>\n<link rel=\"canonical\" href=\"https:\/\/www.locansol.fr\/es\/recital-musical-laroque-des-alberes\/\" \/>\n<meta property=\"og:locale\" content=\"es_ES\" \/>\n<meta property=\"og:type\" content=\"article\" \/>\n<meta property=\"og:title\" content=\"Vivez une soir\u00e9e magique o\u00f9 Bach rencontre Broadway \u00e0 Laroque-des-Alb\u00e8res\" \/>\n<meta property=\"og:description\" content=\"Plongez dans une soir\u00e9e musicale envo\u00fbtante o\u00f9 les \u0153uvres de Bach rencontrent les airs de Broadway. Une exp\u00e9rience unique et \u00e9mouvante vous attend \u00e0 Laroque-des-Alb\u00e8res.\" \/>\n<meta property=\"og:url\" content=\"https:\/\/www.locansol.fr\/es\/recital-musical-laroque-des-alberes\/\" \/>\n<meta property=\"og:site_name\" content=\"Locansol, louer un h\u00e9bergement dans les Pyr\u00e9n\u00e9es Orientales\" \/>\n<meta property=\"article:published_time\" content=\"2026-03-21T17:17:00+00:00\" \/>\n<meta property=\"article:modified_time\" content=\"2026-03-21T17:17:04+00:00\" \/>\n<meta property=\"og:image\" content=\"https:\/\/www.locansol.fr\/wp-content\/uploads\/2026\/03\/recital-musical-laroque-des-alberes.webp\" \/>\n<meta name=\"author\" content=\"H\u00e9bergements Locansol\" \/>\n<meta name=\"twitter:card\" content=\"summary_large_image\" \/>\n<meta name=\"twitter:title\" content=\"R\u00e9cital De Bach \u00e0 Broadway : une soir\u00e9e magique \u00e0 Laroque-des-Alb\u00e8res\" \/>\n<meta name=\"twitter:description\" content=\"Vivez une soir\u00e9e musicale unique o\u00f9 Bach rencontre Broadway. Un spectacle inoubliable \u00e0 Laroque-des-Alb\u00e8res. R\u00e9servez d\u00e8s maintenant !\" \/>\n<meta name=\"twitter:image\" content=\"https:\/\/www.locansol.fr\/wp-content\/uploads\/2026\/03\/recital-musical-laroque-des-alberes.webp\" \/>\n<meta name=\"twitter:label1\" content=\"Escrito por\" \/>\n\t<meta name=\"twitter:data1\" content=\"H\u00e9bergements Locansol\" \/>\n\t<meta name=\"twitter:label2\" content=\"Tiempo de lectura\" \/>\n\t<meta name=\"twitter:data2\" content=\"2 minutos\" \/>\n<script type=\"application\/ld+json\" class=\"yoast-schema-graph\">{\"@context\":\"https:\/\/schema.org\",\"@graph\":[{\"@type\":\"Article\",\"@id\":\"https:\/\/www.locansol.fr\/recital-musical-laroque-des-alberes\/#article\",\"isPartOf\":{\"@id\":\"https:\/\/www.locansol.fr\/recital-musical-laroque-des-alberes\/\"},\"author\":{\"name\":\"H\u00e9bergements Locansol\",\"@id\":\"https:\/\/www.locansol.fr\/#\/schema\/person\/0b08d440f1ac44674c6d498107de351d\"},\"headline\":\"Laroque-des-Alb\u00e8res &#8211; 21 mars 2026 &#8211; R\u00e9cital \u00ab De Bach \u00e0 Broadway \u00bb : Une soir\u00e9e musicale exceptionnelle\",\"datePublished\":\"2026-03-21T17:17:00+00:00\",\"dateModified\":\"2026-03-21T17:17:04+00:00\",\"mainEntityOfPage\":{\"@id\":\"https:\/\/www.locansol.fr\/recital-musical-laroque-des-alberes\/\"},\"wordCount\":428,\"publisher\":{\"@id\":\"https:\/\/www.locansol.fr\/#organization\"},\"image\":{\"@id\":\"https:\/\/www.locansol.fr\/recital-musical-laroque-des-alberes\/#primaryimage\"},\"thumbnailUrl\":\"https:\/\/www.locansol.fr\/wp-content\/uploads\/2026\/03\/recital-musical-laroque-des-alberes.webp\",\"keywords\":[\"Musique\",\"Pyr\u00e9n\u00e9es-Orientales\"],\"articleSection\":[\"Festival\"],\"inLanguage\":\"es\"},{\"@type\":\"WebPage\",\"@id\":\"https:\/\/www.locansol.fr\/recital-musical-laroque-des-alberes\/\",\"url\":\"https:\/\/www.locansol.fr\/recital-musical-laroque-des-alberes\/\",\"name\":\"R\u00e9cital De Bach \u00e0 Broadway Laroque-des-Alb\u00e8res - Soir\u00e9e musicale unique\",\"isPartOf\":{\"@id\":\"https:\/\/www.locansol.fr\/#website\"},\"primaryImageOfPage\":{\"@id\":\"https:\/\/www.locansol.fr\/recital-musical-laroque-des-alberes\/#primaryimage\"},\"image\":{\"@id\":\"https:\/\/www.locansol.fr\/recital-musical-laroque-des-alberes\/#primaryimage\"},\"thumbnailUrl\":\"https:\/\/www.locansol.fr\/wp-content\/uploads\/2026\/03\/recital-musical-laroque-des-alberes.webp\",\"datePublished\":\"2026-03-21T17:17:00+00:00\",\"dateModified\":\"2026-03-21T17:17:04+00:00\",\"description\":\"R\u00e9cital De Bach \u00e0 Broadway Laroque-des-Alb\u00e8res : Une soir\u00e9e musicale exceptionnelle m\u00ealant classique et com\u00e9dies musicales. D\u00e9couvrez ce spectacle unique dans les Pyr\u00e9n\u00e9es-Orientales.\",\"breadcrumb\":{\"@id\":\"https:\/\/www.locansol.fr\/recital-musical-laroque-des-alberes\/#breadcrumb\"},\"inLanguage\":\"es\",\"potentialAction\":[{\"@type\":\"ReadAction\",\"target\":[\"https:\/\/www.locansol.fr\/recital-musical-laroque-des-alberes\/\"]}]},{\"@type\":\"ImageObject\",\"inLanguage\":\"es\",\"@id\":\"https:\/\/www.locansol.fr\/recital-musical-laroque-des-alberes\/#primaryimage\",\"url\":\"https:\/\/www.locansol.fr\/wp-content\/uploads\/2026\/03\/recital-musical-laroque-des-alberes.webp\",\"contentUrl\":\"https:\/\/www.locansol.fr\/wp-content\/uploads\/2026\/03\/recital-musical-laroque-des-alberes.webp\",\"width\":1357,\"height\":1920,\"caption\":\"R\u00e9cital De Bach \u00e0 Broadway Laroque-des-Alb\u00e8res - Soir\u00e9e musicale unique\"},{\"@type\":\"BreadcrumbList\",\"@id\":\"https:\/\/www.locansol.fr\/recital-musical-laroque-des-alberes\/#breadcrumb\",\"itemListElement\":[{\"@type\":\"ListItem\",\"position\":1,\"name\":\"Accueil\",\"item\":\"https:\/\/www.locansol.fr\/\"},{\"@type\":\"ListItem\",\"position\":2,\"name\":\"Laroque-des-Alb\u00e8res &#8211; 21 mars 2026 &#8211; R\u00e9cital \u00ab De Bach \u00e0 Broadway \u00bb : Une soir\u00e9e musicale exceptionnelle\"}]},{\"@type\":\"WebSite\",\"@id\":\"https:\/\/www.locansol.fr\/#website\",\"url\":\"https:\/\/www.locansol.fr\/\",\"name\":\"Locansol, louer un h\u00e9bergement dans les Pyr\u00e9n\u00e9es-Orientales\",\"description\":\"Location Mobil-home Mer M\u00e9diterran\u00e9e &amp; Chalet de Montagne dans les Pyr\u00e9n\u00e9es Orientales (Occitanie, 66). Weekend, s\u00e9jour &amp; vacances en famille et entre amis.\",\"publisher\":{\"@id\":\"https:\/\/www.locansol.fr\/#organization\"},\"alternateName\":\"Louer un h\u00e9bergement dans les Pyr\u00e9n\u00e9es Orientales, chalet & mobil-home en Occitanie\",\"potentialAction\":[{\"@type\":\"SearchAction\",\"target\":{\"@type\":\"EntryPoint\",\"urlTemplate\":\"https:\/\/www.locansol.fr\/?s={search_term_string}\"},\"query-input\":{\"@type\":\"PropertyValueSpecification\",\"valueRequired\":true,\"valueName\":\"search_term_string\"}}],\"inLanguage\":\"es\"},{\"@type\":\"Organization\",\"@id\":\"https:\/\/www.locansol.fr\/#organization\",\"name\":\"Location MobilHome & chalet dans les Pyr\u00e9n\u00e9es Orientales\",\"alternateName\":\"Louer un h\u00e9bergement dans les Pyr\u00e9n\u00e9es Orientales en Occitanie\",\"url\":\"https:\/\/www.locansol.fr\/\",\"logo\":{\"@type\":\"ImageObject\",\"inLanguage\":\"es\",\"@id\":\"https:\/\/www.locansol.fr\/#\/schema\/logo\/image\/\",\"url\":\"https:\/\/www.locansol.fr\/wp-content\/uploads\/2024\/04\/AdobeStock_303324767-scaled.jpeg\",\"contentUrl\":\"https:\/\/www.locansol.fr\/wp-content\/uploads\/2024\/04\/AdobeStock_303324767-scaled.jpeg\",\"width\":2560,\"height\":1707,\"caption\":\"Location MobilHome & chalet dans les Pyr\u00e9n\u00e9es Orientales\"},\"image\":{\"@id\":\"https:\/\/www.locansol.fr\/#\/schema\/logo\/image\/\"}},{\"@type\":\"Person\",\"@id\":\"https:\/\/www.locansol.fr\/#\/schema\/person\/0b08d440f1ac44674c6d498107de351d\",\"name\":\"H\u00e9bergements Locansol\",\"image\":{\"@type\":\"ImageObject\",\"inLanguage\":\"es\",\"@id\":\"https:\/\/www.locansol.fr\/#\/schema\/person\/image\/\",\"url\":\"https:\/\/secure.gravatar.com\/avatar\/444436b93284204f8116b6e0eb964cd3fcb811519c737232bde6dd5743c37ee5?s=96&d=mm&r=g\",\"contentUrl\":\"https:\/\/secure.gravatar.com\/avatar\/444436b93284204f8116b6e0eb964cd3fcb811519c737232bde6dd5743c37ee5?s=96&d=mm&r=g\",\"caption\":\"H\u00e9bergements Locansol\"},\"sameAs\":[\"https:\/\/www.locansol.fr\/\"],\"url\":\"https:\/\/www.locansol.fr\/es\/author\/locansol\/\"}]}<\/script>\n<!-- \/ Yoast SEO Premium plugin. -->","yoast_head_json":{"title":"R\u00e9cital De Bach \u00e0 Broadway Laroque-des-Alb\u00e8res - Soir\u00e9e musicale unique","description":"R\u00e9cital De Bach \u00e0 Broadway Laroque-des-Alb\u00e8res : Une soir\u00e9e musicale exceptionnelle m\u00ealant classique et com\u00e9dies musicales. D\u00e9couvrez ce spectacle unique dans les Pyr\u00e9n\u00e9es-Orientales.","robots":{"index":"index","follow":"follow","max-snippet":"max-snippet:-1","max-image-preview":"max-image-preview:large","max-video-preview":"max-video-preview:-1"},"canonical":"https:\/\/www.locansol.fr\/es\/recital-musical-laroque-des-alberes\/","og_locale":"es_ES","og_type":"article","og_title":"Vivez une soir\u00e9e magique o\u00f9 Bach rencontre Broadway \u00e0 Laroque-des-Alb\u00e8res","og_description":"Plongez dans une soir\u00e9e musicale envo\u00fbtante o\u00f9 les \u0153uvres de Bach rencontrent les airs de Broadway. Une exp\u00e9rience unique et \u00e9mouvante vous attend \u00e0 Laroque-des-Alb\u00e8res.","og_url":"https:\/\/www.locansol.fr\/es\/recital-musical-laroque-des-alberes\/","og_site_name":"Locansol, louer un h\u00e9bergement dans les Pyr\u00e9n\u00e9es Orientales","article_published_time":"2026-03-21T17:17:00+00:00","article_modified_time":"2026-03-21T17:17:04+00:00","og_image":[{"url":"https:\/\/www.locansol.fr\/wp-content\/uploads\/2026\/03\/recital-musical-laroque-des-alberes.webp","type":"","width":"","height":""}],"author":"H\u00e9bergements Locansol","twitter_card":"summary_large_image","twitter_title":"R\u00e9cital De Bach \u00e0 Broadway : une soir\u00e9e magique \u00e0 Laroque-des-Alb\u00e8res","twitter_description":"Vivez une soir\u00e9e musicale unique o\u00f9 Bach rencontre Broadway. Un spectacle inoubliable \u00e0 Laroque-des-Alb\u00e8res. R\u00e9servez d\u00e8s maintenant !","twitter_image":"https:\/\/www.locansol.fr\/wp-content\/uploads\/2026\/03\/recital-musical-laroque-des-alberes.webp","twitter_misc":{"Escrito por":"H\u00e9bergements Locansol","Tiempo de lectura":"2 minutos"},"schema":{"@context":"https:\/\/schema.org","@graph":[{"@type":"Article","@id":"https:\/\/www.locansol.fr\/recital-musical-laroque-des-alberes\/#article","isPartOf":{"@id":"https:\/\/www.locansol.fr\/recital-musical-laroque-des-alberes\/"},"author":{"name":"H\u00e9bergements Locansol","@id":"https:\/\/www.locansol.fr\/#\/schema\/person\/0b08d440f1ac44674c6d498107de351d"},"headline":"Laroque-des-Alb\u00e8res &#8211; 21 mars 2026 &#8211; R\u00e9cital \u00ab De Bach \u00e0 Broadway \u00bb : Une soir\u00e9e musicale exceptionnelle","datePublished":"2026-03-21T17:17:00+00:00","dateModified":"2026-03-21T17:17:04+00:00","mainEntityOfPage":{"@id":"https:\/\/www.locansol.fr\/recital-musical-laroque-des-alberes\/"},"wordCount":428,"publisher":{"@id":"https:\/\/www.locansol.fr\/#organization"},"image":{"@id":"https:\/\/www.locansol.fr\/recital-musical-laroque-des-alberes\/#primaryimage"},"thumbnailUrl":"https:\/\/www.locansol.fr\/wp-content\/uploads\/2026\/03\/recital-musical-laroque-des-alberes.webp","keywords":["Musique","Pyr\u00e9n\u00e9es-Orientales"],"articleSection":["Festival"],"inLanguage":"es"},{"@type":"WebPage","@id":"https:\/\/www.locansol.fr\/recital-musical-laroque-des-alberes\/","url":"https:\/\/www.locansol.fr\/recital-musical-laroque-des-alberes\/","name":"R\u00e9cital De Bach \u00e0 Broadway Laroque-des-Alb\u00e8res - Soir\u00e9e musicale unique","isPartOf":{"@id":"https:\/\/www.locansol.fr\/#website"},"primaryImageOfPage":{"@id":"https:\/\/www.locansol.fr\/recital-musical-laroque-des-alberes\/#primaryimage"},"image":{"@id":"https:\/\/www.locansol.fr\/recital-musical-laroque-des-alberes\/#primaryimage"},"thumbnailUrl":"https:\/\/www.locansol.fr\/wp-content\/uploads\/2026\/03\/recital-musical-laroque-des-alberes.webp","datePublished":"2026-03-21T17:17:00+00:00","dateModified":"2026-03-21T17:17:04+00:00","description":"R\u00e9cital De Bach \u00e0 Broadway Laroque-des-Alb\u00e8res : Une soir\u00e9e musicale exceptionnelle m\u00ealant classique et com\u00e9dies musicales. D\u00e9couvrez ce spectacle unique dans les Pyr\u00e9n\u00e9es-Orientales.","breadcrumb":{"@id":"https:\/\/www.locansol.fr\/recital-musical-laroque-des-alberes\/#breadcrumb"},"inLanguage":"es","potentialAction":[{"@type":"ReadAction","target":["https:\/\/www.locansol.fr\/recital-musical-laroque-des-alberes\/"]}]},{"@type":"ImageObject","inLanguage":"es","@id":"https:\/\/www.locansol.fr\/recital-musical-laroque-des-alberes\/#primaryimage","url":"https:\/\/www.locansol.fr\/wp-content\/uploads\/2026\/03\/recital-musical-laroque-des-alberes.webp","contentUrl":"https:\/\/www.locansol.fr\/wp-content\/uploads\/2026\/03\/recital-musical-laroque-des-alberes.webp","width":1357,"height":1920,"caption":"R\u00e9cital De Bach \u00e0 Broadway Laroque-des-Alb\u00e8res - Soir\u00e9e musicale unique"},{"@type":"BreadcrumbList","@id":"https:\/\/www.locansol.fr\/recital-musical-laroque-des-alberes\/#breadcrumb","itemListElement":[{"@type":"ListItem","position":1,"name":"Accueil","item":"https:\/\/www.locansol.fr\/"},{"@type":"ListItem","position":2,"name":"Laroque-des-Alb\u00e8res &#8211; 21 mars 2026 &#8211; R\u00e9cital \u00ab De Bach \u00e0 Broadway \u00bb : Une soir\u00e9e musicale exceptionnelle"}]},{"@type":"WebSite","@id":"https:\/\/www.locansol.fr\/#website","url":"https:\/\/www.locansol.fr\/","name":"Locansol, louer un h\u00e9bergement dans les Pyr\u00e9n\u00e9es-Orientales","description":"Location Mobil-home Mer M\u00e9diterran\u00e9e &amp; Chalet de Montagne dans les Pyr\u00e9n\u00e9es Orientales (Occitanie, 66). Weekend, s\u00e9jour &amp; vacances en famille et entre amis.","publisher":{"@id":"https:\/\/www.locansol.fr\/#organization"},"alternateName":"Louer un h\u00e9bergement dans les Pyr\u00e9n\u00e9es Orientales, chalet & mobil-home en Occitanie","potentialAction":[{"@type":"SearchAction","target":{"@type":"EntryPoint","urlTemplate":"https:\/\/www.locansol.fr\/?s={search_term_string}"},"query-input":{"@type":"PropertyValueSpecification","valueRequired":true,"valueName":"search_term_string"}}],"inLanguage":"es"},{"@type":"Organization","@id":"https:\/\/www.locansol.fr\/#organization","name":"Location MobilHome & chalet dans les Pyr\u00e9n\u00e9es Orientales","alternateName":"Louer un h\u00e9bergement dans les Pyr\u00e9n\u00e9es Orientales en Occitanie","url":"https:\/\/www.locansol.fr\/","logo":{"@type":"ImageObject","inLanguage":"es","@id":"https:\/\/www.locansol.fr\/#\/schema\/logo\/image\/","url":"https:\/\/www.locansol.fr\/wp-content\/uploads\/2024\/04\/AdobeStock_303324767-scaled.jpeg","contentUrl":"https:\/\/www.locansol.fr\/wp-content\/uploads\/2024\/04\/AdobeStock_303324767-scaled.jpeg","width":2560,"height":1707,"caption":"Location MobilHome & chalet dans les Pyr\u00e9n\u00e9es Orientales"},"image":{"@id":"https:\/\/www.locansol.fr\/#\/schema\/logo\/image\/"}},{"@type":"Person","@id":"https:\/\/www.locansol.fr\/#\/schema\/person\/0b08d440f1ac44674c6d498107de351d","name":"H\u00e9bergements Locansol","image":{"@type":"ImageObject","inLanguage":"es","@id":"https:\/\/www.locansol.fr\/#\/schema\/person\/image\/","url":"https:\/\/secure.gravatar.com\/avatar\/444436b93284204f8116b6e0eb964cd3fcb811519c737232bde6dd5743c37ee5?s=96&d=mm&r=g","contentUrl":"https:\/\/secure.gravatar.com\/avatar\/444436b93284204f8116b6e0eb964cd3fcb811519c737232bde6dd5743c37ee5?s=96&d=mm&r=g","caption":"H\u00e9bergements Locansol"},"sameAs":["https:\/\/www.locansol.fr\/"],"url":"https:\/\/www.locansol.fr\/es\/author\/locansol\/"}]}},"_links":{"self":[{"href":"https:\/\/www.locansol.fr\/es\/wp-json\/wp\/v2\/posts\/5074","targetHints":{"allow":["GET"]}}],"collection":[{"href":"https:\/\/www.locansol.fr\/es\/wp-json\/wp\/v2\/posts"}],"about":[{"href":"https:\/\/www.locansol.fr\/es\/wp-json\/wp\/v2\/types\/post"}],"author":[{"embeddable":true,"href":"https:\/\/www.locansol.fr\/es\/wp-json\/wp\/v2\/users\/5"}],"replies":[{"embeddable":true,"href":"https:\/\/www.locansol.fr\/es\/wp-json\/wp\/v2\/comments?post=5074"}],"version-history":[{"count":1,"href":"https:\/\/www.locansol.fr\/es\/wp-json\/wp\/v2\/posts\/5074\/revisions"}],"predecessor-version":[{"id":5075,"href":"https:\/\/www.locansol.fr\/es\/wp-json\/wp\/v2\/posts\/5074\/revisions\/5075"}],"wp:featuredmedia":[{"embeddable":true,"href":"https:\/\/www.locansol.fr\/es\/wp-json\/wp\/v2\/media\/5073"}],"wp:attachment":[{"href":"https:\/\/www.locansol.fr\/es\/wp-json\/wp\/v2\/media?parent=5074"}],"wp:term":[{"taxonomy":"category","embeddable":true,"href":"https:\/\/www.locansol.fr\/es\/wp-json\/wp\/v2\/categories?post=5074"},{"taxonomy":"post_tag","embeddable":true,"href":"https:\/\/www.locansol.fr\/es\/wp-json\/wp\/v2\/tags?post=5074"}],"curies":[{"name":"wp","href":"https:\/\/api.w.org\/{rel}","templated":true}]}}