{"id":5343,"date":"2026-03-30T16:03:54","date_gmt":"2026-03-30T14:03:54","guid":{"rendered":"https:\/\/www.locansol.fr\/procession-sanch-perpignan-traditions\/"},"modified":"2026-03-30T16:04:02","modified_gmt":"2026-03-30T14:04:02","slug":"procession-sanch-perpignan-traditions","status":"publish","type":"post","link":"https:\/\/www.locansol.fr\/es\/procession-sanch-perpignan-traditions\/","title":{"rendered":"La procession La Sanch \u00e0 Perpignan : Une immersion dans les traditions du 28 mars au 5 avril"},"content":{"rendered":"<p>Perpignan s\u2019appr\u00eate une nouvelle fois \u00e0 vibrer au rythme de la Semaine Sainte et de sa c\u00e9l\u00e8bre procession de la Sanch, du 28 mars au 5 avril. Cet \u00e9v\u00e9nement hors du commun est une plong\u00e9e dans les racines ancestrales de la culture catalane, offrant une des c\u00e9l\u00e9brations les plus poignantes de la r\u00e9gion.<\/p>\n<p>Point d\u2019orgue de cette semaine unique : la procession de la Sanch, qui se d\u00e9roule le Vendredi Saint et r\u00e9unit chaque ann\u00e9e des milliers de visiteurs. Depuis plus de six si\u00e8cles, cette tradition symbolise le chemin de croix du Christ, mettant en sc\u00e8ne un cort\u00e8ge impressionnant dans les ruelles historiques de Perpignan. Plus de 300 p\u00e9nitents, drap\u00e9s de capes rouges et coiff\u00e9s de hauts bonnets coniques, avancent solennellement, porteurs de lourdes croix et de statues religieuses. Le tout, accompagn\u00e9 par les rythmes graves des tambours et les chants liturgiques, laisse une empreinte forte dans les m\u00e9moires.<\/p>\n<p>Organis\u00e9e par l\u2019Archiconfr\u00e9rie de la Sanch, cet \u00e9v\u00e9nement ne se limite pas \u00e0 la spiritualit\u00e9. Il s\u2019agit \u00e9galement d\u2019un tr\u00e9sor culturel et historique, t\u00e9moignant d\u2019une tradition profond\u00e9ment enracin\u00e9e dans la m\u00e9moire collective du Roussillon. Le centre historique de Perpignan, tout en lumi\u00e8res et par\u00e9 de fleurs pour l\u2019occasion, devient le th\u00e9\u00e2tre d\u2019un spectacle \u00e9mouvant, o\u00f9 se m\u00ealent recueillement et communion.<\/p>\n<p>La Semaine Sainte \u00e0 Perpignan n\u2019est pas seulement une f\u00eate religieuse. C\u2019est une exp\u00e9rience immersive o\u00f9 la ferveur et l\u2019\u00e9motion s\u2019associent \u00e0 la beaut\u00e9 architecturale et \u00e0 la richesse des traditions catalanes. Que vous soyez croyant ou simple curieux, vous serez sans aucun doute captiv\u00e9 par l\u2019atmosph\u00e8re singuli\u00e8re de ces c\u00e9l\u00e9brations. La procession de la Sanch vous permettra de repartir avec des images et des \u00e9motions m\u00e9morables, tout en d\u00e9couvrant une facette unique du patrimoine local.<\/p>\n<p>Prenez donc le temps de fl\u00e2ner dans les rues d\u00e9cor\u00e9es du centre historique, de vous laisser porter par l\u2019ambiance solennelle et les traditions ancestrales. Captez la magie de Perpignan pendant cette semaine hors du temps, un moment o\u00f9 la ville toute enti\u00e8re semble s\u2019arr\u00eater pour honorer son histoire.<\/p>\n<p>Vous \u00eates \u00e0 la recherche d\u2019un moment de r\u00e9flexion spirituelle, d\u2019un apprentissage culturel ou simplement d\u2019une exp\u00e9rience unique ? Rendez-vous \u00e0 Perpignan pour d\u00e9couvrir la Semaine Sainte et sa procession incontournable de la Sanch. Une immersion totale dans le c\u0153ur du patrimoine catalan vous attend.<\/p>\n<h3>Informaci\u00f3n pr\u00e1ctica<\/h3>\n<p>\ud83d\udcc5 QUAND ? 28 mars > 5 avril<br \/>\ud83d\udccd O\u00d9 ? Centre historique, Perpignan<br \/>\ud83d\udcb6 COMBIEN ? Entr\u00e9e gratuite<\/p>","protected":false},"excerpt":{"rendered":"<p>Du 28 mars au 5 avril, vivez la Semaine Sainte \u00e0 Perpignan et sa c\u00e9l\u00e8bre procession de la Sanch, une tradition catalane unique en France, entre ferveur religieuse et d\u00e9couverte culturelle.<\/p>","protected":false},"author":5,"featured_media":5342,"comment_status":"closed","ping_status":"open","sticky":false,"template":"","format":"standard","meta":{"_yoast_wpseo_focuskw":"procession Sanch Perpignan traditions","_yoast_wpseo_title":"La procession La Sanch \u00e0 Perpignan - Tradition catalane","_yoast_wpseo_metadesc":"La procession La Sanch \u00e0 Perpignan : une immersion dans les traditions catalanes. D\u00e9couvrez un \u00e9v\u00e9nement unique dans les Pyr\u00e9n\u00e9es-Orientales avec des p\u00e9nitents en capes rouges.","_yoast_wpseo_canonical":"","_yoast_wpseo_opengraph-title":"Vivez l'\u00e9motion : La procession La Sanch \u00e0 Perpignan - Une tradition mill\u00e9naire","_yoast_wpseo_opengraph-description":"Plongez dans l'atmosph\u00e8re solennelle de la procession La Sanch \u00e0 Perpignan. Des p\u00e9nitents en capes rouges, des chants liturgiques et une exp\u00e9rience inoubliable.","_yoast_wpseo_opengraph-image":"https:\/\/www.locansol.fr\/wp-content\/uploads\/2026\/03\/procession-sanch-perpignan-traditions.webp","_yoast_wpseo_opengraph-image-id":"","_yoast_wpseo_twitter-title":"D\u00e9couvrez la procession La Sanch \u00e0 Perpignan","_yoast_wpseo_twitter-description":"Une immersion dans les traditions catalanes avec la procession La Sanch \u00e0 Perpignan. Des \u00e9motions fortes et une exp\u00e9rience unique vous attendent.","_yoast_wpseo_twitter-image":"https:\/\/www.locansol.fr\/wp-content\/uploads\/2026\/03\/procession-sanch-perpignan-traditions.webp","_yoast_wpseo_twitter-image-id":"","yoast_primary_category":"F\u00eates de P\u00e2ques","footnotes":""},"categories":[29],"tags":[76,71,75],"class_list":["post-5343","post","type-post","status-publish","format-standard","has-post-thumbnail","hentry","category-agenda-pyrenees-orientales","tag-pyrenees-orientales","tag-religion","tag-traditions-et-folklore"],"yoast_head":"<!-- This site is optimized with the Yoast SEO Premium plugin v23.3 (Yoast SEO v26.9) - https:\/\/yoast.com\/product\/yoast-seo-premium-wordpress\/ -->\n<title>La procession La Sanch \u00e0 Perpignan - Tradition catalane<\/title>\n<meta name=\"description\" content=\"La procession La Sanch \u00e0 Perpignan : une immersion dans les traditions catalanes. D\u00e9couvrez un \u00e9v\u00e9nement unique dans les Pyr\u00e9n\u00e9es-Orientales avec des p\u00e9nitents en capes rouges.\" \/>\n<meta name=\"robots\" content=\"index, follow, max-snippet:-1, max-image-preview:large, max-video-preview:-1\" \/>\n<link rel=\"canonical\" href=\"https:\/\/www.locansol.fr\/es\/procession-sanch-perpignan-traditions\/\" \/>\n<meta property=\"og:locale\" content=\"es_ES\" \/>\n<meta property=\"og:type\" content=\"article\" \/>\n<meta property=\"og:title\" content=\"Vivez l&#039;\u00e9motion : La procession La Sanch \u00e0 Perpignan - Une tradition mill\u00e9naire\" \/>\n<meta property=\"og:description\" content=\"Plongez dans l&#039;atmosph\u00e8re solennelle de la procession La Sanch \u00e0 Perpignan. Des p\u00e9nitents en capes rouges, des chants liturgiques et une exp\u00e9rience inoubliable.\" \/>\n<meta property=\"og:url\" content=\"https:\/\/www.locansol.fr\/es\/procession-sanch-perpignan-traditions\/\" \/>\n<meta property=\"og:site_name\" content=\"Locansol, louer un h\u00e9bergement dans les Pyr\u00e9n\u00e9es Orientales\" \/>\n<meta property=\"article:published_time\" content=\"2026-03-30T14:03:54+00:00\" \/>\n<meta property=\"article:modified_time\" content=\"2026-03-30T14:04:02+00:00\" \/>\n<meta property=\"og:image\" content=\"https:\/\/www.locansol.fr\/wp-content\/uploads\/2026\/03\/procession-sanch-perpignan-traditions.webp\" \/>\n<meta name=\"author\" content=\"H\u00e9bergements Locansol\" \/>\n<meta name=\"twitter:card\" content=\"summary_large_image\" \/>\n<meta name=\"twitter:title\" content=\"D\u00e9couvrez la procession La Sanch \u00e0 Perpignan\" \/>\n<meta name=\"twitter:description\" content=\"Une immersion dans les traditions catalanes avec la procession La Sanch \u00e0 Perpignan. Des \u00e9motions fortes et une exp\u00e9rience unique vous attendent.\" \/>\n<meta name=\"twitter:image\" content=\"https:\/\/www.locansol.fr\/wp-content\/uploads\/2026\/03\/procession-sanch-perpignan-traditions.webp\" \/>\n<meta name=\"twitter:label1\" content=\"Escrito por\" \/>\n\t<meta name=\"twitter:data1\" content=\"H\u00e9bergements Locansol\" \/>\n\t<meta name=\"twitter:label2\" content=\"Tiempo de lectura\" \/>\n\t<meta name=\"twitter:data2\" content=\"2 minutos\" \/>\n<script type=\"application\/ld+json\" class=\"yoast-schema-graph\">{\"@context\":\"https:\/\/schema.org\",\"@graph\":[{\"@type\":\"Article\",\"@id\":\"https:\/\/www.locansol.fr\/procession-sanch-perpignan-traditions\/#article\",\"isPartOf\":{\"@id\":\"https:\/\/www.locansol.fr\/procession-sanch-perpignan-traditions\/\"},\"author\":{\"name\":\"H\u00e9bergements Locansol\",\"@id\":\"https:\/\/www.locansol.fr\/#\/schema\/person\/0b08d440f1ac44674c6d498107de351d\"},\"headline\":\"La procession La Sanch \u00e0 Perpignan : Une immersion dans les traditions du 28 mars au 5 avril\",\"datePublished\":\"2026-03-30T14:03:54+00:00\",\"dateModified\":\"2026-03-30T14:04:02+00:00\",\"mainEntityOfPage\":{\"@id\":\"https:\/\/www.locansol.fr\/procession-sanch-perpignan-traditions\/\"},\"wordCount\":457,\"publisher\":{\"@id\":\"https:\/\/www.locansol.fr\/#organization\"},\"image\":{\"@id\":\"https:\/\/www.locansol.fr\/procession-sanch-perpignan-traditions\/#primaryimage\"},\"thumbnailUrl\":\"https:\/\/www.locansol.fr\/wp-content\/uploads\/2026\/03\/procession-sanch-perpignan-traditions.webp\",\"keywords\":[\"Pyr\u00e9n\u00e9es-Orientales\",\"Religion\",\"Traditions et folklore\"],\"articleSection\":[\"Agenda\"],\"inLanguage\":\"es\"},{\"@type\":\"WebPage\",\"@id\":\"https:\/\/www.locansol.fr\/procession-sanch-perpignan-traditions\/\",\"url\":\"https:\/\/www.locansol.fr\/procession-sanch-perpignan-traditions\/\",\"name\":\"La procession La Sanch \u00e0 Perpignan - Tradition catalane\",\"isPartOf\":{\"@id\":\"https:\/\/www.locansol.fr\/#website\"},\"primaryImageOfPage\":{\"@id\":\"https:\/\/www.locansol.fr\/procession-sanch-perpignan-traditions\/#primaryimage\"},\"image\":{\"@id\":\"https:\/\/www.locansol.fr\/procession-sanch-perpignan-traditions\/#primaryimage\"},\"thumbnailUrl\":\"https:\/\/www.locansol.fr\/wp-content\/uploads\/2026\/03\/procession-sanch-perpignan-traditions.webp\",\"datePublished\":\"2026-03-30T14:03:54+00:00\",\"dateModified\":\"2026-03-30T14:04:02+00:00\",\"description\":\"La procession La Sanch \u00e0 Perpignan : une immersion dans les traditions catalanes. D\u00e9couvrez un \u00e9v\u00e9nement unique dans les Pyr\u00e9n\u00e9es-Orientales avec des p\u00e9nitents en capes rouges.\",\"breadcrumb\":{\"@id\":\"https:\/\/www.locansol.fr\/procession-sanch-perpignan-traditions\/#breadcrumb\"},\"inLanguage\":\"es\",\"potentialAction\":[{\"@type\":\"ReadAction\",\"target\":[\"https:\/\/www.locansol.fr\/procession-sanch-perpignan-traditions\/\"]}]},{\"@type\":\"ImageObject\",\"inLanguage\":\"es\",\"@id\":\"https:\/\/www.locansol.fr\/procession-sanch-perpignan-traditions\/#primaryimage\",\"url\":\"https:\/\/www.locansol.fr\/wp-content\/uploads\/2026\/03\/procession-sanch-perpignan-traditions.webp\",\"contentUrl\":\"https:\/\/www.locansol.fr\/wp-content\/uploads\/2026\/03\/procession-sanch-perpignan-traditions.webp\",\"width\":1000,\"height\":732,\"caption\":\"La procession La Sanch \u00e0 Perpignan - Tradition catalane\"},{\"@type\":\"BreadcrumbList\",\"@id\":\"https:\/\/www.locansol.fr\/procession-sanch-perpignan-traditions\/#breadcrumb\",\"itemListElement\":[{\"@type\":\"ListItem\",\"position\":1,\"name\":\"Accueil\",\"item\":\"https:\/\/www.locansol.fr\/\"},{\"@type\":\"ListItem\",\"position\":2,\"name\":\"La procession La Sanch \u00e0 Perpignan : Une immersion dans les traditions du 28 mars au 5 avril\"}]},{\"@type\":\"WebSite\",\"@id\":\"https:\/\/www.locansol.fr\/#website\",\"url\":\"https:\/\/www.locansol.fr\/\",\"name\":\"Locansol, louer un h\u00e9bergement dans les Pyr\u00e9n\u00e9es-Orientales\",\"description\":\"Location Mobil-home Mer M\u00e9diterran\u00e9e &amp; Chalet de Montagne dans les Pyr\u00e9n\u00e9es Orientales (Occitanie, 66). Weekend, s\u00e9jour &amp; vacances en famille et entre amis.\",\"publisher\":{\"@id\":\"https:\/\/www.locansol.fr\/#organization\"},\"alternateName\":\"Louer un h\u00e9bergement dans les Pyr\u00e9n\u00e9es Orientales, chalet & mobil-home en Occitanie\",\"potentialAction\":[{\"@type\":\"SearchAction\",\"target\":{\"@type\":\"EntryPoint\",\"urlTemplate\":\"https:\/\/www.locansol.fr\/?s={search_term_string}\"},\"query-input\":{\"@type\":\"PropertyValueSpecification\",\"valueRequired\":true,\"valueName\":\"search_term_string\"}}],\"inLanguage\":\"es\"},{\"@type\":\"Organization\",\"@id\":\"https:\/\/www.locansol.fr\/#organization\",\"name\":\"Location MobilHome & chalet dans les Pyr\u00e9n\u00e9es Orientales\",\"alternateName\":\"Louer un h\u00e9bergement dans les Pyr\u00e9n\u00e9es Orientales en Occitanie\",\"url\":\"https:\/\/www.locansol.fr\/\",\"logo\":{\"@type\":\"ImageObject\",\"inLanguage\":\"es\",\"@id\":\"https:\/\/www.locansol.fr\/#\/schema\/logo\/image\/\",\"url\":\"https:\/\/www.locansol.fr\/wp-content\/uploads\/2024\/04\/AdobeStock_303324767-scaled.jpeg\",\"contentUrl\":\"https:\/\/www.locansol.fr\/wp-content\/uploads\/2024\/04\/AdobeStock_303324767-scaled.jpeg\",\"width\":2560,\"height\":1707,\"caption\":\"Location MobilHome & chalet dans les Pyr\u00e9n\u00e9es Orientales\"},\"image\":{\"@id\":\"https:\/\/www.locansol.fr\/#\/schema\/logo\/image\/\"}},{\"@type\":\"Person\",\"@id\":\"https:\/\/www.locansol.fr\/#\/schema\/person\/0b08d440f1ac44674c6d498107de351d\",\"name\":\"H\u00e9bergements Locansol\",\"image\":{\"@type\":\"ImageObject\",\"inLanguage\":\"es\",\"@id\":\"https:\/\/www.locansol.fr\/#\/schema\/person\/image\/\",\"url\":\"https:\/\/secure.gravatar.com\/avatar\/444436b93284204f8116b6e0eb964cd3fcb811519c737232bde6dd5743c37ee5?s=96&d=mm&r=g\",\"contentUrl\":\"https:\/\/secure.gravatar.com\/avatar\/444436b93284204f8116b6e0eb964cd3fcb811519c737232bde6dd5743c37ee5?s=96&d=mm&r=g\",\"caption\":\"H\u00e9bergements Locansol\"},\"sameAs\":[\"https:\/\/www.locansol.fr\/\"],\"url\":\"https:\/\/www.locansol.fr\/es\/author\/locansol\/\"}]}<\/script>\n<!-- \/ Yoast SEO Premium plugin. -->","yoast_head_json":{"title":"La procession La Sanch \u00e0 Perpignan - Tradition catalane","description":"La procession La Sanch \u00e0 Perpignan : une immersion dans les traditions catalanes. D\u00e9couvrez un \u00e9v\u00e9nement unique dans les Pyr\u00e9n\u00e9es-Orientales avec des p\u00e9nitents en capes rouges.","robots":{"index":"index","follow":"follow","max-snippet":"max-snippet:-1","max-image-preview":"max-image-preview:large","max-video-preview":"max-video-preview:-1"},"canonical":"https:\/\/www.locansol.fr\/es\/procession-sanch-perpignan-traditions\/","og_locale":"es_ES","og_type":"article","og_title":"Vivez l'\u00e9motion : La procession La Sanch \u00e0 Perpignan - Une tradition mill\u00e9naire","og_description":"Plongez dans l'atmosph\u00e8re solennelle de la procession La Sanch \u00e0 Perpignan. Des p\u00e9nitents en capes rouges, des chants liturgiques et une exp\u00e9rience inoubliable.","og_url":"https:\/\/www.locansol.fr\/es\/procession-sanch-perpignan-traditions\/","og_site_name":"Locansol, louer un h\u00e9bergement dans les Pyr\u00e9n\u00e9es Orientales","article_published_time":"2026-03-30T14:03:54+00:00","article_modified_time":"2026-03-30T14:04:02+00:00","og_image":[{"url":"https:\/\/www.locansol.fr\/wp-content\/uploads\/2026\/03\/procession-sanch-perpignan-traditions.webp","type":"","width":"","height":""}],"author":"H\u00e9bergements Locansol","twitter_card":"summary_large_image","twitter_title":"D\u00e9couvrez la procession La Sanch \u00e0 Perpignan","twitter_description":"Une immersion dans les traditions catalanes avec la procession La Sanch \u00e0 Perpignan. Des \u00e9motions fortes et une exp\u00e9rience unique vous attendent.","twitter_image":"https:\/\/www.locansol.fr\/wp-content\/uploads\/2026\/03\/procession-sanch-perpignan-traditions.webp","twitter_misc":{"Escrito por":"H\u00e9bergements Locansol","Tiempo de lectura":"2 minutos"},"schema":{"@context":"https:\/\/schema.org","@graph":[{"@type":"Article","@id":"https:\/\/www.locansol.fr\/procession-sanch-perpignan-traditions\/#article","isPartOf":{"@id":"https:\/\/www.locansol.fr\/procession-sanch-perpignan-traditions\/"},"author":{"name":"H\u00e9bergements Locansol","@id":"https:\/\/www.locansol.fr\/#\/schema\/person\/0b08d440f1ac44674c6d498107de351d"},"headline":"La procession La Sanch \u00e0 Perpignan : Une immersion dans les traditions du 28 mars au 5 avril","datePublished":"2026-03-30T14:03:54+00:00","dateModified":"2026-03-30T14:04:02+00:00","mainEntityOfPage":{"@id":"https:\/\/www.locansol.fr\/procession-sanch-perpignan-traditions\/"},"wordCount":457,"publisher":{"@id":"https:\/\/www.locansol.fr\/#organization"},"image":{"@id":"https:\/\/www.locansol.fr\/procession-sanch-perpignan-traditions\/#primaryimage"},"thumbnailUrl":"https:\/\/www.locansol.fr\/wp-content\/uploads\/2026\/03\/procession-sanch-perpignan-traditions.webp","keywords":["Pyr\u00e9n\u00e9es-Orientales","Religion","Traditions et folklore"],"articleSection":["Agenda"],"inLanguage":"es"},{"@type":"WebPage","@id":"https:\/\/www.locansol.fr\/procession-sanch-perpignan-traditions\/","url":"https:\/\/www.locansol.fr\/procession-sanch-perpignan-traditions\/","name":"La procession La Sanch \u00e0 Perpignan - Tradition catalane","isPartOf":{"@id":"https:\/\/www.locansol.fr\/#website"},"primaryImageOfPage":{"@id":"https:\/\/www.locansol.fr\/procession-sanch-perpignan-traditions\/#primaryimage"},"image":{"@id":"https:\/\/www.locansol.fr\/procession-sanch-perpignan-traditions\/#primaryimage"},"thumbnailUrl":"https:\/\/www.locansol.fr\/wp-content\/uploads\/2026\/03\/procession-sanch-perpignan-traditions.webp","datePublished":"2026-03-30T14:03:54+00:00","dateModified":"2026-03-30T14:04:02+00:00","description":"La procession La Sanch \u00e0 Perpignan : une immersion dans les traditions catalanes. D\u00e9couvrez un \u00e9v\u00e9nement unique dans les Pyr\u00e9n\u00e9es-Orientales avec des p\u00e9nitents en capes rouges.","breadcrumb":{"@id":"https:\/\/www.locansol.fr\/procession-sanch-perpignan-traditions\/#breadcrumb"},"inLanguage":"es","potentialAction":[{"@type":"ReadAction","target":["https:\/\/www.locansol.fr\/procession-sanch-perpignan-traditions\/"]}]},{"@type":"ImageObject","inLanguage":"es","@id":"https:\/\/www.locansol.fr\/procession-sanch-perpignan-traditions\/#primaryimage","url":"https:\/\/www.locansol.fr\/wp-content\/uploads\/2026\/03\/procession-sanch-perpignan-traditions.webp","contentUrl":"https:\/\/www.locansol.fr\/wp-content\/uploads\/2026\/03\/procession-sanch-perpignan-traditions.webp","width":1000,"height":732,"caption":"La procession La Sanch \u00e0 Perpignan - Tradition catalane"},{"@type":"BreadcrumbList","@id":"https:\/\/www.locansol.fr\/procession-sanch-perpignan-traditions\/#breadcrumb","itemListElement":[{"@type":"ListItem","position":1,"name":"Accueil","item":"https:\/\/www.locansol.fr\/"},{"@type":"ListItem","position":2,"name":"La procession La Sanch \u00e0 Perpignan : Une immersion dans les traditions du 28 mars au 5 avril"}]},{"@type":"WebSite","@id":"https:\/\/www.locansol.fr\/#website","url":"https:\/\/www.locansol.fr\/","name":"Locansol, louer un h\u00e9bergement dans les Pyr\u00e9n\u00e9es-Orientales","description":"Location Mobil-home Mer M\u00e9diterran\u00e9e &amp; Chalet de Montagne dans les Pyr\u00e9n\u00e9es Orientales (Occitanie, 66). Weekend, s\u00e9jour &amp; vacances en famille et entre amis.","publisher":{"@id":"https:\/\/www.locansol.fr\/#organization"},"alternateName":"Louer un h\u00e9bergement dans les Pyr\u00e9n\u00e9es Orientales, chalet & mobil-home en Occitanie","potentialAction":[{"@type":"SearchAction","target":{"@type":"EntryPoint","urlTemplate":"https:\/\/www.locansol.fr\/?s={search_term_string}"},"query-input":{"@type":"PropertyValueSpecification","valueRequired":true,"valueName":"search_term_string"}}],"inLanguage":"es"},{"@type":"Organization","@id":"https:\/\/www.locansol.fr\/#organization","name":"Location MobilHome & chalet dans les Pyr\u00e9n\u00e9es Orientales","alternateName":"Louer un h\u00e9bergement dans les Pyr\u00e9n\u00e9es Orientales en Occitanie","url":"https:\/\/www.locansol.fr\/","logo":{"@type":"ImageObject","inLanguage":"es","@id":"https:\/\/www.locansol.fr\/#\/schema\/logo\/image\/","url":"https:\/\/www.locansol.fr\/wp-content\/uploads\/2024\/04\/AdobeStock_303324767-scaled.jpeg","contentUrl":"https:\/\/www.locansol.fr\/wp-content\/uploads\/2024\/04\/AdobeStock_303324767-scaled.jpeg","width":2560,"height":1707,"caption":"Location MobilHome & chalet dans les Pyr\u00e9n\u00e9es Orientales"},"image":{"@id":"https:\/\/www.locansol.fr\/#\/schema\/logo\/image\/"}},{"@type":"Person","@id":"https:\/\/www.locansol.fr\/#\/schema\/person\/0b08d440f1ac44674c6d498107de351d","name":"H\u00e9bergements Locansol","image":{"@type":"ImageObject","inLanguage":"es","@id":"https:\/\/www.locansol.fr\/#\/schema\/person\/image\/","url":"https:\/\/secure.gravatar.com\/avatar\/444436b93284204f8116b6e0eb964cd3fcb811519c737232bde6dd5743c37ee5?s=96&d=mm&r=g","contentUrl":"https:\/\/secure.gravatar.com\/avatar\/444436b93284204f8116b6e0eb964cd3fcb811519c737232bde6dd5743c37ee5?s=96&d=mm&r=g","caption":"H\u00e9bergements Locansol"},"sameAs":["https:\/\/www.locansol.fr\/"],"url":"https:\/\/www.locansol.fr\/es\/author\/locansol\/"}]}},"_links":{"self":[{"href":"https:\/\/www.locansol.fr\/es\/wp-json\/wp\/v2\/posts\/5343","targetHints":{"allow":["GET"]}}],"collection":[{"href":"https:\/\/www.locansol.fr\/es\/wp-json\/wp\/v2\/posts"}],"about":[{"href":"https:\/\/www.locansol.fr\/es\/wp-json\/wp\/v2\/types\/post"}],"author":[{"embeddable":true,"href":"https:\/\/www.locansol.fr\/es\/wp-json\/wp\/v2\/users\/5"}],"replies":[{"embeddable":true,"href":"https:\/\/www.locansol.fr\/es\/wp-json\/wp\/v2\/comments?post=5343"}],"version-history":[{"count":1,"href":"https:\/\/www.locansol.fr\/es\/wp-json\/wp\/v2\/posts\/5343\/revisions"}],"predecessor-version":[{"id":5344,"href":"https:\/\/www.locansol.fr\/es\/wp-json\/wp\/v2\/posts\/5343\/revisions\/5344"}],"wp:featuredmedia":[{"embeddable":true,"href":"https:\/\/www.locansol.fr\/es\/wp-json\/wp\/v2\/media\/5342"}],"wp:attachment":[{"href":"https:\/\/www.locansol.fr\/es\/wp-json\/wp\/v2\/media?parent=5343"}],"wp:term":[{"taxonomy":"category","embeddable":true,"href":"https:\/\/www.locansol.fr\/es\/wp-json\/wp\/v2\/categories?post=5343"},{"taxonomy":"post_tag","embeddable":true,"href":"https:\/\/www.locansol.fr\/es\/wp-json\/wp\/v2\/tags?post=5343"}],"curies":[{"name":"wp","href":"https:\/\/api.w.org\/{rel}","templated":true}]}}