{"id":5460,"date":"2026-04-02T14:09:13","date_gmt":"2026-04-02T12:09:13","guid":{"rendered":"https:\/\/www.locansol.fr\/concert-flutes-sacree-perpignan\/"},"modified":"2026-04-02T14:09:17","modified_gmt":"2026-04-02T12:09:17","slug":"concert-flutes-sacree-perpignan","status":"publish","type":"post","link":"https:\/\/www.locansol.fr\/es\/concert-flutes-sacree-perpignan\/","title":{"rendered":"Perpignan, 2 avril 2026 : Concert \u00ab\u00a0Los Pasos Perdidos\u00a0\u00bb au c\u0153ur des F\u00eates de P\u00e2ques"},"content":{"rendered":"<p>Les F\u00eates de P\u00e2ques \u00e0 Perpignan prennent une dimension musicale exceptionnelle cette ann\u00e9e avec le concert \u00ab Los Pasos Perdidos \u00bb, qui se tiendra le jeudi 2 avril 2026 \u00e0 18h30 dans le cadre somptueux de l\u2019\u00e9glise des Dominicains. Cet \u00e9v\u00e9nement s\u2019inscrit dans le prestigieux Festival de Musique Sacr\u00e9e et promet une soir\u00e9e hors du commun, m\u00ealant tradition, spiritualit\u00e9 et exploration musicale \u00e0 travers les \u00e9poques.<\/p>\n<p>\u00c0 cette occasion, le c\u00e9l\u00e8bre fl\u00fbtiste Pierre Hamon sera accompagn\u00e9 de sa fille, Ananda Brand\u00e3o, jeune et talentueuse musicienne. Ensemble, ils forment un duo envo\u00fbtant qui transportera les spectateurs dans un v\u00e9ritable voyage sonore reliant l\u2019Ancien et le Nouveau Monde. Avec des compositions d\u00e9di\u00e9es aux hymnes port\u00e9s vers le ciel, le vent, le soleil et la nature, le concert marie traditions am\u00e9rindiennes, musique m\u00e9di\u00e9vale et sonorit\u00e9s issues des quatre coins du globe. Fl\u00fbtes m\u00e9di\u00e9vales, fl\u00fbtes du monde et percussions rythmeront cette soir\u00e9e aux accents m\u00e9ditatifs et festifs.<\/p>\n<p>Pierre Hamon, musicien fran\u00e7ais de renom, est une v\u00e9ritable \u00e9toile dans le domaine de la musique ancienne et des fl\u00fbtes traditionnelles. Disciple de Pandit Hariprasad Chaurasia pour la fl\u00fbte bansur\u00ee et professeur au CNSMD de Lyon, il est aussi reconnu pour ses collaborations avec Jordi Savall et son engagement de longue date dans la red\u00e9couverte du r\u00e9pertoire m\u00e9di\u00e9val avec des ensembles de renom comme Gilles Binchois et Alla Francesca. Sa compagnie sur sc\u00e8ne, Ananda Brand\u00e3o, apporte une touche de fra\u00eecheur et de complicit\u00e9 filiale \u00e0 cet \u00e9v\u00e9nement d\u2019exception.<\/p>\n<p>Ce concert, d\u2019une dur\u00e9e de 50 minutes, est bien plus qu\u2019une simple prestation musicale. C\u2019est une v\u00e9ritable exp\u00e9rience immersive, aussi spirituelle que sensorielle, dans un cadre majestueux. L\u2019\u00e9glise des Dominicains, avec son acoustique exceptionnelle et son architecture saisissante, sera le th\u00e9\u00e2tre parfait pour cette soir\u00e9e. \u00ab Los Pasos Perdidos \u00bb s\u2019adresse tant aux amateurs de musique classique qu\u2019aux curieux en qu\u00eate de nouvelles d\u00e9couvertes culturelles.<\/p>\n<p>Les places, propos\u00e9es \u00e0 un tarif plein de 15 \u20ac, vous garantissent un moment de douceur et de d\u00e9couverte dans une ambiance empreinte de s\u00e9r\u00e9nit\u00e9. Que vous soyez m\u00e9lomane, passionn\u00e9 de spiritualit\u00e9 ou simplement curieux de vous impr\u00e9gner d\u2019une atmosph\u00e8re unique, ce concert saura assur\u00e9ment r\u00e9pondre \u00e0 vos attentes.<\/p>\n<p>Ne manquez pas cette merveilleuse opportunit\u00e9 et rejoignez-nous pour c\u00e9l\u00e9brer P\u00e2ques en musique. R\u00e9servez d\u00e8s \u00e0 pr\u00e9sent votre place et laissez-vous envo\u00fbter par le souffle magique des fl\u00fbtes de Pierre Hamon et Ananda Brand\u00e3o. Vous en ressortirez avec des \u00e9toiles plein les yeux et l\u2019\u00e2me d\u00e9licieusement apais\u00e9e.<\/p>\n<h3>Informaci\u00f3n pr\u00e1ctica<\/h3>\n<p>\ud83d\udcc5 QUAND ? Jeudi 2 avril 2026 \u00e0 18h30<br \/>\ud83d\udccd O\u00d9 ? \u00c9glise des Dominicains, Perpignan<br \/>\ud83d\udcb6 COMBIEN ? 15,00 \u20ac (tarif plein)<\/p>","protected":false},"excerpt":{"rendered":"<p>Assistez au concert \u00ab Los Pasos Perdidos \u00bb le 2 avril 2026 \u00e0 Perpignan : un voyage sonore exceptionnel dans le cadre des F\u00eates de P\u00e2ques.<\/p>","protected":false},"author":5,"featured_media":5459,"comment_status":"closed","ping_status":"open","sticky":false,"template":"","format":"standard","meta":{"_yoast_wpseo_focuskw":"Concert fl\u00fbtes sacr\u00e9es Perpignan","_yoast_wpseo_title":"Los Pasos Perdidos Perpignan : concert de P\u00e2ques","_yoast_wpseo_metadesc":"Los Pasos Perdidos Perpignan : concert de musique sacr\u00e9e dans les Pyr\u00e9n\u00e9es-Orientales. Voyage sonore avec Pierre Hamon et Ananda Brand\u00e3o le 2 avril 2026 \u00e0 l'\u00e9glise des Dominicains.","_yoast_wpseo_canonical":"","_yoast_wpseo_opengraph-title":"\u00c9merveillement garanti : concert Los Pasos Perdidos \u00e0 Perpignan \u2014 un voyage spirituel","_yoast_wpseo_opengraph-description":"Plongez dans une atmosph\u00e8re envo\u00fbtante avec le concert Los Pasos Perdidos \u00e0 Perpignan. Laissez-vous transporter par les fl\u00fbtes de Pierre Hamon et Ananda Brand\u00e3o dans un voyage sonore inoubliable.","_yoast_wpseo_opengraph-image":"https:\/\/www.locansol.fr\/wp-content\/uploads\/2026\/04\/concert-flutes-sacree-perpignan.webp","_yoast_wpseo_opengraph-image-id":"","_yoast_wpseo_twitter-title":"Concert Los Pasos Perdidos \u00e0 Perpignan : une exp\u00e9rience unique","_yoast_wpseo_twitter-description":"D\u00e9couvrez le concert Los Pasos Perdidos \u00e0 Perpignan. Une exp\u00e9rience musicale et spirituelle inoubliable avec Pierre Hamon et Ananda Brand\u00e3o.","_yoast_wpseo_twitter-image":"https:\/\/www.locansol.fr\/wp-content\/uploads\/2026\/04\/concert-flutes-sacree-perpignan.webp","_yoast_wpseo_twitter-image-id":"","yoast_primary_category":"F\u00eates de P\u00e2ques","footnotes":""},"categories":[29],"tags":[66,69,76],"class_list":["post-5460","post","type-post","status-publish","format-standard","has-post-thumbnail","hentry","category-agenda-pyrenees-orientales","tag-evenement-culturel","tag-musique","tag-pyrenees-orientales"],"yoast_head":"<!-- This site is optimized with the Yoast SEO Premium plugin v23.3 (Yoast SEO v26.9) - https:\/\/yoast.com\/product\/yoast-seo-premium-wordpress\/ -->\n<title>Los Pasos Perdidos Perpignan : concert de P\u00e2ques<\/title>\n<meta name=\"description\" content=\"Los Pasos Perdidos Perpignan : concert de musique sacr\u00e9e dans les Pyr\u00e9n\u00e9es-Orientales. Voyage sonore avec Pierre Hamon et Ananda Brand\u00e3o le 2 avril 2026 \u00e0 l&#039;\u00e9glise des Dominicains.\" \/>\n<meta name=\"robots\" content=\"index, follow, max-snippet:-1, max-image-preview:large, max-video-preview:-1\" \/>\n<link rel=\"canonical\" href=\"https:\/\/www.locansol.fr\/es\/concert-flutes-sacree-perpignan\/\" \/>\n<meta property=\"og:locale\" content=\"es_ES\" \/>\n<meta property=\"og:type\" content=\"article\" \/>\n<meta property=\"og:title\" content=\"\u00c9merveillement garanti : concert Los Pasos Perdidos \u00e0 Perpignan \u2014 un voyage spirituel\" \/>\n<meta property=\"og:description\" content=\"Plongez dans une atmosph\u00e8re envo\u00fbtante avec le concert Los Pasos Perdidos \u00e0 Perpignan. Laissez-vous transporter par les fl\u00fbtes de Pierre Hamon et Ananda Brand\u00e3o dans un voyage sonore inoubliable.\" \/>\n<meta property=\"og:url\" content=\"https:\/\/www.locansol.fr\/es\/concert-flutes-sacree-perpignan\/\" \/>\n<meta property=\"og:site_name\" content=\"Locansol, louer un h\u00e9bergement dans les Pyr\u00e9n\u00e9es Orientales\" \/>\n<meta property=\"article:published_time\" content=\"2026-04-02T12:09:13+00:00\" \/>\n<meta property=\"article:modified_time\" content=\"2026-04-02T12:09:17+00:00\" \/>\n<meta property=\"og:image\" content=\"https:\/\/www.locansol.fr\/wp-content\/uploads\/2026\/04\/concert-flutes-sacree-perpignan.webp\" \/>\n<meta name=\"author\" content=\"H\u00e9bergements Locansol\" \/>\n<meta name=\"twitter:card\" content=\"summary_large_image\" \/>\n<meta name=\"twitter:title\" content=\"Concert Los Pasos Perdidos \u00e0 Perpignan : une exp\u00e9rience unique\" \/>\n<meta name=\"twitter:description\" content=\"D\u00e9couvrez le concert Los Pasos Perdidos \u00e0 Perpignan. Une exp\u00e9rience musicale et spirituelle inoubliable avec Pierre Hamon et Ananda Brand\u00e3o.\" \/>\n<meta name=\"twitter:image\" content=\"https:\/\/www.locansol.fr\/wp-content\/uploads\/2026\/04\/concert-flutes-sacree-perpignan.webp\" \/>\n<meta name=\"twitter:label1\" content=\"Escrito por\" \/>\n\t<meta name=\"twitter:data1\" content=\"H\u00e9bergements Locansol\" \/>\n\t<meta name=\"twitter:label2\" content=\"Tiempo de lectura\" \/>\n\t<meta name=\"twitter:data2\" content=\"2 minutos\" \/>\n<script type=\"application\/ld+json\" class=\"yoast-schema-graph\">{\"@context\":\"https:\/\/schema.org\",\"@graph\":[{\"@type\":\"Article\",\"@id\":\"https:\/\/www.locansol.fr\/concert-flutes-sacree-perpignan\/#article\",\"isPartOf\":{\"@id\":\"https:\/\/www.locansol.fr\/concert-flutes-sacree-perpignan\/\"},\"author\":{\"name\":\"H\u00e9bergements Locansol\",\"@id\":\"https:\/\/www.locansol.fr\/#\/schema\/person\/0b08d440f1ac44674c6d498107de351d\"},\"headline\":\"Perpignan, 2 avril 2026 : Concert \u00ab\u00a0Los Pasos Perdidos\u00a0\u00bb au c\u0153ur des F\u00eates de P\u00e2ques\",\"datePublished\":\"2026-04-02T12:09:13+00:00\",\"dateModified\":\"2026-04-02T12:09:17+00:00\",\"mainEntityOfPage\":{\"@id\":\"https:\/\/www.locansol.fr\/concert-flutes-sacree-perpignan\/\"},\"wordCount\":491,\"publisher\":{\"@id\":\"https:\/\/www.locansol.fr\/#organization\"},\"image\":{\"@id\":\"https:\/\/www.locansol.fr\/concert-flutes-sacree-perpignan\/#primaryimage\"},\"thumbnailUrl\":\"https:\/\/www.locansol.fr\/wp-content\/uploads\/2026\/04\/concert-flutes-sacree-perpignan.webp\",\"keywords\":[\"\u00c9v\u00e8nement culturel\",\"Musique\",\"Pyr\u00e9n\u00e9es-Orientales\"],\"articleSection\":[\"Agenda\"],\"inLanguage\":\"es\"},{\"@type\":\"WebPage\",\"@id\":\"https:\/\/www.locansol.fr\/concert-flutes-sacree-perpignan\/\",\"url\":\"https:\/\/www.locansol.fr\/concert-flutes-sacree-perpignan\/\",\"name\":\"Los Pasos Perdidos Perpignan : concert de P\u00e2ques\",\"isPartOf\":{\"@id\":\"https:\/\/www.locansol.fr\/#website\"},\"primaryImageOfPage\":{\"@id\":\"https:\/\/www.locansol.fr\/concert-flutes-sacree-perpignan\/#primaryimage\"},\"image\":{\"@id\":\"https:\/\/www.locansol.fr\/concert-flutes-sacree-perpignan\/#primaryimage\"},\"thumbnailUrl\":\"https:\/\/www.locansol.fr\/wp-content\/uploads\/2026\/04\/concert-flutes-sacree-perpignan.webp\",\"datePublished\":\"2026-04-02T12:09:13+00:00\",\"dateModified\":\"2026-04-02T12:09:17+00:00\",\"description\":\"Los Pasos Perdidos Perpignan : concert de musique sacr\u00e9e dans les Pyr\u00e9n\u00e9es-Orientales. Voyage sonore avec Pierre Hamon et Ananda Brand\u00e3o le 2 avril 2026 \u00e0 l'\u00e9glise des Dominicains.\",\"breadcrumb\":{\"@id\":\"https:\/\/www.locansol.fr\/concert-flutes-sacree-perpignan\/#breadcrumb\"},\"inLanguage\":\"es\",\"potentialAction\":[{\"@type\":\"ReadAction\",\"target\":[\"https:\/\/www.locansol.fr\/concert-flutes-sacree-perpignan\/\"]}]},{\"@type\":\"ImageObject\",\"inLanguage\":\"es\",\"@id\":\"https:\/\/www.locansol.fr\/concert-flutes-sacree-perpignan\/#primaryimage\",\"url\":\"https:\/\/www.locansol.fr\/wp-content\/uploads\/2026\/04\/concert-flutes-sacree-perpignan.webp\",\"contentUrl\":\"https:\/\/www.locansol.fr\/wp-content\/uploads\/2026\/04\/concert-flutes-sacree-perpignan.webp\",\"width\":1024,\"height\":576,\"caption\":\"Los Pasos Perdidos Perpignan : concert de P\u00e2ques\"},{\"@type\":\"BreadcrumbList\",\"@id\":\"https:\/\/www.locansol.fr\/concert-flutes-sacree-perpignan\/#breadcrumb\",\"itemListElement\":[{\"@type\":\"ListItem\",\"position\":1,\"name\":\"Accueil\",\"item\":\"https:\/\/www.locansol.fr\/\"},{\"@type\":\"ListItem\",\"position\":2,\"name\":\"Perpignan, 2 avril 2026 : Concert \u00ab\u00a0Los Pasos Perdidos\u00a0\u00bb au c\u0153ur des F\u00eates de P\u00e2ques\"}]},{\"@type\":\"WebSite\",\"@id\":\"https:\/\/www.locansol.fr\/#website\",\"url\":\"https:\/\/www.locansol.fr\/\",\"name\":\"Locansol, louer un h\u00e9bergement dans les Pyr\u00e9n\u00e9es-Orientales\",\"description\":\"Location Mobil-home Mer M\u00e9diterran\u00e9e &amp; Chalet de Montagne dans les Pyr\u00e9n\u00e9es Orientales (Occitanie, 66). Weekend, s\u00e9jour &amp; vacances en famille et entre amis.\",\"publisher\":{\"@id\":\"https:\/\/www.locansol.fr\/#organization\"},\"alternateName\":\"Louer un h\u00e9bergement dans les Pyr\u00e9n\u00e9es Orientales, chalet & mobil-home en Occitanie\",\"potentialAction\":[{\"@type\":\"SearchAction\",\"target\":{\"@type\":\"EntryPoint\",\"urlTemplate\":\"https:\/\/www.locansol.fr\/?s={search_term_string}\"},\"query-input\":{\"@type\":\"PropertyValueSpecification\",\"valueRequired\":true,\"valueName\":\"search_term_string\"}}],\"inLanguage\":\"es\"},{\"@type\":\"Organization\",\"@id\":\"https:\/\/www.locansol.fr\/#organization\",\"name\":\"Location MobilHome & chalet dans les Pyr\u00e9n\u00e9es Orientales\",\"alternateName\":\"Louer un h\u00e9bergement dans les Pyr\u00e9n\u00e9es Orientales en Occitanie\",\"url\":\"https:\/\/www.locansol.fr\/\",\"logo\":{\"@type\":\"ImageObject\",\"inLanguage\":\"es\",\"@id\":\"https:\/\/www.locansol.fr\/#\/schema\/logo\/image\/\",\"url\":\"https:\/\/www.locansol.fr\/wp-content\/uploads\/2024\/04\/AdobeStock_303324767-scaled.jpeg\",\"contentUrl\":\"https:\/\/www.locansol.fr\/wp-content\/uploads\/2024\/04\/AdobeStock_303324767-scaled.jpeg\",\"width\":2560,\"height\":1707,\"caption\":\"Location MobilHome & chalet dans les Pyr\u00e9n\u00e9es Orientales\"},\"image\":{\"@id\":\"https:\/\/www.locansol.fr\/#\/schema\/logo\/image\/\"}},{\"@type\":\"Person\",\"@id\":\"https:\/\/www.locansol.fr\/#\/schema\/person\/0b08d440f1ac44674c6d498107de351d\",\"name\":\"H\u00e9bergements Locansol\",\"image\":{\"@type\":\"ImageObject\",\"inLanguage\":\"es\",\"@id\":\"https:\/\/www.locansol.fr\/#\/schema\/person\/image\/\",\"url\":\"https:\/\/secure.gravatar.com\/avatar\/444436b93284204f8116b6e0eb964cd3fcb811519c737232bde6dd5743c37ee5?s=96&d=mm&r=g\",\"contentUrl\":\"https:\/\/secure.gravatar.com\/avatar\/444436b93284204f8116b6e0eb964cd3fcb811519c737232bde6dd5743c37ee5?s=96&d=mm&r=g\",\"caption\":\"H\u00e9bergements Locansol\"},\"sameAs\":[\"https:\/\/www.locansol.fr\/\"],\"url\":\"https:\/\/www.locansol.fr\/es\/author\/locansol\/\"}]}<\/script>\n<!-- \/ Yoast SEO Premium plugin. -->","yoast_head_json":{"title":"Los Pasos Perdidos Perpignan : concert de P\u00e2ques","description":"Los Pasos Perdidos Perpignan : concert de musique sacr\u00e9e dans les Pyr\u00e9n\u00e9es-Orientales. Voyage sonore avec Pierre Hamon et Ananda Brand\u00e3o le 2 avril 2026 \u00e0 l'\u00e9glise des Dominicains.","robots":{"index":"index","follow":"follow","max-snippet":"max-snippet:-1","max-image-preview":"max-image-preview:large","max-video-preview":"max-video-preview:-1"},"canonical":"https:\/\/www.locansol.fr\/es\/concert-flutes-sacree-perpignan\/","og_locale":"es_ES","og_type":"article","og_title":"\u00c9merveillement garanti : concert Los Pasos Perdidos \u00e0 Perpignan \u2014 un voyage spirituel","og_description":"Plongez dans une atmosph\u00e8re envo\u00fbtante avec le concert Los Pasos Perdidos \u00e0 Perpignan. Laissez-vous transporter par les fl\u00fbtes de Pierre Hamon et Ananda Brand\u00e3o dans un voyage sonore inoubliable.","og_url":"https:\/\/www.locansol.fr\/es\/concert-flutes-sacree-perpignan\/","og_site_name":"Locansol, louer un h\u00e9bergement dans les Pyr\u00e9n\u00e9es Orientales","article_published_time":"2026-04-02T12:09:13+00:00","article_modified_time":"2026-04-02T12:09:17+00:00","og_image":[{"url":"https:\/\/www.locansol.fr\/wp-content\/uploads\/2026\/04\/concert-flutes-sacree-perpignan.webp","type":"","width":"","height":""}],"author":"H\u00e9bergements Locansol","twitter_card":"summary_large_image","twitter_title":"Concert Los Pasos Perdidos \u00e0 Perpignan : une exp\u00e9rience unique","twitter_description":"D\u00e9couvrez le concert Los Pasos Perdidos \u00e0 Perpignan. Une exp\u00e9rience musicale et spirituelle inoubliable avec Pierre Hamon et Ananda Brand\u00e3o.","twitter_image":"https:\/\/www.locansol.fr\/wp-content\/uploads\/2026\/04\/concert-flutes-sacree-perpignan.webp","twitter_misc":{"Escrito por":"H\u00e9bergements Locansol","Tiempo de lectura":"2 minutos"},"schema":{"@context":"https:\/\/schema.org","@graph":[{"@type":"Article","@id":"https:\/\/www.locansol.fr\/concert-flutes-sacree-perpignan\/#article","isPartOf":{"@id":"https:\/\/www.locansol.fr\/concert-flutes-sacree-perpignan\/"},"author":{"name":"H\u00e9bergements Locansol","@id":"https:\/\/www.locansol.fr\/#\/schema\/person\/0b08d440f1ac44674c6d498107de351d"},"headline":"Perpignan, 2 avril 2026 : Concert \u00ab\u00a0Los Pasos Perdidos\u00a0\u00bb au c\u0153ur des F\u00eates de P\u00e2ques","datePublished":"2026-04-02T12:09:13+00:00","dateModified":"2026-04-02T12:09:17+00:00","mainEntityOfPage":{"@id":"https:\/\/www.locansol.fr\/concert-flutes-sacree-perpignan\/"},"wordCount":491,"publisher":{"@id":"https:\/\/www.locansol.fr\/#organization"},"image":{"@id":"https:\/\/www.locansol.fr\/concert-flutes-sacree-perpignan\/#primaryimage"},"thumbnailUrl":"https:\/\/www.locansol.fr\/wp-content\/uploads\/2026\/04\/concert-flutes-sacree-perpignan.webp","keywords":["\u00c9v\u00e8nement culturel","Musique","Pyr\u00e9n\u00e9es-Orientales"],"articleSection":["Agenda"],"inLanguage":"es"},{"@type":"WebPage","@id":"https:\/\/www.locansol.fr\/concert-flutes-sacree-perpignan\/","url":"https:\/\/www.locansol.fr\/concert-flutes-sacree-perpignan\/","name":"Los Pasos Perdidos Perpignan : concert de P\u00e2ques","isPartOf":{"@id":"https:\/\/www.locansol.fr\/#website"},"primaryImageOfPage":{"@id":"https:\/\/www.locansol.fr\/concert-flutes-sacree-perpignan\/#primaryimage"},"image":{"@id":"https:\/\/www.locansol.fr\/concert-flutes-sacree-perpignan\/#primaryimage"},"thumbnailUrl":"https:\/\/www.locansol.fr\/wp-content\/uploads\/2026\/04\/concert-flutes-sacree-perpignan.webp","datePublished":"2026-04-02T12:09:13+00:00","dateModified":"2026-04-02T12:09:17+00:00","description":"Los Pasos Perdidos Perpignan : concert de musique sacr\u00e9e dans les Pyr\u00e9n\u00e9es-Orientales. Voyage sonore avec Pierre Hamon et Ananda Brand\u00e3o le 2 avril 2026 \u00e0 l'\u00e9glise des Dominicains.","breadcrumb":{"@id":"https:\/\/www.locansol.fr\/concert-flutes-sacree-perpignan\/#breadcrumb"},"inLanguage":"es","potentialAction":[{"@type":"ReadAction","target":["https:\/\/www.locansol.fr\/concert-flutes-sacree-perpignan\/"]}]},{"@type":"ImageObject","inLanguage":"es","@id":"https:\/\/www.locansol.fr\/concert-flutes-sacree-perpignan\/#primaryimage","url":"https:\/\/www.locansol.fr\/wp-content\/uploads\/2026\/04\/concert-flutes-sacree-perpignan.webp","contentUrl":"https:\/\/www.locansol.fr\/wp-content\/uploads\/2026\/04\/concert-flutes-sacree-perpignan.webp","width":1024,"height":576,"caption":"Los Pasos Perdidos Perpignan : concert de P\u00e2ques"},{"@type":"BreadcrumbList","@id":"https:\/\/www.locansol.fr\/concert-flutes-sacree-perpignan\/#breadcrumb","itemListElement":[{"@type":"ListItem","position":1,"name":"Accueil","item":"https:\/\/www.locansol.fr\/"},{"@type":"ListItem","position":2,"name":"Perpignan, 2 avril 2026 : Concert \u00ab\u00a0Los Pasos Perdidos\u00a0\u00bb au c\u0153ur des F\u00eates de P\u00e2ques"}]},{"@type":"WebSite","@id":"https:\/\/www.locansol.fr\/#website","url":"https:\/\/www.locansol.fr\/","name":"Locansol, louer un h\u00e9bergement dans les Pyr\u00e9n\u00e9es-Orientales","description":"Location Mobil-home Mer M\u00e9diterran\u00e9e &amp; Chalet de Montagne dans les Pyr\u00e9n\u00e9es Orientales (Occitanie, 66). Weekend, s\u00e9jour &amp; vacances en famille et entre amis.","publisher":{"@id":"https:\/\/www.locansol.fr\/#organization"},"alternateName":"Louer un h\u00e9bergement dans les Pyr\u00e9n\u00e9es Orientales, chalet & mobil-home en Occitanie","potentialAction":[{"@type":"SearchAction","target":{"@type":"EntryPoint","urlTemplate":"https:\/\/www.locansol.fr\/?s={search_term_string}"},"query-input":{"@type":"PropertyValueSpecification","valueRequired":true,"valueName":"search_term_string"}}],"inLanguage":"es"},{"@type":"Organization","@id":"https:\/\/www.locansol.fr\/#organization","name":"Location MobilHome & chalet dans les Pyr\u00e9n\u00e9es Orientales","alternateName":"Louer un h\u00e9bergement dans les Pyr\u00e9n\u00e9es Orientales en Occitanie","url":"https:\/\/www.locansol.fr\/","logo":{"@type":"ImageObject","inLanguage":"es","@id":"https:\/\/www.locansol.fr\/#\/schema\/logo\/image\/","url":"https:\/\/www.locansol.fr\/wp-content\/uploads\/2024\/04\/AdobeStock_303324767-scaled.jpeg","contentUrl":"https:\/\/www.locansol.fr\/wp-content\/uploads\/2024\/04\/AdobeStock_303324767-scaled.jpeg","width":2560,"height":1707,"caption":"Location MobilHome & chalet dans les Pyr\u00e9n\u00e9es Orientales"},"image":{"@id":"https:\/\/www.locansol.fr\/#\/schema\/logo\/image\/"}},{"@type":"Person","@id":"https:\/\/www.locansol.fr\/#\/schema\/person\/0b08d440f1ac44674c6d498107de351d","name":"H\u00e9bergements Locansol","image":{"@type":"ImageObject","inLanguage":"es","@id":"https:\/\/www.locansol.fr\/#\/schema\/person\/image\/","url":"https:\/\/secure.gravatar.com\/avatar\/444436b93284204f8116b6e0eb964cd3fcb811519c737232bde6dd5743c37ee5?s=96&d=mm&r=g","contentUrl":"https:\/\/secure.gravatar.com\/avatar\/444436b93284204f8116b6e0eb964cd3fcb811519c737232bde6dd5743c37ee5?s=96&d=mm&r=g","caption":"H\u00e9bergements Locansol"},"sameAs":["https:\/\/www.locansol.fr\/"],"url":"https:\/\/www.locansol.fr\/es\/author\/locansol\/"}]}},"_links":{"self":[{"href":"https:\/\/www.locansol.fr\/es\/wp-json\/wp\/v2\/posts\/5460","targetHints":{"allow":["GET"]}}],"collection":[{"href":"https:\/\/www.locansol.fr\/es\/wp-json\/wp\/v2\/posts"}],"about":[{"href":"https:\/\/www.locansol.fr\/es\/wp-json\/wp\/v2\/types\/post"}],"author":[{"embeddable":true,"href":"https:\/\/www.locansol.fr\/es\/wp-json\/wp\/v2\/users\/5"}],"replies":[{"embeddable":true,"href":"https:\/\/www.locansol.fr\/es\/wp-json\/wp\/v2\/comments?post=5460"}],"version-history":[{"count":1,"href":"https:\/\/www.locansol.fr\/es\/wp-json\/wp\/v2\/posts\/5460\/revisions"}],"predecessor-version":[{"id":5461,"href":"https:\/\/www.locansol.fr\/es\/wp-json\/wp\/v2\/posts\/5460\/revisions\/5461"}],"wp:featuredmedia":[{"embeddable":true,"href":"https:\/\/www.locansol.fr\/es\/wp-json\/wp\/v2\/media\/5459"}],"wp:attachment":[{"href":"https:\/\/www.locansol.fr\/es\/wp-json\/wp\/v2\/media?parent=5460"}],"wp:term":[{"taxonomy":"category","embeddable":true,"href":"https:\/\/www.locansol.fr\/es\/wp-json\/wp\/v2\/categories?post=5460"},{"taxonomy":"post_tag","embeddable":true,"href":"https:\/\/www.locansol.fr\/es\/wp-json\/wp\/v2\/tags?post=5460"}],"curies":[{"name":"wp","href":"https:\/\/api.w.org\/{rel}","templated":true}]}}