{"id":5722,"date":"2026-04-09T00:03:35","date_gmt":"2026-04-08T22:03:35","guid":{"rendered":"https:\/\/www.locansol.fr\/exposition-insectes-ceret-art\/"},"modified":"2026-04-09T00:03:40","modified_gmt":"2026-04-08T22:03:40","slug":"exposition-insectes-ceret-art","status":"publish","type":"post","link":"https:\/\/www.locansol.fr\/es\/exposition-insectes-ceret-art\/","title":{"rendered":"C\u00e9ret, du 3 avril au 9 mai &#8211; Exposition \u00ab Les Insectes \u00bb d\u2019H\u00e9l\u00e8ne Lacquement &#8211; Art et nature en symbiose"},"content":{"rendered":"<p>Vous \u00eates amateur d\u2019art, de nature ou de rencontres inattendues avec les merveilles du monde vivant ? Ne manquez pas l\u2019exposition \u00ab Les Insectes \u00bb d\u2019H\u00e9l\u00e8ne Lacquement, qui investira C\u00e9ret du 3 avril au 9 mai 2026. Install\u00e9e au 4 Boulevard Lafayette, cette exposition culturelle gratuite promet de marquer les esprits. En combinant art et r\u00e9flexion \u00e9cologique, l\u2019artiste invite petits et grands \u00e0 d\u00e9couvrir sous un nouvel angle ces fascinantes cr\u00e9atures minuscules longtemps ignor\u00e9es, mais \u00f4 combien essentielles \u00e0 notre \u00e9cosyst\u00e8me.<\/p>\n<p>H\u00e9l\u00e8ne Lacquement est une artiste fran\u00e7aise dont la passion pour l&rsquo;art et la science se traduit par une technique unique : la cr\u00e9ation d\u2019insectes en papier. Ses \u0153uvres r\u00e9v\u00e8lent un savoir-faire impressionnant de d\u00e9coupage et de mise en volume, o\u00f9 le papier devient antennes d\u00e9licates, ailes fragiles ou segmentations lumineuses. Les cr\u00e9ations expos\u00e9es brouillent les fronti\u00e8res entre le naturel et l\u2019artificiel en \u00e9voquant \u00e0 la fois une curiosit\u00e9 scientifique et une po\u00e9sie visuelle ind\u00e9niable. Chaque pi\u00e8ce est une aventure qui c\u00e9l\u00e8bre la beaut\u00e9 et la complexit\u00e9 des insectes tout en sensibilisant le public \u00e0 leur pr\u00e9servation.<\/p>\n<p>L\u2019exposition propose une v\u00e9ritable immersion dans l\u2019univers myst\u00e9rieux et scientifique de ces petits \u00eatres. Les visiteurs pourront admirer la minutie et la d\u00e9licatesse des \u0153uvres tout en s&rsquo;interrogeant sur le r\u00f4le fondamental des insectes dans la biodiversit\u00e9. Au-del\u00e0 de l\u2019aspect artistique, H\u00e9l\u00e8ne Lacquement interroge aussi sur les transformations environnementales et la disparition progressive de ces esp\u00e8ces cruciales. Un \u00e9v\u00e9nement enrichissant qui combine merveilleusement r\u00e9flexion environnementale et \u00e9merveillement esth\u00e9tique.<\/p>\n<p>Les cr\u00e9ations rappellent que chaque insecte, bien qu\u2019en apparence simple, joue un r\u00f4le essentiel dans le fonctionnement de notre plan\u00e8te. Avec son approche po\u00e9tique mais \u00e9ducative, H\u00e9l\u00e8ne Lacquement r\u00e9ussit \u00e0 captiver autant les passionn\u00e9s de biologie que les amateurs d\u2019art contemporain. Accessible du mardi au jeudi, de 10 h \u00e0 18 h, l\u2019exposition permet m\u00eame les visites sur rendez-vous pour ceux qui voudraient profiter de l\u2019exp\u00e9rience dans des conditions plus intimes.<\/p>\n<p>Et le meilleur dans tout cela ? L\u2019entr\u00e9e est totalement gratuite ! Une occasion id\u00e9ale pour passer un moment culturel et inspirant \u00e0 C\u00e9ret, seul ou en famille, et pour explorer un sujet \u00e0 la crois\u00e9e de l\u2019art et de la science. C\u2019est une exposition qui attire, surprend et pousse \u00e0 r\u00e9fl\u00e9chir, dans un cadre chaleureux propice \u00e0 l\u2019\u00e9change et \u00e0 la contemplation.<\/p>\n<p>Alors, que vous soyez s\u00e9duit par l&rsquo;originalit\u00e9 des \u0153uvres ou intrigu\u00e9 par la pr\u00e9sence inattendue de cr\u00e9ations repr\u00e9sentant des insectes, vous avez toutes les raisons de vous rendre au 4 Boulevard Lafayette \u00e0 C\u00e9ret. Une exp\u00e9rience riche et m\u00e9morable vous attend !<\/p>\n<h3>Informaci\u00f3n pr\u00e1ctica<\/h3>\n<p>\ud83d\udcc5 QUAND ? Du 3 avril au 9 mai 2026<br \/>\ud83d\udccd O\u00d9 ? 4 Boulevard Lafayette, C\u00e9ret<br \/>\ud83d\udcb6 COMBIEN ? Entr\u00e9e gratuite<\/p>","protected":false},"excerpt":{"rendered":"<p>D\u00e9couvrez l&rsquo;exposition \u00ab Les Insectes \u00bb d&rsquo;H\u00e9l\u00e8ne Lacquement \u00e0 C\u00e9ret, gratuite et m\u00ealant art et \u00e9cologie, du 3 avril au 9 mai 2026.<\/p>","protected":false},"author":5,"featured_media":5721,"comment_status":"closed","ping_status":"open","sticky":false,"template":"","format":"standard","meta":{"_yoast_wpseo_focuskw":"Exposition Insectes C\u00e9ret Art","_yoast_wpseo_title":"Exposition Les Insectes C\u00e9ret - Art et nature en symbiose","_yoast_wpseo_metadesc":"Exposition Les Insectes C\u00e9ret. D\u00e9couvrez des \u0153uvres en papier c\u00e9l\u00e9brant la beaut\u00e9 des insectes. Entr\u00e9e gratuite. Pyr\u00e9n\u00e9es-Orientales.","_yoast_wpseo_canonical":"","_yoast_wpseo_opengraph-title":"D\u00e9couvrez l'art des insectes \u00e0 C\u00e9ret - Une symbiose artistique et naturelle","_yoast_wpseo_opengraph-description":"Plongez dans l'univers des insectes \u00e0 travers des \u0153uvres en papier. Une exposition gratuite \u00e0 C\u00e9ret pour c\u00e9l\u00e9brer la biodiversit\u00e9.","_yoast_wpseo_opengraph-image":"https:\/\/www.locansol.fr\/wp-content\/uploads\/2026\/04\/exposition-insectes-ceret-art.webp","_yoast_wpseo_opengraph-image-id":"","_yoast_wpseo_twitter-title":"Exposition Les Insectes \u00e0 C\u00e9ret : art et nature \u00e0 d\u00e9couvrir","_yoast_wpseo_twitter-description":"D\u00e9couvrez l'exposition Les Insectes \u00e0 C\u00e9ret. Des \u0153uvres en papier pour c\u00e9l\u00e9brer la beaut\u00e9 des insectes. Entr\u00e9e gratuite !","_yoast_wpseo_twitter-image":"https:\/\/www.locansol.fr\/wp-content\/uploads\/2026\/04\/exposition-insectes-ceret-art.webp","_yoast_wpseo_twitter-image-id":"","yoast_primary_category":"Exposition","footnotes":""},"categories":[35],"tags":[66,76],"class_list":["post-5722","post","type-post","status-publish","format-standard","has-post-thumbnail","hentry","category-carnaval","tag-evenement-culturel","tag-pyrenees-orientales"],"yoast_head":"<!-- This site is optimized with the Yoast SEO Premium plugin v23.3 (Yoast SEO v26.9) - https:\/\/yoast.com\/product\/yoast-seo-premium-wordpress\/ -->\n<title>Exposition Les Insectes C\u00e9ret - Art et nature en symbiose<\/title>\n<meta name=\"description\" content=\"Exposition Les Insectes C\u00e9ret. D\u00e9couvrez des \u0153uvres en papier c\u00e9l\u00e9brant la beaut\u00e9 des insectes. Entr\u00e9e gratuite. Pyr\u00e9n\u00e9es-Orientales.\" \/>\n<meta name=\"robots\" content=\"index, follow, max-snippet:-1, max-image-preview:large, max-video-preview:-1\" \/>\n<link rel=\"canonical\" href=\"https:\/\/www.locansol.fr\/es\/exposition-insectes-ceret-art\/\" \/>\n<meta property=\"og:locale\" content=\"es_ES\" \/>\n<meta property=\"og:type\" content=\"article\" \/>\n<meta property=\"og:title\" content=\"D\u00e9couvrez l&#039;art des insectes \u00e0 C\u00e9ret - Une symbiose artistique et naturelle\" \/>\n<meta property=\"og:description\" content=\"Plongez dans l&#039;univers des insectes \u00e0 travers des \u0153uvres en papier. Une exposition gratuite \u00e0 C\u00e9ret pour c\u00e9l\u00e9brer la biodiversit\u00e9.\" \/>\n<meta property=\"og:url\" content=\"https:\/\/www.locansol.fr\/es\/exposition-insectes-ceret-art\/\" \/>\n<meta property=\"og:site_name\" content=\"Locansol, louer un h\u00e9bergement dans les Pyr\u00e9n\u00e9es Orientales\" \/>\n<meta property=\"article:published_time\" content=\"2026-04-08T22:03:35+00:00\" \/>\n<meta property=\"article:modified_time\" content=\"2026-04-08T22:03:40+00:00\" \/>\n<meta property=\"og:image\" content=\"https:\/\/www.locansol.fr\/wp-content\/uploads\/2026\/04\/exposition-insectes-ceret-art.webp\" \/>\n<meta name=\"author\" content=\"H\u00e9bergements Locansol\" \/>\n<meta name=\"twitter:card\" content=\"summary_large_image\" \/>\n<meta name=\"twitter:title\" content=\"Exposition Les Insectes \u00e0 C\u00e9ret : art et nature \u00e0 d\u00e9couvrir\" \/>\n<meta name=\"twitter:description\" content=\"D\u00e9couvrez l&#039;exposition Les Insectes \u00e0 C\u00e9ret. Des \u0153uvres en papier pour c\u00e9l\u00e9brer la beaut\u00e9 des insectes. Entr\u00e9e gratuite !\" \/>\n<meta name=\"twitter:image\" content=\"https:\/\/www.locansol.fr\/wp-content\/uploads\/2026\/04\/exposition-insectes-ceret-art.webp\" \/>\n<meta name=\"twitter:label1\" content=\"Escrito por\" \/>\n\t<meta name=\"twitter:data1\" content=\"H\u00e9bergements Locansol\" \/>\n\t<meta name=\"twitter:label2\" content=\"Tiempo de lectura\" \/>\n\t<meta name=\"twitter:data2\" content=\"2 minutos\" \/>\n<script type=\"application\/ld+json\" class=\"yoast-schema-graph\">{\"@context\":\"https:\/\/schema.org\",\"@graph\":[{\"@type\":\"Article\",\"@id\":\"https:\/\/www.locansol.fr\/exposition-insectes-ceret-art\/#article\",\"isPartOf\":{\"@id\":\"https:\/\/www.locansol.fr\/exposition-insectes-ceret-art\/\"},\"author\":{\"name\":\"H\u00e9bergements Locansol\",\"@id\":\"https:\/\/www.locansol.fr\/#\/schema\/person\/0b08d440f1ac44674c6d498107de351d\"},\"headline\":\"C\u00e9ret, du 3 avril au 9 mai &#8211; Exposition \u00ab Les Insectes \u00bb d\u2019H\u00e9l\u00e8ne Lacquement &#8211; Art et nature en symbiose\",\"datePublished\":\"2026-04-08T22:03:35+00:00\",\"dateModified\":\"2026-04-08T22:03:40+00:00\",\"mainEntityOfPage\":{\"@id\":\"https:\/\/www.locansol.fr\/exposition-insectes-ceret-art\/\"},\"wordCount\":510,\"publisher\":{\"@id\":\"https:\/\/www.locansol.fr\/#organization\"},\"image\":{\"@id\":\"https:\/\/www.locansol.fr\/exposition-insectes-ceret-art\/#primaryimage\"},\"thumbnailUrl\":\"https:\/\/www.locansol.fr\/wp-content\/uploads\/2026\/04\/exposition-insectes-ceret-art.webp\",\"keywords\":[\"\u00c9v\u00e8nement culturel\",\"Pyr\u00e9n\u00e9es-Orientales\"],\"articleSection\":[\"Carnaval\"],\"inLanguage\":\"es\"},{\"@type\":\"WebPage\",\"@id\":\"https:\/\/www.locansol.fr\/exposition-insectes-ceret-art\/\",\"url\":\"https:\/\/www.locansol.fr\/exposition-insectes-ceret-art\/\",\"name\":\"Exposition Les Insectes C\u00e9ret - Art et nature en symbiose\",\"isPartOf\":{\"@id\":\"https:\/\/www.locansol.fr\/#website\"},\"primaryImageOfPage\":{\"@id\":\"https:\/\/www.locansol.fr\/exposition-insectes-ceret-art\/#primaryimage\"},\"image\":{\"@id\":\"https:\/\/www.locansol.fr\/exposition-insectes-ceret-art\/#primaryimage\"},\"thumbnailUrl\":\"https:\/\/www.locansol.fr\/wp-content\/uploads\/2026\/04\/exposition-insectes-ceret-art.webp\",\"datePublished\":\"2026-04-08T22:03:35+00:00\",\"dateModified\":\"2026-04-08T22:03:40+00:00\",\"description\":\"Exposition Les Insectes C\u00e9ret. D\u00e9couvrez des \u0153uvres en papier c\u00e9l\u00e9brant la beaut\u00e9 des insectes. Entr\u00e9e gratuite. Pyr\u00e9n\u00e9es-Orientales.\",\"breadcrumb\":{\"@id\":\"https:\/\/www.locansol.fr\/exposition-insectes-ceret-art\/#breadcrumb\"},\"inLanguage\":\"es\",\"potentialAction\":[{\"@type\":\"ReadAction\",\"target\":[\"https:\/\/www.locansol.fr\/exposition-insectes-ceret-art\/\"]}]},{\"@type\":\"ImageObject\",\"inLanguage\":\"es\",\"@id\":\"https:\/\/www.locansol.fr\/exposition-insectes-ceret-art\/#primaryimage\",\"url\":\"https:\/\/www.locansol.fr\/wp-content\/uploads\/2026\/04\/exposition-insectes-ceret-art.webp\",\"contentUrl\":\"https:\/\/www.locansol.fr\/wp-content\/uploads\/2026\/04\/exposition-insectes-ceret-art.webp\",\"width\":1920,\"height\":1535,\"caption\":\"Exposition Les Insectes C\u00e9ret - Art et nature en symbiose\"},{\"@type\":\"BreadcrumbList\",\"@id\":\"https:\/\/www.locansol.fr\/exposition-insectes-ceret-art\/#breadcrumb\",\"itemListElement\":[{\"@type\":\"ListItem\",\"position\":1,\"name\":\"Accueil\",\"item\":\"https:\/\/www.locansol.fr\/\"},{\"@type\":\"ListItem\",\"position\":2,\"name\":\"C\u00e9ret, du 3 avril au 9 mai &#8211; Exposition \u00ab Les Insectes \u00bb d\u2019H\u00e9l\u00e8ne Lacquement &#8211; Art et nature en symbiose\"}]},{\"@type\":\"WebSite\",\"@id\":\"https:\/\/www.locansol.fr\/#website\",\"url\":\"https:\/\/www.locansol.fr\/\",\"name\":\"Locansol, louer un h\u00e9bergement dans les Pyr\u00e9n\u00e9es-Orientales\",\"description\":\"Location Mobil-home Mer M\u00e9diterran\u00e9e &amp; Chalet de Montagne dans les Pyr\u00e9n\u00e9es Orientales (Occitanie, 66). Weekend, s\u00e9jour &amp; vacances en famille et entre amis.\",\"publisher\":{\"@id\":\"https:\/\/www.locansol.fr\/#organization\"},\"alternateName\":\"Louer un h\u00e9bergement dans les Pyr\u00e9n\u00e9es Orientales, chalet & mobil-home en Occitanie\",\"potentialAction\":[{\"@type\":\"SearchAction\",\"target\":{\"@type\":\"EntryPoint\",\"urlTemplate\":\"https:\/\/www.locansol.fr\/?s={search_term_string}\"},\"query-input\":{\"@type\":\"PropertyValueSpecification\",\"valueRequired\":true,\"valueName\":\"search_term_string\"}}],\"inLanguage\":\"es\"},{\"@type\":\"Organization\",\"@id\":\"https:\/\/www.locansol.fr\/#organization\",\"name\":\"Location MobilHome & chalet dans les Pyr\u00e9n\u00e9es Orientales\",\"alternateName\":\"Louer un h\u00e9bergement dans les Pyr\u00e9n\u00e9es Orientales en Occitanie\",\"url\":\"https:\/\/www.locansol.fr\/\",\"logo\":{\"@type\":\"ImageObject\",\"inLanguage\":\"es\",\"@id\":\"https:\/\/www.locansol.fr\/#\/schema\/logo\/image\/\",\"url\":\"https:\/\/www.locansol.fr\/wp-content\/uploads\/2024\/04\/AdobeStock_303324767-scaled.jpeg\",\"contentUrl\":\"https:\/\/www.locansol.fr\/wp-content\/uploads\/2024\/04\/AdobeStock_303324767-scaled.jpeg\",\"width\":2560,\"height\":1707,\"caption\":\"Location MobilHome & chalet dans les Pyr\u00e9n\u00e9es Orientales\"},\"image\":{\"@id\":\"https:\/\/www.locansol.fr\/#\/schema\/logo\/image\/\"}},{\"@type\":\"Person\",\"@id\":\"https:\/\/www.locansol.fr\/#\/schema\/person\/0b08d440f1ac44674c6d498107de351d\",\"name\":\"H\u00e9bergements Locansol\",\"image\":{\"@type\":\"ImageObject\",\"inLanguage\":\"es\",\"@id\":\"https:\/\/www.locansol.fr\/#\/schema\/person\/image\/\",\"url\":\"https:\/\/secure.gravatar.com\/avatar\/444436b93284204f8116b6e0eb964cd3fcb811519c737232bde6dd5743c37ee5?s=96&d=mm&r=g\",\"contentUrl\":\"https:\/\/secure.gravatar.com\/avatar\/444436b93284204f8116b6e0eb964cd3fcb811519c737232bde6dd5743c37ee5?s=96&d=mm&r=g\",\"caption\":\"H\u00e9bergements Locansol\"},\"sameAs\":[\"https:\/\/www.locansol.fr\/\"],\"url\":\"https:\/\/www.locansol.fr\/es\/author\/locansol\/\"}]}<\/script>\n<!-- \/ Yoast SEO Premium plugin. -->","yoast_head_json":{"title":"Exposition Les Insectes C\u00e9ret - Art et nature en symbiose","description":"Exposition Les Insectes C\u00e9ret. D\u00e9couvrez des \u0153uvres en papier c\u00e9l\u00e9brant la beaut\u00e9 des insectes. Entr\u00e9e gratuite. Pyr\u00e9n\u00e9es-Orientales.","robots":{"index":"index","follow":"follow","max-snippet":"max-snippet:-1","max-image-preview":"max-image-preview:large","max-video-preview":"max-video-preview:-1"},"canonical":"https:\/\/www.locansol.fr\/es\/exposition-insectes-ceret-art\/","og_locale":"es_ES","og_type":"article","og_title":"D\u00e9couvrez l'art des insectes \u00e0 C\u00e9ret - Une symbiose artistique et naturelle","og_description":"Plongez dans l'univers des insectes \u00e0 travers des \u0153uvres en papier. Une exposition gratuite \u00e0 C\u00e9ret pour c\u00e9l\u00e9brer la biodiversit\u00e9.","og_url":"https:\/\/www.locansol.fr\/es\/exposition-insectes-ceret-art\/","og_site_name":"Locansol, louer un h\u00e9bergement dans les Pyr\u00e9n\u00e9es Orientales","article_published_time":"2026-04-08T22:03:35+00:00","article_modified_time":"2026-04-08T22:03:40+00:00","og_image":[{"url":"https:\/\/www.locansol.fr\/wp-content\/uploads\/2026\/04\/exposition-insectes-ceret-art.webp","type":"","width":"","height":""}],"author":"H\u00e9bergements Locansol","twitter_card":"summary_large_image","twitter_title":"Exposition Les Insectes \u00e0 C\u00e9ret : art et nature \u00e0 d\u00e9couvrir","twitter_description":"D\u00e9couvrez l'exposition Les Insectes \u00e0 C\u00e9ret. Des \u0153uvres en papier pour c\u00e9l\u00e9brer la beaut\u00e9 des insectes. Entr\u00e9e gratuite !","twitter_image":"https:\/\/www.locansol.fr\/wp-content\/uploads\/2026\/04\/exposition-insectes-ceret-art.webp","twitter_misc":{"Escrito por":"H\u00e9bergements Locansol","Tiempo de lectura":"2 minutos"},"schema":{"@context":"https:\/\/schema.org","@graph":[{"@type":"Article","@id":"https:\/\/www.locansol.fr\/exposition-insectes-ceret-art\/#article","isPartOf":{"@id":"https:\/\/www.locansol.fr\/exposition-insectes-ceret-art\/"},"author":{"name":"H\u00e9bergements Locansol","@id":"https:\/\/www.locansol.fr\/#\/schema\/person\/0b08d440f1ac44674c6d498107de351d"},"headline":"C\u00e9ret, du 3 avril au 9 mai &#8211; Exposition \u00ab Les Insectes \u00bb d\u2019H\u00e9l\u00e8ne Lacquement &#8211; Art et nature en symbiose","datePublished":"2026-04-08T22:03:35+00:00","dateModified":"2026-04-08T22:03:40+00:00","mainEntityOfPage":{"@id":"https:\/\/www.locansol.fr\/exposition-insectes-ceret-art\/"},"wordCount":510,"publisher":{"@id":"https:\/\/www.locansol.fr\/#organization"},"image":{"@id":"https:\/\/www.locansol.fr\/exposition-insectes-ceret-art\/#primaryimage"},"thumbnailUrl":"https:\/\/www.locansol.fr\/wp-content\/uploads\/2026\/04\/exposition-insectes-ceret-art.webp","keywords":["\u00c9v\u00e8nement culturel","Pyr\u00e9n\u00e9es-Orientales"],"articleSection":["Carnaval"],"inLanguage":"es"},{"@type":"WebPage","@id":"https:\/\/www.locansol.fr\/exposition-insectes-ceret-art\/","url":"https:\/\/www.locansol.fr\/exposition-insectes-ceret-art\/","name":"Exposition Les Insectes C\u00e9ret - Art et nature en symbiose","isPartOf":{"@id":"https:\/\/www.locansol.fr\/#website"},"primaryImageOfPage":{"@id":"https:\/\/www.locansol.fr\/exposition-insectes-ceret-art\/#primaryimage"},"image":{"@id":"https:\/\/www.locansol.fr\/exposition-insectes-ceret-art\/#primaryimage"},"thumbnailUrl":"https:\/\/www.locansol.fr\/wp-content\/uploads\/2026\/04\/exposition-insectes-ceret-art.webp","datePublished":"2026-04-08T22:03:35+00:00","dateModified":"2026-04-08T22:03:40+00:00","description":"Exposition Les Insectes C\u00e9ret. D\u00e9couvrez des \u0153uvres en papier c\u00e9l\u00e9brant la beaut\u00e9 des insectes. Entr\u00e9e gratuite. Pyr\u00e9n\u00e9es-Orientales.","breadcrumb":{"@id":"https:\/\/www.locansol.fr\/exposition-insectes-ceret-art\/#breadcrumb"},"inLanguage":"es","potentialAction":[{"@type":"ReadAction","target":["https:\/\/www.locansol.fr\/exposition-insectes-ceret-art\/"]}]},{"@type":"ImageObject","inLanguage":"es","@id":"https:\/\/www.locansol.fr\/exposition-insectes-ceret-art\/#primaryimage","url":"https:\/\/www.locansol.fr\/wp-content\/uploads\/2026\/04\/exposition-insectes-ceret-art.webp","contentUrl":"https:\/\/www.locansol.fr\/wp-content\/uploads\/2026\/04\/exposition-insectes-ceret-art.webp","width":1920,"height":1535,"caption":"Exposition Les Insectes C\u00e9ret - Art et nature en symbiose"},{"@type":"BreadcrumbList","@id":"https:\/\/www.locansol.fr\/exposition-insectes-ceret-art\/#breadcrumb","itemListElement":[{"@type":"ListItem","position":1,"name":"Accueil","item":"https:\/\/www.locansol.fr\/"},{"@type":"ListItem","position":2,"name":"C\u00e9ret, du 3 avril au 9 mai &#8211; Exposition \u00ab Les Insectes \u00bb d\u2019H\u00e9l\u00e8ne Lacquement &#8211; Art et nature en symbiose"}]},{"@type":"WebSite","@id":"https:\/\/www.locansol.fr\/#website","url":"https:\/\/www.locansol.fr\/","name":"Locansol, louer un h\u00e9bergement dans les Pyr\u00e9n\u00e9es-Orientales","description":"Location Mobil-home Mer M\u00e9diterran\u00e9e &amp; Chalet de Montagne dans les Pyr\u00e9n\u00e9es Orientales (Occitanie, 66). Weekend, s\u00e9jour &amp; vacances en famille et entre amis.","publisher":{"@id":"https:\/\/www.locansol.fr\/#organization"},"alternateName":"Louer un h\u00e9bergement dans les Pyr\u00e9n\u00e9es Orientales, chalet & mobil-home en Occitanie","potentialAction":[{"@type":"SearchAction","target":{"@type":"EntryPoint","urlTemplate":"https:\/\/www.locansol.fr\/?s={search_term_string}"},"query-input":{"@type":"PropertyValueSpecification","valueRequired":true,"valueName":"search_term_string"}}],"inLanguage":"es"},{"@type":"Organization","@id":"https:\/\/www.locansol.fr\/#organization","name":"Location MobilHome & chalet dans les Pyr\u00e9n\u00e9es Orientales","alternateName":"Louer un h\u00e9bergement dans les Pyr\u00e9n\u00e9es Orientales en Occitanie","url":"https:\/\/www.locansol.fr\/","logo":{"@type":"ImageObject","inLanguage":"es","@id":"https:\/\/www.locansol.fr\/#\/schema\/logo\/image\/","url":"https:\/\/www.locansol.fr\/wp-content\/uploads\/2024\/04\/AdobeStock_303324767-scaled.jpeg","contentUrl":"https:\/\/www.locansol.fr\/wp-content\/uploads\/2024\/04\/AdobeStock_303324767-scaled.jpeg","width":2560,"height":1707,"caption":"Location MobilHome & chalet dans les Pyr\u00e9n\u00e9es Orientales"},"image":{"@id":"https:\/\/www.locansol.fr\/#\/schema\/logo\/image\/"}},{"@type":"Person","@id":"https:\/\/www.locansol.fr\/#\/schema\/person\/0b08d440f1ac44674c6d498107de351d","name":"H\u00e9bergements Locansol","image":{"@type":"ImageObject","inLanguage":"es","@id":"https:\/\/www.locansol.fr\/#\/schema\/person\/image\/","url":"https:\/\/secure.gravatar.com\/avatar\/444436b93284204f8116b6e0eb964cd3fcb811519c737232bde6dd5743c37ee5?s=96&d=mm&r=g","contentUrl":"https:\/\/secure.gravatar.com\/avatar\/444436b93284204f8116b6e0eb964cd3fcb811519c737232bde6dd5743c37ee5?s=96&d=mm&r=g","caption":"H\u00e9bergements Locansol"},"sameAs":["https:\/\/www.locansol.fr\/"],"url":"https:\/\/www.locansol.fr\/es\/author\/locansol\/"}]}},"_links":{"self":[{"href":"https:\/\/www.locansol.fr\/es\/wp-json\/wp\/v2\/posts\/5722","targetHints":{"allow":["GET"]}}],"collection":[{"href":"https:\/\/www.locansol.fr\/es\/wp-json\/wp\/v2\/posts"}],"about":[{"href":"https:\/\/www.locansol.fr\/es\/wp-json\/wp\/v2\/types\/post"}],"author":[{"embeddable":true,"href":"https:\/\/www.locansol.fr\/es\/wp-json\/wp\/v2\/users\/5"}],"replies":[{"embeddable":true,"href":"https:\/\/www.locansol.fr\/es\/wp-json\/wp\/v2\/comments?post=5722"}],"version-history":[{"count":1,"href":"https:\/\/www.locansol.fr\/es\/wp-json\/wp\/v2\/posts\/5722\/revisions"}],"predecessor-version":[{"id":5723,"href":"https:\/\/www.locansol.fr\/es\/wp-json\/wp\/v2\/posts\/5722\/revisions\/5723"}],"wp:featuredmedia":[{"embeddable":true,"href":"https:\/\/www.locansol.fr\/es\/wp-json\/wp\/v2\/media\/5721"}],"wp:attachment":[{"href":"https:\/\/www.locansol.fr\/es\/wp-json\/wp\/v2\/media?parent=5722"}],"wp:term":[{"taxonomy":"category","embeddable":true,"href":"https:\/\/www.locansol.fr\/es\/wp-json\/wp\/v2\/categories?post=5722"},{"taxonomy":"post_tag","embeddable":true,"href":"https:\/\/www.locansol.fr\/es\/wp-json\/wp\/v2\/tags?post=5722"}],"curies":[{"name":"wp","href":"https:\/\/api.w.org\/{rel}","templated":true}]}}