{"id":5842,"date":"2026-04-10T06:15:23","date_gmt":"2026-04-10T04:15:23","guid":{"rendered":"https:\/\/www.locansol.fr\/exposition-photo-collioure-art\/"},"modified":"2026-04-10T06:15:31","modified_gmt":"2026-04-10T04:15:31","slug":"exposition-photo-collioure-art","status":"publish","type":"post","link":"https:\/\/www.locansol.fr\/es\/exposition-photo-collioure-art\/","title":{"rendered":"Collioure &#8211; Avril 2026 &#8211; Exposition au Ch\u00e2teau royal \u00ab Points 2 Vue\u00ae \u00bb : un voyage photographique unique"},"content":{"rendered":"<p>Dans le cadre des festivit\u00e9s c\u00e9l\u00e9brant l&rsquo;art et l&rsquo;histoire unique de Collioure, le Ch\u00e2teau royal ouvre ses portes \u00e0 une exposition exceptionnelle : \u00ab Points 2 Vue\u00ae autour du clocher de Collioure \u00bb. Cet \u00e9v\u00e9nement artistique met \u00e0 l\u2019honneur une initiative embl\u00e9matique puls\u00e9e par l\u2019artiste Marc-Andr\u00e9 de Figueres qui f\u00eate les 30 ans de son installation innovante.<\/p>\n<p>Depuis 1995, Marc-Andr\u00e9 de Figueres a m\u00e9ticuleusement int\u00e9gr\u00e9 douze cadres sculpturaux autour du c\u00e9l\u00e8bre clocher de Collioure. Ces \u0153uvres, nomm\u00e9es \u00ab Points 2 Vue\u00ae \u00bb, offrent un parcours visuel et cr\u00e9atif sans pareil. Les perspectives qu\u2019elles d\u00e9voilent ont conduit des milliers de visiteurs \u00e0 immortaliser leur vision de ce monument symbolique. Ce projet est aujourd\u2019hui au c\u0153ur d\u2019une exposition sous forme de r\u00e9trospective dans l\u2019embl\u00e9matique chapelle du Ch\u00e2teau royal de Collioure, un lieu impr\u00e9gn\u00e9 d\u2019histoire o\u00f9, il y a trente ans pr\u00e9cis\u00e9ment, cette initiative artistique prenait vie pour la premi\u00e8re fois.<\/p>\n<p>L\u2019exposition propose la d\u00e9couverte ou la red\u00e9couverte des douze cadres originaux cr\u00e9\u00e9s par l\u2019artiste, mais \u00e9galement d\u2019une s\u00e9lection de photographies prim\u00e9es lors du concours photos qui s\u2019est tenu pendant l\u2019\u00e9t\u00e9 pr\u00e9c\u00e9dent. Ce concours, organis\u00e9 en partenariat avec la Ville de Collioure, le Photoclub local et la MA2F Galerie, a attir\u00e9 aussi bien les amateurs d&rsquo;art photographique que les professionnels. En plus des cadres physiques, le Ch\u00e2teau royal a offert aux visiteurs une exp\u00e9rience moderne en mettant \u00e0 leur disposition des cadres virtuels enrichissant le parcours.<\/p>\n<p>Le vernissage de cette exposition, pr\u00e9vu le vendredi 10 avril 2026 \u00e0 18h30, promet un moment riche en d\u00e9couvertes et en \u00e9motions. Ce rendez-vous est une occasion privil\u00e9gi\u00e9e pour les visiteurs de rencontrer l\u2019artiste Marc-Andr\u00e9 de Figueres, d\u2019\u00e9changer avec les acteurs locaux de la sc\u00e8ne culturelle, et de vivre une immersion totale dans cet univers. L\u2019exposition dans son ensemble souligne non seulement la cr\u00e9ativit\u00e9 de l\u2019artiste, mais aussi l\u2019attachement de Collioure \u00e0 son patrimoine iconique et sa volont\u00e9 de le faire vivre \u00e0 travers l\u2019art.<\/p>\n<p>Pour ceux qui souhaitent explorer les \u00ab Points 2 Vue\u00ae \u00bb \u00e0 leur rythme, l\u2019exposition sera ouverte au public tous les jours de 10h \u00e0 18h. Le tarif d\u2019entr\u00e9e, fix\u00e9 \u00e0 9 euros, permet un acc\u00e8s complet \u00e0 la chapelle du Ch\u00e2teau royal ainsi qu\u2019aux \u0153uvres expos\u00e9es. Offrez-vous un moment enchanteur en d\u00e9ambulant dans ces lieux et en admirant les clich\u00e9s qui racontent mille facettes de Collioure.<\/p>\n<p>Ne manquez pas cet \u00e9v\u00e9nement culturel qui r\u00e9unit histoire, photographie et art dans un cadre exceptionnel. Venez c\u00e9l\u00e9brer les 30 ans des \u00ab Points 2 Vue\u00ae \u00bb et partagez votre propre regard sur Collioure.<\/p>\n<h3>Informaci\u00f3n pr\u00e1ctica<\/h3>\n<p>\ud83d\udcc5 QUAND ? Du 10 avril 2026 au quotidien de 10h \u00e0 18h<br \/>\ud83d\udccd O\u00d9 ? Ch\u00e2teau royal, Quai de l&rsquo;Amiraut\u00e9, Collioure<br \/>\ud83d\udcb6 COMBIEN ? Plein tarif : 9,00 \u20ac<\/p>","protected":false},"excerpt":{"rendered":"<p>D\u00e9couvrez l&rsquo;exposition \u00ab Points 2 Vue\u00ae \u00bb au Ch\u00e2teau royal de Collioure : une r\u00e9trospective unique c\u00e9l\u00e9brant 30 ans de perspectives artistiques autour du clocher embl\u00e9matique.<\/p>","protected":false},"author":5,"featured_media":5841,"comment_status":"closed","ping_status":"open","sticky":false,"template":"","format":"standard","meta":{"_yoast_wpseo_focuskw":"Exposition photographique Collioure art","_yoast_wpseo_title":"Points 2 Vue\u00ae Collioure : exposition photo unique","_yoast_wpseo_metadesc":"Points 2 Vue\u00ae Collioure : D\u00e9couvrez une exposition photo unique c\u00e9l\u00e9brant 30 ans d'art et d'histoire dans les Pyr\u00e9n\u00e9es-Orientales. Explorez des cadres sculpturaux et des clich\u00e9s prim\u00e9s.","_yoast_wpseo_canonical":"","_yoast_wpseo_opengraph-title":"Plongez dans l'art : Points 2 Vue\u00ae \u00e0 Collioure, une exp\u00e9rience visuelle unique","_yoast_wpseo_opengraph-description":"Imaginez des cadres sculpturaux autour du clocher de Collioure. D\u00e9couvrez 30 ans d'art et de photographies prim\u00e9es lors de cette exposition unique.","_yoast_wpseo_opengraph-image":"https:\/\/www.locansol.fr\/wp-content\/uploads\/2026\/04\/exposition-photo-collioure-art.webp","_yoast_wpseo_opengraph-image-id":"","_yoast_wpseo_twitter-title":"D\u00e9couvrez Points 2 Vue\u00ae \u00e0 Collioure : art et photographie","_yoast_wpseo_twitter-description":"Vivez une exp\u00e9rience artistique unique \u00e0 Collioure avec Points 2 Vue\u00ae. D\u00e9couvrez des cadres sculpturaux et des photos prim\u00e9es. \u00c0 ne pas manquer !","_yoast_wpseo_twitter-image":"https:\/\/www.locansol.fr\/wp-content\/uploads\/2026\/04\/exposition-photo-collioure-art.webp","_yoast_wpseo_twitter-image-id":"","yoast_primary_category":"Exposition","footnotes":""},"categories":[35],"tags":[66,76],"class_list":["post-5842","post","type-post","status-publish","format-standard","has-post-thumbnail","hentry","category-carnaval","tag-evenement-culturel","tag-pyrenees-orientales"],"yoast_head":"<!-- This site is optimized with the Yoast SEO Premium plugin v23.3 (Yoast SEO v26.9) - https:\/\/yoast.com\/product\/yoast-seo-premium-wordpress\/ -->\n<title>Points 2 Vue\u00ae Collioure : exposition photo unique<\/title>\n<meta name=\"description\" content=\"Points 2 Vue\u00ae Collioure : D\u00e9couvrez une exposition photo unique c\u00e9l\u00e9brant 30 ans d&#039;art et d&#039;histoire dans les Pyr\u00e9n\u00e9es-Orientales. Explorez des cadres sculpturaux et des clich\u00e9s prim\u00e9s.\" \/>\n<meta name=\"robots\" content=\"index, follow, max-snippet:-1, max-image-preview:large, max-video-preview:-1\" \/>\n<link rel=\"canonical\" href=\"https:\/\/www.locansol.fr\/es\/exposition-photo-collioure-art\/\" \/>\n<meta property=\"og:locale\" content=\"es_ES\" \/>\n<meta property=\"og:type\" content=\"article\" \/>\n<meta property=\"og:title\" content=\"Plongez dans l&#039;art : Points 2 Vue\u00ae \u00e0 Collioure, une exp\u00e9rience visuelle unique\" \/>\n<meta property=\"og:description\" content=\"Imaginez des cadres sculpturaux autour du clocher de Collioure. D\u00e9couvrez 30 ans d&#039;art et de photographies prim\u00e9es lors de cette exposition unique.\" \/>\n<meta property=\"og:url\" content=\"https:\/\/www.locansol.fr\/es\/exposition-photo-collioure-art\/\" \/>\n<meta property=\"og:site_name\" content=\"Locansol, louer un h\u00e9bergement dans les Pyr\u00e9n\u00e9es Orientales\" \/>\n<meta property=\"article:published_time\" content=\"2026-04-10T04:15:23+00:00\" \/>\n<meta property=\"article:modified_time\" content=\"2026-04-10T04:15:31+00:00\" \/>\n<meta property=\"og:image\" content=\"https:\/\/www.locansol.fr\/wp-content\/uploads\/2026\/04\/exposition-photo-collioure-art.webp\" \/>\n<meta name=\"author\" content=\"H\u00e9bergements Locansol\" \/>\n<meta name=\"twitter:card\" content=\"summary_large_image\" \/>\n<meta name=\"twitter:title\" content=\"D\u00e9couvrez Points 2 Vue\u00ae \u00e0 Collioure : art et photographie\" \/>\n<meta name=\"twitter:description\" content=\"Vivez une exp\u00e9rience artistique unique \u00e0 Collioure avec Points 2 Vue\u00ae. D\u00e9couvrez des cadres sculpturaux et des photos prim\u00e9es. \u00c0 ne pas manquer !\" \/>\n<meta name=\"twitter:image\" content=\"https:\/\/www.locansol.fr\/wp-content\/uploads\/2026\/04\/exposition-photo-collioure-art.webp\" \/>\n<meta name=\"twitter:label1\" content=\"Escrito por\" \/>\n\t<meta name=\"twitter:data1\" content=\"H\u00e9bergements Locansol\" \/>\n\t<meta name=\"twitter:label2\" content=\"Tiempo de lectura\" \/>\n\t<meta name=\"twitter:data2\" content=\"2 minutos\" \/>\n<script type=\"application\/ld+json\" class=\"yoast-schema-graph\">{\"@context\":\"https:\/\/schema.org\",\"@graph\":[{\"@type\":\"Article\",\"@id\":\"https:\/\/www.locansol.fr\/exposition-photo-collioure-art\/#article\",\"isPartOf\":{\"@id\":\"https:\/\/www.locansol.fr\/exposition-photo-collioure-art\/\"},\"author\":{\"name\":\"H\u00e9bergements Locansol\",\"@id\":\"https:\/\/www.locansol.fr\/#\/schema\/person\/0b08d440f1ac44674c6d498107de351d\"},\"headline\":\"Collioure &#8211; Avril 2026 &#8211; Exposition au Ch\u00e2teau royal \u00ab Points 2 Vue\u00ae \u00bb : un voyage photographique unique\",\"datePublished\":\"2026-04-10T04:15:23+00:00\",\"dateModified\":\"2026-04-10T04:15:31+00:00\",\"mainEntityOfPage\":{\"@id\":\"https:\/\/www.locansol.fr\/exposition-photo-collioure-art\/\"},\"wordCount\":499,\"publisher\":{\"@id\":\"https:\/\/www.locansol.fr\/#organization\"},\"image\":{\"@id\":\"https:\/\/www.locansol.fr\/exposition-photo-collioure-art\/#primaryimage\"},\"thumbnailUrl\":\"https:\/\/www.locansol.fr\/wp-content\/uploads\/2026\/04\/exposition-photo-collioure-art.webp\",\"keywords\":[\"\u00c9v\u00e8nement culturel\",\"Pyr\u00e9n\u00e9es-Orientales\"],\"articleSection\":[\"Carnaval\"],\"inLanguage\":\"es\"},{\"@type\":\"WebPage\",\"@id\":\"https:\/\/www.locansol.fr\/exposition-photo-collioure-art\/\",\"url\":\"https:\/\/www.locansol.fr\/exposition-photo-collioure-art\/\",\"name\":\"Points 2 Vue\u00ae Collioure : exposition photo unique\",\"isPartOf\":{\"@id\":\"https:\/\/www.locansol.fr\/#website\"},\"primaryImageOfPage\":{\"@id\":\"https:\/\/www.locansol.fr\/exposition-photo-collioure-art\/#primaryimage\"},\"image\":{\"@id\":\"https:\/\/www.locansol.fr\/exposition-photo-collioure-art\/#primaryimage\"},\"thumbnailUrl\":\"https:\/\/www.locansol.fr\/wp-content\/uploads\/2026\/04\/exposition-photo-collioure-art.webp\",\"datePublished\":\"2026-04-10T04:15:23+00:00\",\"dateModified\":\"2026-04-10T04:15:31+00:00\",\"description\":\"Points 2 Vue\u00ae Collioure : D\u00e9couvrez une exposition photo unique c\u00e9l\u00e9brant 30 ans d'art et d'histoire dans les Pyr\u00e9n\u00e9es-Orientales. Explorez des cadres sculpturaux et des clich\u00e9s prim\u00e9s.\",\"breadcrumb\":{\"@id\":\"https:\/\/www.locansol.fr\/exposition-photo-collioure-art\/#breadcrumb\"},\"inLanguage\":\"es\",\"potentialAction\":[{\"@type\":\"ReadAction\",\"target\":[\"https:\/\/www.locansol.fr\/exposition-photo-collioure-art\/\"]}]},{\"@type\":\"ImageObject\",\"inLanguage\":\"es\",\"@id\":\"https:\/\/www.locansol.fr\/exposition-photo-collioure-art\/#primaryimage\",\"url\":\"https:\/\/www.locansol.fr\/wp-content\/uploads\/2026\/04\/exposition-photo-collioure-art.webp\",\"contentUrl\":\"https:\/\/www.locansol.fr\/wp-content\/uploads\/2026\/04\/exposition-photo-collioure-art.webp\",\"width\":1241,\"height\":1754,\"caption\":\"Points 2 Vue\u00ae Collioure : exposition photo unique\"},{\"@type\":\"BreadcrumbList\",\"@id\":\"https:\/\/www.locansol.fr\/exposition-photo-collioure-art\/#breadcrumb\",\"itemListElement\":[{\"@type\":\"ListItem\",\"position\":1,\"name\":\"Accueil\",\"item\":\"https:\/\/www.locansol.fr\/\"},{\"@type\":\"ListItem\",\"position\":2,\"name\":\"Collioure &#8211; Avril 2026 &#8211; Exposition au Ch\u00e2teau royal \u00ab Points 2 Vue\u00ae \u00bb : un voyage photographique unique\"}]},{\"@type\":\"WebSite\",\"@id\":\"https:\/\/www.locansol.fr\/#website\",\"url\":\"https:\/\/www.locansol.fr\/\",\"name\":\"Locansol, louer un h\u00e9bergement dans les Pyr\u00e9n\u00e9es-Orientales\",\"description\":\"Location Mobil-home Mer M\u00e9diterran\u00e9e &amp; Chalet de Montagne dans les Pyr\u00e9n\u00e9es Orientales (Occitanie, 66). Weekend, s\u00e9jour &amp; vacances en famille et entre amis.\",\"publisher\":{\"@id\":\"https:\/\/www.locansol.fr\/#organization\"},\"alternateName\":\"Louer un h\u00e9bergement dans les Pyr\u00e9n\u00e9es Orientales, chalet & mobil-home en Occitanie\",\"potentialAction\":[{\"@type\":\"SearchAction\",\"target\":{\"@type\":\"EntryPoint\",\"urlTemplate\":\"https:\/\/www.locansol.fr\/?s={search_term_string}\"},\"query-input\":{\"@type\":\"PropertyValueSpecification\",\"valueRequired\":true,\"valueName\":\"search_term_string\"}}],\"inLanguage\":\"es\"},{\"@type\":\"Organization\",\"@id\":\"https:\/\/www.locansol.fr\/#organization\",\"name\":\"Location MobilHome & chalet dans les Pyr\u00e9n\u00e9es Orientales\",\"alternateName\":\"Louer un h\u00e9bergement dans les Pyr\u00e9n\u00e9es Orientales en Occitanie\",\"url\":\"https:\/\/www.locansol.fr\/\",\"logo\":{\"@type\":\"ImageObject\",\"inLanguage\":\"es\",\"@id\":\"https:\/\/www.locansol.fr\/#\/schema\/logo\/image\/\",\"url\":\"https:\/\/www.locansol.fr\/wp-content\/uploads\/2024\/04\/AdobeStock_303324767-scaled.jpeg\",\"contentUrl\":\"https:\/\/www.locansol.fr\/wp-content\/uploads\/2024\/04\/AdobeStock_303324767-scaled.jpeg\",\"width\":2560,\"height\":1707,\"caption\":\"Location MobilHome & chalet dans les Pyr\u00e9n\u00e9es Orientales\"},\"image\":{\"@id\":\"https:\/\/www.locansol.fr\/#\/schema\/logo\/image\/\"}},{\"@type\":\"Person\",\"@id\":\"https:\/\/www.locansol.fr\/#\/schema\/person\/0b08d440f1ac44674c6d498107de351d\",\"name\":\"H\u00e9bergements Locansol\",\"image\":{\"@type\":\"ImageObject\",\"inLanguage\":\"es\",\"@id\":\"https:\/\/www.locansol.fr\/#\/schema\/person\/image\/\",\"url\":\"https:\/\/secure.gravatar.com\/avatar\/444436b93284204f8116b6e0eb964cd3fcb811519c737232bde6dd5743c37ee5?s=96&d=mm&r=g\",\"contentUrl\":\"https:\/\/secure.gravatar.com\/avatar\/444436b93284204f8116b6e0eb964cd3fcb811519c737232bde6dd5743c37ee5?s=96&d=mm&r=g\",\"caption\":\"H\u00e9bergements Locansol\"},\"sameAs\":[\"https:\/\/www.locansol.fr\/\"],\"url\":\"https:\/\/www.locansol.fr\/es\/author\/locansol\/\"}]}<\/script>\n<!-- \/ Yoast SEO Premium plugin. -->","yoast_head_json":{"title":"Points 2 Vue\u00ae Collioure : exposition photo unique","description":"Points 2 Vue\u00ae Collioure : D\u00e9couvrez une exposition photo unique c\u00e9l\u00e9brant 30 ans d'art et d'histoire dans les Pyr\u00e9n\u00e9es-Orientales. Explorez des cadres sculpturaux et des clich\u00e9s prim\u00e9s.","robots":{"index":"index","follow":"follow","max-snippet":"max-snippet:-1","max-image-preview":"max-image-preview:large","max-video-preview":"max-video-preview:-1"},"canonical":"https:\/\/www.locansol.fr\/es\/exposition-photo-collioure-art\/","og_locale":"es_ES","og_type":"article","og_title":"Plongez dans l'art : Points 2 Vue\u00ae \u00e0 Collioure, une exp\u00e9rience visuelle unique","og_description":"Imaginez des cadres sculpturaux autour du clocher de Collioure. D\u00e9couvrez 30 ans d'art et de photographies prim\u00e9es lors de cette exposition unique.","og_url":"https:\/\/www.locansol.fr\/es\/exposition-photo-collioure-art\/","og_site_name":"Locansol, louer un h\u00e9bergement dans les Pyr\u00e9n\u00e9es Orientales","article_published_time":"2026-04-10T04:15:23+00:00","article_modified_time":"2026-04-10T04:15:31+00:00","og_image":[{"url":"https:\/\/www.locansol.fr\/wp-content\/uploads\/2026\/04\/exposition-photo-collioure-art.webp","type":"","width":"","height":""}],"author":"H\u00e9bergements Locansol","twitter_card":"summary_large_image","twitter_title":"D\u00e9couvrez Points 2 Vue\u00ae \u00e0 Collioure : art et photographie","twitter_description":"Vivez une exp\u00e9rience artistique unique \u00e0 Collioure avec Points 2 Vue\u00ae. D\u00e9couvrez des cadres sculpturaux et des photos prim\u00e9es. \u00c0 ne pas manquer !","twitter_image":"https:\/\/www.locansol.fr\/wp-content\/uploads\/2026\/04\/exposition-photo-collioure-art.webp","twitter_misc":{"Escrito por":"H\u00e9bergements Locansol","Tiempo de lectura":"2 minutos"},"schema":{"@context":"https:\/\/schema.org","@graph":[{"@type":"Article","@id":"https:\/\/www.locansol.fr\/exposition-photo-collioure-art\/#article","isPartOf":{"@id":"https:\/\/www.locansol.fr\/exposition-photo-collioure-art\/"},"author":{"name":"H\u00e9bergements Locansol","@id":"https:\/\/www.locansol.fr\/#\/schema\/person\/0b08d440f1ac44674c6d498107de351d"},"headline":"Collioure &#8211; Avril 2026 &#8211; Exposition au Ch\u00e2teau royal \u00ab Points 2 Vue\u00ae \u00bb : un voyage photographique unique","datePublished":"2026-04-10T04:15:23+00:00","dateModified":"2026-04-10T04:15:31+00:00","mainEntityOfPage":{"@id":"https:\/\/www.locansol.fr\/exposition-photo-collioure-art\/"},"wordCount":499,"publisher":{"@id":"https:\/\/www.locansol.fr\/#organization"},"image":{"@id":"https:\/\/www.locansol.fr\/exposition-photo-collioure-art\/#primaryimage"},"thumbnailUrl":"https:\/\/www.locansol.fr\/wp-content\/uploads\/2026\/04\/exposition-photo-collioure-art.webp","keywords":["\u00c9v\u00e8nement culturel","Pyr\u00e9n\u00e9es-Orientales"],"articleSection":["Carnaval"],"inLanguage":"es"},{"@type":"WebPage","@id":"https:\/\/www.locansol.fr\/exposition-photo-collioure-art\/","url":"https:\/\/www.locansol.fr\/exposition-photo-collioure-art\/","name":"Points 2 Vue\u00ae Collioure : exposition photo unique","isPartOf":{"@id":"https:\/\/www.locansol.fr\/#website"},"primaryImageOfPage":{"@id":"https:\/\/www.locansol.fr\/exposition-photo-collioure-art\/#primaryimage"},"image":{"@id":"https:\/\/www.locansol.fr\/exposition-photo-collioure-art\/#primaryimage"},"thumbnailUrl":"https:\/\/www.locansol.fr\/wp-content\/uploads\/2026\/04\/exposition-photo-collioure-art.webp","datePublished":"2026-04-10T04:15:23+00:00","dateModified":"2026-04-10T04:15:31+00:00","description":"Points 2 Vue\u00ae Collioure : D\u00e9couvrez une exposition photo unique c\u00e9l\u00e9brant 30 ans d'art et d'histoire dans les Pyr\u00e9n\u00e9es-Orientales. Explorez des cadres sculpturaux et des clich\u00e9s prim\u00e9s.","breadcrumb":{"@id":"https:\/\/www.locansol.fr\/exposition-photo-collioure-art\/#breadcrumb"},"inLanguage":"es","potentialAction":[{"@type":"ReadAction","target":["https:\/\/www.locansol.fr\/exposition-photo-collioure-art\/"]}]},{"@type":"ImageObject","inLanguage":"es","@id":"https:\/\/www.locansol.fr\/exposition-photo-collioure-art\/#primaryimage","url":"https:\/\/www.locansol.fr\/wp-content\/uploads\/2026\/04\/exposition-photo-collioure-art.webp","contentUrl":"https:\/\/www.locansol.fr\/wp-content\/uploads\/2026\/04\/exposition-photo-collioure-art.webp","width":1241,"height":1754,"caption":"Points 2 Vue\u00ae Collioure : exposition photo unique"},{"@type":"BreadcrumbList","@id":"https:\/\/www.locansol.fr\/exposition-photo-collioure-art\/#breadcrumb","itemListElement":[{"@type":"ListItem","position":1,"name":"Accueil","item":"https:\/\/www.locansol.fr\/"},{"@type":"ListItem","position":2,"name":"Collioure &#8211; Avril 2026 &#8211; Exposition au Ch\u00e2teau royal \u00ab Points 2 Vue\u00ae \u00bb : un voyage photographique unique"}]},{"@type":"WebSite","@id":"https:\/\/www.locansol.fr\/#website","url":"https:\/\/www.locansol.fr\/","name":"Locansol, louer un h\u00e9bergement dans les Pyr\u00e9n\u00e9es-Orientales","description":"Location Mobil-home Mer M\u00e9diterran\u00e9e &amp; Chalet de Montagne dans les Pyr\u00e9n\u00e9es Orientales (Occitanie, 66). Weekend, s\u00e9jour &amp; vacances en famille et entre amis.","publisher":{"@id":"https:\/\/www.locansol.fr\/#organization"},"alternateName":"Louer un h\u00e9bergement dans les Pyr\u00e9n\u00e9es Orientales, chalet & mobil-home en Occitanie","potentialAction":[{"@type":"SearchAction","target":{"@type":"EntryPoint","urlTemplate":"https:\/\/www.locansol.fr\/?s={search_term_string}"},"query-input":{"@type":"PropertyValueSpecification","valueRequired":true,"valueName":"search_term_string"}}],"inLanguage":"es"},{"@type":"Organization","@id":"https:\/\/www.locansol.fr\/#organization","name":"Location MobilHome & chalet dans les Pyr\u00e9n\u00e9es Orientales","alternateName":"Louer un h\u00e9bergement dans les Pyr\u00e9n\u00e9es Orientales en Occitanie","url":"https:\/\/www.locansol.fr\/","logo":{"@type":"ImageObject","inLanguage":"es","@id":"https:\/\/www.locansol.fr\/#\/schema\/logo\/image\/","url":"https:\/\/www.locansol.fr\/wp-content\/uploads\/2024\/04\/AdobeStock_303324767-scaled.jpeg","contentUrl":"https:\/\/www.locansol.fr\/wp-content\/uploads\/2024\/04\/AdobeStock_303324767-scaled.jpeg","width":2560,"height":1707,"caption":"Location MobilHome & chalet dans les Pyr\u00e9n\u00e9es Orientales"},"image":{"@id":"https:\/\/www.locansol.fr\/#\/schema\/logo\/image\/"}},{"@type":"Person","@id":"https:\/\/www.locansol.fr\/#\/schema\/person\/0b08d440f1ac44674c6d498107de351d","name":"H\u00e9bergements Locansol","image":{"@type":"ImageObject","inLanguage":"es","@id":"https:\/\/www.locansol.fr\/#\/schema\/person\/image\/","url":"https:\/\/secure.gravatar.com\/avatar\/444436b93284204f8116b6e0eb964cd3fcb811519c737232bde6dd5743c37ee5?s=96&d=mm&r=g","contentUrl":"https:\/\/secure.gravatar.com\/avatar\/444436b93284204f8116b6e0eb964cd3fcb811519c737232bde6dd5743c37ee5?s=96&d=mm&r=g","caption":"H\u00e9bergements Locansol"},"sameAs":["https:\/\/www.locansol.fr\/"],"url":"https:\/\/www.locansol.fr\/es\/author\/locansol\/"}]}},"_links":{"self":[{"href":"https:\/\/www.locansol.fr\/es\/wp-json\/wp\/v2\/posts\/5842","targetHints":{"allow":["GET"]}}],"collection":[{"href":"https:\/\/www.locansol.fr\/es\/wp-json\/wp\/v2\/posts"}],"about":[{"href":"https:\/\/www.locansol.fr\/es\/wp-json\/wp\/v2\/types\/post"}],"author":[{"embeddable":true,"href":"https:\/\/www.locansol.fr\/es\/wp-json\/wp\/v2\/users\/5"}],"replies":[{"embeddable":true,"href":"https:\/\/www.locansol.fr\/es\/wp-json\/wp\/v2\/comments?post=5842"}],"version-history":[{"count":1,"href":"https:\/\/www.locansol.fr\/es\/wp-json\/wp\/v2\/posts\/5842\/revisions"}],"predecessor-version":[{"id":5843,"href":"https:\/\/www.locansol.fr\/es\/wp-json\/wp\/v2\/posts\/5842\/revisions\/5843"}],"wp:featuredmedia":[{"embeddable":true,"href":"https:\/\/www.locansol.fr\/es\/wp-json\/wp\/v2\/media\/5841"}],"wp:attachment":[{"href":"https:\/\/www.locansol.fr\/es\/wp-json\/wp\/v2\/media?parent=5842"}],"wp:term":[{"taxonomy":"category","embeddable":true,"href":"https:\/\/www.locansol.fr\/es\/wp-json\/wp\/v2\/categories?post=5842"},{"taxonomy":"post_tag","embeddable":true,"href":"https:\/\/www.locansol.fr\/es\/wp-json\/wp\/v2\/tags?post=5842"}],"curies":[{"name":"wp","href":"https:\/\/api.w.org\/{rel}","templated":true}]}}