{"id":5911,"date":"2026-04-11T02:16:59","date_gmt":"2026-04-11T00:16:59","guid":{"rendered":"https:\/\/www.locansol.fr\/concert-jazzebre-eus-musique\/"},"modified":"2026-04-11T02:17:03","modified_gmt":"2026-04-11T00:17:03","slug":"concert-jazzebre-eus-musique","status":"publish","type":"post","link":"https:\/\/www.locansol.fr\/es\/concert-jazzebre-eus-musique\/","title":{"rendered":"Eus 10 avril : Concert Jazz\u00e8bre \u00ab \u00a1Ya Voy! \u00bb pour une exp\u00e9rience musicale in\u00e9dite"},"content":{"rendered":"<p>Si vous \u00eates un amoureux de musique et de d\u00e9couvertes culturelles, \u00ab Jazz\u00e8bre: \u00a1Ya Voy! \u00bb est l\u2019\u00e9v\u00e9nement qu\u2019il ne faut pas manquer. Ce concert exceptionnel, organis\u00e9 dans le cadre unique du village pittoresque d\u2019Eus, promet de transporter son public dans un voyage musical entre l\u2019Europe et la Colombie. Rendez-vous le vendredi 10 avril \u00e0 20:30 pour une exp\u00e9rience immersive et \u00e9clectique au croisement du folklore et des musiques improvis\u00e9es.  Ce spectacle in\u00e9dit met en vedette quatre artistes aux talents remarquables venant d\u2019horizons vari\u00e9s. Alejandra Charry, chanteuse originaire de la Vall\u00e9e del Cauca en Colombie, apporte avec elle les riches traditions musicales de son pays, tandis que Sakina Abdou, saxophoniste \u00e0 la cr\u00e9ativit\u00e9 d\u00e9bordante, harmonise ces influences avec ses accents de jazz et de musique improvis\u00e9e europ\u00e9enne. L&rsquo;unicit\u00e9 de cette collaboration est renforc\u00e9e par Moises Zamora Mes\u00fa, ma\u00eetre de la marimba et des percussions, qui enrichit les cr\u00e9ations sonores gr\u00e2ce \u00e0 ses multiples talents instrumentaux. Enfin, Thibault Cellier \u00e0 la contrebasse ajoute profondeur et structure \u00e0 cet arrangement musical tout \u00e0 fait in\u00e9dit.  Le spectacle \u00ab \u00a1Ya Voy! \u00bb, litt\u00e9ralement \u00ab J\u2019arrive ! \u00bb en espagnol, est bien plus qu\u2019un simple concert. C\u2019est une v\u00e9ritable invitation \u00e0 explorer une culture hybride o\u00f9 les rythmes dansants de la Colombie rencontrent la libert\u00e9 et le dynamisme du free jazz europ\u00e9en. Cette fusion musicale est une c\u00e9l\u00e9bration de la diversit\u00e9, du talent et de l\u2019envie de cr\u00e9er sans fronti\u00e8res. Le public aura la chance d\u2019\u00eatre t\u00e9moin de l\u2019alchimie parfaite entre ces artistes d\u2019exception, chacun apportant son propre bagage culturel et artistique \u00e0 la performance.  Et quoi de mieux que l\u2019envo\u00fbtant d\u00e9cor d\u2019Eus pour accueillir cette soir\u00e9e unique ? Connu comme l\u2019un des plus beaux villages de France, Eus, situ\u00e9 dans les Pyr\u00e9n\u00e9es-Orientales, offre une ambiance chaleureuse et un charme intemporel. \u00c0 mesure que la nuit tombe sur ce village authentique, laissez-vous porter par les m\u00e9lodies envo\u00fbtantes de ce quartet d\u2019artistes, qui promettent de transformer cette soir\u00e9e en une exp\u00e9rience culturelle hors du commun.  Pour la modique somme de 15,00 \u20ac, vous pourrez assister \u00e0 ce moment magique o\u00f9 la musique transcende les fronti\u00e8res et les styles pour cr\u00e9er une harmonie saisissante. Ne ratez pas l\u2019opportunit\u00e9 de vivre une telle exp\u00e9rience dans le d\u00e9cor enchanteur des Pyr\u00e9n\u00e9es-Orientales. R\u00e9servez d\u00e8s maintenant vos places via le site officiel de Jazz\u00e8bre ou les points de vente habituels, et pr\u00e9parez-vous \u00e0 plonger dans un voyage musical unique.  Alors, pr\u00eat pour un voyage au c\u0153ur des musiques du monde ? \u00ab Jazz\u00e8bre: \u00a1Ya Voy! \u00bb n\u2019attend que vous pour r\u00e9sonner sous le ciel \u00e9toil\u00e9 d\u2019Eus et c\u00e9l\u00e9brer les \u00e9changes culturels, les rythmes enivrants et la magie de la musique improvis\u00e9e.<\/p>\n<h3>Informaci\u00f3n pr\u00e1ctica<\/h3>\n<p>\ud83d\udcc5 QUAND ? Vendredi 10 avril \u00e0 20:30<br \/>\ud83d\udccd O\u00d9 ? Eus (66000)<br \/>\ud83d\udcb6 COMBIEN ? 15,00 \u20ac<\/p>","protected":false},"excerpt":{"rendered":"<p>D\u00e9couvrez le concert \u00ab Jazz\u00e8bre: \u00a1Ya Voy! \u00bb \u00e0 Eus le vendredi 10 avril. Plongez dans une fusion musicale entre la Colombie et l\u2019Europe avec des rythmes dansants et une ambiance chaleureuse !<\/p>","protected":false},"author":5,"featured_media":5910,"comment_status":"closed","ping_status":"open","sticky":false,"template":"","format":"standard","meta":{"_yoast_wpseo_focuskw":"Concert Jazz\u00e8bre Eus musique","_yoast_wpseo_title":"Concert Jazz\u00e8bre Eus : voyage musical unique en Pyr\u00e9n\u00e9es-Orientales","_yoast_wpseo_metadesc":"Concert Jazz\u00e8bre Eus : d\u00e9couvrez une fusion unique de jazz europ\u00e9en et de musique colombienne. Un voyage musical immersif dans les Pyr\u00e9n\u00e9es-Orientales avec quatre artistes d'exception. R\u00e9servez d\u00e8s maintenant pour une soir\u00e9e magique \u00e0 Eus.","_yoast_wpseo_canonical":"","_yoast_wpseo_opengraph-title":"D\u00e9couvrez un voyage musical unique : Concert Jazz\u00e8bre \u00e0 Eus \u2014 Fusion envo\u00fbtante de Colombie et Jazz","_yoast_wpseo_opengraph-description":"Plongez dans une exp\u00e9rience musicale immersive avec le concert Jazz\u00e8bre \u00e0 Eus. Laissez-vous transporter par des m\u00e9lodies envo\u00fbtantes m\u00ealant jazz europ\u00e9en et rythmes colombiens, dans un d\u00e9cor pittoresque. Une soir\u00e9e magique vous attend !","_yoast_wpseo_opengraph-image":"https:\/\/www.locansol.fr\/wp-content\/uploads\/2026\/04\/concert-jazzebre-eus-musique.webp","_yoast_wpseo_opengraph-image-id":"","_yoast_wpseo_twitter-title":"Concert Jazz\u00e8bre \u00e0 Eus : fusion Colombie-Jazz pour une soir\u00e9e magique","_yoast_wpseo_twitter-description":"Ne manquez pas le concert Jazz\u00e8bre \u00e0 Eus ! Une fusion unique de jazz europ\u00e9en et de musique colombienne avec quatre artistes d'exception. R\u00e9servez d\u00e8s maintenant pour une soir\u00e9e magique.","_yoast_wpseo_twitter-image":"https:\/\/www.locansol.fr\/wp-content\/uploads\/2026\/04\/concert-jazzebre-eus-musique.webp","_yoast_wpseo_twitter-image-id":"","yoast_primary_category":"Concert","footnotes":""},"categories":[45],"tags":[69,76],"class_list":["post-5911","post","type-post","status-publish","format-standard","has-post-thumbnail","hentry","category-festival","tag-musique","tag-pyrenees-orientales"],"yoast_head":"<!-- This site is optimized with the Yoast SEO Premium plugin v23.3 (Yoast SEO v26.9) - https:\/\/yoast.com\/product\/yoast-seo-premium-wordpress\/ -->\n<title>Concert Jazz\u00e8bre Eus : voyage musical unique en Pyr\u00e9n\u00e9es-Orientales<\/title>\n<meta name=\"description\" content=\"Concert Jazz\u00e8bre Eus : d\u00e9couvrez une fusion unique de jazz europ\u00e9en et de musique colombienne. Un voyage musical immersif dans les Pyr\u00e9n\u00e9es-Orientales avec quatre artistes d&#039;exception. R\u00e9servez d\u00e8s maintenant pour une soir\u00e9e magique \u00e0 Eus.\" \/>\n<meta name=\"robots\" content=\"index, follow, max-snippet:-1, max-image-preview:large, max-video-preview:-1\" \/>\n<link rel=\"canonical\" href=\"https:\/\/www.locansol.fr\/es\/concert-jazzebre-eus-musique\/\" \/>\n<meta property=\"og:locale\" content=\"es_ES\" \/>\n<meta property=\"og:type\" content=\"article\" \/>\n<meta property=\"og:title\" content=\"D\u00e9couvrez un voyage musical unique : Concert Jazz\u00e8bre \u00e0 Eus \u2014 Fusion envo\u00fbtante de Colombie et Jazz\" \/>\n<meta property=\"og:description\" content=\"Plongez dans une exp\u00e9rience musicale immersive avec le concert Jazz\u00e8bre \u00e0 Eus. Laissez-vous transporter par des m\u00e9lodies envo\u00fbtantes m\u00ealant jazz europ\u00e9en et rythmes colombiens, dans un d\u00e9cor pittoresque. Une soir\u00e9e magique vous attend !\" \/>\n<meta property=\"og:url\" content=\"https:\/\/www.locansol.fr\/es\/concert-jazzebre-eus-musique\/\" \/>\n<meta property=\"og:site_name\" content=\"Locansol, louer un h\u00e9bergement dans les Pyr\u00e9n\u00e9es Orientales\" \/>\n<meta property=\"article:published_time\" content=\"2026-04-11T00:16:59+00:00\" \/>\n<meta property=\"article:modified_time\" content=\"2026-04-11T00:17:03+00:00\" \/>\n<meta property=\"og:image\" content=\"https:\/\/www.locansol.fr\/wp-content\/uploads\/2026\/04\/concert-jazzebre-eus-musique.webp\" \/>\n<meta name=\"author\" content=\"H\u00e9bergements Locansol\" \/>\n<meta name=\"twitter:card\" content=\"summary_large_image\" \/>\n<meta name=\"twitter:title\" content=\"Concert Jazz\u00e8bre \u00e0 Eus : fusion Colombie-Jazz pour une soir\u00e9e magique\" \/>\n<meta name=\"twitter:description\" content=\"Ne manquez pas le concert Jazz\u00e8bre \u00e0 Eus ! Une fusion unique de jazz europ\u00e9en et de musique colombienne avec quatre artistes d&#039;exception. R\u00e9servez d\u00e8s maintenant pour une soir\u00e9e magique.\" \/>\n<meta name=\"twitter:image\" content=\"https:\/\/www.locansol.fr\/wp-content\/uploads\/2026\/04\/concert-jazzebre-eus-musique.webp\" \/>\n<meta name=\"twitter:label1\" content=\"Escrito por\" \/>\n\t<meta name=\"twitter:data1\" content=\"H\u00e9bergements Locansol\" \/>\n\t<meta name=\"twitter:label2\" content=\"Tiempo de lectura\" \/>\n\t<meta name=\"twitter:data2\" content=\"2 minutos\" \/>\n<script type=\"application\/ld+json\" class=\"yoast-schema-graph\">{\"@context\":\"https:\/\/schema.org\",\"@graph\":[{\"@type\":\"Article\",\"@id\":\"https:\/\/www.locansol.fr\/concert-jazzebre-eus-musique\/#article\",\"isPartOf\":{\"@id\":\"https:\/\/www.locansol.fr\/concert-jazzebre-eus-musique\/\"},\"author\":{\"name\":\"H\u00e9bergements Locansol\",\"@id\":\"https:\/\/www.locansol.fr\/#\/schema\/person\/0b08d440f1ac44674c6d498107de351d\"},\"headline\":\"Eus 10 avril : Concert Jazz\u00e8bre \u00ab \u00a1Ya Voy! \u00bb pour une exp\u00e9rience musicale in\u00e9dite\",\"datePublished\":\"2026-04-11T00:16:59+00:00\",\"dateModified\":\"2026-04-11T00:17:03+00:00\",\"mainEntityOfPage\":{\"@id\":\"https:\/\/www.locansol.fr\/concert-jazzebre-eus-musique\/\"},\"wordCount\":508,\"publisher\":{\"@id\":\"https:\/\/www.locansol.fr\/#organization\"},\"image\":{\"@id\":\"https:\/\/www.locansol.fr\/concert-jazzebre-eus-musique\/#primaryimage\"},\"thumbnailUrl\":\"https:\/\/www.locansol.fr\/wp-content\/uploads\/2026\/04\/concert-jazzebre-eus-musique.webp\",\"keywords\":[\"Musique\",\"Pyr\u00e9n\u00e9es-Orientales\"],\"articleSection\":[\"Festival\"],\"inLanguage\":\"es\"},{\"@type\":\"WebPage\",\"@id\":\"https:\/\/www.locansol.fr\/concert-jazzebre-eus-musique\/\",\"url\":\"https:\/\/www.locansol.fr\/concert-jazzebre-eus-musique\/\",\"name\":\"Concert Jazz\u00e8bre Eus : voyage musical unique en Pyr\u00e9n\u00e9es-Orientales\",\"isPartOf\":{\"@id\":\"https:\/\/www.locansol.fr\/#website\"},\"primaryImageOfPage\":{\"@id\":\"https:\/\/www.locansol.fr\/concert-jazzebre-eus-musique\/#primaryimage\"},\"image\":{\"@id\":\"https:\/\/www.locansol.fr\/concert-jazzebre-eus-musique\/#primaryimage\"},\"thumbnailUrl\":\"https:\/\/www.locansol.fr\/wp-content\/uploads\/2026\/04\/concert-jazzebre-eus-musique.webp\",\"datePublished\":\"2026-04-11T00:16:59+00:00\",\"dateModified\":\"2026-04-11T00:17:03+00:00\",\"description\":\"Concert Jazz\u00e8bre Eus : d\u00e9couvrez une fusion unique de jazz europ\u00e9en et de musique colombienne. Un voyage musical immersif dans les Pyr\u00e9n\u00e9es-Orientales avec quatre artistes d'exception. R\u00e9servez d\u00e8s maintenant pour une soir\u00e9e magique \u00e0 Eus.\",\"breadcrumb\":{\"@id\":\"https:\/\/www.locansol.fr\/concert-jazzebre-eus-musique\/#breadcrumb\"},\"inLanguage\":\"es\",\"potentialAction\":[{\"@type\":\"ReadAction\",\"target\":[\"https:\/\/www.locansol.fr\/concert-jazzebre-eus-musique\/\"]}]},{\"@type\":\"ImageObject\",\"inLanguage\":\"es\",\"@id\":\"https:\/\/www.locansol.fr\/concert-jazzebre-eus-musique\/#primaryimage\",\"url\":\"https:\/\/www.locansol.fr\/wp-content\/uploads\/2026\/04\/concert-jazzebre-eus-musique.webp\",\"contentUrl\":\"https:\/\/www.locansol.fr\/wp-content\/uploads\/2026\/04\/concert-jazzebre-eus-musique.webp\",\"width\":1364,\"height\":1920,\"caption\":\"Concert Jazz\u00e8bre Eus : voyage musical unique en Pyr\u00e9n\u00e9es-Orientales\"},{\"@type\":\"BreadcrumbList\",\"@id\":\"https:\/\/www.locansol.fr\/concert-jazzebre-eus-musique\/#breadcrumb\",\"itemListElement\":[{\"@type\":\"ListItem\",\"position\":1,\"name\":\"Accueil\",\"item\":\"https:\/\/www.locansol.fr\/\"},{\"@type\":\"ListItem\",\"position\":2,\"name\":\"Eus 10 avril : Concert Jazz\u00e8bre \u00ab \u00a1Ya Voy! \u00bb pour une exp\u00e9rience musicale in\u00e9dite\"}]},{\"@type\":\"WebSite\",\"@id\":\"https:\/\/www.locansol.fr\/#website\",\"url\":\"https:\/\/www.locansol.fr\/\",\"name\":\"Locansol, louer un h\u00e9bergement dans les Pyr\u00e9n\u00e9es-Orientales\",\"description\":\"Location Mobil-home Mer M\u00e9diterran\u00e9e &amp; Chalet de Montagne dans les Pyr\u00e9n\u00e9es Orientales (Occitanie, 66). Weekend, s\u00e9jour &amp; vacances en famille et entre amis.\",\"publisher\":{\"@id\":\"https:\/\/www.locansol.fr\/#organization\"},\"alternateName\":\"Louer un h\u00e9bergement dans les Pyr\u00e9n\u00e9es Orientales, chalet & mobil-home en Occitanie\",\"potentialAction\":[{\"@type\":\"SearchAction\",\"target\":{\"@type\":\"EntryPoint\",\"urlTemplate\":\"https:\/\/www.locansol.fr\/?s={search_term_string}\"},\"query-input\":{\"@type\":\"PropertyValueSpecification\",\"valueRequired\":true,\"valueName\":\"search_term_string\"}}],\"inLanguage\":\"es\"},{\"@type\":\"Organization\",\"@id\":\"https:\/\/www.locansol.fr\/#organization\",\"name\":\"Location MobilHome & chalet dans les Pyr\u00e9n\u00e9es Orientales\",\"alternateName\":\"Louer un h\u00e9bergement dans les Pyr\u00e9n\u00e9es Orientales en Occitanie\",\"url\":\"https:\/\/www.locansol.fr\/\",\"logo\":{\"@type\":\"ImageObject\",\"inLanguage\":\"es\",\"@id\":\"https:\/\/www.locansol.fr\/#\/schema\/logo\/image\/\",\"url\":\"https:\/\/www.locansol.fr\/wp-content\/uploads\/2024\/04\/AdobeStock_303324767-scaled.jpeg\",\"contentUrl\":\"https:\/\/www.locansol.fr\/wp-content\/uploads\/2024\/04\/AdobeStock_303324767-scaled.jpeg\",\"width\":2560,\"height\":1707,\"caption\":\"Location MobilHome & chalet dans les Pyr\u00e9n\u00e9es Orientales\"},\"image\":{\"@id\":\"https:\/\/www.locansol.fr\/#\/schema\/logo\/image\/\"}},{\"@type\":\"Person\",\"@id\":\"https:\/\/www.locansol.fr\/#\/schema\/person\/0b08d440f1ac44674c6d498107de351d\",\"name\":\"H\u00e9bergements Locansol\",\"image\":{\"@type\":\"ImageObject\",\"inLanguage\":\"es\",\"@id\":\"https:\/\/www.locansol.fr\/#\/schema\/person\/image\/\",\"url\":\"https:\/\/secure.gravatar.com\/avatar\/444436b93284204f8116b6e0eb964cd3fcb811519c737232bde6dd5743c37ee5?s=96&d=mm&r=g\",\"contentUrl\":\"https:\/\/secure.gravatar.com\/avatar\/444436b93284204f8116b6e0eb964cd3fcb811519c737232bde6dd5743c37ee5?s=96&d=mm&r=g\",\"caption\":\"H\u00e9bergements Locansol\"},\"sameAs\":[\"https:\/\/www.locansol.fr\/\"],\"url\":\"https:\/\/www.locansol.fr\/es\/author\/locansol\/\"}]}<\/script>\n<!-- \/ Yoast SEO Premium plugin. -->","yoast_head_json":{"title":"Concert Jazz\u00e8bre Eus : voyage musical unique en Pyr\u00e9n\u00e9es-Orientales","description":"Concert Jazz\u00e8bre Eus : d\u00e9couvrez une fusion unique de jazz europ\u00e9en et de musique colombienne. Un voyage musical immersif dans les Pyr\u00e9n\u00e9es-Orientales avec quatre artistes d'exception. R\u00e9servez d\u00e8s maintenant pour une soir\u00e9e magique \u00e0 Eus.","robots":{"index":"index","follow":"follow","max-snippet":"max-snippet:-1","max-image-preview":"max-image-preview:large","max-video-preview":"max-video-preview:-1"},"canonical":"https:\/\/www.locansol.fr\/es\/concert-jazzebre-eus-musique\/","og_locale":"es_ES","og_type":"article","og_title":"D\u00e9couvrez un voyage musical unique : Concert Jazz\u00e8bre \u00e0 Eus \u2014 Fusion envo\u00fbtante de Colombie et Jazz","og_description":"Plongez dans une exp\u00e9rience musicale immersive avec le concert Jazz\u00e8bre \u00e0 Eus. Laissez-vous transporter par des m\u00e9lodies envo\u00fbtantes m\u00ealant jazz europ\u00e9en et rythmes colombiens, dans un d\u00e9cor pittoresque. Une soir\u00e9e magique vous attend !","og_url":"https:\/\/www.locansol.fr\/es\/concert-jazzebre-eus-musique\/","og_site_name":"Locansol, louer un h\u00e9bergement dans les Pyr\u00e9n\u00e9es Orientales","article_published_time":"2026-04-11T00:16:59+00:00","article_modified_time":"2026-04-11T00:17:03+00:00","og_image":[{"url":"https:\/\/www.locansol.fr\/wp-content\/uploads\/2026\/04\/concert-jazzebre-eus-musique.webp","type":"","width":"","height":""}],"author":"H\u00e9bergements Locansol","twitter_card":"summary_large_image","twitter_title":"Concert Jazz\u00e8bre \u00e0 Eus : fusion Colombie-Jazz pour une soir\u00e9e magique","twitter_description":"Ne manquez pas le concert Jazz\u00e8bre \u00e0 Eus ! Une fusion unique de jazz europ\u00e9en et de musique colombienne avec quatre artistes d'exception. R\u00e9servez d\u00e8s maintenant pour une soir\u00e9e magique.","twitter_image":"https:\/\/www.locansol.fr\/wp-content\/uploads\/2026\/04\/concert-jazzebre-eus-musique.webp","twitter_misc":{"Escrito por":"H\u00e9bergements Locansol","Tiempo de lectura":"2 minutos"},"schema":{"@context":"https:\/\/schema.org","@graph":[{"@type":"Article","@id":"https:\/\/www.locansol.fr\/concert-jazzebre-eus-musique\/#article","isPartOf":{"@id":"https:\/\/www.locansol.fr\/concert-jazzebre-eus-musique\/"},"author":{"name":"H\u00e9bergements Locansol","@id":"https:\/\/www.locansol.fr\/#\/schema\/person\/0b08d440f1ac44674c6d498107de351d"},"headline":"Eus 10 avril : Concert Jazz\u00e8bre \u00ab \u00a1Ya Voy! \u00bb pour une exp\u00e9rience musicale in\u00e9dite","datePublished":"2026-04-11T00:16:59+00:00","dateModified":"2026-04-11T00:17:03+00:00","mainEntityOfPage":{"@id":"https:\/\/www.locansol.fr\/concert-jazzebre-eus-musique\/"},"wordCount":508,"publisher":{"@id":"https:\/\/www.locansol.fr\/#organization"},"image":{"@id":"https:\/\/www.locansol.fr\/concert-jazzebre-eus-musique\/#primaryimage"},"thumbnailUrl":"https:\/\/www.locansol.fr\/wp-content\/uploads\/2026\/04\/concert-jazzebre-eus-musique.webp","keywords":["Musique","Pyr\u00e9n\u00e9es-Orientales"],"articleSection":["Festival"],"inLanguage":"es"},{"@type":"WebPage","@id":"https:\/\/www.locansol.fr\/concert-jazzebre-eus-musique\/","url":"https:\/\/www.locansol.fr\/concert-jazzebre-eus-musique\/","name":"Concert Jazz\u00e8bre Eus : voyage musical unique en Pyr\u00e9n\u00e9es-Orientales","isPartOf":{"@id":"https:\/\/www.locansol.fr\/#website"},"primaryImageOfPage":{"@id":"https:\/\/www.locansol.fr\/concert-jazzebre-eus-musique\/#primaryimage"},"image":{"@id":"https:\/\/www.locansol.fr\/concert-jazzebre-eus-musique\/#primaryimage"},"thumbnailUrl":"https:\/\/www.locansol.fr\/wp-content\/uploads\/2026\/04\/concert-jazzebre-eus-musique.webp","datePublished":"2026-04-11T00:16:59+00:00","dateModified":"2026-04-11T00:17:03+00:00","description":"Concert Jazz\u00e8bre Eus : d\u00e9couvrez une fusion unique de jazz europ\u00e9en et de musique colombienne. Un voyage musical immersif dans les Pyr\u00e9n\u00e9es-Orientales avec quatre artistes d'exception. R\u00e9servez d\u00e8s maintenant pour une soir\u00e9e magique \u00e0 Eus.","breadcrumb":{"@id":"https:\/\/www.locansol.fr\/concert-jazzebre-eus-musique\/#breadcrumb"},"inLanguage":"es","potentialAction":[{"@type":"ReadAction","target":["https:\/\/www.locansol.fr\/concert-jazzebre-eus-musique\/"]}]},{"@type":"ImageObject","inLanguage":"es","@id":"https:\/\/www.locansol.fr\/concert-jazzebre-eus-musique\/#primaryimage","url":"https:\/\/www.locansol.fr\/wp-content\/uploads\/2026\/04\/concert-jazzebre-eus-musique.webp","contentUrl":"https:\/\/www.locansol.fr\/wp-content\/uploads\/2026\/04\/concert-jazzebre-eus-musique.webp","width":1364,"height":1920,"caption":"Concert Jazz\u00e8bre Eus : voyage musical unique en Pyr\u00e9n\u00e9es-Orientales"},{"@type":"BreadcrumbList","@id":"https:\/\/www.locansol.fr\/concert-jazzebre-eus-musique\/#breadcrumb","itemListElement":[{"@type":"ListItem","position":1,"name":"Accueil","item":"https:\/\/www.locansol.fr\/"},{"@type":"ListItem","position":2,"name":"Eus 10 avril : Concert Jazz\u00e8bre \u00ab \u00a1Ya Voy! \u00bb pour une exp\u00e9rience musicale in\u00e9dite"}]},{"@type":"WebSite","@id":"https:\/\/www.locansol.fr\/#website","url":"https:\/\/www.locansol.fr\/","name":"Locansol, louer un h\u00e9bergement dans les Pyr\u00e9n\u00e9es-Orientales","description":"Location Mobil-home Mer M\u00e9diterran\u00e9e &amp; Chalet de Montagne dans les Pyr\u00e9n\u00e9es Orientales (Occitanie, 66). Weekend, s\u00e9jour &amp; vacances en famille et entre amis.","publisher":{"@id":"https:\/\/www.locansol.fr\/#organization"},"alternateName":"Louer un h\u00e9bergement dans les Pyr\u00e9n\u00e9es Orientales, chalet & mobil-home en Occitanie","potentialAction":[{"@type":"SearchAction","target":{"@type":"EntryPoint","urlTemplate":"https:\/\/www.locansol.fr\/?s={search_term_string}"},"query-input":{"@type":"PropertyValueSpecification","valueRequired":true,"valueName":"search_term_string"}}],"inLanguage":"es"},{"@type":"Organization","@id":"https:\/\/www.locansol.fr\/#organization","name":"Location MobilHome & chalet dans les Pyr\u00e9n\u00e9es Orientales","alternateName":"Louer un h\u00e9bergement dans les Pyr\u00e9n\u00e9es Orientales en Occitanie","url":"https:\/\/www.locansol.fr\/","logo":{"@type":"ImageObject","inLanguage":"es","@id":"https:\/\/www.locansol.fr\/#\/schema\/logo\/image\/","url":"https:\/\/www.locansol.fr\/wp-content\/uploads\/2024\/04\/AdobeStock_303324767-scaled.jpeg","contentUrl":"https:\/\/www.locansol.fr\/wp-content\/uploads\/2024\/04\/AdobeStock_303324767-scaled.jpeg","width":2560,"height":1707,"caption":"Location MobilHome & chalet dans les Pyr\u00e9n\u00e9es Orientales"},"image":{"@id":"https:\/\/www.locansol.fr\/#\/schema\/logo\/image\/"}},{"@type":"Person","@id":"https:\/\/www.locansol.fr\/#\/schema\/person\/0b08d440f1ac44674c6d498107de351d","name":"H\u00e9bergements Locansol","image":{"@type":"ImageObject","inLanguage":"es","@id":"https:\/\/www.locansol.fr\/#\/schema\/person\/image\/","url":"https:\/\/secure.gravatar.com\/avatar\/444436b93284204f8116b6e0eb964cd3fcb811519c737232bde6dd5743c37ee5?s=96&d=mm&r=g","contentUrl":"https:\/\/secure.gravatar.com\/avatar\/444436b93284204f8116b6e0eb964cd3fcb811519c737232bde6dd5743c37ee5?s=96&d=mm&r=g","caption":"H\u00e9bergements Locansol"},"sameAs":["https:\/\/www.locansol.fr\/"],"url":"https:\/\/www.locansol.fr\/es\/author\/locansol\/"}]}},"_links":{"self":[{"href":"https:\/\/www.locansol.fr\/es\/wp-json\/wp\/v2\/posts\/5911","targetHints":{"allow":["GET"]}}],"collection":[{"href":"https:\/\/www.locansol.fr\/es\/wp-json\/wp\/v2\/posts"}],"about":[{"href":"https:\/\/www.locansol.fr\/es\/wp-json\/wp\/v2\/types\/post"}],"author":[{"embeddable":true,"href":"https:\/\/www.locansol.fr\/es\/wp-json\/wp\/v2\/users\/5"}],"replies":[{"embeddable":true,"href":"https:\/\/www.locansol.fr\/es\/wp-json\/wp\/v2\/comments?post=5911"}],"version-history":[{"count":1,"href":"https:\/\/www.locansol.fr\/es\/wp-json\/wp\/v2\/posts\/5911\/revisions"}],"predecessor-version":[{"id":5912,"href":"https:\/\/www.locansol.fr\/es\/wp-json\/wp\/v2\/posts\/5911\/revisions\/5912"}],"wp:featuredmedia":[{"embeddable":true,"href":"https:\/\/www.locansol.fr\/es\/wp-json\/wp\/v2\/media\/5910"}],"wp:attachment":[{"href":"https:\/\/www.locansol.fr\/es\/wp-json\/wp\/v2\/media?parent=5911"}],"wp:term":[{"taxonomy":"category","embeddable":true,"href":"https:\/\/www.locansol.fr\/es\/wp-json\/wp\/v2\/categories?post=5911"},{"taxonomy":"post_tag","embeddable":true,"href":"https:\/\/www.locansol.fr\/es\/wp-json\/wp\/v2\/tags?post=5911"}],"curies":[{"name":"wp","href":"https:\/\/api.w.org\/{rel}","templated":true}]}}