{"id":5955,"date":"2026-04-11T16:28:39","date_gmt":"2026-04-11T14:28:39","guid":{"rendered":"https:\/\/www.locansol.fr\/conference-monet-art-impressionniste\/"},"modified":"2026-04-11T16:28:44","modified_gmt":"2026-04-11T14:28:44","slug":"conference-monet-art-impressionniste","status":"publish","type":"post","link":"https:\/\/www.locansol.fr\/es\/conference-monet-art-impressionniste\/","title":{"rendered":"Saint-Laurent-de-la-Salanque &#8211; 11 avril &#8211; Conf\u00e9rence sur Monet &#8211; Plongez dans l&rsquo;histoire de l&rsquo;art"},"content":{"rendered":"<p>Le samedi 11 avril \u00e0 14h30, Saint-Laurent-de-la-Salanque devient le point de rendez-vous des amateurs d&rsquo;art et des curieux avec une conf\u00e9rence exceptionnelle intitul\u00e9e \u00ab Les M\u00e9tamorphoses de Claude Monet \u00bb. Cet \u00e9v\u00e9nement gratuit se tiendra sur la Place G\u00e9n\u00e9ral de Gaulle, un cadre id\u00e9al pour une plong\u00e9e passionnante dans l&rsquo;\u00e9volution artistique de l&rsquo;un des plus grands peintres impressionnistes.<\/p>\n<p>Anim\u00e9e par Pauline Trougnou, une sp\u00e9cialiste de l&rsquo;art reconnue, cette conf\u00e9rence vous fera voyager au c\u0153ur des diff\u00e9rentes p\u00e9riodes et styles qui ont marqu\u00e9 la carri\u00e8re de Claude Monet. De ses d\u00e9buts impressionnistes aux c\u00e9l\u00e8bres s\u00e9ries comme \u00ab La Gare Saint-Lazare \u00bb et \u00ab Les Nymph\u00e9as \u00bb, vous explorerez les transformations techniques et th\u00e9matiques qui ont r\u00e9volutionn\u00e9 la peinture et fa\u00e7onn\u00e9 l&rsquo;art moderne. Gr\u00e2ce \u00e0 des explications captivantes, vous d\u00e9couvrirez comment Monet a red\u00e9fini l&rsquo;approche de la lumi\u00e8re et de la couleur, influen\u00e7ant le monde de l&rsquo;art pour les d\u00e9cennies \u00e0 venir.<\/p>\n<p>Cet \u00e9v\u00e9nement est une formidable opportunit\u00e9 pour enrichir vos connaissances, quel que soit votre niveau d&rsquo;expertise en art. Que vous soyez un passionn\u00e9 de longue date ou simplement curieux d&rsquo;en apprendre davantage, cette conf\u00e9rence accessible \u00e0 tous dans la limite des places disponibles saura vous captiver. Profitez de la chance unique de participer \u00e0 une rencontre culturelle enrichissante dans une ambiance conviviale et inspirante.<\/p>\n<p>Ne manquez pas ce moment d\u00e9di\u00e9 \u00e0 l&rsquo;art et \u00e0 la beaut\u00e9 des \u0153uvres d&rsquo;un ma\u00eetre incontournable ! Pr\u00e9parez-vous \u00e0 red\u00e9couvrir Monet sous un nouvel \u00e9clairage et \u00e0 partager cette exp\u00e9rience avec d&rsquo;autres amateurs d&rsquo;art dans un lieu chaleureux et embl\u00e9matique de Saint-Laurent-de-la-Salanque.<\/p>\n<h3>Informaci\u00f3n pr\u00e1ctica<\/h3>\n<p>\ud83d\udcc5 QUAND ? Samedi 11 avril, 14h30<br \/>\ud83d\udccd O\u00d9 ? Place G\u00e9n\u00e9ral de Gaulle, Saint-Laurent-de-la-Salanque<br \/>\ud83d\udcb6 COMBIEN ? Gratuit<\/p>","protected":false},"excerpt":{"rendered":"<p>D\u00e9couvrez l&rsquo;\u00e9volution artistique de Claude Monet lors d&rsquo;une conf\u00e9rence gratuite anim\u00e9e par une sp\u00e9cialiste de l&rsquo;art \u00e0 Saint-Laurent-de-la-Salanque.<\/p>","protected":false},"author":5,"featured_media":5954,"comment_status":"closed","ping_status":"open","sticky":false,"template":"","format":"standard","meta":{"_yoast_wpseo_focuskw":"Conf\u00e9rence Monet art impressionniste","_yoast_wpseo_title":"Conf\u00e9rence sur Monet Saint-Laurent-de-la-Salanque - Explorez l'art impressionniste","_yoast_wpseo_metadesc":"Conf\u00e9rence sur Monet Saint-Laurent-de-la-Salanque. D\u00e9couvrez l'\u00e9volution artistique de Monet avec une sp\u00e9cialiste. Gratuit, Place G\u00e9n\u00e9ral de Gaulle. Pyr\u00e9n\u00e9es-Orientales.","_yoast_wpseo_canonical":"","_yoast_wpseo_opengraph-title":"Plongez dans l'univers de Monet : Saint-Laurent-de-la-Salanque \u2014 Une conf\u00e9rence inspirante","_yoast_wpseo_opengraph-description":"Imaginez-vous \u00e0 Saint-Laurent-de-la-Salanque, plongeant dans les couleurs de Monet. Une conf\u00e9rence gratuite pour red\u00e9couvrir son art et son influence sur l'impressionnisme.","_yoast_wpseo_opengraph-image":"https:\/\/www.locansol.fr\/wp-content\/uploads\/2026\/04\/conference-monet-art-impressionniste.webp","_yoast_wpseo_opengraph-image-id":"","_yoast_wpseo_twitter-title":"Conf\u00e9rence sur Monet \u00e0 Saint-Laurent-de-la-Salanque : ne manquez pas \u00e7a !","_yoast_wpseo_twitter-description":"D\u00e9couvrez l'univers de Monet lors d'une conf\u00e9rence gratuite \u00e0 Saint-Laurent-de-la-Salanque. Ouvert \u00e0 tous, ne manquez pas cette exp\u00e9rience culturelle !","_yoast_wpseo_twitter-image":"https:\/\/www.locansol.fr\/wp-content\/uploads\/2026\/04\/conference-monet-art-impressionniste.webp","_yoast_wpseo_twitter-image-id":"","yoast_primary_category":"D\u00e9bat \/ Conf\u00e9rence","footnotes":""},"categories":[47],"tags":[66,76],"class_list":["post-5955","post","type-post","status-publish","format-standard","has-post-thumbnail","hentry","category-foire","tag-evenement-culturel","tag-pyrenees-orientales"],"yoast_head":"<!-- This site is optimized with the Yoast SEO Premium plugin v23.3 (Yoast SEO v26.9) - https:\/\/yoast.com\/product\/yoast-seo-premium-wordpress\/ -->\n<title>Conf\u00e9rence sur Monet Saint-Laurent-de-la-Salanque - Explorez l&#039;art impressionniste<\/title>\n<meta name=\"description\" content=\"Conf\u00e9rence sur Monet Saint-Laurent-de-la-Salanque. D\u00e9couvrez l&#039;\u00e9volution artistique de Monet avec une sp\u00e9cialiste. Gratuit, Place G\u00e9n\u00e9ral de Gaulle. Pyr\u00e9n\u00e9es-Orientales.\" \/>\n<meta name=\"robots\" content=\"index, follow, max-snippet:-1, max-image-preview:large, max-video-preview:-1\" \/>\n<link rel=\"canonical\" href=\"https:\/\/www.locansol.fr\/es\/conference-monet-art-impressionniste\/\" \/>\n<meta property=\"og:locale\" content=\"es_ES\" \/>\n<meta property=\"og:type\" content=\"article\" \/>\n<meta property=\"og:title\" content=\"Plongez dans l&#039;univers de Monet : Saint-Laurent-de-la-Salanque \u2014 Une conf\u00e9rence inspirante\" \/>\n<meta property=\"og:description\" content=\"Imaginez-vous \u00e0 Saint-Laurent-de-la-Salanque, plongeant dans les couleurs de Monet. Une conf\u00e9rence gratuite pour red\u00e9couvrir son art et son influence sur l&#039;impressionnisme.\" \/>\n<meta property=\"og:url\" content=\"https:\/\/www.locansol.fr\/es\/conference-monet-art-impressionniste\/\" \/>\n<meta property=\"og:site_name\" content=\"Locansol, louer un h\u00e9bergement dans les Pyr\u00e9n\u00e9es Orientales\" \/>\n<meta property=\"article:published_time\" content=\"2026-04-11T14:28:39+00:00\" \/>\n<meta property=\"article:modified_time\" content=\"2026-04-11T14:28:44+00:00\" \/>\n<meta property=\"og:image\" content=\"https:\/\/www.locansol.fr\/wp-content\/uploads\/2026\/04\/conference-monet-art-impressionniste.webp\" \/>\n<meta name=\"author\" content=\"H\u00e9bergements Locansol\" \/>\n<meta name=\"twitter:card\" content=\"summary_large_image\" \/>\n<meta name=\"twitter:title\" content=\"Conf\u00e9rence sur Monet \u00e0 Saint-Laurent-de-la-Salanque : ne manquez pas \u00e7a !\" \/>\n<meta name=\"twitter:description\" content=\"D\u00e9couvrez l&#039;univers de Monet lors d&#039;une conf\u00e9rence gratuite \u00e0 Saint-Laurent-de-la-Salanque. Ouvert \u00e0 tous, ne manquez pas cette exp\u00e9rience culturelle !\" \/>\n<meta name=\"twitter:image\" content=\"https:\/\/www.locansol.fr\/wp-content\/uploads\/2026\/04\/conference-monet-art-impressionniste.webp\" \/>\n<meta name=\"twitter:label1\" content=\"Escrito por\" \/>\n\t<meta name=\"twitter:data1\" content=\"H\u00e9bergements Locansol\" \/>\n\t<meta name=\"twitter:label2\" content=\"Tiempo de lectura\" \/>\n\t<meta name=\"twitter:data2\" content=\"1 minuto\" \/>\n<script type=\"application\/ld+json\" class=\"yoast-schema-graph\">{\"@context\":\"https:\/\/schema.org\",\"@graph\":[{\"@type\":\"Article\",\"@id\":\"https:\/\/www.locansol.fr\/conference-monet-art-impressionniste\/#article\",\"isPartOf\":{\"@id\":\"https:\/\/www.locansol.fr\/conference-monet-art-impressionniste\/\"},\"author\":{\"name\":\"H\u00e9bergements Locansol\",\"@id\":\"https:\/\/www.locansol.fr\/#\/schema\/person\/0b08d440f1ac44674c6d498107de351d\"},\"headline\":\"Saint-Laurent-de-la-Salanque &#8211; 11 avril &#8211; Conf\u00e9rence sur Monet &#8211; Plongez dans l&rsquo;histoire de l&rsquo;art\",\"datePublished\":\"2026-04-11T14:28:39+00:00\",\"dateModified\":\"2026-04-11T14:28:44+00:00\",\"mainEntityOfPage\":{\"@id\":\"https:\/\/www.locansol.fr\/conference-monet-art-impressionniste\/\"},\"wordCount\":322,\"publisher\":{\"@id\":\"https:\/\/www.locansol.fr\/#organization\"},\"image\":{\"@id\":\"https:\/\/www.locansol.fr\/conference-monet-art-impressionniste\/#primaryimage\"},\"thumbnailUrl\":\"https:\/\/www.locansol.fr\/wp-content\/uploads\/2026\/04\/conference-monet-art-impressionniste.webp\",\"keywords\":[\"\u00c9v\u00e8nement culturel\",\"Pyr\u00e9n\u00e9es-Orientales\"],\"articleSection\":[\"Foire\"],\"inLanguage\":\"es\"},{\"@type\":\"WebPage\",\"@id\":\"https:\/\/www.locansol.fr\/conference-monet-art-impressionniste\/\",\"url\":\"https:\/\/www.locansol.fr\/conference-monet-art-impressionniste\/\",\"name\":\"Conf\u00e9rence sur Monet Saint-Laurent-de-la-Salanque - Explorez l'art impressionniste\",\"isPartOf\":{\"@id\":\"https:\/\/www.locansol.fr\/#website\"},\"primaryImageOfPage\":{\"@id\":\"https:\/\/www.locansol.fr\/conference-monet-art-impressionniste\/#primaryimage\"},\"image\":{\"@id\":\"https:\/\/www.locansol.fr\/conference-monet-art-impressionniste\/#primaryimage\"},\"thumbnailUrl\":\"https:\/\/www.locansol.fr\/wp-content\/uploads\/2026\/04\/conference-monet-art-impressionniste.webp\",\"datePublished\":\"2026-04-11T14:28:39+00:00\",\"dateModified\":\"2026-04-11T14:28:44+00:00\",\"description\":\"Conf\u00e9rence sur Monet Saint-Laurent-de-la-Salanque. D\u00e9couvrez l'\u00e9volution artistique de Monet avec une sp\u00e9cialiste. Gratuit, Place G\u00e9n\u00e9ral de Gaulle. Pyr\u00e9n\u00e9es-Orientales.\",\"breadcrumb\":{\"@id\":\"https:\/\/www.locansol.fr\/conference-monet-art-impressionniste\/#breadcrumb\"},\"inLanguage\":\"es\",\"potentialAction\":[{\"@type\":\"ReadAction\",\"target\":[\"https:\/\/www.locansol.fr\/conference-monet-art-impressionniste\/\"]}]},{\"@type\":\"ImageObject\",\"inLanguage\":\"es\",\"@id\":\"https:\/\/www.locansol.fr\/conference-monet-art-impressionniste\/#primaryimage\",\"url\":\"https:\/\/www.locansol.fr\/wp-content\/uploads\/2026\/04\/conference-monet-art-impressionniste.webp\",\"contentUrl\":\"https:\/\/www.locansol.fr\/wp-content\/uploads\/2026\/04\/conference-monet-art-impressionniste.webp\",\"width\":1024,\"height\":1536,\"caption\":\"Conf\u00e9rence sur Monet Saint-Laurent-de-la-Salanque - Explorez l'art impressionniste\"},{\"@type\":\"BreadcrumbList\",\"@id\":\"https:\/\/www.locansol.fr\/conference-monet-art-impressionniste\/#breadcrumb\",\"itemListElement\":[{\"@type\":\"ListItem\",\"position\":1,\"name\":\"Accueil\",\"item\":\"https:\/\/www.locansol.fr\/\"},{\"@type\":\"ListItem\",\"position\":2,\"name\":\"Saint-Laurent-de-la-Salanque &#8211; 11 avril &#8211; Conf\u00e9rence sur Monet &#8211; Plongez dans l&rsquo;histoire de l&rsquo;art\"}]},{\"@type\":\"WebSite\",\"@id\":\"https:\/\/www.locansol.fr\/#website\",\"url\":\"https:\/\/www.locansol.fr\/\",\"name\":\"Locansol, louer un h\u00e9bergement dans les Pyr\u00e9n\u00e9es-Orientales\",\"description\":\"Location Mobil-home Mer M\u00e9diterran\u00e9e &amp; Chalet de Montagne dans les Pyr\u00e9n\u00e9es Orientales (Occitanie, 66). Weekend, s\u00e9jour &amp; vacances en famille et entre amis.\",\"publisher\":{\"@id\":\"https:\/\/www.locansol.fr\/#organization\"},\"alternateName\":\"Louer un h\u00e9bergement dans les Pyr\u00e9n\u00e9es Orientales, chalet & mobil-home en Occitanie\",\"potentialAction\":[{\"@type\":\"SearchAction\",\"target\":{\"@type\":\"EntryPoint\",\"urlTemplate\":\"https:\/\/www.locansol.fr\/?s={search_term_string}\"},\"query-input\":{\"@type\":\"PropertyValueSpecification\",\"valueRequired\":true,\"valueName\":\"search_term_string\"}}],\"inLanguage\":\"es\"},{\"@type\":\"Organization\",\"@id\":\"https:\/\/www.locansol.fr\/#organization\",\"name\":\"Location MobilHome & chalet dans les Pyr\u00e9n\u00e9es Orientales\",\"alternateName\":\"Louer un h\u00e9bergement dans les Pyr\u00e9n\u00e9es Orientales en Occitanie\",\"url\":\"https:\/\/www.locansol.fr\/\",\"logo\":{\"@type\":\"ImageObject\",\"inLanguage\":\"es\",\"@id\":\"https:\/\/www.locansol.fr\/#\/schema\/logo\/image\/\",\"url\":\"https:\/\/www.locansol.fr\/wp-content\/uploads\/2024\/04\/AdobeStock_303324767-scaled.jpeg\",\"contentUrl\":\"https:\/\/www.locansol.fr\/wp-content\/uploads\/2024\/04\/AdobeStock_303324767-scaled.jpeg\",\"width\":2560,\"height\":1707,\"caption\":\"Location MobilHome & chalet dans les Pyr\u00e9n\u00e9es Orientales\"},\"image\":{\"@id\":\"https:\/\/www.locansol.fr\/#\/schema\/logo\/image\/\"}},{\"@type\":\"Person\",\"@id\":\"https:\/\/www.locansol.fr\/#\/schema\/person\/0b08d440f1ac44674c6d498107de351d\",\"name\":\"H\u00e9bergements Locansol\",\"image\":{\"@type\":\"ImageObject\",\"inLanguage\":\"es\",\"@id\":\"https:\/\/www.locansol.fr\/#\/schema\/person\/image\/\",\"url\":\"https:\/\/secure.gravatar.com\/avatar\/444436b93284204f8116b6e0eb964cd3fcb811519c737232bde6dd5743c37ee5?s=96&d=mm&r=g\",\"contentUrl\":\"https:\/\/secure.gravatar.com\/avatar\/444436b93284204f8116b6e0eb964cd3fcb811519c737232bde6dd5743c37ee5?s=96&d=mm&r=g\",\"caption\":\"H\u00e9bergements Locansol\"},\"sameAs\":[\"https:\/\/www.locansol.fr\/\"],\"url\":\"https:\/\/www.locansol.fr\/es\/author\/locansol\/\"}]}<\/script>\n<!-- \/ Yoast SEO Premium plugin. -->","yoast_head_json":{"title":"Conf\u00e9rence sur Monet Saint-Laurent-de-la-Salanque - Explorez l'art impressionniste","description":"Conf\u00e9rence sur Monet Saint-Laurent-de-la-Salanque. D\u00e9couvrez l'\u00e9volution artistique de Monet avec une sp\u00e9cialiste. Gratuit, Place G\u00e9n\u00e9ral de Gaulle. Pyr\u00e9n\u00e9es-Orientales.","robots":{"index":"index","follow":"follow","max-snippet":"max-snippet:-1","max-image-preview":"max-image-preview:large","max-video-preview":"max-video-preview:-1"},"canonical":"https:\/\/www.locansol.fr\/es\/conference-monet-art-impressionniste\/","og_locale":"es_ES","og_type":"article","og_title":"Plongez dans l'univers de Monet : Saint-Laurent-de-la-Salanque \u2014 Une conf\u00e9rence inspirante","og_description":"Imaginez-vous \u00e0 Saint-Laurent-de-la-Salanque, plongeant dans les couleurs de Monet. Une conf\u00e9rence gratuite pour red\u00e9couvrir son art et son influence sur l'impressionnisme.","og_url":"https:\/\/www.locansol.fr\/es\/conference-monet-art-impressionniste\/","og_site_name":"Locansol, louer un h\u00e9bergement dans les Pyr\u00e9n\u00e9es Orientales","article_published_time":"2026-04-11T14:28:39+00:00","article_modified_time":"2026-04-11T14:28:44+00:00","og_image":[{"url":"https:\/\/www.locansol.fr\/wp-content\/uploads\/2026\/04\/conference-monet-art-impressionniste.webp","type":"","width":"","height":""}],"author":"H\u00e9bergements Locansol","twitter_card":"summary_large_image","twitter_title":"Conf\u00e9rence sur Monet \u00e0 Saint-Laurent-de-la-Salanque : ne manquez pas \u00e7a !","twitter_description":"D\u00e9couvrez l'univers de Monet lors d'une conf\u00e9rence gratuite \u00e0 Saint-Laurent-de-la-Salanque. Ouvert \u00e0 tous, ne manquez pas cette exp\u00e9rience culturelle !","twitter_image":"https:\/\/www.locansol.fr\/wp-content\/uploads\/2026\/04\/conference-monet-art-impressionniste.webp","twitter_misc":{"Escrito por":"H\u00e9bergements Locansol","Tiempo de lectura":"1 minuto"},"schema":{"@context":"https:\/\/schema.org","@graph":[{"@type":"Article","@id":"https:\/\/www.locansol.fr\/conference-monet-art-impressionniste\/#article","isPartOf":{"@id":"https:\/\/www.locansol.fr\/conference-monet-art-impressionniste\/"},"author":{"name":"H\u00e9bergements Locansol","@id":"https:\/\/www.locansol.fr\/#\/schema\/person\/0b08d440f1ac44674c6d498107de351d"},"headline":"Saint-Laurent-de-la-Salanque &#8211; 11 avril &#8211; Conf\u00e9rence sur Monet &#8211; Plongez dans l&rsquo;histoire de l&rsquo;art","datePublished":"2026-04-11T14:28:39+00:00","dateModified":"2026-04-11T14:28:44+00:00","mainEntityOfPage":{"@id":"https:\/\/www.locansol.fr\/conference-monet-art-impressionniste\/"},"wordCount":322,"publisher":{"@id":"https:\/\/www.locansol.fr\/#organization"},"image":{"@id":"https:\/\/www.locansol.fr\/conference-monet-art-impressionniste\/#primaryimage"},"thumbnailUrl":"https:\/\/www.locansol.fr\/wp-content\/uploads\/2026\/04\/conference-monet-art-impressionniste.webp","keywords":["\u00c9v\u00e8nement culturel","Pyr\u00e9n\u00e9es-Orientales"],"articleSection":["Foire"],"inLanguage":"es"},{"@type":"WebPage","@id":"https:\/\/www.locansol.fr\/conference-monet-art-impressionniste\/","url":"https:\/\/www.locansol.fr\/conference-monet-art-impressionniste\/","name":"Conf\u00e9rence sur Monet Saint-Laurent-de-la-Salanque - Explorez l'art impressionniste","isPartOf":{"@id":"https:\/\/www.locansol.fr\/#website"},"primaryImageOfPage":{"@id":"https:\/\/www.locansol.fr\/conference-monet-art-impressionniste\/#primaryimage"},"image":{"@id":"https:\/\/www.locansol.fr\/conference-monet-art-impressionniste\/#primaryimage"},"thumbnailUrl":"https:\/\/www.locansol.fr\/wp-content\/uploads\/2026\/04\/conference-monet-art-impressionniste.webp","datePublished":"2026-04-11T14:28:39+00:00","dateModified":"2026-04-11T14:28:44+00:00","description":"Conf\u00e9rence sur Monet Saint-Laurent-de-la-Salanque. D\u00e9couvrez l'\u00e9volution artistique de Monet avec une sp\u00e9cialiste. Gratuit, Place G\u00e9n\u00e9ral de Gaulle. Pyr\u00e9n\u00e9es-Orientales.","breadcrumb":{"@id":"https:\/\/www.locansol.fr\/conference-monet-art-impressionniste\/#breadcrumb"},"inLanguage":"es","potentialAction":[{"@type":"ReadAction","target":["https:\/\/www.locansol.fr\/conference-monet-art-impressionniste\/"]}]},{"@type":"ImageObject","inLanguage":"es","@id":"https:\/\/www.locansol.fr\/conference-monet-art-impressionniste\/#primaryimage","url":"https:\/\/www.locansol.fr\/wp-content\/uploads\/2026\/04\/conference-monet-art-impressionniste.webp","contentUrl":"https:\/\/www.locansol.fr\/wp-content\/uploads\/2026\/04\/conference-monet-art-impressionniste.webp","width":1024,"height":1536,"caption":"Conf\u00e9rence sur Monet Saint-Laurent-de-la-Salanque - Explorez l'art impressionniste"},{"@type":"BreadcrumbList","@id":"https:\/\/www.locansol.fr\/conference-monet-art-impressionniste\/#breadcrumb","itemListElement":[{"@type":"ListItem","position":1,"name":"Accueil","item":"https:\/\/www.locansol.fr\/"},{"@type":"ListItem","position":2,"name":"Saint-Laurent-de-la-Salanque &#8211; 11 avril &#8211; Conf\u00e9rence sur Monet &#8211; Plongez dans l&rsquo;histoire de l&rsquo;art"}]},{"@type":"WebSite","@id":"https:\/\/www.locansol.fr\/#website","url":"https:\/\/www.locansol.fr\/","name":"Locansol, louer un h\u00e9bergement dans les Pyr\u00e9n\u00e9es-Orientales","description":"Location Mobil-home Mer M\u00e9diterran\u00e9e &amp; Chalet de Montagne dans les Pyr\u00e9n\u00e9es Orientales (Occitanie, 66). Weekend, s\u00e9jour &amp; vacances en famille et entre amis.","publisher":{"@id":"https:\/\/www.locansol.fr\/#organization"},"alternateName":"Louer un h\u00e9bergement dans les Pyr\u00e9n\u00e9es Orientales, chalet & mobil-home en Occitanie","potentialAction":[{"@type":"SearchAction","target":{"@type":"EntryPoint","urlTemplate":"https:\/\/www.locansol.fr\/?s={search_term_string}"},"query-input":{"@type":"PropertyValueSpecification","valueRequired":true,"valueName":"search_term_string"}}],"inLanguage":"es"},{"@type":"Organization","@id":"https:\/\/www.locansol.fr\/#organization","name":"Location MobilHome & chalet dans les Pyr\u00e9n\u00e9es Orientales","alternateName":"Louer un h\u00e9bergement dans les Pyr\u00e9n\u00e9es Orientales en Occitanie","url":"https:\/\/www.locansol.fr\/","logo":{"@type":"ImageObject","inLanguage":"es","@id":"https:\/\/www.locansol.fr\/#\/schema\/logo\/image\/","url":"https:\/\/www.locansol.fr\/wp-content\/uploads\/2024\/04\/AdobeStock_303324767-scaled.jpeg","contentUrl":"https:\/\/www.locansol.fr\/wp-content\/uploads\/2024\/04\/AdobeStock_303324767-scaled.jpeg","width":2560,"height":1707,"caption":"Location MobilHome & chalet dans les Pyr\u00e9n\u00e9es Orientales"},"image":{"@id":"https:\/\/www.locansol.fr\/#\/schema\/logo\/image\/"}},{"@type":"Person","@id":"https:\/\/www.locansol.fr\/#\/schema\/person\/0b08d440f1ac44674c6d498107de351d","name":"H\u00e9bergements Locansol","image":{"@type":"ImageObject","inLanguage":"es","@id":"https:\/\/www.locansol.fr\/#\/schema\/person\/image\/","url":"https:\/\/secure.gravatar.com\/avatar\/444436b93284204f8116b6e0eb964cd3fcb811519c737232bde6dd5743c37ee5?s=96&d=mm&r=g","contentUrl":"https:\/\/secure.gravatar.com\/avatar\/444436b93284204f8116b6e0eb964cd3fcb811519c737232bde6dd5743c37ee5?s=96&d=mm&r=g","caption":"H\u00e9bergements Locansol"},"sameAs":["https:\/\/www.locansol.fr\/"],"url":"https:\/\/www.locansol.fr\/es\/author\/locansol\/"}]}},"_links":{"self":[{"href":"https:\/\/www.locansol.fr\/es\/wp-json\/wp\/v2\/posts\/5955","targetHints":{"allow":["GET"]}}],"collection":[{"href":"https:\/\/www.locansol.fr\/es\/wp-json\/wp\/v2\/posts"}],"about":[{"href":"https:\/\/www.locansol.fr\/es\/wp-json\/wp\/v2\/types\/post"}],"author":[{"embeddable":true,"href":"https:\/\/www.locansol.fr\/es\/wp-json\/wp\/v2\/users\/5"}],"replies":[{"embeddable":true,"href":"https:\/\/www.locansol.fr\/es\/wp-json\/wp\/v2\/comments?post=5955"}],"version-history":[{"count":1,"href":"https:\/\/www.locansol.fr\/es\/wp-json\/wp\/v2\/posts\/5955\/revisions"}],"predecessor-version":[{"id":5956,"href":"https:\/\/www.locansol.fr\/es\/wp-json\/wp\/v2\/posts\/5955\/revisions\/5956"}],"wp:featuredmedia":[{"embeddable":true,"href":"https:\/\/www.locansol.fr\/es\/wp-json\/wp\/v2\/media\/5954"}],"wp:attachment":[{"href":"https:\/\/www.locansol.fr\/es\/wp-json\/wp\/v2\/media?parent=5955"}],"wp:term":[{"taxonomy":"category","embeddable":true,"href":"https:\/\/www.locansol.fr\/es\/wp-json\/wp\/v2\/categories?post=5955"},{"taxonomy":"post_tag","embeddable":true,"href":"https:\/\/www.locansol.fr\/es\/wp-json\/wp\/v2\/tags?post=5955"}],"curies":[{"name":"wp","href":"https:\/\/api.w.org\/{rel}","templated":true}]}}