{"id":6211,"date":"2026-04-18T22:09:15","date_gmt":"2026-04-18T20:09:15","guid":{"rendered":"https:\/\/www.locansol.fr\/exposition-restauration-volets-monumentaux\/"},"modified":"2026-04-18T22:09:19","modified_gmt":"2026-04-18T20:09:19","slug":"exposition-restauration-volets-monumentaux","status":"publish","type":"post","link":"https:\/\/www.locansol.fr\/es\/exposition-restauration-volets-monumentaux\/","title":{"rendered":"Perpignan &#8211; Mars \u00e0 Mai 2023 &#8211; Exposition sur la Restauration des Volets Monumentaux de la Cath\u00e9drale"},"content":{"rendered":"<p>La ville de Perpignan vous invite \u00e0 un rendez-vous exceptionnel avec l\u2019histoire et l\u2019art gothique gr\u00e2ce \u00e0 l\u2019exposition \u00ab La red\u00e9couverte d\u2019un chef-d\u2019\u0153uvre monumental \u00bb. Cet \u00e9v\u00e9nement, qui se tient du 24 mars au 31 mai, vous propose de plonger dans l\u2019histoire fascinante de la restauration des volets monumentaux du grand orgue de la cath\u00e9drale Saint-Jean-Baptiste, l\u2019un des \u00e9difices embl\u00e9matiques de la ville.<\/p>\n<p>Situ\u00e9e au 21 Rue Mailly, cette exposition met \u00e0 l&rsquo;honneur un travail minutieux entam\u00e9 en 2022 par la Direction r\u00e9gionale des affaires culturelles d&rsquo;Occitanie. Les volets restaur\u00e9s, datant de 1504, sont une v\u00e9ritable merveille architecturale et artistique : deux panneaux monumentaux de 12,6 m\u00e8tres de haut sur 4,3 m\u00e8tres de large, orn\u00e9s d\u2019une polychromie \u00e9clatante et d\u2019une fascinante grisaille sur le revers. \u00c0 l\u2019origine, ces volets encadraient le buffet de l\u2019orgue de la cath\u00e9drale, se d\u00e9ployant selon le calendrier liturgique dans un dialogue captivant entre musique et images sacr\u00e9es. Ils avaient malheureusement perdu de leur grandeur et de leur visibilit\u00e9 \u00e0 partir du XIXe si\u00e8cle lorsqu\u2019ils avaient \u00e9t\u00e9 d\u00e9plac\u00e9s et fix\u00e9s aux murs de la cath\u00e9drale.<\/p>\n<p>Avec la restauration, ces \u0153uvres reprennent vie, et l\u2019exposition permet de d\u00e9couvrir en d\u00e9tail leur histoire et le remarquable processus gr\u00e2ce auquel elles ont retrouv\u00e9 leur splendeur d\u2019antan. En filigrane, se d\u00e9voile \u00e9galement l\u2019\u00e2me de Perpignan, marqu\u00e9e par une histoire riche et une identit\u00e9 culturelle affirm\u00e9e. Situ\u00e9e au c\u0153ur de la ville, la cath\u00e9drale Saint-Jean-Baptiste, de style gothique, constitue l\u2019\u00e9crin parfait pour cet hommage au patrimoine. Elle-m\u00eame charg\u00e9e de si\u00e8cles d\u2019histoire \u2014 sa construction ayant d\u00e9marr\u00e9 en 1324 sous San\u00e7 de Majorque \u2014 la cath\u00e9drale incarne la grandeur et la p\u00e9rennit\u00e9 de l&rsquo;art pieux.<\/p>\n<p>Les visiteurs de l\u2019exposition auront l\u2019occasion unique d\u2019admirer ces chefs-d\u2019\u0153uvre monumentaux en immersion totale dans l\u2019atmosph\u00e8re spirituelle et artistique de l\u2019\u00e9poque. L\u2019organisation de cet \u00e9v\u00e9nement dans un lieu si charg\u00e9 d\u2019histoire promet une exp\u00e9rience culturelle enrichissante aussi bien pour les amateurs d\u2019art que pour les curieux souhaitant en apprendre davantage sur le patrimoine local.<\/p>\n<p>C\u00f4t\u00e9 pratique, le tarif d\u2019entr\u00e9e s\u2019\u00e9l\u00e8ve \u00e0 8,00 \u20ac, vous offrant un acc\u00e8s \u00e0 cette exposition exceptionnelle. Pas besoin d\u2019\u00eatre un f\u00e9ru d\u2019histoire ou d\u2019art pour appr\u00e9cier la beaut\u00e9 et le savoir-faire derri\u00e8re la restauration de ces volets uniques au monde. En famille ou entre amis, cette exposition est une belle opportunit\u00e9 de d\u00e9couvrir un pan m\u00e9connu mais grandiose du patrimoine perpignanais dans un cadre des plus inspirants.<\/p>\n<p>Alors, laissez-vous tenter et venez d\u00e9couvrir ces tr\u00e9sors oubli\u00e9s d\u00e9sormais restaur\u00e9s, pour plonger dans le pass\u00e9 glorieux de Perpignan \u00e0 travers l\u2019un de ses symboles les plus pr\u00e9cieux.<\/p>\n<h3>Informaci\u00f3n pr\u00e1ctica<\/h3>\n<p>\ud83d\udcc5 QUAND ? Du 24 mars au 31 mai<br \/>\ud83d\udccd O\u00d9 ? 21 Rue Mailly, Perpignan<br \/>\ud83d\udcb6 COMBIEN ? 8 \u20ac<\/p>","protected":false},"excerpt":{"rendered":"<p>D\u00e9couvrez l\u2019exposition \u00ab La red\u00e9couverte d\u2019un chef-d\u2019\u0153uvre monumental \u00bb \u00e0 la cath\u00e9drale Saint-Jean-Baptiste de Perpignan, du 24 mars au 31 mai, pour admirer la restauration des volets monumentaux de son grand orgue.<\/p>","protected":false},"author":5,"featured_media":6210,"comment_status":"closed","ping_status":"open","sticky":false,"template":"","format":"standard","meta":{"_yoast_wpseo_focuskw":"Exposition restauration volets monumentaux","_yoast_wpseo_title":"Exposition restauration volets monumentaux Perpignan","_yoast_wpseo_metadesc":"D\u00e9couvrez l'exposition sur la restauration des volets monumentaux de la cath\u00e9drale \u00e0 Perpignan. Plongez dans l'histoire et l'art gothique. Pyr\u00e9n\u00e9es-Orientales.","_yoast_wpseo_canonical":"","_yoast_wpseo_opengraph-title":"D\u00e9couvrez un chef-d'\u0153uvre monumental : Perpignan \u2014 immersion dans l'art gothique","_yoast_wpseo_opengraph-description":"Plongez dans l'histoire fascinante de la restauration des volets monumentaux de la cath\u00e9drale de Perpignan. Une exp\u00e9rience culturelle unique et immersive.","_yoast_wpseo_opengraph-image":"https:\/\/www.locansol.fr\/wp-content\/uploads\/2026\/04\/exposition-restauration-volets-monumentaux.webp","_yoast_wpseo_opengraph-image-id":"","_yoast_wpseo_twitter-title":"D\u00e9couvrez l'exposition sur les volets monumentaux \u00e0 Perpignan","_yoast_wpseo_twitter-description":"Plongez dans l'histoire et l'art gothique avec l'exposition sur la restauration des volets monumentaux de la cath\u00e9drale \u00e0 Perpignan. Une exp\u00e9rience unique !","_yoast_wpseo_twitter-image":"https:\/\/www.locansol.fr\/wp-content\/uploads\/2026\/04\/exposition-restauration-volets-monumentaux.webp","_yoast_wpseo_twitter-image-id":"","yoast_primary_category":"Exposition","footnotes":""},"categories":[35],"tags":[66,76],"class_list":["post-6211","post","type-post","status-publish","format-standard","has-post-thumbnail","hentry","category-carnaval","tag-evenement-culturel","tag-pyrenees-orientales"],"yoast_head":"<!-- This site is optimized with the Yoast SEO Premium plugin v23.3 (Yoast SEO v26.9) - https:\/\/yoast.com\/product\/yoast-seo-premium-wordpress\/ -->\n<title>Exposition restauration volets monumentaux Perpignan<\/title>\n<meta name=\"description\" content=\"D\u00e9couvrez l&#039;exposition sur la restauration des volets monumentaux de la cath\u00e9drale \u00e0 Perpignan. Plongez dans l&#039;histoire et l&#039;art gothique. Pyr\u00e9n\u00e9es-Orientales.\" \/>\n<meta name=\"robots\" content=\"index, follow, max-snippet:-1, max-image-preview:large, max-video-preview:-1\" \/>\n<link rel=\"canonical\" href=\"https:\/\/www.locansol.fr\/es\/exposition-restauration-volets-monumentaux\/\" \/>\n<meta property=\"og:locale\" content=\"es_ES\" \/>\n<meta property=\"og:type\" content=\"article\" \/>\n<meta property=\"og:title\" content=\"D\u00e9couvrez un chef-d&#039;\u0153uvre monumental : Perpignan \u2014 immersion dans l&#039;art gothique\" \/>\n<meta property=\"og:description\" content=\"Plongez dans l&#039;histoire fascinante de la restauration des volets monumentaux de la cath\u00e9drale de Perpignan. Une exp\u00e9rience culturelle unique et immersive.\" \/>\n<meta property=\"og:url\" content=\"https:\/\/www.locansol.fr\/es\/exposition-restauration-volets-monumentaux\/\" \/>\n<meta property=\"og:site_name\" content=\"Locansol, louer un h\u00e9bergement dans les Pyr\u00e9n\u00e9es Orientales\" \/>\n<meta property=\"article:published_time\" content=\"2026-04-18T20:09:15+00:00\" \/>\n<meta property=\"article:modified_time\" content=\"2026-04-18T20:09:19+00:00\" \/>\n<meta property=\"og:image\" content=\"https:\/\/www.locansol.fr\/wp-content\/uploads\/2026\/04\/exposition-restauration-volets-monumentaux.webp\" \/>\n<meta name=\"author\" content=\"H\u00e9bergements Locansol\" \/>\n<meta name=\"twitter:card\" content=\"summary_large_image\" \/>\n<meta name=\"twitter:title\" content=\"D\u00e9couvrez l&#039;exposition sur les volets monumentaux \u00e0 Perpignan\" \/>\n<meta name=\"twitter:description\" content=\"Plongez dans l&#039;histoire et l&#039;art gothique avec l&#039;exposition sur la restauration des volets monumentaux de la cath\u00e9drale \u00e0 Perpignan. Une exp\u00e9rience unique !\" \/>\n<meta name=\"twitter:image\" content=\"https:\/\/www.locansol.fr\/wp-content\/uploads\/2026\/04\/exposition-restauration-volets-monumentaux.webp\" \/>\n<meta name=\"twitter:label1\" content=\"Escrito por\" \/>\n\t<meta name=\"twitter:data1\" content=\"H\u00e9bergements Locansol\" \/>\n\t<meta name=\"twitter:label2\" content=\"Tiempo de lectura\" \/>\n\t<meta name=\"twitter:data2\" content=\"2 minutos\" \/>\n<script type=\"application\/ld+json\" class=\"yoast-schema-graph\">{\"@context\":\"https:\/\/schema.org\",\"@graph\":[{\"@type\":\"Article\",\"@id\":\"https:\/\/www.locansol.fr\/exposition-restauration-volets-monumentaux\/#article\",\"isPartOf\":{\"@id\":\"https:\/\/www.locansol.fr\/exposition-restauration-volets-monumentaux\/\"},\"author\":{\"name\":\"H\u00e9bergements Locansol\",\"@id\":\"https:\/\/www.locansol.fr\/#\/schema\/person\/0b08d440f1ac44674c6d498107de351d\"},\"headline\":\"Perpignan &#8211; Mars \u00e0 Mai 2023 &#8211; Exposition sur la Restauration des Volets Monumentaux de la Cath\u00e9drale\",\"datePublished\":\"2026-04-18T20:09:15+00:00\",\"dateModified\":\"2026-04-18T20:09:19+00:00\",\"mainEntityOfPage\":{\"@id\":\"https:\/\/www.locansol.fr\/exposition-restauration-volets-monumentaux\/\"},\"wordCount\":516,\"publisher\":{\"@id\":\"https:\/\/www.locansol.fr\/#organization\"},\"image\":{\"@id\":\"https:\/\/www.locansol.fr\/exposition-restauration-volets-monumentaux\/#primaryimage\"},\"thumbnailUrl\":\"https:\/\/www.locansol.fr\/wp-content\/uploads\/2026\/04\/exposition-restauration-volets-monumentaux.webp\",\"keywords\":[\"\u00c9v\u00e8nement culturel\",\"Pyr\u00e9n\u00e9es-Orientales\"],\"articleSection\":[\"Carnaval\"],\"inLanguage\":\"es\"},{\"@type\":\"WebPage\",\"@id\":\"https:\/\/www.locansol.fr\/exposition-restauration-volets-monumentaux\/\",\"url\":\"https:\/\/www.locansol.fr\/exposition-restauration-volets-monumentaux\/\",\"name\":\"Exposition restauration volets monumentaux Perpignan\",\"isPartOf\":{\"@id\":\"https:\/\/www.locansol.fr\/#website\"},\"primaryImageOfPage\":{\"@id\":\"https:\/\/www.locansol.fr\/exposition-restauration-volets-monumentaux\/#primaryimage\"},\"image\":{\"@id\":\"https:\/\/www.locansol.fr\/exposition-restauration-volets-monumentaux\/#primaryimage\"},\"thumbnailUrl\":\"https:\/\/www.locansol.fr\/wp-content\/uploads\/2026\/04\/exposition-restauration-volets-monumentaux.webp\",\"datePublished\":\"2026-04-18T20:09:15+00:00\",\"dateModified\":\"2026-04-18T20:09:19+00:00\",\"description\":\"D\u00e9couvrez l'exposition sur la restauration des volets monumentaux de la cath\u00e9drale \u00e0 Perpignan. Plongez dans l'histoire et l'art gothique. Pyr\u00e9n\u00e9es-Orientales.\",\"breadcrumb\":{\"@id\":\"https:\/\/www.locansol.fr\/exposition-restauration-volets-monumentaux\/#breadcrumb\"},\"inLanguage\":\"es\",\"potentialAction\":[{\"@type\":\"ReadAction\",\"target\":[\"https:\/\/www.locansol.fr\/exposition-restauration-volets-monumentaux\/\"]}]},{\"@type\":\"ImageObject\",\"inLanguage\":\"es\",\"@id\":\"https:\/\/www.locansol.fr\/exposition-restauration-volets-monumentaux\/#primaryimage\",\"url\":\"https:\/\/www.locansol.fr\/wp-content\/uploads\/2026\/04\/exposition-restauration-volets-monumentaux.webp\",\"contentUrl\":\"https:\/\/www.locansol.fr\/wp-content\/uploads\/2026\/04\/exposition-restauration-volets-monumentaux.webp\",\"width\":1024,\"height\":605,\"caption\":\"Exposition restauration volets monumentaux Perpignan\"},{\"@type\":\"BreadcrumbList\",\"@id\":\"https:\/\/www.locansol.fr\/exposition-restauration-volets-monumentaux\/#breadcrumb\",\"itemListElement\":[{\"@type\":\"ListItem\",\"position\":1,\"name\":\"Accueil\",\"item\":\"https:\/\/www.locansol.fr\/\"},{\"@type\":\"ListItem\",\"position\":2,\"name\":\"Perpignan &#8211; Mars \u00e0 Mai 2023 &#8211; Exposition sur la Restauration des Volets Monumentaux de la Cath\u00e9drale\"}]},{\"@type\":\"WebSite\",\"@id\":\"https:\/\/www.locansol.fr\/#website\",\"url\":\"https:\/\/www.locansol.fr\/\",\"name\":\"Locansol, louer un h\u00e9bergement dans les Pyr\u00e9n\u00e9es-Orientales\",\"description\":\"Location Mobil-home Mer M\u00e9diterran\u00e9e &amp; Chalet de Montagne dans les Pyr\u00e9n\u00e9es Orientales (Occitanie, 66). Weekend, s\u00e9jour &amp; vacances en famille et entre amis.\",\"publisher\":{\"@id\":\"https:\/\/www.locansol.fr\/#organization\"},\"alternateName\":\"Louer un h\u00e9bergement dans les Pyr\u00e9n\u00e9es Orientales, chalet & mobil-home en Occitanie\",\"potentialAction\":[{\"@type\":\"SearchAction\",\"target\":{\"@type\":\"EntryPoint\",\"urlTemplate\":\"https:\/\/www.locansol.fr\/?s={search_term_string}\"},\"query-input\":{\"@type\":\"PropertyValueSpecification\",\"valueRequired\":true,\"valueName\":\"search_term_string\"}}],\"inLanguage\":\"es\"},{\"@type\":\"Organization\",\"@id\":\"https:\/\/www.locansol.fr\/#organization\",\"name\":\"Location MobilHome & chalet dans les Pyr\u00e9n\u00e9es Orientales\",\"alternateName\":\"Louer un h\u00e9bergement dans les Pyr\u00e9n\u00e9es Orientales en Occitanie\",\"url\":\"https:\/\/www.locansol.fr\/\",\"logo\":{\"@type\":\"ImageObject\",\"inLanguage\":\"es\",\"@id\":\"https:\/\/www.locansol.fr\/#\/schema\/logo\/image\/\",\"url\":\"https:\/\/www.locansol.fr\/wp-content\/uploads\/2024\/04\/AdobeStock_303324767-scaled.jpeg\",\"contentUrl\":\"https:\/\/www.locansol.fr\/wp-content\/uploads\/2024\/04\/AdobeStock_303324767-scaled.jpeg\",\"width\":2560,\"height\":1707,\"caption\":\"Location MobilHome & chalet dans les Pyr\u00e9n\u00e9es Orientales\"},\"image\":{\"@id\":\"https:\/\/www.locansol.fr\/#\/schema\/logo\/image\/\"}},{\"@type\":\"Person\",\"@id\":\"https:\/\/www.locansol.fr\/#\/schema\/person\/0b08d440f1ac44674c6d498107de351d\",\"name\":\"H\u00e9bergements Locansol\",\"image\":{\"@type\":\"ImageObject\",\"inLanguage\":\"es\",\"@id\":\"https:\/\/www.locansol.fr\/#\/schema\/person\/image\/\",\"url\":\"https:\/\/secure.gravatar.com\/avatar\/444436b93284204f8116b6e0eb964cd3fcb811519c737232bde6dd5743c37ee5?s=96&d=mm&r=g\",\"contentUrl\":\"https:\/\/secure.gravatar.com\/avatar\/444436b93284204f8116b6e0eb964cd3fcb811519c737232bde6dd5743c37ee5?s=96&d=mm&r=g\",\"caption\":\"H\u00e9bergements Locansol\"},\"sameAs\":[\"https:\/\/www.locansol.fr\/\"],\"url\":\"https:\/\/www.locansol.fr\/es\/author\/locansol\/\"}]}<\/script>\n<!-- \/ Yoast SEO Premium plugin. -->","yoast_head_json":{"title":"Exposition restauration volets monumentaux Perpignan","description":"D\u00e9couvrez l'exposition sur la restauration des volets monumentaux de la cath\u00e9drale \u00e0 Perpignan. Plongez dans l'histoire et l'art gothique. Pyr\u00e9n\u00e9es-Orientales.","robots":{"index":"index","follow":"follow","max-snippet":"max-snippet:-1","max-image-preview":"max-image-preview:large","max-video-preview":"max-video-preview:-1"},"canonical":"https:\/\/www.locansol.fr\/es\/exposition-restauration-volets-monumentaux\/","og_locale":"es_ES","og_type":"article","og_title":"D\u00e9couvrez un chef-d'\u0153uvre monumental : Perpignan \u2014 immersion dans l'art gothique","og_description":"Plongez dans l'histoire fascinante de la restauration des volets monumentaux de la cath\u00e9drale de Perpignan. Une exp\u00e9rience culturelle unique et immersive.","og_url":"https:\/\/www.locansol.fr\/es\/exposition-restauration-volets-monumentaux\/","og_site_name":"Locansol, louer un h\u00e9bergement dans les Pyr\u00e9n\u00e9es Orientales","article_published_time":"2026-04-18T20:09:15+00:00","article_modified_time":"2026-04-18T20:09:19+00:00","og_image":[{"url":"https:\/\/www.locansol.fr\/wp-content\/uploads\/2026\/04\/exposition-restauration-volets-monumentaux.webp","type":"","width":"","height":""}],"author":"H\u00e9bergements Locansol","twitter_card":"summary_large_image","twitter_title":"D\u00e9couvrez l'exposition sur les volets monumentaux \u00e0 Perpignan","twitter_description":"Plongez dans l'histoire et l'art gothique avec l'exposition sur la restauration des volets monumentaux de la cath\u00e9drale \u00e0 Perpignan. Une exp\u00e9rience unique !","twitter_image":"https:\/\/www.locansol.fr\/wp-content\/uploads\/2026\/04\/exposition-restauration-volets-monumentaux.webp","twitter_misc":{"Escrito por":"H\u00e9bergements Locansol","Tiempo de lectura":"2 minutos"},"schema":{"@context":"https:\/\/schema.org","@graph":[{"@type":"Article","@id":"https:\/\/www.locansol.fr\/exposition-restauration-volets-monumentaux\/#article","isPartOf":{"@id":"https:\/\/www.locansol.fr\/exposition-restauration-volets-monumentaux\/"},"author":{"name":"H\u00e9bergements Locansol","@id":"https:\/\/www.locansol.fr\/#\/schema\/person\/0b08d440f1ac44674c6d498107de351d"},"headline":"Perpignan &#8211; Mars \u00e0 Mai 2023 &#8211; Exposition sur la Restauration des Volets Monumentaux de la Cath\u00e9drale","datePublished":"2026-04-18T20:09:15+00:00","dateModified":"2026-04-18T20:09:19+00:00","mainEntityOfPage":{"@id":"https:\/\/www.locansol.fr\/exposition-restauration-volets-monumentaux\/"},"wordCount":516,"publisher":{"@id":"https:\/\/www.locansol.fr\/#organization"},"image":{"@id":"https:\/\/www.locansol.fr\/exposition-restauration-volets-monumentaux\/#primaryimage"},"thumbnailUrl":"https:\/\/www.locansol.fr\/wp-content\/uploads\/2026\/04\/exposition-restauration-volets-monumentaux.webp","keywords":["\u00c9v\u00e8nement culturel","Pyr\u00e9n\u00e9es-Orientales"],"articleSection":["Carnaval"],"inLanguage":"es"},{"@type":"WebPage","@id":"https:\/\/www.locansol.fr\/exposition-restauration-volets-monumentaux\/","url":"https:\/\/www.locansol.fr\/exposition-restauration-volets-monumentaux\/","name":"Exposition restauration volets monumentaux Perpignan","isPartOf":{"@id":"https:\/\/www.locansol.fr\/#website"},"primaryImageOfPage":{"@id":"https:\/\/www.locansol.fr\/exposition-restauration-volets-monumentaux\/#primaryimage"},"image":{"@id":"https:\/\/www.locansol.fr\/exposition-restauration-volets-monumentaux\/#primaryimage"},"thumbnailUrl":"https:\/\/www.locansol.fr\/wp-content\/uploads\/2026\/04\/exposition-restauration-volets-monumentaux.webp","datePublished":"2026-04-18T20:09:15+00:00","dateModified":"2026-04-18T20:09:19+00:00","description":"D\u00e9couvrez l'exposition sur la restauration des volets monumentaux de la cath\u00e9drale \u00e0 Perpignan. Plongez dans l'histoire et l'art gothique. Pyr\u00e9n\u00e9es-Orientales.","breadcrumb":{"@id":"https:\/\/www.locansol.fr\/exposition-restauration-volets-monumentaux\/#breadcrumb"},"inLanguage":"es","potentialAction":[{"@type":"ReadAction","target":["https:\/\/www.locansol.fr\/exposition-restauration-volets-monumentaux\/"]}]},{"@type":"ImageObject","inLanguage":"es","@id":"https:\/\/www.locansol.fr\/exposition-restauration-volets-monumentaux\/#primaryimage","url":"https:\/\/www.locansol.fr\/wp-content\/uploads\/2026\/04\/exposition-restauration-volets-monumentaux.webp","contentUrl":"https:\/\/www.locansol.fr\/wp-content\/uploads\/2026\/04\/exposition-restauration-volets-monumentaux.webp","width":1024,"height":605,"caption":"Exposition restauration volets monumentaux Perpignan"},{"@type":"BreadcrumbList","@id":"https:\/\/www.locansol.fr\/exposition-restauration-volets-monumentaux\/#breadcrumb","itemListElement":[{"@type":"ListItem","position":1,"name":"Accueil","item":"https:\/\/www.locansol.fr\/"},{"@type":"ListItem","position":2,"name":"Perpignan &#8211; Mars \u00e0 Mai 2023 &#8211; Exposition sur la Restauration des Volets Monumentaux de la Cath\u00e9drale"}]},{"@type":"WebSite","@id":"https:\/\/www.locansol.fr\/#website","url":"https:\/\/www.locansol.fr\/","name":"Locansol, louer un h\u00e9bergement dans les Pyr\u00e9n\u00e9es-Orientales","description":"Location Mobil-home Mer M\u00e9diterran\u00e9e &amp; Chalet de Montagne dans les Pyr\u00e9n\u00e9es Orientales (Occitanie, 66). Weekend, s\u00e9jour &amp; vacances en famille et entre amis.","publisher":{"@id":"https:\/\/www.locansol.fr\/#organization"},"alternateName":"Louer un h\u00e9bergement dans les Pyr\u00e9n\u00e9es Orientales, chalet & mobil-home en Occitanie","potentialAction":[{"@type":"SearchAction","target":{"@type":"EntryPoint","urlTemplate":"https:\/\/www.locansol.fr\/?s={search_term_string}"},"query-input":{"@type":"PropertyValueSpecification","valueRequired":true,"valueName":"search_term_string"}}],"inLanguage":"es"},{"@type":"Organization","@id":"https:\/\/www.locansol.fr\/#organization","name":"Location MobilHome & chalet dans les Pyr\u00e9n\u00e9es Orientales","alternateName":"Louer un h\u00e9bergement dans les Pyr\u00e9n\u00e9es Orientales en Occitanie","url":"https:\/\/www.locansol.fr\/","logo":{"@type":"ImageObject","inLanguage":"es","@id":"https:\/\/www.locansol.fr\/#\/schema\/logo\/image\/","url":"https:\/\/www.locansol.fr\/wp-content\/uploads\/2024\/04\/AdobeStock_303324767-scaled.jpeg","contentUrl":"https:\/\/www.locansol.fr\/wp-content\/uploads\/2024\/04\/AdobeStock_303324767-scaled.jpeg","width":2560,"height":1707,"caption":"Location MobilHome & chalet dans les Pyr\u00e9n\u00e9es Orientales"},"image":{"@id":"https:\/\/www.locansol.fr\/#\/schema\/logo\/image\/"}},{"@type":"Person","@id":"https:\/\/www.locansol.fr\/#\/schema\/person\/0b08d440f1ac44674c6d498107de351d","name":"H\u00e9bergements Locansol","image":{"@type":"ImageObject","inLanguage":"es","@id":"https:\/\/www.locansol.fr\/#\/schema\/person\/image\/","url":"https:\/\/secure.gravatar.com\/avatar\/444436b93284204f8116b6e0eb964cd3fcb811519c737232bde6dd5743c37ee5?s=96&d=mm&r=g","contentUrl":"https:\/\/secure.gravatar.com\/avatar\/444436b93284204f8116b6e0eb964cd3fcb811519c737232bde6dd5743c37ee5?s=96&d=mm&r=g","caption":"H\u00e9bergements Locansol"},"sameAs":["https:\/\/www.locansol.fr\/"],"url":"https:\/\/www.locansol.fr\/es\/author\/locansol\/"}]}},"_links":{"self":[{"href":"https:\/\/www.locansol.fr\/es\/wp-json\/wp\/v2\/posts\/6211","targetHints":{"allow":["GET"]}}],"collection":[{"href":"https:\/\/www.locansol.fr\/es\/wp-json\/wp\/v2\/posts"}],"about":[{"href":"https:\/\/www.locansol.fr\/es\/wp-json\/wp\/v2\/types\/post"}],"author":[{"embeddable":true,"href":"https:\/\/www.locansol.fr\/es\/wp-json\/wp\/v2\/users\/5"}],"replies":[{"embeddable":true,"href":"https:\/\/www.locansol.fr\/es\/wp-json\/wp\/v2\/comments?post=6211"}],"version-history":[{"count":1,"href":"https:\/\/www.locansol.fr\/es\/wp-json\/wp\/v2\/posts\/6211\/revisions"}],"predecessor-version":[{"id":6212,"href":"https:\/\/www.locansol.fr\/es\/wp-json\/wp\/v2\/posts\/6211\/revisions\/6212"}],"wp:featuredmedia":[{"embeddable":true,"href":"https:\/\/www.locansol.fr\/es\/wp-json\/wp\/v2\/media\/6210"}],"wp:attachment":[{"href":"https:\/\/www.locansol.fr\/es\/wp-json\/wp\/v2\/media?parent=6211"}],"wp:term":[{"taxonomy":"category","embeddable":true,"href":"https:\/\/www.locansol.fr\/es\/wp-json\/wp\/v2\/categories?post=6211"},{"taxonomy":"post_tag","embeddable":true,"href":"https:\/\/www.locansol.fr\/es\/wp-json\/wp\/v2\/tags?post=6211"}],"curies":[{"name":"wp","href":"https:\/\/api.w.org\/{rel}","templated":true}]}}