{"id":6251,"date":"2026-04-20T00:11:31","date_gmt":"2026-04-19T22:11:31","guid":{"rendered":"https:\/\/www.locansol.fr\/volets-grand-orgue-perpignan-3\/"},"modified":"2026-04-20T00:11:34","modified_gmt":"2026-04-19T22:11:34","slug":"volets-grand-orgue-perpignan-3","status":"publish","type":"post","link":"https:\/\/www.locansol.fr\/es\/volets-grand-orgue-perpignan-3\/","title":{"rendered":"Perpignan (24 mars &#8211; 31 mai) : Explorez les volets restaur\u00e9s du grand orgue, un chef-d&rsquo;\u0153uvre monumental"},"content":{"rendered":"<p>Du 24 mars au 31 mai, la cath\u00e9drale Saint-Jean-Baptiste de Perpignan, situ\u00e9e au 21 rue Mailly, accueille une exposition exceptionnelle intitul\u00e9e \u00ab La red\u00e9couverte d\u2019un chef-d\u2019\u0153uvre monumental : Les volets du grand orgue de la cath\u00e9drale de Perpignan \u00bb. Ce rendez-vous unique met \u00e0 l\u2019honneur un tr\u00e9sor inestimable du patrimoine des Pyr\u00e9n\u00e9es-Orientales, r\u00e9cemment restaur\u00e9 dans le cadre d&rsquo;un chantier d\u2019envergure men\u00e9 depuis 2022 sous l&rsquo;\u00e9gide des services de l\u2019\u00c9tat.<\/p>\n<p>Peints en 1504, les volets du grand orgue de la cath\u00e9drale comptent parmi les ensembles picturaux les plus impressionnants en Europe. Mesurant pas moins de 12,6 m\u00e8tres de haut et 4,3 m\u00e8tres de large, chaque volet couvre une surface spectaculaire de 83 m\u00b2. Ces chefs-d\u2019\u0153uvre, qui allient la musique, l&rsquo;architecture et l&rsquo;art sacr\u00e9 en harmonie, ont \u00e9t\u00e9 ex\u00e9cut\u00e9s \u00e0 la d\u00e9trempe sur toile. Ce processus minutieux a donn\u00e9 vie \u00e0 une polychromie remarquable sur une face et \u00e0 une grisaille d\u00e9licate sur l&rsquo;autre. Cette dualit\u00e9 conf\u00e8re une profondeur esth\u00e9tique et spirituelle \u00e0 ces peintures monumentales.<\/p>\n<p>Si, \u00e0 l&rsquo;origine, ces volets \u00e9taient int\u00e9gr\u00e9s au buffet d&rsquo;orgue, permettant un dialogue dynamique avec les c\u00e9l\u00e9brations liturgiques, leur d\u00e9placement au XIXe si\u00e8cle a quelque peu obscurci leur magnificence. Fix\u00e9s aux murs au-dessus de la porte dite \u00ab de Bethl\u00e9em \u00bb, les volets ont vu leur lecture devenir difficile et, avec le temps, leur importance artistique et historique s\u2019est malheureusement trouv\u00e9e oubli\u00e9e.<\/p>\n<p>La restauration entreprise r\u00e9cemment a permis de lever le voile sur leur histoire. Gr\u00e2ce \u00e0 des techniques modernes et des recherches approfondies, les experts ont pu percer de nouveaux secrets sur la fabrication et l&rsquo;\u00e9volution de ces pr\u00e9cieux t\u00e9moignages. L&rsquo;exposition actuelle met en lumi\u00e8re huit des toiles, issues des parties basses et hautes des volets, offrant au public une plong\u00e9e impressionnante et d\u00e9taill\u00e9e dans un patrimoine d\u00e9sormais accessible.<\/p>\n<p>Outre l&rsquo;admiration de cette \u0153uvre monumentale, les visiteurs auront l\u2019occasion d\u2019en apprendre davantage sur le r\u00f4le liturgique des volets, leurs nombreuses nuances stylistiques, ainsi que sur le savoir-faire des restaurateurs qui ont travaill\u00e9 \u00e0 leur pr\u00e9servation. Cette exposition, \u00e0 la fois culturelle et \u00e9ducative, est une belle opportunit\u00e9 de red\u00e9couvrir un pan de l\u2019histoire artistique locale qui m\u00e9rite amplement toute votre attention.<\/p>\n<p>Avec un tarif d\u2019entr\u00e9e fix\u00e9 \u00e0 8 \u20ac, cette exp\u00e9rience vaut largement le d\u00e9placement, que vous soyez passionn\u00e9 d&rsquo;art, d&rsquo;histoire ou tout simplement curieux de d\u00e9couvrir le patrimoine exceptionnel du Roussillon. Ne manquez pas cet \u00e9v\u00e9nement rare qui c\u00e9l\u00e8bre \u00e0 la fois le pass\u00e9 et l\u2019avenir de l\u2019une des \u0153uvres les plus remarquables de notre r\u00e9gion. Venez admirer ces volets restaur\u00e9s et replonger dans l&rsquo;histoire unique de la cath\u00e9drale Saint-Jean-Baptiste de Perpignan.<\/p>\n<h3>Informaci\u00f3n pr\u00e1ctica<\/h3>\n<p>\ud83d\udcc5 QUAND ? Du 24 mars au 31 mai<br \/>\ud83d\udccd O\u00d9 ? Cath\u00e9drale Saint-Jean-Baptiste, 21 rue Mailly, Perpignan<br \/>\ud83d\udcb6 COMBIEN ? 8,00 \u20ac<\/p>","protected":false},"excerpt":{"rendered":"<p>Du 24 mars au 31 mai, la cath\u00e9drale de Perpignan expose les volets restaur\u00e9s de son grand orgue, une \u0153uvre magistrale datant de 1504.<\/p>","protected":false},"author":5,"featured_media":6250,"comment_status":"closed","ping_status":"open","sticky":false,"template":"","format":"standard","meta":{"_yoast_wpseo_focuskw":"volets grand orgue Perpignan","_yoast_wpseo_title":"Volets du grand orgue Perpignan \u2013 Exposition \u00e0 ne pas manquer","_yoast_wpseo_metadesc":"Les volets du grand orgue Perpignan, chefs-d'\u0153uvre restaur\u00e9s, sont expos\u00e9s. D\u00e9couvrez 8 toiles monumentales et leur histoire unique dans les Pyr\u00e9n\u00e9es-Orientales. Une exp\u00e9rience culturelle incontournable.","_yoast_wpseo_canonical":"","_yoast_wpseo_opengraph-title":"Plongez dans l'histoire : Les volets du grand orgue de Perpignan, chefs-d'\u0153uvre restaur\u00e9s","_yoast_wpseo_opengraph-description":"Imaginez des toiles monumentales de 12 m\u00e8tres de haut, restaur\u00e9es \u00e0 leur gloire pass\u00e9e. Les volets du grand orgue de Perpignan vous attendent pour une exp\u00e9rience unique.","_yoast_wpseo_opengraph-image":"https:\/\/www.locansol.fr\/wp-content\/uploads\/2026\/04\/volets-grand-orgue-perpignan-1.webp","_yoast_wpseo_opengraph-image-id":"","_yoast_wpseo_twitter-title":"Ne manquez pas les volets du grand orgue de Perpignan, chefs-d'\u0153uvre restaur\u00e9s !","_yoast_wpseo_twitter-description":"Plongez dans l'histoire et l'art avec les volets du grand orgue de Perpignan. Une exposition \u00e0 ne pas manquer pour les amoureux du patrimoine.","_yoast_wpseo_twitter-image":"https:\/\/www.locansol.fr\/wp-content\/uploads\/2026\/04\/volets-grand-orgue-perpignan-1.webp","_yoast_wpseo_twitter-image-id":"","yoast_primary_category":"Exposition","footnotes":""},"categories":[35],"tags":[66,76],"class_list":["post-6251","post","type-post","status-publish","format-standard","has-post-thumbnail","hentry","category-carnaval","tag-evenement-culturel","tag-pyrenees-orientales"],"yoast_head":"<!-- This site is optimized with the Yoast SEO Premium plugin v23.3 (Yoast SEO v26.9) - https:\/\/yoast.com\/product\/yoast-seo-premium-wordpress\/ -->\n<title>Volets du grand orgue Perpignan \u2013 Exposition \u00e0 ne pas manquer<\/title>\n<meta name=\"description\" content=\"Les volets du grand orgue Perpignan, chefs-d&#039;\u0153uvre restaur\u00e9s, sont expos\u00e9s. D\u00e9couvrez 8 toiles monumentales et leur histoire unique dans les Pyr\u00e9n\u00e9es-Orientales. Une exp\u00e9rience culturelle incontournable.\" \/>\n<meta name=\"robots\" content=\"index, follow, max-snippet:-1, max-image-preview:large, max-video-preview:-1\" \/>\n<link rel=\"canonical\" href=\"https:\/\/www.locansol.fr\/es\/volets-grand-orgue-perpignan-3\/\" \/>\n<meta property=\"og:locale\" content=\"es_ES\" \/>\n<meta property=\"og:type\" content=\"article\" \/>\n<meta property=\"og:title\" content=\"Plongez dans l&#039;histoire : Les volets du grand orgue de Perpignan, chefs-d&#039;\u0153uvre restaur\u00e9s\" \/>\n<meta property=\"og:description\" content=\"Imaginez des toiles monumentales de 12 m\u00e8tres de haut, restaur\u00e9es \u00e0 leur gloire pass\u00e9e. Les volets du grand orgue de Perpignan vous attendent pour une exp\u00e9rience unique.\" \/>\n<meta property=\"og:url\" content=\"https:\/\/www.locansol.fr\/es\/volets-grand-orgue-perpignan-3\/\" \/>\n<meta property=\"og:site_name\" content=\"Locansol, louer un h\u00e9bergement dans les Pyr\u00e9n\u00e9es Orientales\" \/>\n<meta property=\"article:published_time\" content=\"2026-04-19T22:11:31+00:00\" \/>\n<meta property=\"article:modified_time\" content=\"2026-04-19T22:11:34+00:00\" \/>\n<meta property=\"og:image\" content=\"https:\/\/www.locansol.fr\/wp-content\/uploads\/2026\/04\/volets-grand-orgue-perpignan-1.webp\" \/>\n<meta name=\"author\" content=\"H\u00e9bergements Locansol\" \/>\n<meta name=\"twitter:card\" content=\"summary_large_image\" \/>\n<meta name=\"twitter:title\" content=\"Ne manquez pas les volets du grand orgue de Perpignan, chefs-d&#039;\u0153uvre restaur\u00e9s !\" \/>\n<meta name=\"twitter:description\" content=\"Plongez dans l&#039;histoire et l&#039;art avec les volets du grand orgue de Perpignan. Une exposition \u00e0 ne pas manquer pour les amoureux du patrimoine.\" \/>\n<meta name=\"twitter:image\" content=\"https:\/\/www.locansol.fr\/wp-content\/uploads\/2026\/04\/volets-grand-orgue-perpignan-1.webp\" \/>\n<meta name=\"twitter:label1\" content=\"Escrito por\" \/>\n\t<meta name=\"twitter:data1\" content=\"H\u00e9bergements Locansol\" \/>\n\t<meta name=\"twitter:label2\" content=\"Tiempo de lectura\" \/>\n\t<meta name=\"twitter:data2\" content=\"2 minutos\" \/>\n<script type=\"application\/ld+json\" class=\"yoast-schema-graph\">{\"@context\":\"https:\/\/schema.org\",\"@graph\":[{\"@type\":\"Article\",\"@id\":\"https:\/\/www.locansol.fr\/volets-grand-orgue-perpignan-3\/#article\",\"isPartOf\":{\"@id\":\"https:\/\/www.locansol.fr\/volets-grand-orgue-perpignan-3\/\"},\"author\":{\"name\":\"H\u00e9bergements Locansol\",\"@id\":\"https:\/\/www.locansol.fr\/#\/schema\/person\/0b08d440f1ac44674c6d498107de351d\"},\"headline\":\"Perpignan (24 mars &#8211; 31 mai) : Explorez les volets restaur\u00e9s du grand orgue, un chef-d&rsquo;\u0153uvre monumental\",\"datePublished\":\"2026-04-19T22:11:31+00:00\",\"dateModified\":\"2026-04-19T22:11:34+00:00\",\"mainEntityOfPage\":{\"@id\":\"https:\/\/www.locansol.fr\/volets-grand-orgue-perpignan-3\/\"},\"wordCount\":510,\"publisher\":{\"@id\":\"https:\/\/www.locansol.fr\/#organization\"},\"image\":{\"@id\":\"https:\/\/www.locansol.fr\/volets-grand-orgue-perpignan-3\/#primaryimage\"},\"thumbnailUrl\":\"https:\/\/www.locansol.fr\/wp-content\/uploads\/2026\/04\/volets-grand-orgue-perpignan-1.webp\",\"keywords\":[\"\u00c9v\u00e8nement culturel\",\"Pyr\u00e9n\u00e9es-Orientales\"],\"articleSection\":[\"Carnaval\"],\"inLanguage\":\"es\"},{\"@type\":\"WebPage\",\"@id\":\"https:\/\/www.locansol.fr\/volets-grand-orgue-perpignan-3\/\",\"url\":\"https:\/\/www.locansol.fr\/volets-grand-orgue-perpignan-3\/\",\"name\":\"Volets du grand orgue Perpignan \u2013 Exposition \u00e0 ne pas manquer\",\"isPartOf\":{\"@id\":\"https:\/\/www.locansol.fr\/#website\"},\"primaryImageOfPage\":{\"@id\":\"https:\/\/www.locansol.fr\/volets-grand-orgue-perpignan-3\/#primaryimage\"},\"image\":{\"@id\":\"https:\/\/www.locansol.fr\/volets-grand-orgue-perpignan-3\/#primaryimage\"},\"thumbnailUrl\":\"https:\/\/www.locansol.fr\/wp-content\/uploads\/2026\/04\/volets-grand-orgue-perpignan-1.webp\",\"datePublished\":\"2026-04-19T22:11:31+00:00\",\"dateModified\":\"2026-04-19T22:11:34+00:00\",\"description\":\"Les volets du grand orgue Perpignan, chefs-d'\u0153uvre restaur\u00e9s, sont expos\u00e9s. D\u00e9couvrez 8 toiles monumentales et leur histoire unique dans les Pyr\u00e9n\u00e9es-Orientales. Une exp\u00e9rience culturelle incontournable.\",\"breadcrumb\":{\"@id\":\"https:\/\/www.locansol.fr\/volets-grand-orgue-perpignan-3\/#breadcrumb\"},\"inLanguage\":\"es\",\"potentialAction\":[{\"@type\":\"ReadAction\",\"target\":[\"https:\/\/www.locansol.fr\/volets-grand-orgue-perpignan-3\/\"]}]},{\"@type\":\"ImageObject\",\"inLanguage\":\"es\",\"@id\":\"https:\/\/www.locansol.fr\/volets-grand-orgue-perpignan-3\/#primaryimage\",\"url\":\"https:\/\/www.locansol.fr\/wp-content\/uploads\/2026\/04\/volets-grand-orgue-perpignan-1.webp\",\"contentUrl\":\"https:\/\/www.locansol.fr\/wp-content\/uploads\/2026\/04\/volets-grand-orgue-perpignan-1.webp\",\"width\":1024,\"height\":605,\"caption\":\"Volets du grand orgue Perpignan \u2013 Exposition \u00e0 ne pas manquer\"},{\"@type\":\"BreadcrumbList\",\"@id\":\"https:\/\/www.locansol.fr\/volets-grand-orgue-perpignan-3\/#breadcrumb\",\"itemListElement\":[{\"@type\":\"ListItem\",\"position\":1,\"name\":\"Accueil\",\"item\":\"https:\/\/www.locansol.fr\/\"},{\"@type\":\"ListItem\",\"position\":2,\"name\":\"Perpignan (24 mars &#8211; 31 mai) : Explorez les volets restaur\u00e9s du grand orgue, un chef-d&rsquo;\u0153uvre monumental\"}]},{\"@type\":\"WebSite\",\"@id\":\"https:\/\/www.locansol.fr\/#website\",\"url\":\"https:\/\/www.locansol.fr\/\",\"name\":\"Locansol, louer un h\u00e9bergement dans les Pyr\u00e9n\u00e9es-Orientales\",\"description\":\"Location Mobil-home Mer M\u00e9diterran\u00e9e &amp; Chalet de Montagne dans les Pyr\u00e9n\u00e9es Orientales (Occitanie, 66). Weekend, s\u00e9jour &amp; vacances en famille et entre amis.\",\"publisher\":{\"@id\":\"https:\/\/www.locansol.fr\/#organization\"},\"alternateName\":\"Louer un h\u00e9bergement dans les Pyr\u00e9n\u00e9es Orientales, chalet & mobil-home en Occitanie\",\"potentialAction\":[{\"@type\":\"SearchAction\",\"target\":{\"@type\":\"EntryPoint\",\"urlTemplate\":\"https:\/\/www.locansol.fr\/?s={search_term_string}\"},\"query-input\":{\"@type\":\"PropertyValueSpecification\",\"valueRequired\":true,\"valueName\":\"search_term_string\"}}],\"inLanguage\":\"es\"},{\"@type\":\"Organization\",\"@id\":\"https:\/\/www.locansol.fr\/#organization\",\"name\":\"Location MobilHome & chalet dans les Pyr\u00e9n\u00e9es Orientales\",\"alternateName\":\"Louer un h\u00e9bergement dans les Pyr\u00e9n\u00e9es Orientales en Occitanie\",\"url\":\"https:\/\/www.locansol.fr\/\",\"logo\":{\"@type\":\"ImageObject\",\"inLanguage\":\"es\",\"@id\":\"https:\/\/www.locansol.fr\/#\/schema\/logo\/image\/\",\"url\":\"https:\/\/www.locansol.fr\/wp-content\/uploads\/2024\/04\/AdobeStock_303324767-scaled.jpeg\",\"contentUrl\":\"https:\/\/www.locansol.fr\/wp-content\/uploads\/2024\/04\/AdobeStock_303324767-scaled.jpeg\",\"width\":2560,\"height\":1707,\"caption\":\"Location MobilHome & chalet dans les Pyr\u00e9n\u00e9es Orientales\"},\"image\":{\"@id\":\"https:\/\/www.locansol.fr\/#\/schema\/logo\/image\/\"}},{\"@type\":\"Person\",\"@id\":\"https:\/\/www.locansol.fr\/#\/schema\/person\/0b08d440f1ac44674c6d498107de351d\",\"name\":\"H\u00e9bergements Locansol\",\"image\":{\"@type\":\"ImageObject\",\"inLanguage\":\"es\",\"@id\":\"https:\/\/www.locansol.fr\/#\/schema\/person\/image\/\",\"url\":\"https:\/\/secure.gravatar.com\/avatar\/444436b93284204f8116b6e0eb964cd3fcb811519c737232bde6dd5743c37ee5?s=96&d=mm&r=g\",\"contentUrl\":\"https:\/\/secure.gravatar.com\/avatar\/444436b93284204f8116b6e0eb964cd3fcb811519c737232bde6dd5743c37ee5?s=96&d=mm&r=g\",\"caption\":\"H\u00e9bergements Locansol\"},\"sameAs\":[\"https:\/\/www.locansol.fr\/\"],\"url\":\"https:\/\/www.locansol.fr\/es\/author\/locansol\/\"}]}<\/script>\n<!-- \/ Yoast SEO Premium plugin. -->","yoast_head_json":{"title":"Volets du grand orgue Perpignan \u2013 Exposition \u00e0 ne pas manquer","description":"Les volets du grand orgue Perpignan, chefs-d'\u0153uvre restaur\u00e9s, sont expos\u00e9s. D\u00e9couvrez 8 toiles monumentales et leur histoire unique dans les Pyr\u00e9n\u00e9es-Orientales. Une exp\u00e9rience culturelle incontournable.","robots":{"index":"index","follow":"follow","max-snippet":"max-snippet:-1","max-image-preview":"max-image-preview:large","max-video-preview":"max-video-preview:-1"},"canonical":"https:\/\/www.locansol.fr\/es\/volets-grand-orgue-perpignan-3\/","og_locale":"es_ES","og_type":"article","og_title":"Plongez dans l'histoire : Les volets du grand orgue de Perpignan, chefs-d'\u0153uvre restaur\u00e9s","og_description":"Imaginez des toiles monumentales de 12 m\u00e8tres de haut, restaur\u00e9es \u00e0 leur gloire pass\u00e9e. Les volets du grand orgue de Perpignan vous attendent pour une exp\u00e9rience unique.","og_url":"https:\/\/www.locansol.fr\/es\/volets-grand-orgue-perpignan-3\/","og_site_name":"Locansol, louer un h\u00e9bergement dans les Pyr\u00e9n\u00e9es Orientales","article_published_time":"2026-04-19T22:11:31+00:00","article_modified_time":"2026-04-19T22:11:34+00:00","og_image":[{"url":"https:\/\/www.locansol.fr\/wp-content\/uploads\/2026\/04\/volets-grand-orgue-perpignan-1.webp","type":"","width":"","height":""}],"author":"H\u00e9bergements Locansol","twitter_card":"summary_large_image","twitter_title":"Ne manquez pas les volets du grand orgue de Perpignan, chefs-d'\u0153uvre restaur\u00e9s !","twitter_description":"Plongez dans l'histoire et l'art avec les volets du grand orgue de Perpignan. Une exposition \u00e0 ne pas manquer pour les amoureux du patrimoine.","twitter_image":"https:\/\/www.locansol.fr\/wp-content\/uploads\/2026\/04\/volets-grand-orgue-perpignan-1.webp","twitter_misc":{"Escrito por":"H\u00e9bergements Locansol","Tiempo de lectura":"2 minutos"},"schema":{"@context":"https:\/\/schema.org","@graph":[{"@type":"Article","@id":"https:\/\/www.locansol.fr\/volets-grand-orgue-perpignan-3\/#article","isPartOf":{"@id":"https:\/\/www.locansol.fr\/volets-grand-orgue-perpignan-3\/"},"author":{"name":"H\u00e9bergements Locansol","@id":"https:\/\/www.locansol.fr\/#\/schema\/person\/0b08d440f1ac44674c6d498107de351d"},"headline":"Perpignan (24 mars &#8211; 31 mai) : Explorez les volets restaur\u00e9s du grand orgue, un chef-d&rsquo;\u0153uvre monumental","datePublished":"2026-04-19T22:11:31+00:00","dateModified":"2026-04-19T22:11:34+00:00","mainEntityOfPage":{"@id":"https:\/\/www.locansol.fr\/volets-grand-orgue-perpignan-3\/"},"wordCount":510,"publisher":{"@id":"https:\/\/www.locansol.fr\/#organization"},"image":{"@id":"https:\/\/www.locansol.fr\/volets-grand-orgue-perpignan-3\/#primaryimage"},"thumbnailUrl":"https:\/\/www.locansol.fr\/wp-content\/uploads\/2026\/04\/volets-grand-orgue-perpignan-1.webp","keywords":["\u00c9v\u00e8nement culturel","Pyr\u00e9n\u00e9es-Orientales"],"articleSection":["Carnaval"],"inLanguage":"es"},{"@type":"WebPage","@id":"https:\/\/www.locansol.fr\/volets-grand-orgue-perpignan-3\/","url":"https:\/\/www.locansol.fr\/volets-grand-orgue-perpignan-3\/","name":"Volets du grand orgue Perpignan \u2013 Exposition \u00e0 ne pas manquer","isPartOf":{"@id":"https:\/\/www.locansol.fr\/#website"},"primaryImageOfPage":{"@id":"https:\/\/www.locansol.fr\/volets-grand-orgue-perpignan-3\/#primaryimage"},"image":{"@id":"https:\/\/www.locansol.fr\/volets-grand-orgue-perpignan-3\/#primaryimage"},"thumbnailUrl":"https:\/\/www.locansol.fr\/wp-content\/uploads\/2026\/04\/volets-grand-orgue-perpignan-1.webp","datePublished":"2026-04-19T22:11:31+00:00","dateModified":"2026-04-19T22:11:34+00:00","description":"Les volets du grand orgue Perpignan, chefs-d'\u0153uvre restaur\u00e9s, sont expos\u00e9s. D\u00e9couvrez 8 toiles monumentales et leur histoire unique dans les Pyr\u00e9n\u00e9es-Orientales. Une exp\u00e9rience culturelle incontournable.","breadcrumb":{"@id":"https:\/\/www.locansol.fr\/volets-grand-orgue-perpignan-3\/#breadcrumb"},"inLanguage":"es","potentialAction":[{"@type":"ReadAction","target":["https:\/\/www.locansol.fr\/volets-grand-orgue-perpignan-3\/"]}]},{"@type":"ImageObject","inLanguage":"es","@id":"https:\/\/www.locansol.fr\/volets-grand-orgue-perpignan-3\/#primaryimage","url":"https:\/\/www.locansol.fr\/wp-content\/uploads\/2026\/04\/volets-grand-orgue-perpignan-1.webp","contentUrl":"https:\/\/www.locansol.fr\/wp-content\/uploads\/2026\/04\/volets-grand-orgue-perpignan-1.webp","width":1024,"height":605,"caption":"Volets du grand orgue Perpignan \u2013 Exposition \u00e0 ne pas manquer"},{"@type":"BreadcrumbList","@id":"https:\/\/www.locansol.fr\/volets-grand-orgue-perpignan-3\/#breadcrumb","itemListElement":[{"@type":"ListItem","position":1,"name":"Accueil","item":"https:\/\/www.locansol.fr\/"},{"@type":"ListItem","position":2,"name":"Perpignan (24 mars &#8211; 31 mai) : Explorez les volets restaur\u00e9s du grand orgue, un chef-d&rsquo;\u0153uvre monumental"}]},{"@type":"WebSite","@id":"https:\/\/www.locansol.fr\/#website","url":"https:\/\/www.locansol.fr\/","name":"Locansol, louer un h\u00e9bergement dans les Pyr\u00e9n\u00e9es-Orientales","description":"Location Mobil-home Mer M\u00e9diterran\u00e9e &amp; Chalet de Montagne dans les Pyr\u00e9n\u00e9es Orientales (Occitanie, 66). Weekend, s\u00e9jour &amp; vacances en famille et entre amis.","publisher":{"@id":"https:\/\/www.locansol.fr\/#organization"},"alternateName":"Louer un h\u00e9bergement dans les Pyr\u00e9n\u00e9es Orientales, chalet & mobil-home en Occitanie","potentialAction":[{"@type":"SearchAction","target":{"@type":"EntryPoint","urlTemplate":"https:\/\/www.locansol.fr\/?s={search_term_string}"},"query-input":{"@type":"PropertyValueSpecification","valueRequired":true,"valueName":"search_term_string"}}],"inLanguage":"es"},{"@type":"Organization","@id":"https:\/\/www.locansol.fr\/#organization","name":"Location MobilHome & chalet dans les Pyr\u00e9n\u00e9es Orientales","alternateName":"Louer un h\u00e9bergement dans les Pyr\u00e9n\u00e9es Orientales en Occitanie","url":"https:\/\/www.locansol.fr\/","logo":{"@type":"ImageObject","inLanguage":"es","@id":"https:\/\/www.locansol.fr\/#\/schema\/logo\/image\/","url":"https:\/\/www.locansol.fr\/wp-content\/uploads\/2024\/04\/AdobeStock_303324767-scaled.jpeg","contentUrl":"https:\/\/www.locansol.fr\/wp-content\/uploads\/2024\/04\/AdobeStock_303324767-scaled.jpeg","width":2560,"height":1707,"caption":"Location MobilHome & chalet dans les Pyr\u00e9n\u00e9es Orientales"},"image":{"@id":"https:\/\/www.locansol.fr\/#\/schema\/logo\/image\/"}},{"@type":"Person","@id":"https:\/\/www.locansol.fr\/#\/schema\/person\/0b08d440f1ac44674c6d498107de351d","name":"H\u00e9bergements Locansol","image":{"@type":"ImageObject","inLanguage":"es","@id":"https:\/\/www.locansol.fr\/#\/schema\/person\/image\/","url":"https:\/\/secure.gravatar.com\/avatar\/444436b93284204f8116b6e0eb964cd3fcb811519c737232bde6dd5743c37ee5?s=96&d=mm&r=g","contentUrl":"https:\/\/secure.gravatar.com\/avatar\/444436b93284204f8116b6e0eb964cd3fcb811519c737232bde6dd5743c37ee5?s=96&d=mm&r=g","caption":"H\u00e9bergements Locansol"},"sameAs":["https:\/\/www.locansol.fr\/"],"url":"https:\/\/www.locansol.fr\/es\/author\/locansol\/"}]}},"_links":{"self":[{"href":"https:\/\/www.locansol.fr\/es\/wp-json\/wp\/v2\/posts\/6251","targetHints":{"allow":["GET"]}}],"collection":[{"href":"https:\/\/www.locansol.fr\/es\/wp-json\/wp\/v2\/posts"}],"about":[{"href":"https:\/\/www.locansol.fr\/es\/wp-json\/wp\/v2\/types\/post"}],"author":[{"embeddable":true,"href":"https:\/\/www.locansol.fr\/es\/wp-json\/wp\/v2\/users\/5"}],"replies":[{"embeddable":true,"href":"https:\/\/www.locansol.fr\/es\/wp-json\/wp\/v2\/comments?post=6251"}],"version-history":[{"count":1,"href":"https:\/\/www.locansol.fr\/es\/wp-json\/wp\/v2\/posts\/6251\/revisions"}],"predecessor-version":[{"id":6252,"href":"https:\/\/www.locansol.fr\/es\/wp-json\/wp\/v2\/posts\/6251\/revisions\/6252"}],"wp:featuredmedia":[{"embeddable":true,"href":"https:\/\/www.locansol.fr\/es\/wp-json\/wp\/v2\/media\/6250"}],"wp:attachment":[{"href":"https:\/\/www.locansol.fr\/es\/wp-json\/wp\/v2\/media?parent=6251"}],"wp:term":[{"taxonomy":"category","embeddable":true,"href":"https:\/\/www.locansol.fr\/es\/wp-json\/wp\/v2\/categories?post=6251"},{"taxonomy":"post_tag","embeddable":true,"href":"https:\/\/www.locansol.fr\/es\/wp-json\/wp\/v2\/tags?post=6251"}],"curies":[{"name":"wp","href":"https:\/\/api.w.org\/{rel}","templated":true}]}}