{"id":6287,"date":"2026-04-20T18:18:24","date_gmt":"2026-04-20T16:18:24","guid":{"rendered":"https:\/\/www.locansol.fr\/foir-expo-perpignan-decouvertes\/"},"modified":"2026-04-20T18:18:28","modified_gmt":"2026-04-20T16:18:28","slug":"foir-expo-perpignan-decouvertes","status":"publish","type":"post","link":"https:\/\/www.locansol.fr\/es\/foir-expo-perpignan-decouvertes\/","title":{"rendered":"Foir&rsquo;Expo de Perpignan &#8211; 16 au 20 avril 2023 &#8211; Offres et d\u00e9couvertes"},"content":{"rendered":"<p>La Foir&rsquo;Expo de Perpignan est un rendez-vous attendu chaque ann\u00e9e par les habitants des Pyr\u00e9n\u00e9es-Orientales et bien au-del\u00e0. Du 16 au 20 avril, le Parc des Expositions de Perpignan ouvrira ses portes pour accueillir cet \u00e9v\u00e9nement dynamique, plac\u00e9 sous le signe des d\u00e9couvertes, des bonnes affaires et de la convivialit\u00e9.<\/p>\n<p>Avec pr\u00e8s de 200 exposants r\u00e9unis sur une surface spectaculaire de 20 500 m\u00b2, vous serez certain de d\u00e9nicher des produits innovants, des cr\u00e9ations artisanales, des d\u00e9lices gourmands et bien d&rsquo;autres tr\u00e9sors. Que vous soyez l\u00e0 pour une sortie en famille, une vir\u00e9e entre amis ou simplement \u00e0 la recherche des derni\u00e8res tendances, la Foir&rsquo;Expo saura r\u00e9pondre \u00e0 vos attentes.<\/p>\n<p>### Un programme riche pour tous les go\u00fbts<br \/>Si vous \u00eates passionn\u00e9 par l&rsquo;habitat, la d\u00e9coration ou les solutions \u00e9cologiques, le Grand Hall est l\u2019endroit fait pour vous. Il mettra en lumi\u00e8re tout un univers comprenant les meubles, les cuisines modernes, les spas, les piscines, ainsi que des d\u00e9monstrations de bricolage et d\u2019innovations dans le domaine de l&rsquo;\u00e9nergie renouvelable.<\/p>\n<p>En plus de cela, deux espaces uniques compl\u00e9teront votre exp\u00e9rience : le Village des Antiquaires, d\u00e9di\u00e9 aux amateurs de pi\u00e8ces vintage et traditionnelles, et le Village de l\u2019Innovation, o\u00f9 se trouvent les technologies et solutions qui r\u00e9volutionnent notre quotidien.<\/p>\n<p>Les fins gourmets ne seront pas en reste gr\u00e2ce au Hall\u2019E, exclusivement consacr\u00e9 aux saveurs du terroir et \u00e0 l\u2019univers culinaire. Vous y trouverez des sp\u00e9cialit\u00e9s locales \u00e0 d\u00e9guster, avec en prime des animations culinaires orchestr\u00e9es par des chefs renomm\u00e9s et des journ\u00e9es th\u00e9matiques pour varier les plaisirs.<\/p>\n<p>Le cadre ext\u00e9rieur ne manquera pas de vous charmer avec ses \u00e9tals d\u00e9di\u00e9s aux voitures, motos, bateaux, camping-cars, ainsi que du mat\u00e9riel pour am\u00e9nager votre jardin ou optimiser vos espaces ext\u00e9rieurs. Sans oublier un village foodtruck pour vos pauses gourmandes et un P\u2019tit March\u00e9 sous chapiteau, combinant v\u00eatements, accessoires, produits frais et outils de bricolage.<\/p>\n<p>### Des soir\u00e9es \u00e0 ne pas manquer<br \/>Pour ajouter une touche de divertissement, la Foir&rsquo;Expo propose des moments d&rsquo;animation en nocturne, du jeudi au dimanche jusqu&rsquo;\u00e0 2h du matin. Une grande nocturne sp\u00e9ciale est pr\u00e9vue le vendredi 17 avril, o\u00f9 tous les halls resteront ouverts jusqu&rsquo;\u00e0 23h. L&rsquo;ambiance promet d&rsquo;\u00eatre conviviale et festive \u00e0 souhait !<\/p>\n<p>### Une occasion pour faire des affaires<br \/>La Foir&rsquo;Expo repr\u00e9sente une belle opportunit\u00e9 pour b\u00e9n\u00e9ficier d\u2019offres exclusives et d\u00e9couvrir les tendances actuelles. Que ce soit les produits locaux ou les innovations, chacun pourra repartir avec des coups de c\u0153ur. C&rsquo;est aussi un excellent pr\u00e9texte pour se rencontrer et partager un bon moment en famille ou entre amis. N\u2019oubliez pas que cet \u00e9v\u00e9nement fait partie int\u00e9grante de la vie culturelle et commerciale de Perpignan, et ce depuis des ann\u00e9es !<\/p>\n<p>Pr\u00eat \u00e0 embarquer pour une exp\u00e9rience unique au c\u0153ur des Pyr\u00e9n\u00e9es-Orientales ?<\/p>\n<h3>Informaci\u00f3n pr\u00e1ctica<\/h3>\n<p>\ud83d\udcc5 QUAND ? Du 16 au 20 avril 2023<br \/>\ud83d\udccd O\u00d9 ? Parc des Expositions, Perpignan<br \/>\ud83d\udcb6 COMBIEN ? Plein tarif 5,00 \u20ac<\/p>","protected":false},"excerpt":{"rendered":"<p>D\u00e9couvrez la Foir&rsquo;Expo de Perpignan du 16 au 20 avril au Parc des Expositions et explorez pr\u00e8s de 200 exposants parmi les innovations, produits locaux et animations nocturnes.<\/p>","protected":false},"author":5,"featured_media":6286,"comment_status":"closed","ping_status":"open","sticky":false,"template":"","format":"standard","meta":{"_yoast_wpseo_focuskw":"Foir'Expo de Perpignan d\u00e9couvertes","_yoast_wpseo_title":"Foir'Expo de Perpignan 2023 : D\u00e9couvertes et bonnes affaires","_yoast_wpseo_metadesc":"Foir'Expo de Perpignan est un rendez-vous incontournable dans les Pyr\u00e9n\u00e9es-Orientales. D\u00e9couvrez des produits innovants, des cr\u00e9ations artisanales et des d\u00e9lices gourmands du 16 au 20 avril 2023 au Parc des Expositions.","_yoast_wpseo_canonical":"","_yoast_wpseo_opengraph-title":"D\u00e9couvrez les tr\u00e9sors de la Foir'Expo de Perpignan \u2013 Un \u00e9v\u00e9nement incontournable pour toute la famille !","_yoast_wpseo_opengraph-description":"Plongez dans l'univers dynamique de la Foir'Expo de Perpignan. D\u00e9couvrez des produits innovants, des saveurs locales et des animations pour toute la famille. Une exp\u00e9rience unique vous attend !","_yoast_wpseo_opengraph-image":"https:\/\/www.locansol.fr\/wp-content\/uploads\/2026\/04\/foir-expo-perpignan-decouvertes.webp","_yoast_wpseo_opengraph-image-id":"","_yoast_wpseo_twitter-title":"Foir'Expo de Perpignan : D\u00e9couvertes, bonnes affaires et convivialit\u00e9 !","_yoast_wpseo_twitter-description":"D\u00e9couvrez la Foir'Expo de Perpignan du 16 au 20 avril 2023. Un \u00e9v\u00e9nement dynamique avec des produits innovants, des cr\u00e9ations artisanales et des d\u00e9lices gourmands. Ne manquez pas cette exp\u00e9rience unique !","_yoast_wpseo_twitter-image":"https:\/\/www.locansol.fr\/wp-content\/uploads\/2026\/04\/foir-expo-perpignan-decouvertes.webp","_yoast_wpseo_twitter-image-id":"","yoast_primary_category":"Foire","footnotes":""},"categories":[31],"tags":[68,76],"class_list":["post-6287","post","type-post","status-publish","format-standard","has-post-thumbnail","hentry","category-aplec","tag-manifestation-commerciale","tag-pyrenees-orientales"],"yoast_head":"<!-- This site is optimized with the Yoast SEO Premium plugin v23.3 (Yoast SEO v26.9) - https:\/\/yoast.com\/product\/yoast-seo-premium-wordpress\/ -->\n<title>Foir&#039;Expo de Perpignan 2023 : D\u00e9couvertes et bonnes affaires<\/title>\n<meta name=\"description\" content=\"Foir&#039;Expo de Perpignan est un rendez-vous incontournable dans les Pyr\u00e9n\u00e9es-Orientales. D\u00e9couvrez des produits innovants, des cr\u00e9ations artisanales et des d\u00e9lices gourmands du 16 au 20 avril 2023 au Parc des Expositions.\" \/>\n<meta name=\"robots\" content=\"index, follow, max-snippet:-1, max-image-preview:large, max-video-preview:-1\" \/>\n<link rel=\"canonical\" href=\"https:\/\/www.locansol.fr\/es\/foir-expo-perpignan-decouvertes\/\" \/>\n<meta property=\"og:locale\" content=\"es_ES\" \/>\n<meta property=\"og:type\" content=\"article\" \/>\n<meta property=\"og:title\" content=\"D\u00e9couvrez les tr\u00e9sors de la Foir&#039;Expo de Perpignan \u2013 Un \u00e9v\u00e9nement incontournable pour toute la famille !\" \/>\n<meta property=\"og:description\" content=\"Plongez dans l&#039;univers dynamique de la Foir&#039;Expo de Perpignan. D\u00e9couvrez des produits innovants, des saveurs locales et des animations pour toute la famille. Une exp\u00e9rience unique vous attend !\" \/>\n<meta property=\"og:url\" content=\"https:\/\/www.locansol.fr\/es\/foir-expo-perpignan-decouvertes\/\" \/>\n<meta property=\"og:site_name\" content=\"Locansol, louer un h\u00e9bergement dans les Pyr\u00e9n\u00e9es Orientales\" \/>\n<meta property=\"article:published_time\" content=\"2026-04-20T16:18:24+00:00\" \/>\n<meta property=\"article:modified_time\" content=\"2026-04-20T16:18:28+00:00\" \/>\n<meta property=\"og:image\" content=\"https:\/\/www.locansol.fr\/wp-content\/uploads\/2026\/04\/foir-expo-perpignan-decouvertes.webp\" \/>\n<meta name=\"author\" content=\"H\u00e9bergements Locansol\" \/>\n<meta name=\"twitter:card\" content=\"summary_large_image\" \/>\n<meta name=\"twitter:title\" content=\"Foir&#039;Expo de Perpignan : D\u00e9couvertes, bonnes affaires et convivialit\u00e9 !\" \/>\n<meta name=\"twitter:description\" content=\"D\u00e9couvrez la Foir&#039;Expo de Perpignan du 16 au 20 avril 2023. Un \u00e9v\u00e9nement dynamique avec des produits innovants, des cr\u00e9ations artisanales et des d\u00e9lices gourmands. Ne manquez pas cette exp\u00e9rience unique !\" \/>\n<meta name=\"twitter:image\" content=\"https:\/\/www.locansol.fr\/wp-content\/uploads\/2026\/04\/foir-expo-perpignan-decouvertes.webp\" \/>\n<meta name=\"twitter:label1\" content=\"Escrito por\" \/>\n\t<meta name=\"twitter:data1\" content=\"H\u00e9bergements Locansol\" \/>\n\t<meta name=\"twitter:label2\" content=\"Tiempo de lectura\" \/>\n\t<meta name=\"twitter:data2\" content=\"3 minutos\" \/>\n<script type=\"application\/ld+json\" class=\"yoast-schema-graph\">{\"@context\":\"https:\/\/schema.org\",\"@graph\":[{\"@type\":\"Article\",\"@id\":\"https:\/\/www.locansol.fr\/foir-expo-perpignan-decouvertes\/#article\",\"isPartOf\":{\"@id\":\"https:\/\/www.locansol.fr\/foir-expo-perpignan-decouvertes\/\"},\"author\":{\"name\":\"H\u00e9bergements Locansol\",\"@id\":\"https:\/\/www.locansol.fr\/#\/schema\/person\/0b08d440f1ac44674c6d498107de351d\"},\"headline\":\"Foir&rsquo;Expo de Perpignan &#8211; 16 au 20 avril 2023 &#8211; Offres et d\u00e9couvertes\",\"datePublished\":\"2026-04-20T16:18:24+00:00\",\"dateModified\":\"2026-04-20T16:18:28+00:00\",\"mainEntityOfPage\":{\"@id\":\"https:\/\/www.locansol.fr\/foir-expo-perpignan-decouvertes\/\"},\"wordCount\":535,\"publisher\":{\"@id\":\"https:\/\/www.locansol.fr\/#organization\"},\"image\":{\"@id\":\"https:\/\/www.locansol.fr\/foir-expo-perpignan-decouvertes\/#primaryimage\"},\"thumbnailUrl\":\"https:\/\/www.locansol.fr\/wp-content\/uploads\/2026\/04\/foir-expo-perpignan-decouvertes.webp\",\"keywords\":[\"Manifestation commerciale\",\"Pyr\u00e9n\u00e9es-Orientales\"],\"articleSection\":[\"Aplec\"],\"inLanguage\":\"es\"},{\"@type\":\"WebPage\",\"@id\":\"https:\/\/www.locansol.fr\/foir-expo-perpignan-decouvertes\/\",\"url\":\"https:\/\/www.locansol.fr\/foir-expo-perpignan-decouvertes\/\",\"name\":\"Foir'Expo de Perpignan 2023 : D\u00e9couvertes et bonnes affaires\",\"isPartOf\":{\"@id\":\"https:\/\/www.locansol.fr\/#website\"},\"primaryImageOfPage\":{\"@id\":\"https:\/\/www.locansol.fr\/foir-expo-perpignan-decouvertes\/#primaryimage\"},\"image\":{\"@id\":\"https:\/\/www.locansol.fr\/foir-expo-perpignan-decouvertes\/#primaryimage\"},\"thumbnailUrl\":\"https:\/\/www.locansol.fr\/wp-content\/uploads\/2026\/04\/foir-expo-perpignan-decouvertes.webp\",\"datePublished\":\"2026-04-20T16:18:24+00:00\",\"dateModified\":\"2026-04-20T16:18:28+00:00\",\"description\":\"Foir'Expo de Perpignan est un rendez-vous incontournable dans les Pyr\u00e9n\u00e9es-Orientales. D\u00e9couvrez des produits innovants, des cr\u00e9ations artisanales et des d\u00e9lices gourmands du 16 au 20 avril 2023 au Parc des Expositions.\",\"breadcrumb\":{\"@id\":\"https:\/\/www.locansol.fr\/foir-expo-perpignan-decouvertes\/#breadcrumb\"},\"inLanguage\":\"es\",\"potentialAction\":[{\"@type\":\"ReadAction\",\"target\":[\"https:\/\/www.locansol.fr\/foir-expo-perpignan-decouvertes\/\"]}]},{\"@type\":\"ImageObject\",\"inLanguage\":\"es\",\"@id\":\"https:\/\/www.locansol.fr\/foir-expo-perpignan-decouvertes\/#primaryimage\",\"url\":\"https:\/\/www.locansol.fr\/wp-content\/uploads\/2026\/04\/foir-expo-perpignan-decouvertes.webp\",\"contentUrl\":\"https:\/\/www.locansol.fr\/wp-content\/uploads\/2026\/04\/foir-expo-perpignan-decouvertes.webp\",\"width\":1920,\"height\":1080,\"caption\":\"Foir'Expo de Perpignan 2023 : D\u00e9couvertes et bonnes affaires\"},{\"@type\":\"BreadcrumbList\",\"@id\":\"https:\/\/www.locansol.fr\/foir-expo-perpignan-decouvertes\/#breadcrumb\",\"itemListElement\":[{\"@type\":\"ListItem\",\"position\":1,\"name\":\"Accueil\",\"item\":\"https:\/\/www.locansol.fr\/\"},{\"@type\":\"ListItem\",\"position\":2,\"name\":\"Foir&rsquo;Expo de Perpignan &#8211; 16 au 20 avril 2023 &#8211; Offres et d\u00e9couvertes\"}]},{\"@type\":\"WebSite\",\"@id\":\"https:\/\/www.locansol.fr\/#website\",\"url\":\"https:\/\/www.locansol.fr\/\",\"name\":\"Locansol, louer un h\u00e9bergement dans les Pyr\u00e9n\u00e9es-Orientales\",\"description\":\"Location Mobil-home Mer M\u00e9diterran\u00e9e &amp; Chalet de Montagne dans les Pyr\u00e9n\u00e9es Orientales (Occitanie, 66). Weekend, s\u00e9jour &amp; vacances en famille et entre amis.\",\"publisher\":{\"@id\":\"https:\/\/www.locansol.fr\/#organization\"},\"alternateName\":\"Louer un h\u00e9bergement dans les Pyr\u00e9n\u00e9es Orientales, chalet & mobil-home en Occitanie\",\"potentialAction\":[{\"@type\":\"SearchAction\",\"target\":{\"@type\":\"EntryPoint\",\"urlTemplate\":\"https:\/\/www.locansol.fr\/?s={search_term_string}\"},\"query-input\":{\"@type\":\"PropertyValueSpecification\",\"valueRequired\":true,\"valueName\":\"search_term_string\"}}],\"inLanguage\":\"es\"},{\"@type\":\"Organization\",\"@id\":\"https:\/\/www.locansol.fr\/#organization\",\"name\":\"Location MobilHome & chalet dans les Pyr\u00e9n\u00e9es Orientales\",\"alternateName\":\"Louer un h\u00e9bergement dans les Pyr\u00e9n\u00e9es Orientales en Occitanie\",\"url\":\"https:\/\/www.locansol.fr\/\",\"logo\":{\"@type\":\"ImageObject\",\"inLanguage\":\"es\",\"@id\":\"https:\/\/www.locansol.fr\/#\/schema\/logo\/image\/\",\"url\":\"https:\/\/www.locansol.fr\/wp-content\/uploads\/2024\/04\/AdobeStock_303324767-scaled.jpeg\",\"contentUrl\":\"https:\/\/www.locansol.fr\/wp-content\/uploads\/2024\/04\/AdobeStock_303324767-scaled.jpeg\",\"width\":2560,\"height\":1707,\"caption\":\"Location MobilHome & chalet dans les Pyr\u00e9n\u00e9es Orientales\"},\"image\":{\"@id\":\"https:\/\/www.locansol.fr\/#\/schema\/logo\/image\/\"}},{\"@type\":\"Person\",\"@id\":\"https:\/\/www.locansol.fr\/#\/schema\/person\/0b08d440f1ac44674c6d498107de351d\",\"name\":\"H\u00e9bergements Locansol\",\"image\":{\"@type\":\"ImageObject\",\"inLanguage\":\"es\",\"@id\":\"https:\/\/www.locansol.fr\/#\/schema\/person\/image\/\",\"url\":\"https:\/\/secure.gravatar.com\/avatar\/444436b93284204f8116b6e0eb964cd3fcb811519c737232bde6dd5743c37ee5?s=96&d=mm&r=g\",\"contentUrl\":\"https:\/\/secure.gravatar.com\/avatar\/444436b93284204f8116b6e0eb964cd3fcb811519c737232bde6dd5743c37ee5?s=96&d=mm&r=g\",\"caption\":\"H\u00e9bergements Locansol\"},\"sameAs\":[\"https:\/\/www.locansol.fr\/\"],\"url\":\"https:\/\/www.locansol.fr\/es\/author\/locansol\/\"}]}<\/script>\n<!-- \/ Yoast SEO Premium plugin. -->","yoast_head_json":{"title":"Foir'Expo de Perpignan 2023 : D\u00e9couvertes et bonnes affaires","description":"Foir'Expo de Perpignan est un rendez-vous incontournable dans les Pyr\u00e9n\u00e9es-Orientales. D\u00e9couvrez des produits innovants, des cr\u00e9ations artisanales et des d\u00e9lices gourmands du 16 au 20 avril 2023 au Parc des Expositions.","robots":{"index":"index","follow":"follow","max-snippet":"max-snippet:-1","max-image-preview":"max-image-preview:large","max-video-preview":"max-video-preview:-1"},"canonical":"https:\/\/www.locansol.fr\/es\/foir-expo-perpignan-decouvertes\/","og_locale":"es_ES","og_type":"article","og_title":"D\u00e9couvrez les tr\u00e9sors de la Foir'Expo de Perpignan \u2013 Un \u00e9v\u00e9nement incontournable pour toute la famille !","og_description":"Plongez dans l'univers dynamique de la Foir'Expo de Perpignan. D\u00e9couvrez des produits innovants, des saveurs locales et des animations pour toute la famille. Une exp\u00e9rience unique vous attend !","og_url":"https:\/\/www.locansol.fr\/es\/foir-expo-perpignan-decouvertes\/","og_site_name":"Locansol, louer un h\u00e9bergement dans les Pyr\u00e9n\u00e9es Orientales","article_published_time":"2026-04-20T16:18:24+00:00","article_modified_time":"2026-04-20T16:18:28+00:00","og_image":[{"url":"https:\/\/www.locansol.fr\/wp-content\/uploads\/2026\/04\/foir-expo-perpignan-decouvertes.webp","type":"","width":"","height":""}],"author":"H\u00e9bergements Locansol","twitter_card":"summary_large_image","twitter_title":"Foir'Expo de Perpignan : D\u00e9couvertes, bonnes affaires et convivialit\u00e9 !","twitter_description":"D\u00e9couvrez la Foir'Expo de Perpignan du 16 au 20 avril 2023. Un \u00e9v\u00e9nement dynamique avec des produits innovants, des cr\u00e9ations artisanales et des d\u00e9lices gourmands. Ne manquez pas cette exp\u00e9rience unique !","twitter_image":"https:\/\/www.locansol.fr\/wp-content\/uploads\/2026\/04\/foir-expo-perpignan-decouvertes.webp","twitter_misc":{"Escrito por":"H\u00e9bergements Locansol","Tiempo de lectura":"3 minutos"},"schema":{"@context":"https:\/\/schema.org","@graph":[{"@type":"Article","@id":"https:\/\/www.locansol.fr\/foir-expo-perpignan-decouvertes\/#article","isPartOf":{"@id":"https:\/\/www.locansol.fr\/foir-expo-perpignan-decouvertes\/"},"author":{"name":"H\u00e9bergements Locansol","@id":"https:\/\/www.locansol.fr\/#\/schema\/person\/0b08d440f1ac44674c6d498107de351d"},"headline":"Foir&rsquo;Expo de Perpignan &#8211; 16 au 20 avril 2023 &#8211; Offres et d\u00e9couvertes","datePublished":"2026-04-20T16:18:24+00:00","dateModified":"2026-04-20T16:18:28+00:00","mainEntityOfPage":{"@id":"https:\/\/www.locansol.fr\/foir-expo-perpignan-decouvertes\/"},"wordCount":535,"publisher":{"@id":"https:\/\/www.locansol.fr\/#organization"},"image":{"@id":"https:\/\/www.locansol.fr\/foir-expo-perpignan-decouvertes\/#primaryimage"},"thumbnailUrl":"https:\/\/www.locansol.fr\/wp-content\/uploads\/2026\/04\/foir-expo-perpignan-decouvertes.webp","keywords":["Manifestation commerciale","Pyr\u00e9n\u00e9es-Orientales"],"articleSection":["Aplec"],"inLanguage":"es"},{"@type":"WebPage","@id":"https:\/\/www.locansol.fr\/foir-expo-perpignan-decouvertes\/","url":"https:\/\/www.locansol.fr\/foir-expo-perpignan-decouvertes\/","name":"Foir'Expo de Perpignan 2023 : D\u00e9couvertes et bonnes affaires","isPartOf":{"@id":"https:\/\/www.locansol.fr\/#website"},"primaryImageOfPage":{"@id":"https:\/\/www.locansol.fr\/foir-expo-perpignan-decouvertes\/#primaryimage"},"image":{"@id":"https:\/\/www.locansol.fr\/foir-expo-perpignan-decouvertes\/#primaryimage"},"thumbnailUrl":"https:\/\/www.locansol.fr\/wp-content\/uploads\/2026\/04\/foir-expo-perpignan-decouvertes.webp","datePublished":"2026-04-20T16:18:24+00:00","dateModified":"2026-04-20T16:18:28+00:00","description":"Foir'Expo de Perpignan est un rendez-vous incontournable dans les Pyr\u00e9n\u00e9es-Orientales. D\u00e9couvrez des produits innovants, des cr\u00e9ations artisanales et des d\u00e9lices gourmands du 16 au 20 avril 2023 au Parc des Expositions.","breadcrumb":{"@id":"https:\/\/www.locansol.fr\/foir-expo-perpignan-decouvertes\/#breadcrumb"},"inLanguage":"es","potentialAction":[{"@type":"ReadAction","target":["https:\/\/www.locansol.fr\/foir-expo-perpignan-decouvertes\/"]}]},{"@type":"ImageObject","inLanguage":"es","@id":"https:\/\/www.locansol.fr\/foir-expo-perpignan-decouvertes\/#primaryimage","url":"https:\/\/www.locansol.fr\/wp-content\/uploads\/2026\/04\/foir-expo-perpignan-decouvertes.webp","contentUrl":"https:\/\/www.locansol.fr\/wp-content\/uploads\/2026\/04\/foir-expo-perpignan-decouvertes.webp","width":1920,"height":1080,"caption":"Foir'Expo de Perpignan 2023 : D\u00e9couvertes et bonnes affaires"},{"@type":"BreadcrumbList","@id":"https:\/\/www.locansol.fr\/foir-expo-perpignan-decouvertes\/#breadcrumb","itemListElement":[{"@type":"ListItem","position":1,"name":"Accueil","item":"https:\/\/www.locansol.fr\/"},{"@type":"ListItem","position":2,"name":"Foir&rsquo;Expo de Perpignan &#8211; 16 au 20 avril 2023 &#8211; Offres et d\u00e9couvertes"}]},{"@type":"WebSite","@id":"https:\/\/www.locansol.fr\/#website","url":"https:\/\/www.locansol.fr\/","name":"Locansol, louer un h\u00e9bergement dans les Pyr\u00e9n\u00e9es-Orientales","description":"Location Mobil-home Mer M\u00e9diterran\u00e9e &amp; Chalet de Montagne dans les Pyr\u00e9n\u00e9es Orientales (Occitanie, 66). Weekend, s\u00e9jour &amp; vacances en famille et entre amis.","publisher":{"@id":"https:\/\/www.locansol.fr\/#organization"},"alternateName":"Louer un h\u00e9bergement dans les Pyr\u00e9n\u00e9es Orientales, chalet & mobil-home en Occitanie","potentialAction":[{"@type":"SearchAction","target":{"@type":"EntryPoint","urlTemplate":"https:\/\/www.locansol.fr\/?s={search_term_string}"},"query-input":{"@type":"PropertyValueSpecification","valueRequired":true,"valueName":"search_term_string"}}],"inLanguage":"es"},{"@type":"Organization","@id":"https:\/\/www.locansol.fr\/#organization","name":"Location MobilHome & chalet dans les Pyr\u00e9n\u00e9es Orientales","alternateName":"Louer un h\u00e9bergement dans les Pyr\u00e9n\u00e9es Orientales en Occitanie","url":"https:\/\/www.locansol.fr\/","logo":{"@type":"ImageObject","inLanguage":"es","@id":"https:\/\/www.locansol.fr\/#\/schema\/logo\/image\/","url":"https:\/\/www.locansol.fr\/wp-content\/uploads\/2024\/04\/AdobeStock_303324767-scaled.jpeg","contentUrl":"https:\/\/www.locansol.fr\/wp-content\/uploads\/2024\/04\/AdobeStock_303324767-scaled.jpeg","width":2560,"height":1707,"caption":"Location MobilHome & chalet dans les Pyr\u00e9n\u00e9es Orientales"},"image":{"@id":"https:\/\/www.locansol.fr\/#\/schema\/logo\/image\/"}},{"@type":"Person","@id":"https:\/\/www.locansol.fr\/#\/schema\/person\/0b08d440f1ac44674c6d498107de351d","name":"H\u00e9bergements Locansol","image":{"@type":"ImageObject","inLanguage":"es","@id":"https:\/\/www.locansol.fr\/#\/schema\/person\/image\/","url":"https:\/\/secure.gravatar.com\/avatar\/444436b93284204f8116b6e0eb964cd3fcb811519c737232bde6dd5743c37ee5?s=96&d=mm&r=g","contentUrl":"https:\/\/secure.gravatar.com\/avatar\/444436b93284204f8116b6e0eb964cd3fcb811519c737232bde6dd5743c37ee5?s=96&d=mm&r=g","caption":"H\u00e9bergements Locansol"},"sameAs":["https:\/\/www.locansol.fr\/"],"url":"https:\/\/www.locansol.fr\/es\/author\/locansol\/"}]}},"_links":{"self":[{"href":"https:\/\/www.locansol.fr\/es\/wp-json\/wp\/v2\/posts\/6287","targetHints":{"allow":["GET"]}}],"collection":[{"href":"https:\/\/www.locansol.fr\/es\/wp-json\/wp\/v2\/posts"}],"about":[{"href":"https:\/\/www.locansol.fr\/es\/wp-json\/wp\/v2\/types\/post"}],"author":[{"embeddable":true,"href":"https:\/\/www.locansol.fr\/es\/wp-json\/wp\/v2\/users\/5"}],"replies":[{"embeddable":true,"href":"https:\/\/www.locansol.fr\/es\/wp-json\/wp\/v2\/comments?post=6287"}],"version-history":[{"count":1,"href":"https:\/\/www.locansol.fr\/es\/wp-json\/wp\/v2\/posts\/6287\/revisions"}],"predecessor-version":[{"id":6288,"href":"https:\/\/www.locansol.fr\/es\/wp-json\/wp\/v2\/posts\/6287\/revisions\/6288"}],"wp:featuredmedia":[{"embeddable":true,"href":"https:\/\/www.locansol.fr\/es\/wp-json\/wp\/v2\/media\/6286"}],"wp:attachment":[{"href":"https:\/\/www.locansol.fr\/es\/wp-json\/wp\/v2\/media?parent=6287"}],"wp:term":[{"taxonomy":"category","embeddable":true,"href":"https:\/\/www.locansol.fr\/es\/wp-json\/wp\/v2\/categories?post=6287"},{"taxonomy":"post_tag","embeddable":true,"href":"https:\/\/www.locansol.fr\/es\/wp-json\/wp\/v2\/tags?post=6287"}],"curies":[{"name":"wp","href":"https:\/\/api.w.org\/{rel}","templated":true}]}}