{"id":6331,"date":"2026-04-21T14:09:49","date_gmt":"2026-04-21T12:09:49","guid":{"rendered":"https:\/\/www.locansol.fr\/exposition-volets-orgue-perpignan-5\/"},"modified":"2026-04-21T14:09:54","modified_gmt":"2026-04-21T12:09:54","slug":"exposition-volets-orgue-perpignan-5","status":"publish","type":"post","link":"https:\/\/www.locansol.fr\/es\/exposition-volets-orgue-perpignan-5\/","title":{"rendered":"Perpignan &#8211; 24 mars au 31 mai 2026 &#8211; Exposition des Volets du Grand Orgue &#8211; D\u00e9couvrez un chef-d&rsquo;\u0153uvre monumental restaur\u00e9"},"content":{"rendered":"<p>Le mus\u00e9e d&rsquo;art Hyacinthe Rigaud de Perpignan vous invite, du 24 mars au 31 mai 2026, \u00e0 une exposition exceptionnelle mettant en lumi\u00e8re une \u0153uvre in\u00e9dite du patrimoine artistique et spirituel : les volets restaur\u00e9s du grand orgue de la cath\u00e9drale Saint-Jean-Baptiste. Intitul\u00e9e \u00ab La red\u00e9couverte d&rsquo;un chef-d&rsquo;\u0153uvre monumental \u00bb, cette exposition vous plonge dans l&rsquo;univers fascinant de peintures grandioses et m\u00e9connues, cr\u00e9\u00e9es en 1504.<\/p>\n<p>### Une \u0153uvre spectaculaire au c\u0153ur du patrimoine occidental<\/p>\n<p>Peints \u00e0 la d\u00e9trempe sur toile, ces volets monumentaux sont des pi\u00e8ces uniques par leurs dimensions impressionnantes \u2013 plus de 83 m\u00b2 pour chacun des deux panneaux, mesurant 12,6 m\u00e8tres sur 4,3 m\u00e8tres \u2013 mais aussi par leur valeur artistique et historique. En effet, ces peintures orchestr\u00e9es dans un dialogue subtil entre musique, architecture et image sacr\u00e9e \u00e9taient principalement utilis\u00e9es pour accompagner le calendrier liturgique de la cath\u00e9drale. Leur face principale captivante, par\u00e9e de riches polychromies, et leur revers orn\u00e9 de grisailles t\u00e9moignent d&rsquo;une technique artistique et d&rsquo;une r\u00e9flexion spirituelle d&rsquo;une grande raret\u00e9.<\/p>\n<p>### Une renaissance apr\u00e8s une restauration d\u2019envergure<\/p>\n<p>Jusqu\u2019\u00e0 r\u00e9cemment, ces peintures g\u00e9antes sont rest\u00e9es en retrait dans la cath\u00e9drale, loin des regards du grand public. En 2022, un vaste chantier de restauration men\u00e9 par la Direction r\u00e9gionale des affaires culturelles d&rsquo;Occitanie a permis de leur redonner tout leur \u00e9clat d&rsquo;origine. Ce travail m\u00e9ticuleux a r\u00e9v\u00e9l\u00e9 des tr\u00e9sors de d\u00e9tail et de signification, d\u00e9voilant l\u2019histoire mat\u00e9rielle et la mise en \u0153uvre de cet ensemble sans \u00e9quivalent dans le monde occidental. Aujourd&rsquo;hui, ces \u0153uvres sont pr\u00eates \u00e0 \u00eatre admir\u00e9es dans toute leur majest\u00e9.<\/p>\n<p>### Un lieu d\u2019exception pour une exp\u00e9rience unique<\/p>\n<p>C\u2019est dans l\u2019\u00e9crin du mus\u00e9e Hyacinthe Rigaud, situ\u00e9 au c\u0153ur de Perpignan au 21 rue Mailly, que ces volets prennent vie. Un cadre id\u00e9al, \u00e0 la crois\u00e9e de l\u2019art classique et des expositions contemporaines, pour valoriser ce fabuleux tr\u00e9sor. Sous la direction de la conservatrice Pascale Picard, le mus\u00e9e propose un parcours totalement immersif qui permet d&rsquo;appr\u00e9cier aussi bien la complexit\u00e9 technique de la restauration que la profondeur artistique et spirituelle de ces \u0153uvres d\u2019exception.<\/p>\n<p>### Informations pratiques<\/p>\n<p>Curieux d\u2019en apprendre davantage sur ce pan de l\u2019histoire artistique et religieuse de Perpignan ? Notez bien les informations pour ne pas manquer cet \u00e9v\u00e9nement rare. Le billet d&rsquo;entr\u00e9e est fix\u00e9 \u00e0 8,00 \u20ac, donnant un acc\u00e8s total \u00e0 l\u2019exposition et aux autres sections du mus\u00e9e Hyacinthe Rigaud.<\/p>\n<p>### Un rendez-vous culturel \u00e0 ne pas manquer<\/p>\n<p>Que vous soyez amateur d\u2019art, passionn\u00e9 d\u2019histoire ou simple curieux en qu\u00eate de d\u00e9couvertes, cette immersion dans l\u2019histoire et la restauration d\u2019un tr\u00e9sor monumental ne manquera pas de vous \u00e9merveiller. Plongez dans l\u2019atmosph\u00e8re artistique et sacr\u00e9e de la Perpignan du XVIe si\u00e8cle et d\u00e9couvrez pourquoi cette exposition est l\u2019un des \u00e9v\u00e9nements majeurs \u00e0 ne pas manquer en 2026. Rendez-vous au mus\u00e9e Hyacinthe Rigaud pour une exp\u00e9rience culturelle inoubliable !<\/p>\n<h3>Informaci\u00f3n pr\u00e1ctica<\/h3>\n<p>\ud83d\udcc5 QUAND ? Du 24 mars au 31 mai 2026<br \/>\ud83d\udccd O\u00d9 ? Mus\u00e9e Hyacinthe Rigaud, 21 Rue Mailly, Perpignan<br \/>\ud83d\udcb6 COMBIEN ? 8,00 \u20ac<\/p>","protected":false},"excerpt":{"rendered":"<p>D\u00e9couvrez une \u0153uvre monumentale du patrimoine occidental : les volets restaur\u00e9s du grand orgue de la cath\u00e9drale de Perpignan, expos\u00e9s au mus\u00e9e Hyacinthe Rigaud.<\/p>","protected":false},"author":5,"featured_media":6330,"comment_status":"closed","ping_status":"open","sticky":false,"template":"","format":"standard","meta":{"_yoast_wpseo_focuskw":"Exposition volets orgue Perpignan","_yoast_wpseo_title":"Exposition des Volets du Grand Orgue Perpignan - 2026","_yoast_wpseo_metadesc":"Exposition des Volets du Grand Orgue Perpignan - D\u00e9couvrez un chef-d'\u0153uvre monumental restaur\u00e9. \u00c0 voir absolument aux Pyr\u00e9n\u00e9es-Orientales. Une exp\u00e9rience immersive unique.","_yoast_wpseo_canonical":"","_yoast_wpseo_opengraph-title":"D\u00e9couvrez un chef-d'\u0153uvre monumental : Perpignan - Exposition des Volets du Grand Orgue","_yoast_wpseo_opengraph-description":"Plongez dans l'univers fascinant des volets restaur\u00e9s du grand orgue de la cath\u00e9drale Saint-Jean-Baptiste \u00e0 Perpignan. Une exp\u00e9rience immersive unique vous attend.","_yoast_wpseo_opengraph-image":"https:\/\/www.locansol.fr\/wp-content\/uploads\/2026\/04\/exposition-volets-orgue-perpignan-4.webp","_yoast_wpseo_opengraph-image-id":"","_yoast_wpseo_twitter-title":"D\u00e9couvrez l'exposition des Volets du Grand Orgue \u00e0 Perpignan en 2026","_yoast_wpseo_twitter-description":"Ne manquez pas l'exposition des Volets du Grand Orgue \u00e0 Perpignan. Une exp\u00e9rience immersive unique vous attend en 2026.","_yoast_wpseo_twitter-image":"https:\/\/www.locansol.fr\/wp-content\/uploads\/2026\/04\/exposition-volets-orgue-perpignan-4.webp","_yoast_wpseo_twitter-image-id":"","yoast_primary_category":"Exposition","footnotes":""},"categories":[35],"tags":[66,76],"class_list":["post-6331","post","type-post","status-publish","format-standard","has-post-thumbnail","hentry","category-carnaval","tag-evenement-culturel","tag-pyrenees-orientales"],"yoast_head":"<!-- This site is optimized with the Yoast SEO Premium plugin v23.3 (Yoast SEO v26.9) - https:\/\/yoast.com\/product\/yoast-seo-premium-wordpress\/ -->\n<title>Exposition des Volets du Grand Orgue Perpignan - 2026<\/title>\n<meta name=\"description\" content=\"Exposition des Volets du Grand Orgue Perpignan - D\u00e9couvrez un chef-d&#039;\u0153uvre monumental restaur\u00e9. \u00c0 voir absolument aux Pyr\u00e9n\u00e9es-Orientales. Une exp\u00e9rience immersive unique.\" \/>\n<meta name=\"robots\" content=\"index, follow, max-snippet:-1, max-image-preview:large, max-video-preview:-1\" \/>\n<link rel=\"canonical\" href=\"https:\/\/www.locansol.fr\/es\/exposition-volets-orgue-perpignan-5\/\" \/>\n<meta property=\"og:locale\" content=\"es_ES\" \/>\n<meta property=\"og:type\" content=\"article\" \/>\n<meta property=\"og:title\" content=\"D\u00e9couvrez un chef-d&#039;\u0153uvre monumental : Perpignan - Exposition des Volets du Grand Orgue\" \/>\n<meta property=\"og:description\" content=\"Plongez dans l&#039;univers fascinant des volets restaur\u00e9s du grand orgue de la cath\u00e9drale Saint-Jean-Baptiste \u00e0 Perpignan. Une exp\u00e9rience immersive unique vous attend.\" \/>\n<meta property=\"og:url\" content=\"https:\/\/www.locansol.fr\/es\/exposition-volets-orgue-perpignan-5\/\" \/>\n<meta property=\"og:site_name\" content=\"Locansol, louer un h\u00e9bergement dans les Pyr\u00e9n\u00e9es Orientales\" \/>\n<meta property=\"article:published_time\" content=\"2026-04-21T12:09:49+00:00\" \/>\n<meta property=\"article:modified_time\" content=\"2026-04-21T12:09:54+00:00\" \/>\n<meta property=\"og:image\" content=\"https:\/\/www.locansol.fr\/wp-content\/uploads\/2026\/04\/exposition-volets-orgue-perpignan-4.webp\" \/>\n<meta name=\"author\" content=\"H\u00e9bergements Locansol\" \/>\n<meta name=\"twitter:card\" content=\"summary_large_image\" \/>\n<meta name=\"twitter:title\" content=\"D\u00e9couvrez l&#039;exposition des Volets du Grand Orgue \u00e0 Perpignan en 2026\" \/>\n<meta name=\"twitter:description\" content=\"Ne manquez pas l&#039;exposition des Volets du Grand Orgue \u00e0 Perpignan. Une exp\u00e9rience immersive unique vous attend en 2026.\" \/>\n<meta name=\"twitter:image\" content=\"https:\/\/www.locansol.fr\/wp-content\/uploads\/2026\/04\/exposition-volets-orgue-perpignan-4.webp\" \/>\n<meta name=\"twitter:label1\" content=\"Escrito por\" \/>\n\t<meta name=\"twitter:data1\" content=\"H\u00e9bergements Locansol\" \/>\n\t<meta name=\"twitter:label2\" content=\"Tiempo de lectura\" \/>\n\t<meta name=\"twitter:data2\" content=\"3 minutos\" \/>\n<script type=\"application\/ld+json\" class=\"yoast-schema-graph\">{\"@context\":\"https:\/\/schema.org\",\"@graph\":[{\"@type\":\"Article\",\"@id\":\"https:\/\/www.locansol.fr\/exposition-volets-orgue-perpignan-5\/#article\",\"isPartOf\":{\"@id\":\"https:\/\/www.locansol.fr\/exposition-volets-orgue-perpignan-5\/\"},\"author\":{\"name\":\"H\u00e9bergements Locansol\",\"@id\":\"https:\/\/www.locansol.fr\/#\/schema\/person\/0b08d440f1ac44674c6d498107de351d\"},\"headline\":\"Perpignan &#8211; 24 mars au 31 mai 2026 &#8211; Exposition des Volets du Grand Orgue &#8211; D\u00e9couvrez un chef-d&rsquo;\u0153uvre monumental restaur\u00e9\",\"datePublished\":\"2026-04-21T12:09:49+00:00\",\"dateModified\":\"2026-04-21T12:09:54+00:00\",\"mainEntityOfPage\":{\"@id\":\"https:\/\/www.locansol.fr\/exposition-volets-orgue-perpignan-5\/\"},\"wordCount\":559,\"publisher\":{\"@id\":\"https:\/\/www.locansol.fr\/#organization\"},\"image\":{\"@id\":\"https:\/\/www.locansol.fr\/exposition-volets-orgue-perpignan-5\/#primaryimage\"},\"thumbnailUrl\":\"https:\/\/www.locansol.fr\/wp-content\/uploads\/2026\/04\/exposition-volets-orgue-perpignan-4.webp\",\"keywords\":[\"\u00c9v\u00e8nement culturel\",\"Pyr\u00e9n\u00e9es-Orientales\"],\"articleSection\":[\"Carnaval\"],\"inLanguage\":\"es\"},{\"@type\":\"WebPage\",\"@id\":\"https:\/\/www.locansol.fr\/exposition-volets-orgue-perpignan-5\/\",\"url\":\"https:\/\/www.locansol.fr\/exposition-volets-orgue-perpignan-5\/\",\"name\":\"Exposition des Volets du Grand Orgue Perpignan - 2026\",\"isPartOf\":{\"@id\":\"https:\/\/www.locansol.fr\/#website\"},\"primaryImageOfPage\":{\"@id\":\"https:\/\/www.locansol.fr\/exposition-volets-orgue-perpignan-5\/#primaryimage\"},\"image\":{\"@id\":\"https:\/\/www.locansol.fr\/exposition-volets-orgue-perpignan-5\/#primaryimage\"},\"thumbnailUrl\":\"https:\/\/www.locansol.fr\/wp-content\/uploads\/2026\/04\/exposition-volets-orgue-perpignan-4.webp\",\"datePublished\":\"2026-04-21T12:09:49+00:00\",\"dateModified\":\"2026-04-21T12:09:54+00:00\",\"description\":\"Exposition des Volets du Grand Orgue Perpignan - D\u00e9couvrez un chef-d'\u0153uvre monumental restaur\u00e9. \u00c0 voir absolument aux Pyr\u00e9n\u00e9es-Orientales. Une exp\u00e9rience immersive unique.\",\"breadcrumb\":{\"@id\":\"https:\/\/www.locansol.fr\/exposition-volets-orgue-perpignan-5\/#breadcrumb\"},\"inLanguage\":\"es\",\"potentialAction\":[{\"@type\":\"ReadAction\",\"target\":[\"https:\/\/www.locansol.fr\/exposition-volets-orgue-perpignan-5\/\"]}]},{\"@type\":\"ImageObject\",\"inLanguage\":\"es\",\"@id\":\"https:\/\/www.locansol.fr\/exposition-volets-orgue-perpignan-5\/#primaryimage\",\"url\":\"https:\/\/www.locansol.fr\/wp-content\/uploads\/2026\/04\/exposition-volets-orgue-perpignan-4.webp\",\"contentUrl\":\"https:\/\/www.locansol.fr\/wp-content\/uploads\/2026\/04\/exposition-volets-orgue-perpignan-4.webp\",\"width\":1024,\"height\":605,\"caption\":\"Exposition des Volets du Grand Orgue Perpignan - 2026\"},{\"@type\":\"BreadcrumbList\",\"@id\":\"https:\/\/www.locansol.fr\/exposition-volets-orgue-perpignan-5\/#breadcrumb\",\"itemListElement\":[{\"@type\":\"ListItem\",\"position\":1,\"name\":\"Accueil\",\"item\":\"https:\/\/www.locansol.fr\/\"},{\"@type\":\"ListItem\",\"position\":2,\"name\":\"Perpignan &#8211; 24 mars au 31 mai 2026 &#8211; Exposition des Volets du Grand Orgue &#8211; D\u00e9couvrez un chef-d&rsquo;\u0153uvre monumental restaur\u00e9\"}]},{\"@type\":\"WebSite\",\"@id\":\"https:\/\/www.locansol.fr\/#website\",\"url\":\"https:\/\/www.locansol.fr\/\",\"name\":\"Locansol, louer un h\u00e9bergement dans les Pyr\u00e9n\u00e9es-Orientales\",\"description\":\"Location Mobil-home Mer M\u00e9diterran\u00e9e &amp; Chalet de Montagne dans les Pyr\u00e9n\u00e9es Orientales (Occitanie, 66). Weekend, s\u00e9jour &amp; vacances en famille et entre amis.\",\"publisher\":{\"@id\":\"https:\/\/www.locansol.fr\/#organization\"},\"alternateName\":\"Louer un h\u00e9bergement dans les Pyr\u00e9n\u00e9es Orientales, chalet & mobil-home en Occitanie\",\"potentialAction\":[{\"@type\":\"SearchAction\",\"target\":{\"@type\":\"EntryPoint\",\"urlTemplate\":\"https:\/\/www.locansol.fr\/?s={search_term_string}\"},\"query-input\":{\"@type\":\"PropertyValueSpecification\",\"valueRequired\":true,\"valueName\":\"search_term_string\"}}],\"inLanguage\":\"es\"},{\"@type\":\"Organization\",\"@id\":\"https:\/\/www.locansol.fr\/#organization\",\"name\":\"Location MobilHome & chalet dans les Pyr\u00e9n\u00e9es Orientales\",\"alternateName\":\"Louer un h\u00e9bergement dans les Pyr\u00e9n\u00e9es Orientales en Occitanie\",\"url\":\"https:\/\/www.locansol.fr\/\",\"logo\":{\"@type\":\"ImageObject\",\"inLanguage\":\"es\",\"@id\":\"https:\/\/www.locansol.fr\/#\/schema\/logo\/image\/\",\"url\":\"https:\/\/www.locansol.fr\/wp-content\/uploads\/2024\/04\/AdobeStock_303324767-scaled.jpeg\",\"contentUrl\":\"https:\/\/www.locansol.fr\/wp-content\/uploads\/2024\/04\/AdobeStock_303324767-scaled.jpeg\",\"width\":2560,\"height\":1707,\"caption\":\"Location MobilHome & chalet dans les Pyr\u00e9n\u00e9es Orientales\"},\"image\":{\"@id\":\"https:\/\/www.locansol.fr\/#\/schema\/logo\/image\/\"}},{\"@type\":\"Person\",\"@id\":\"https:\/\/www.locansol.fr\/#\/schema\/person\/0b08d440f1ac44674c6d498107de351d\",\"name\":\"H\u00e9bergements Locansol\",\"image\":{\"@type\":\"ImageObject\",\"inLanguage\":\"es\",\"@id\":\"https:\/\/www.locansol.fr\/#\/schema\/person\/image\/\",\"url\":\"https:\/\/secure.gravatar.com\/avatar\/444436b93284204f8116b6e0eb964cd3fcb811519c737232bde6dd5743c37ee5?s=96&d=mm&r=g\",\"contentUrl\":\"https:\/\/secure.gravatar.com\/avatar\/444436b93284204f8116b6e0eb964cd3fcb811519c737232bde6dd5743c37ee5?s=96&d=mm&r=g\",\"caption\":\"H\u00e9bergements Locansol\"},\"sameAs\":[\"https:\/\/www.locansol.fr\/\"],\"url\":\"https:\/\/www.locansol.fr\/es\/author\/locansol\/\"}]}<\/script>\n<!-- \/ Yoast SEO Premium plugin. -->","yoast_head_json":{"title":"Exposition des Volets du Grand Orgue Perpignan - 2026","description":"Exposition des Volets du Grand Orgue Perpignan - D\u00e9couvrez un chef-d'\u0153uvre monumental restaur\u00e9. \u00c0 voir absolument aux Pyr\u00e9n\u00e9es-Orientales. Une exp\u00e9rience immersive unique.","robots":{"index":"index","follow":"follow","max-snippet":"max-snippet:-1","max-image-preview":"max-image-preview:large","max-video-preview":"max-video-preview:-1"},"canonical":"https:\/\/www.locansol.fr\/es\/exposition-volets-orgue-perpignan-5\/","og_locale":"es_ES","og_type":"article","og_title":"D\u00e9couvrez un chef-d'\u0153uvre monumental : Perpignan - Exposition des Volets du Grand Orgue","og_description":"Plongez dans l'univers fascinant des volets restaur\u00e9s du grand orgue de la cath\u00e9drale Saint-Jean-Baptiste \u00e0 Perpignan. Une exp\u00e9rience immersive unique vous attend.","og_url":"https:\/\/www.locansol.fr\/es\/exposition-volets-orgue-perpignan-5\/","og_site_name":"Locansol, louer un h\u00e9bergement dans les Pyr\u00e9n\u00e9es Orientales","article_published_time":"2026-04-21T12:09:49+00:00","article_modified_time":"2026-04-21T12:09:54+00:00","og_image":[{"url":"https:\/\/www.locansol.fr\/wp-content\/uploads\/2026\/04\/exposition-volets-orgue-perpignan-4.webp","type":"","width":"","height":""}],"author":"H\u00e9bergements Locansol","twitter_card":"summary_large_image","twitter_title":"D\u00e9couvrez l'exposition des Volets du Grand Orgue \u00e0 Perpignan en 2026","twitter_description":"Ne manquez pas l'exposition des Volets du Grand Orgue \u00e0 Perpignan. Une exp\u00e9rience immersive unique vous attend en 2026.","twitter_image":"https:\/\/www.locansol.fr\/wp-content\/uploads\/2026\/04\/exposition-volets-orgue-perpignan-4.webp","twitter_misc":{"Escrito por":"H\u00e9bergements Locansol","Tiempo de lectura":"3 minutos"},"schema":{"@context":"https:\/\/schema.org","@graph":[{"@type":"Article","@id":"https:\/\/www.locansol.fr\/exposition-volets-orgue-perpignan-5\/#article","isPartOf":{"@id":"https:\/\/www.locansol.fr\/exposition-volets-orgue-perpignan-5\/"},"author":{"name":"H\u00e9bergements Locansol","@id":"https:\/\/www.locansol.fr\/#\/schema\/person\/0b08d440f1ac44674c6d498107de351d"},"headline":"Perpignan &#8211; 24 mars au 31 mai 2026 &#8211; Exposition des Volets du Grand Orgue &#8211; D\u00e9couvrez un chef-d&rsquo;\u0153uvre monumental restaur\u00e9","datePublished":"2026-04-21T12:09:49+00:00","dateModified":"2026-04-21T12:09:54+00:00","mainEntityOfPage":{"@id":"https:\/\/www.locansol.fr\/exposition-volets-orgue-perpignan-5\/"},"wordCount":559,"publisher":{"@id":"https:\/\/www.locansol.fr\/#organization"},"image":{"@id":"https:\/\/www.locansol.fr\/exposition-volets-orgue-perpignan-5\/#primaryimage"},"thumbnailUrl":"https:\/\/www.locansol.fr\/wp-content\/uploads\/2026\/04\/exposition-volets-orgue-perpignan-4.webp","keywords":["\u00c9v\u00e8nement culturel","Pyr\u00e9n\u00e9es-Orientales"],"articleSection":["Carnaval"],"inLanguage":"es"},{"@type":"WebPage","@id":"https:\/\/www.locansol.fr\/exposition-volets-orgue-perpignan-5\/","url":"https:\/\/www.locansol.fr\/exposition-volets-orgue-perpignan-5\/","name":"Exposition des Volets du Grand Orgue Perpignan - 2026","isPartOf":{"@id":"https:\/\/www.locansol.fr\/#website"},"primaryImageOfPage":{"@id":"https:\/\/www.locansol.fr\/exposition-volets-orgue-perpignan-5\/#primaryimage"},"image":{"@id":"https:\/\/www.locansol.fr\/exposition-volets-orgue-perpignan-5\/#primaryimage"},"thumbnailUrl":"https:\/\/www.locansol.fr\/wp-content\/uploads\/2026\/04\/exposition-volets-orgue-perpignan-4.webp","datePublished":"2026-04-21T12:09:49+00:00","dateModified":"2026-04-21T12:09:54+00:00","description":"Exposition des Volets du Grand Orgue Perpignan - D\u00e9couvrez un chef-d'\u0153uvre monumental restaur\u00e9. \u00c0 voir absolument aux Pyr\u00e9n\u00e9es-Orientales. Une exp\u00e9rience immersive unique.","breadcrumb":{"@id":"https:\/\/www.locansol.fr\/exposition-volets-orgue-perpignan-5\/#breadcrumb"},"inLanguage":"es","potentialAction":[{"@type":"ReadAction","target":["https:\/\/www.locansol.fr\/exposition-volets-orgue-perpignan-5\/"]}]},{"@type":"ImageObject","inLanguage":"es","@id":"https:\/\/www.locansol.fr\/exposition-volets-orgue-perpignan-5\/#primaryimage","url":"https:\/\/www.locansol.fr\/wp-content\/uploads\/2026\/04\/exposition-volets-orgue-perpignan-4.webp","contentUrl":"https:\/\/www.locansol.fr\/wp-content\/uploads\/2026\/04\/exposition-volets-orgue-perpignan-4.webp","width":1024,"height":605,"caption":"Exposition des Volets du Grand Orgue Perpignan - 2026"},{"@type":"BreadcrumbList","@id":"https:\/\/www.locansol.fr\/exposition-volets-orgue-perpignan-5\/#breadcrumb","itemListElement":[{"@type":"ListItem","position":1,"name":"Accueil","item":"https:\/\/www.locansol.fr\/"},{"@type":"ListItem","position":2,"name":"Perpignan &#8211; 24 mars au 31 mai 2026 &#8211; Exposition des Volets du Grand Orgue &#8211; D\u00e9couvrez un chef-d&rsquo;\u0153uvre monumental restaur\u00e9"}]},{"@type":"WebSite","@id":"https:\/\/www.locansol.fr\/#website","url":"https:\/\/www.locansol.fr\/","name":"Locansol, louer un h\u00e9bergement dans les Pyr\u00e9n\u00e9es-Orientales","description":"Location Mobil-home Mer M\u00e9diterran\u00e9e &amp; Chalet de Montagne dans les Pyr\u00e9n\u00e9es Orientales (Occitanie, 66). Weekend, s\u00e9jour &amp; vacances en famille et entre amis.","publisher":{"@id":"https:\/\/www.locansol.fr\/#organization"},"alternateName":"Louer un h\u00e9bergement dans les Pyr\u00e9n\u00e9es Orientales, chalet & mobil-home en Occitanie","potentialAction":[{"@type":"SearchAction","target":{"@type":"EntryPoint","urlTemplate":"https:\/\/www.locansol.fr\/?s={search_term_string}"},"query-input":{"@type":"PropertyValueSpecification","valueRequired":true,"valueName":"search_term_string"}}],"inLanguage":"es"},{"@type":"Organization","@id":"https:\/\/www.locansol.fr\/#organization","name":"Location MobilHome & chalet dans les Pyr\u00e9n\u00e9es Orientales","alternateName":"Louer un h\u00e9bergement dans les Pyr\u00e9n\u00e9es Orientales en Occitanie","url":"https:\/\/www.locansol.fr\/","logo":{"@type":"ImageObject","inLanguage":"es","@id":"https:\/\/www.locansol.fr\/#\/schema\/logo\/image\/","url":"https:\/\/www.locansol.fr\/wp-content\/uploads\/2024\/04\/AdobeStock_303324767-scaled.jpeg","contentUrl":"https:\/\/www.locansol.fr\/wp-content\/uploads\/2024\/04\/AdobeStock_303324767-scaled.jpeg","width":2560,"height":1707,"caption":"Location MobilHome & chalet dans les Pyr\u00e9n\u00e9es Orientales"},"image":{"@id":"https:\/\/www.locansol.fr\/#\/schema\/logo\/image\/"}},{"@type":"Person","@id":"https:\/\/www.locansol.fr\/#\/schema\/person\/0b08d440f1ac44674c6d498107de351d","name":"H\u00e9bergements Locansol","image":{"@type":"ImageObject","inLanguage":"es","@id":"https:\/\/www.locansol.fr\/#\/schema\/person\/image\/","url":"https:\/\/secure.gravatar.com\/avatar\/444436b93284204f8116b6e0eb964cd3fcb811519c737232bde6dd5743c37ee5?s=96&d=mm&r=g","contentUrl":"https:\/\/secure.gravatar.com\/avatar\/444436b93284204f8116b6e0eb964cd3fcb811519c737232bde6dd5743c37ee5?s=96&d=mm&r=g","caption":"H\u00e9bergements Locansol"},"sameAs":["https:\/\/www.locansol.fr\/"],"url":"https:\/\/www.locansol.fr\/es\/author\/locansol\/"}]}},"_links":{"self":[{"href":"https:\/\/www.locansol.fr\/es\/wp-json\/wp\/v2\/posts\/6331","targetHints":{"allow":["GET"]}}],"collection":[{"href":"https:\/\/www.locansol.fr\/es\/wp-json\/wp\/v2\/posts"}],"about":[{"href":"https:\/\/www.locansol.fr\/es\/wp-json\/wp\/v2\/types\/post"}],"author":[{"embeddable":true,"href":"https:\/\/www.locansol.fr\/es\/wp-json\/wp\/v2\/users\/5"}],"replies":[{"embeddable":true,"href":"https:\/\/www.locansol.fr\/es\/wp-json\/wp\/v2\/comments?post=6331"}],"version-history":[{"count":1,"href":"https:\/\/www.locansol.fr\/es\/wp-json\/wp\/v2\/posts\/6331\/revisions"}],"predecessor-version":[{"id":6332,"href":"https:\/\/www.locansol.fr\/es\/wp-json\/wp\/v2\/posts\/6331\/revisions\/6332"}],"wp:featuredmedia":[{"embeddable":true,"href":"https:\/\/www.locansol.fr\/es\/wp-json\/wp\/v2\/media\/6330"}],"wp:attachment":[{"href":"https:\/\/www.locansol.fr\/es\/wp-json\/wp\/v2\/media?parent=6331"}],"wp:term":[{"taxonomy":"category","embeddable":true,"href":"https:\/\/www.locansol.fr\/es\/wp-json\/wp\/v2\/categories?post=6331"},{"taxonomy":"post_tag","embeddable":true,"href":"https:\/\/www.locansol.fr\/es\/wp-json\/wp\/v2\/tags?post=6331"}],"curies":[{"name":"wp","href":"https:\/\/api.w.org\/{rel}","templated":true}]}}