{"id":6341,"date":"2026-04-21T22:13:12","date_gmt":"2026-04-21T20:13:12","guid":{"rendered":"https:\/\/www.locansol.fr\/volets-grand-orgue-perpignan-cathedrale\/"},"modified":"2026-04-21T22:13:15","modified_gmt":"2026-04-21T20:13:15","slug":"volets-grand-orgue-perpignan-cathedrale","status":"publish","type":"post","link":"https:\/\/www.locansol.fr\/es\/volets-grand-orgue-perpignan-cathedrale\/","title":{"rendered":"Perpignan 2024 : Red\u00e9couverte des volets du grand orgue \u00e0 la cath\u00e9drale Saint-Jean-Baptiste"},"content":{"rendered":"<p>\u00c0 partir du 24 mars et jusqu\u2019au 31 mai 2024, la majestueuse cath\u00e9drale Saint-Jean-Baptiste, situ\u00e9e en plein c\u0153ur de Perpignan, devient le th\u00e9\u00e2tre d\u2019une exposition hors du commun. Sous le titre \u00ab La red\u00e9couverte d\u2019un chef-d\u2019\u0153uvre monumental : les volets du grand orgue de la cath\u00e9drale de Perpignan \u00bb, cet \u00e9v\u00e9nement met en lumi\u00e8re l\u2019un des tr\u00e9sors culturels les plus singuliers du patrimoine local : les volets du grand orgue, r\u00e9cemment restaur\u00e9s apr\u00e8s plusieurs si\u00e8cles dans l\u2019ombre.<\/p>\n<p>Ces impressionnantes \u0153uvres d\u2019art datent de 1504 et figurent parmi les plus grands ensembles picturaux de leur genre en Europe. Avec une taille impressionnante de 12,6 m\u00e8tres de haut sur 4,3 m\u00e8tres de large, ces panneaux monumentaux \u00e9taient initialement int\u00e9gr\u00e9s au buffet de l\u2019orgue de la cath\u00e9drale. D\u00e9pli\u00e9s selon le rythme liturgique, ils cr\u00e9aient un dialogue fascinant entre la musique, l\u2019architecture et l\u2019imagerie sacr\u00e9e. Peints \u00e0 la d\u00e9trempe sur toile, ils se distinguent par leur polychromie lumineuse sur leur face principale et des grisailles finement d\u00e9taill\u00e9es au revers.<\/p>\n<p>D\u00e9mantel\u00e9es et mises de c\u00f4t\u00e9 au XIXe si\u00e8cle, ces \u0153uvres exceptionnelles avaient peu \u00e0 peu sombr\u00e9 dans l\u2019oubli. Cependant, gr\u00e2ce \u00e0 un ambitieux projet de restauration pilot\u00e9 par la Direction r\u00e9gionale des affaires culturelles d\u2019Occitanie depuis 2022, elles renaissent aujourd\u2019hui dans tout leur \u00e9clat. Ce chantier artistique et scientifique a permis de redonner vie \u00e0 ces peintures monumentales, d\u00e9voilant des d\u00e9tails insoup\u00e7onn\u00e9s et leur extraordinaire qualit\u00e9 d\u2019ex\u00e9cution. D\u00e9sormais, ces volets g\u00e9ants, repr\u00e9sentant plus de 83 m\u00b2 chacun, retrouvent leur place dans l\u2019histoire et l\u2019imaginaire collectif.<\/p>\n<p>Cette exposition offre une opportunit\u00e9 unique \u00e0 tous les amateurs d\u2019histoire et d\u2019art, ainsi qu\u2019aux simples curieux, de plonger dans un pan fascinant du patrimoine r\u00e9gional. L\u2019\u00e9v\u00e9nement est une immersion totale au c\u0153ur de la Renaissance, \u00e0 la rencontre des artistes talentueux de l\u2019\u00e9poque, r\u00e9v\u00e9lant leur savoir-faire hors pair et leur capacit\u00e9 \u00e0 transcender les mat\u00e9riaux de leur temps. Sur place, les visiteurs sont invit\u00e9s \u00e0 admirer de pr\u00e8s la minutie des d\u00e9tails et la splendeur des compositions, tout en s\u2019impr\u00e9gnant de l\u2019histoire de ce tr\u00e9sor trop longtemps m\u00e9connu.<\/p>\n<p>Situ\u00e9e au 21 rue Mailly \u00e0 Perpignan, la cath\u00e9drale Saint-Jean-Baptiste propose un cadre exceptionnel pour cet \u00e9v\u00e9nement \u00e0 ne pas manquer. Avec un tarif d\u2019entr\u00e9e fix\u00e9 \u00e0 8 euros seulement, cette exposition garantit une exp\u00e9rience m\u00e9morable alliant beaut\u00e9 artistique, d\u00e9couverte historique et spiritualit\u00e9.<\/p>\n<p>Alors que l\u2019\u00e9clat des volets du grand orgue illumine \u00e0 nouveau la cath\u00e9drale, c\u2019est tout un pan d\u2019histoire et d\u2019art qui se d\u00e9voile \u00e0 vous. Rendez-vous du 24 mars au 31 mai 2024 pour une exp\u00e9rience inoubliable dans l\u2019un des sites les plus embl\u00e9matiques des Pyr\u00e9n\u00e9es-Orientales.<\/p>\n<h3>Informaci\u00f3n pr\u00e1ctica<\/h3>\n<p>\ud83d\udcc5 QUAND ? Du 24 mars au 31 mai 2024<br \/>\ud83d\udccd O\u00d9 ? Cath\u00e9drale Saint-Jean-Baptiste, 21 rue Mailly, Perpignan<br \/>\ud83d\udcb6 COMBIEN ? 8,00 \u20ac<\/p>","protected":false},"excerpt":{"rendered":"<p>Red\u00e9couvrez les volets monumentaux restaur\u00e9s du grand orgue de la cath\u00e9drale Saint-Jean-Baptiste de Perpignan \u00e0 partir du 24 mars 2024.<\/p>","protected":false},"author":5,"featured_media":6340,"comment_status":"closed","ping_status":"open","sticky":false,"template":"","format":"standard","meta":{"_yoast_wpseo_focuskw":"volets grand orgue Perpignan","_yoast_wpseo_title":"Red\u00e9couverte des volets du grand orgue \u00e0 Perpignan","_yoast_wpseo_metadesc":"Red\u00e9couverte des volets du grand orgue \u00e0 la cath\u00e9drale Saint-Jean-Baptiste Perpignan. D\u00e9couvrez ces chefs-d'\u0153uvre de la Renaissance dans les Pyr\u00e9n\u00e9es-Orientales. Exposition du 24 mars au 31 mai 2024.","_yoast_wpseo_canonical":"","_yoast_wpseo_opengraph-title":"Plongez dans l'histoire : les volets du grand orgue de Perpignan \u2014 un tr\u00e9sor de la Renaissance","_yoast_wpseo_opengraph-description":"Imaginez des panneaux monumentaux de 12 m\u00e8tres de haut, restaur\u00e9s apr\u00e8s des si\u00e8cles d'oubli. D\u00e9couvrez leur splendeur \u00e0 la cath\u00e9drale Saint-Jean-Baptiste.","_yoast_wpseo_opengraph-image":"https:\/\/www.locansol.fr\/wp-content\/uploads\/2026\/04\/volets-grand-orgue-perpignan-cathedrale.webp","_yoast_wpseo_opengraph-image-id":"","_yoast_wpseo_twitter-title":"D\u00e9couvrez les volets du grand orgue \u00e0 Perpignan","_yoast_wpseo_twitter-description":"Plongez dans l'histoire et l'art avec les volets du grand orgue de la cath\u00e9drale Saint-Jean-Baptiste. Une exposition \u00e0 ne pas manquer \u00e0 Perpignan.","_yoast_wpseo_twitter-image":"https:\/\/www.locansol.fr\/wp-content\/uploads\/2026\/04\/volets-grand-orgue-perpignan-cathedrale.webp","_yoast_wpseo_twitter-image-id":"","yoast_primary_category":"Exposition","footnotes":""},"categories":[35],"tags":[66,76],"class_list":["post-6341","post","type-post","status-publish","format-standard","has-post-thumbnail","hentry","category-carnaval","tag-evenement-culturel","tag-pyrenees-orientales"],"yoast_head":"<!-- This site is optimized with the Yoast SEO Premium plugin v23.3 (Yoast SEO v26.9) - https:\/\/yoast.com\/product\/yoast-seo-premium-wordpress\/ -->\n<title>Red\u00e9couverte des volets du grand orgue \u00e0 Perpignan<\/title>\n<meta name=\"description\" content=\"Red\u00e9couverte des volets du grand orgue \u00e0 la cath\u00e9drale Saint-Jean-Baptiste Perpignan. D\u00e9couvrez ces chefs-d&#039;\u0153uvre de la Renaissance dans les Pyr\u00e9n\u00e9es-Orientales. Exposition du 24 mars au 31 mai 2024.\" \/>\n<meta name=\"robots\" content=\"index, follow, max-snippet:-1, max-image-preview:large, max-video-preview:-1\" \/>\n<link rel=\"canonical\" href=\"https:\/\/www.locansol.fr\/es\/volets-grand-orgue-perpignan-cathedrale\/\" \/>\n<meta property=\"og:locale\" content=\"es_ES\" \/>\n<meta property=\"og:type\" content=\"article\" \/>\n<meta property=\"og:title\" content=\"Plongez dans l&#039;histoire : les volets du grand orgue de Perpignan \u2014 un tr\u00e9sor de la Renaissance\" \/>\n<meta property=\"og:description\" content=\"Imaginez des panneaux monumentaux de 12 m\u00e8tres de haut, restaur\u00e9s apr\u00e8s des si\u00e8cles d&#039;oubli. D\u00e9couvrez leur splendeur \u00e0 la cath\u00e9drale Saint-Jean-Baptiste.\" \/>\n<meta property=\"og:url\" content=\"https:\/\/www.locansol.fr\/es\/volets-grand-orgue-perpignan-cathedrale\/\" \/>\n<meta property=\"og:site_name\" content=\"Locansol, louer un h\u00e9bergement dans les Pyr\u00e9n\u00e9es Orientales\" \/>\n<meta property=\"article:published_time\" content=\"2026-04-21T20:13:12+00:00\" \/>\n<meta property=\"article:modified_time\" content=\"2026-04-21T20:13:15+00:00\" \/>\n<meta property=\"og:image\" content=\"https:\/\/www.locansol.fr\/wp-content\/uploads\/2026\/04\/volets-grand-orgue-perpignan-cathedrale.webp\" \/>\n<meta name=\"author\" content=\"H\u00e9bergements Locansol\" \/>\n<meta name=\"twitter:card\" content=\"summary_large_image\" \/>\n<meta name=\"twitter:title\" content=\"D\u00e9couvrez les volets du grand orgue \u00e0 Perpignan\" \/>\n<meta name=\"twitter:description\" content=\"Plongez dans l&#039;histoire et l&#039;art avec les volets du grand orgue de la cath\u00e9drale Saint-Jean-Baptiste. Une exposition \u00e0 ne pas manquer \u00e0 Perpignan.\" \/>\n<meta name=\"twitter:image\" content=\"https:\/\/www.locansol.fr\/wp-content\/uploads\/2026\/04\/volets-grand-orgue-perpignan-cathedrale.webp\" \/>\n<meta name=\"twitter:label1\" content=\"Escrito por\" \/>\n\t<meta name=\"twitter:data1\" content=\"H\u00e9bergements Locansol\" \/>\n\t<meta name=\"twitter:label2\" content=\"Tiempo de lectura\" \/>\n\t<meta name=\"twitter:data2\" content=\"3 minutos\" \/>\n<script type=\"application\/ld+json\" class=\"yoast-schema-graph\">{\"@context\":\"https:\/\/schema.org\",\"@graph\":[{\"@type\":\"Article\",\"@id\":\"https:\/\/www.locansol.fr\/volets-grand-orgue-perpignan-cathedrale\/#article\",\"isPartOf\":{\"@id\":\"https:\/\/www.locansol.fr\/volets-grand-orgue-perpignan-cathedrale\/\"},\"author\":{\"name\":\"H\u00e9bergements Locansol\",\"@id\":\"https:\/\/www.locansol.fr\/#\/schema\/person\/0b08d440f1ac44674c6d498107de351d\"},\"headline\":\"Perpignan 2024 : Red\u00e9couverte des volets du grand orgue \u00e0 la cath\u00e9drale Saint-Jean-Baptiste\",\"datePublished\":\"2026-04-21T20:13:12+00:00\",\"dateModified\":\"2026-04-21T20:13:15+00:00\",\"mainEntityOfPage\":{\"@id\":\"https:\/\/www.locansol.fr\/volets-grand-orgue-perpignan-cathedrale\/\"},\"wordCount\":517,\"publisher\":{\"@id\":\"https:\/\/www.locansol.fr\/#organization\"},\"image\":{\"@id\":\"https:\/\/www.locansol.fr\/volets-grand-orgue-perpignan-cathedrale\/#primaryimage\"},\"thumbnailUrl\":\"https:\/\/www.locansol.fr\/wp-content\/uploads\/2026\/04\/volets-grand-orgue-perpignan-cathedrale.webp\",\"keywords\":[\"\u00c9v\u00e8nement culturel\",\"Pyr\u00e9n\u00e9es-Orientales\"],\"articleSection\":[\"Carnaval\"],\"inLanguage\":\"es\"},{\"@type\":\"WebPage\",\"@id\":\"https:\/\/www.locansol.fr\/volets-grand-orgue-perpignan-cathedrale\/\",\"url\":\"https:\/\/www.locansol.fr\/volets-grand-orgue-perpignan-cathedrale\/\",\"name\":\"Red\u00e9couverte des volets du grand orgue \u00e0 Perpignan\",\"isPartOf\":{\"@id\":\"https:\/\/www.locansol.fr\/#website\"},\"primaryImageOfPage\":{\"@id\":\"https:\/\/www.locansol.fr\/volets-grand-orgue-perpignan-cathedrale\/#primaryimage\"},\"image\":{\"@id\":\"https:\/\/www.locansol.fr\/volets-grand-orgue-perpignan-cathedrale\/#primaryimage\"},\"thumbnailUrl\":\"https:\/\/www.locansol.fr\/wp-content\/uploads\/2026\/04\/volets-grand-orgue-perpignan-cathedrale.webp\",\"datePublished\":\"2026-04-21T20:13:12+00:00\",\"dateModified\":\"2026-04-21T20:13:15+00:00\",\"description\":\"Red\u00e9couverte des volets du grand orgue \u00e0 la cath\u00e9drale Saint-Jean-Baptiste Perpignan. D\u00e9couvrez ces chefs-d'\u0153uvre de la Renaissance dans les Pyr\u00e9n\u00e9es-Orientales. Exposition du 24 mars au 31 mai 2024.\",\"breadcrumb\":{\"@id\":\"https:\/\/www.locansol.fr\/volets-grand-orgue-perpignan-cathedrale\/#breadcrumb\"},\"inLanguage\":\"es\",\"potentialAction\":[{\"@type\":\"ReadAction\",\"target\":[\"https:\/\/www.locansol.fr\/volets-grand-orgue-perpignan-cathedrale\/\"]}]},{\"@type\":\"ImageObject\",\"inLanguage\":\"es\",\"@id\":\"https:\/\/www.locansol.fr\/volets-grand-orgue-perpignan-cathedrale\/#primaryimage\",\"url\":\"https:\/\/www.locansol.fr\/wp-content\/uploads\/2026\/04\/volets-grand-orgue-perpignan-cathedrale.webp\",\"contentUrl\":\"https:\/\/www.locansol.fr\/wp-content\/uploads\/2026\/04\/volets-grand-orgue-perpignan-cathedrale.webp\",\"width\":1024,\"height\":605,\"caption\":\"Red\u00e9couverte des volets du grand orgue \u00e0 Perpignan\"},{\"@type\":\"BreadcrumbList\",\"@id\":\"https:\/\/www.locansol.fr\/volets-grand-orgue-perpignan-cathedrale\/#breadcrumb\",\"itemListElement\":[{\"@type\":\"ListItem\",\"position\":1,\"name\":\"Accueil\",\"item\":\"https:\/\/www.locansol.fr\/\"},{\"@type\":\"ListItem\",\"position\":2,\"name\":\"Perpignan 2024 : Red\u00e9couverte des volets du grand orgue \u00e0 la cath\u00e9drale Saint-Jean-Baptiste\"}]},{\"@type\":\"WebSite\",\"@id\":\"https:\/\/www.locansol.fr\/#website\",\"url\":\"https:\/\/www.locansol.fr\/\",\"name\":\"Locansol, louer un h\u00e9bergement dans les Pyr\u00e9n\u00e9es-Orientales\",\"description\":\"Location Mobil-home Mer M\u00e9diterran\u00e9e &amp; Chalet de Montagne dans les Pyr\u00e9n\u00e9es Orientales (Occitanie, 66). Weekend, s\u00e9jour &amp; vacances en famille et entre amis.\",\"publisher\":{\"@id\":\"https:\/\/www.locansol.fr\/#organization\"},\"alternateName\":\"Louer un h\u00e9bergement dans les Pyr\u00e9n\u00e9es Orientales, chalet & mobil-home en Occitanie\",\"potentialAction\":[{\"@type\":\"SearchAction\",\"target\":{\"@type\":\"EntryPoint\",\"urlTemplate\":\"https:\/\/www.locansol.fr\/?s={search_term_string}\"},\"query-input\":{\"@type\":\"PropertyValueSpecification\",\"valueRequired\":true,\"valueName\":\"search_term_string\"}}],\"inLanguage\":\"es\"},{\"@type\":\"Organization\",\"@id\":\"https:\/\/www.locansol.fr\/#organization\",\"name\":\"Location MobilHome & chalet dans les Pyr\u00e9n\u00e9es Orientales\",\"alternateName\":\"Louer un h\u00e9bergement dans les Pyr\u00e9n\u00e9es Orientales en Occitanie\",\"url\":\"https:\/\/www.locansol.fr\/\",\"logo\":{\"@type\":\"ImageObject\",\"inLanguage\":\"es\",\"@id\":\"https:\/\/www.locansol.fr\/#\/schema\/logo\/image\/\",\"url\":\"https:\/\/www.locansol.fr\/wp-content\/uploads\/2024\/04\/AdobeStock_303324767-scaled.jpeg\",\"contentUrl\":\"https:\/\/www.locansol.fr\/wp-content\/uploads\/2024\/04\/AdobeStock_303324767-scaled.jpeg\",\"width\":2560,\"height\":1707,\"caption\":\"Location MobilHome & chalet dans les Pyr\u00e9n\u00e9es Orientales\"},\"image\":{\"@id\":\"https:\/\/www.locansol.fr\/#\/schema\/logo\/image\/\"}},{\"@type\":\"Person\",\"@id\":\"https:\/\/www.locansol.fr\/#\/schema\/person\/0b08d440f1ac44674c6d498107de351d\",\"name\":\"H\u00e9bergements Locansol\",\"image\":{\"@type\":\"ImageObject\",\"inLanguage\":\"es\",\"@id\":\"https:\/\/www.locansol.fr\/#\/schema\/person\/image\/\",\"url\":\"https:\/\/secure.gravatar.com\/avatar\/444436b93284204f8116b6e0eb964cd3fcb811519c737232bde6dd5743c37ee5?s=96&d=mm&r=g\",\"contentUrl\":\"https:\/\/secure.gravatar.com\/avatar\/444436b93284204f8116b6e0eb964cd3fcb811519c737232bde6dd5743c37ee5?s=96&d=mm&r=g\",\"caption\":\"H\u00e9bergements Locansol\"},\"sameAs\":[\"https:\/\/www.locansol.fr\/\"],\"url\":\"https:\/\/www.locansol.fr\/es\/author\/locansol\/\"}]}<\/script>\n<!-- \/ Yoast SEO Premium plugin. -->","yoast_head_json":{"title":"Red\u00e9couverte des volets du grand orgue \u00e0 Perpignan","description":"Red\u00e9couverte des volets du grand orgue \u00e0 la cath\u00e9drale Saint-Jean-Baptiste Perpignan. D\u00e9couvrez ces chefs-d'\u0153uvre de la Renaissance dans les Pyr\u00e9n\u00e9es-Orientales. Exposition du 24 mars au 31 mai 2024.","robots":{"index":"index","follow":"follow","max-snippet":"max-snippet:-1","max-image-preview":"max-image-preview:large","max-video-preview":"max-video-preview:-1"},"canonical":"https:\/\/www.locansol.fr\/es\/volets-grand-orgue-perpignan-cathedrale\/","og_locale":"es_ES","og_type":"article","og_title":"Plongez dans l'histoire : les volets du grand orgue de Perpignan \u2014 un tr\u00e9sor de la Renaissance","og_description":"Imaginez des panneaux monumentaux de 12 m\u00e8tres de haut, restaur\u00e9s apr\u00e8s des si\u00e8cles d'oubli. D\u00e9couvrez leur splendeur \u00e0 la cath\u00e9drale Saint-Jean-Baptiste.","og_url":"https:\/\/www.locansol.fr\/es\/volets-grand-orgue-perpignan-cathedrale\/","og_site_name":"Locansol, louer un h\u00e9bergement dans les Pyr\u00e9n\u00e9es Orientales","article_published_time":"2026-04-21T20:13:12+00:00","article_modified_time":"2026-04-21T20:13:15+00:00","og_image":[{"url":"https:\/\/www.locansol.fr\/wp-content\/uploads\/2026\/04\/volets-grand-orgue-perpignan-cathedrale.webp","type":"","width":"","height":""}],"author":"H\u00e9bergements Locansol","twitter_card":"summary_large_image","twitter_title":"D\u00e9couvrez les volets du grand orgue \u00e0 Perpignan","twitter_description":"Plongez dans l'histoire et l'art avec les volets du grand orgue de la cath\u00e9drale Saint-Jean-Baptiste. Une exposition \u00e0 ne pas manquer \u00e0 Perpignan.","twitter_image":"https:\/\/www.locansol.fr\/wp-content\/uploads\/2026\/04\/volets-grand-orgue-perpignan-cathedrale.webp","twitter_misc":{"Escrito por":"H\u00e9bergements Locansol","Tiempo de lectura":"3 minutos"},"schema":{"@context":"https:\/\/schema.org","@graph":[{"@type":"Article","@id":"https:\/\/www.locansol.fr\/volets-grand-orgue-perpignan-cathedrale\/#article","isPartOf":{"@id":"https:\/\/www.locansol.fr\/volets-grand-orgue-perpignan-cathedrale\/"},"author":{"name":"H\u00e9bergements Locansol","@id":"https:\/\/www.locansol.fr\/#\/schema\/person\/0b08d440f1ac44674c6d498107de351d"},"headline":"Perpignan 2024 : Red\u00e9couverte des volets du grand orgue \u00e0 la cath\u00e9drale Saint-Jean-Baptiste","datePublished":"2026-04-21T20:13:12+00:00","dateModified":"2026-04-21T20:13:15+00:00","mainEntityOfPage":{"@id":"https:\/\/www.locansol.fr\/volets-grand-orgue-perpignan-cathedrale\/"},"wordCount":517,"publisher":{"@id":"https:\/\/www.locansol.fr\/#organization"},"image":{"@id":"https:\/\/www.locansol.fr\/volets-grand-orgue-perpignan-cathedrale\/#primaryimage"},"thumbnailUrl":"https:\/\/www.locansol.fr\/wp-content\/uploads\/2026\/04\/volets-grand-orgue-perpignan-cathedrale.webp","keywords":["\u00c9v\u00e8nement culturel","Pyr\u00e9n\u00e9es-Orientales"],"articleSection":["Carnaval"],"inLanguage":"es"},{"@type":"WebPage","@id":"https:\/\/www.locansol.fr\/volets-grand-orgue-perpignan-cathedrale\/","url":"https:\/\/www.locansol.fr\/volets-grand-orgue-perpignan-cathedrale\/","name":"Red\u00e9couverte des volets du grand orgue \u00e0 Perpignan","isPartOf":{"@id":"https:\/\/www.locansol.fr\/#website"},"primaryImageOfPage":{"@id":"https:\/\/www.locansol.fr\/volets-grand-orgue-perpignan-cathedrale\/#primaryimage"},"image":{"@id":"https:\/\/www.locansol.fr\/volets-grand-orgue-perpignan-cathedrale\/#primaryimage"},"thumbnailUrl":"https:\/\/www.locansol.fr\/wp-content\/uploads\/2026\/04\/volets-grand-orgue-perpignan-cathedrale.webp","datePublished":"2026-04-21T20:13:12+00:00","dateModified":"2026-04-21T20:13:15+00:00","description":"Red\u00e9couverte des volets du grand orgue \u00e0 la cath\u00e9drale Saint-Jean-Baptiste Perpignan. D\u00e9couvrez ces chefs-d'\u0153uvre de la Renaissance dans les Pyr\u00e9n\u00e9es-Orientales. Exposition du 24 mars au 31 mai 2024.","breadcrumb":{"@id":"https:\/\/www.locansol.fr\/volets-grand-orgue-perpignan-cathedrale\/#breadcrumb"},"inLanguage":"es","potentialAction":[{"@type":"ReadAction","target":["https:\/\/www.locansol.fr\/volets-grand-orgue-perpignan-cathedrale\/"]}]},{"@type":"ImageObject","inLanguage":"es","@id":"https:\/\/www.locansol.fr\/volets-grand-orgue-perpignan-cathedrale\/#primaryimage","url":"https:\/\/www.locansol.fr\/wp-content\/uploads\/2026\/04\/volets-grand-orgue-perpignan-cathedrale.webp","contentUrl":"https:\/\/www.locansol.fr\/wp-content\/uploads\/2026\/04\/volets-grand-orgue-perpignan-cathedrale.webp","width":1024,"height":605,"caption":"Red\u00e9couverte des volets du grand orgue \u00e0 Perpignan"},{"@type":"BreadcrumbList","@id":"https:\/\/www.locansol.fr\/volets-grand-orgue-perpignan-cathedrale\/#breadcrumb","itemListElement":[{"@type":"ListItem","position":1,"name":"Accueil","item":"https:\/\/www.locansol.fr\/"},{"@type":"ListItem","position":2,"name":"Perpignan 2024 : Red\u00e9couverte des volets du grand orgue \u00e0 la cath\u00e9drale Saint-Jean-Baptiste"}]},{"@type":"WebSite","@id":"https:\/\/www.locansol.fr\/#website","url":"https:\/\/www.locansol.fr\/","name":"Locansol, louer un h\u00e9bergement dans les Pyr\u00e9n\u00e9es-Orientales","description":"Location Mobil-home Mer M\u00e9diterran\u00e9e &amp; Chalet de Montagne dans les Pyr\u00e9n\u00e9es Orientales (Occitanie, 66). Weekend, s\u00e9jour &amp; vacances en famille et entre amis.","publisher":{"@id":"https:\/\/www.locansol.fr\/#organization"},"alternateName":"Louer un h\u00e9bergement dans les Pyr\u00e9n\u00e9es Orientales, chalet & mobil-home en Occitanie","potentialAction":[{"@type":"SearchAction","target":{"@type":"EntryPoint","urlTemplate":"https:\/\/www.locansol.fr\/?s={search_term_string}"},"query-input":{"@type":"PropertyValueSpecification","valueRequired":true,"valueName":"search_term_string"}}],"inLanguage":"es"},{"@type":"Organization","@id":"https:\/\/www.locansol.fr\/#organization","name":"Location MobilHome & chalet dans les Pyr\u00e9n\u00e9es Orientales","alternateName":"Louer un h\u00e9bergement dans les Pyr\u00e9n\u00e9es Orientales en Occitanie","url":"https:\/\/www.locansol.fr\/","logo":{"@type":"ImageObject","inLanguage":"es","@id":"https:\/\/www.locansol.fr\/#\/schema\/logo\/image\/","url":"https:\/\/www.locansol.fr\/wp-content\/uploads\/2024\/04\/AdobeStock_303324767-scaled.jpeg","contentUrl":"https:\/\/www.locansol.fr\/wp-content\/uploads\/2024\/04\/AdobeStock_303324767-scaled.jpeg","width":2560,"height":1707,"caption":"Location MobilHome & chalet dans les Pyr\u00e9n\u00e9es Orientales"},"image":{"@id":"https:\/\/www.locansol.fr\/#\/schema\/logo\/image\/"}},{"@type":"Person","@id":"https:\/\/www.locansol.fr\/#\/schema\/person\/0b08d440f1ac44674c6d498107de351d","name":"H\u00e9bergements Locansol","image":{"@type":"ImageObject","inLanguage":"es","@id":"https:\/\/www.locansol.fr\/#\/schema\/person\/image\/","url":"https:\/\/secure.gravatar.com\/avatar\/444436b93284204f8116b6e0eb964cd3fcb811519c737232bde6dd5743c37ee5?s=96&d=mm&r=g","contentUrl":"https:\/\/secure.gravatar.com\/avatar\/444436b93284204f8116b6e0eb964cd3fcb811519c737232bde6dd5743c37ee5?s=96&d=mm&r=g","caption":"H\u00e9bergements Locansol"},"sameAs":["https:\/\/www.locansol.fr\/"],"url":"https:\/\/www.locansol.fr\/es\/author\/locansol\/"}]}},"_links":{"self":[{"href":"https:\/\/www.locansol.fr\/es\/wp-json\/wp\/v2\/posts\/6341","targetHints":{"allow":["GET"]}}],"collection":[{"href":"https:\/\/www.locansol.fr\/es\/wp-json\/wp\/v2\/posts"}],"about":[{"href":"https:\/\/www.locansol.fr\/es\/wp-json\/wp\/v2\/types\/post"}],"author":[{"embeddable":true,"href":"https:\/\/www.locansol.fr\/es\/wp-json\/wp\/v2\/users\/5"}],"replies":[{"embeddable":true,"href":"https:\/\/www.locansol.fr\/es\/wp-json\/wp\/v2\/comments?post=6341"}],"version-history":[{"count":1,"href":"https:\/\/www.locansol.fr\/es\/wp-json\/wp\/v2\/posts\/6341\/revisions"}],"predecessor-version":[{"id":6342,"href":"https:\/\/www.locansol.fr\/es\/wp-json\/wp\/v2\/posts\/6341\/revisions\/6342"}],"wp:featuredmedia":[{"embeddable":true,"href":"https:\/\/www.locansol.fr\/es\/wp-json\/wp\/v2\/media\/6340"}],"wp:attachment":[{"href":"https:\/\/www.locansol.fr\/es\/wp-json\/wp\/v2\/media?parent=6341"}],"wp:term":[{"taxonomy":"category","embeddable":true,"href":"https:\/\/www.locansol.fr\/es\/wp-json\/wp\/v2\/categories?post=6341"},{"taxonomy":"post_tag","embeddable":true,"href":"https:\/\/www.locansol.fr\/es\/wp-json\/wp\/v2\/tags?post=6341"}],"curies":[{"name":"wp","href":"https:\/\/api.w.org\/{rel}","templated":true}]}}