{"id":6370,"date":"2026-04-22T06:15:15","date_gmt":"2026-04-22T04:15:15","guid":{"rendered":"https:\/\/www.locansol.fr\/volets-orgue-perpignan-exposition-2\/"},"modified":"2026-04-22T06:15:19","modified_gmt":"2026-04-22T04:15:19","slug":"volets-orgue-perpignan-exposition-2","status":"publish","type":"post","link":"https:\/\/www.locansol.fr\/es\/volets-orgue-perpignan-exposition-2\/","title":{"rendered":"Perpignan 2026 : D\u00e9couvrez les Volets du Grand Orgue restaur\u00e9s au Mus\u00e9e Hyacinthe Rigaud"},"content":{"rendered":"<p>\u00c0 vos agendas ! Du 24 mars au 31 mai 2026, le mus\u00e9e Hyacinthe Rigaud \u00e0 Perpignan accueille l&rsquo;exposition \u00ab La Red\u00e9couverte d&rsquo;un Chef-d&rsquo;\u0152uvre Monumental : Les Volets du Grand Orgue de la Cath\u00e9drale de Perpignan \u00bb. Cet \u00e9v\u00e9nement exceptionnel mettra \u00e0 l&rsquo;honneur des tr\u00e9sors artistiques m\u00e9connus du patrimoine europ\u00e9en : les volets du grand orgue de la majestueuse cath\u00e9drale Saint-Jean-Baptiste.<\/p>\n<p>Cr\u00e9\u00e9s en 1504 et peints \u00e0 la d\u00e9trempe sur toile, ces volets sont impressionnants de par leurs dimensions hors normes : 12,6 m\u00e8tres de haut sur 4,3 m\u00e8tres de large, soit plus de 83 m\u00b2 chacun. Initialement int\u00e9gr\u00e9s au buffet de l&rsquo;orgue de la cath\u00e9drale, ils jouaient un r\u00f4le double, \u00e0 la fois d\u00e9coratif et sacr\u00e9. En se d\u00e9ployant au fil du calendrier liturgique, ces volets rythmaient les c\u00e9l\u00e9brations avec une harmonie unique entre art, musique et architecture.<\/p>\n<p>Malheureusement, au XIXe si\u00e8cle, ces chefs-d&rsquo;\u0153uvre furent d\u00e9mont\u00e9s et fix\u00e9s aux murs de la cath\u00e9drale, tombant peu \u00e0 peu dans l&rsquo;oubli. C&rsquo;est gr\u00e2ce \u00e0 une importante campagne de restauration, d\u00e9but\u00e9e en 2022 et men\u00e9e avec une rigueur \u00e0 la fois technique et scientifique, que ces pi\u00e8ces d&rsquo;exception retrouvent aujourd&rsquo;hui leur \u00e9clat d&rsquo;origine. Ce projet d&rsquo;envergure a permis non seulement de r\u00e9v\u00e9ler leurs couleurs \u00e9clatantes et leurs d\u00e9tails fascinants, mais aussi de mieux comprendre leur histoire et leur processus de cr\u00e9ation. En tout, il aura fallu pr\u00e8s de quatre ann\u00e9es de minutie pour r\u00e9ussir cette r\u00e9surrection du patrimoine, un travail orchestr\u00e9 par l&rsquo;\u00e9quipe sous la direction de Pascale Picard, conservatrice du mus\u00e9e.<\/p>\n<p>\u00c0 travers cette exposition, les visiteurs auront une opportunit\u00e9 rare de contempler de pr\u00e8s ces volets grandioses. Outre leur beaut\u00e9 artistique saisissante, ils racontent une histoire captivante, celle d&rsquo;une rencontre entre l&rsquo;art et la spiritualit\u00e9. Les amateurs d&rsquo;art, d&rsquo;histoire et de patrimoine pourront \u00e0 la fois admirer le g\u00e9nie des artistes du XVIe si\u00e8cle, mais aussi mieux saisir l&rsquo;importance des actions de conservation et de valorisation d&rsquo;\u0153uvres historiques.<\/p>\n<p>L&rsquo;\u00e9clairage propos\u00e9 par l&rsquo;exposition, m\u00ealant immersion visuelle, historique et scientifique, en fait une exp\u00e9rience unique en son genre. Que vous soyez un passionn\u00e9 ou simplement curieux de d\u00e9couvrir les tr\u00e9sors de Perpignan, cette immersion dans le pass\u00e9 et le savoir-faire artistique est immanquable. Le tarif d&rsquo;entr\u00e9e fix\u00e9 \u00e0 8 \u20ac en fait une sortie enrichissante et accessible.<\/p>\n<p>Ne manquez pas cette chance de plonger dans l&rsquo;histoire fascinante de Perpignan et de c\u00f4toyer un v\u00e9ritable joyau artistique ressuscit\u00e9 pour notre plus grand plaisir. Rendez-vous d\u00e8s le printemps 2026 au mus\u00e9e Hyacinthe Rigaud pour d\u00e9couvrir ces \u0153uvres incomparables dans toute leur splendeur.<\/p>\n<h3>Informaci\u00f3n pr\u00e1ctica<\/h3>\n<p>\ud83d\udcc5 QUAND ? Du 24 mars au 31 mai 2026<br \/>\ud83d\udccd O\u00d9 ? Mus\u00e9e Hyacinthe Rigaud, Perpignan<br \/>\ud83d\udcb6 COMBIEN ? 8 \u20ac<\/p>","protected":false},"excerpt":{"rendered":"<p>Une exposition in\u00e9dite \u00e0 Perpignan d\u00e9voile les volets restaur\u00e9s du grand orgue de la cath\u00e9drale Saint-Jean-Baptiste. Ne manquez pas cet \u00e9v\u00e9nement majeur du printemps 2026 !<\/p>","protected":false},"author":5,"featured_media":6369,"comment_status":"closed","ping_status":"open","sticky":false,"template":"","format":"standard","meta":{"_yoast_wpseo_focuskw":"Volets orgue Perpignan exposition","_yoast_wpseo_title":"Volets du Grand Orgue Perpignan - Exposition 2026","_yoast_wpseo_metadesc":"D\u00e9couvrez les Volets du Grand Orgue Perpignan, une exposition exceptionnelle au mus\u00e9e Hyacinthe Rigaud. Plongez dans l'histoire et l'art des Pyr\u00e9n\u00e9es-Orientales.","_yoast_wpseo_canonical":"","_yoast_wpseo_opengraph-title":"Plongez dans l'histoire : Les Volets du Grand Orgue \u00e0 Perpignan","_yoast_wpseo_opengraph-description":"Imaginez des volets de 12 m\u00e8tres de haut, restaur\u00e9s \u00e0 leur gloire d'origine. D\u00e9couvrez ces chefs-d'\u0153uvre \u00e0 Perpignan.","_yoast_wpseo_opengraph-image":"https:\/\/www.locansol.fr\/wp-content\/uploads\/2026\/04\/volets-orgue-perpignan-exposition-1.webp","_yoast_wpseo_opengraph-image-id":"","_yoast_wpseo_twitter-title":"D\u00e9couvrez les Volets du Grand Orgue \u00e0 Perpignan en 2026","_yoast_wpseo_twitter-description":"Ne manquez pas l'exposition des Volets du Grand Orgue \u00e0 Perpignan. Une plong\u00e9e unique dans l'art et l'histoire.","_yoast_wpseo_twitter-image":"https:\/\/www.locansol.fr\/wp-content\/uploads\/2026\/04\/volets-orgue-perpignan-exposition-1.webp","_yoast_wpseo_twitter-image-id":"","yoast_primary_category":"Exposition","footnotes":""},"categories":[35],"tags":[66,76],"class_list":["post-6370","post","type-post","status-publish","format-standard","has-post-thumbnail","hentry","category-carnaval","tag-evenement-culturel","tag-pyrenees-orientales"],"yoast_head":"<!-- This site is optimized with the Yoast SEO Premium plugin v23.3 (Yoast SEO v26.9) - https:\/\/yoast.com\/product\/yoast-seo-premium-wordpress\/ -->\n<title>Volets du Grand Orgue Perpignan - Exposition 2026<\/title>\n<meta name=\"description\" content=\"D\u00e9couvrez les Volets du Grand Orgue Perpignan, une exposition exceptionnelle au mus\u00e9e Hyacinthe Rigaud. Plongez dans l&#039;histoire et l&#039;art des Pyr\u00e9n\u00e9es-Orientales.\" \/>\n<meta name=\"robots\" content=\"index, follow, max-snippet:-1, max-image-preview:large, max-video-preview:-1\" \/>\n<link rel=\"canonical\" href=\"https:\/\/www.locansol.fr\/es\/volets-orgue-perpignan-exposition-2\/\" \/>\n<meta property=\"og:locale\" content=\"es_ES\" \/>\n<meta property=\"og:type\" content=\"article\" \/>\n<meta property=\"og:title\" content=\"Plongez dans l&#039;histoire : Les Volets du Grand Orgue \u00e0 Perpignan\" \/>\n<meta property=\"og:description\" content=\"Imaginez des volets de 12 m\u00e8tres de haut, restaur\u00e9s \u00e0 leur gloire d&#039;origine. D\u00e9couvrez ces chefs-d&#039;\u0153uvre \u00e0 Perpignan.\" \/>\n<meta property=\"og:url\" content=\"https:\/\/www.locansol.fr\/es\/volets-orgue-perpignan-exposition-2\/\" \/>\n<meta property=\"og:site_name\" content=\"Locansol, louer un h\u00e9bergement dans les Pyr\u00e9n\u00e9es Orientales\" \/>\n<meta property=\"article:published_time\" content=\"2026-04-22T04:15:15+00:00\" \/>\n<meta property=\"article:modified_time\" content=\"2026-04-22T04:15:19+00:00\" \/>\n<meta property=\"og:image\" content=\"https:\/\/www.locansol.fr\/wp-content\/uploads\/2026\/04\/volets-orgue-perpignan-exposition-1.webp\" \/>\n<meta name=\"author\" content=\"H\u00e9bergements Locansol\" \/>\n<meta name=\"twitter:card\" content=\"summary_large_image\" \/>\n<meta name=\"twitter:title\" content=\"D\u00e9couvrez les Volets du Grand Orgue \u00e0 Perpignan en 2026\" \/>\n<meta name=\"twitter:description\" content=\"Ne manquez pas l&#039;exposition des Volets du Grand Orgue \u00e0 Perpignan. Une plong\u00e9e unique dans l&#039;art et l&#039;histoire.\" \/>\n<meta name=\"twitter:image\" content=\"https:\/\/www.locansol.fr\/wp-content\/uploads\/2026\/04\/volets-orgue-perpignan-exposition-1.webp\" \/>\n<meta name=\"twitter:label1\" content=\"Escrito por\" \/>\n\t<meta name=\"twitter:data1\" content=\"H\u00e9bergements Locansol\" \/>\n\t<meta name=\"twitter:label2\" content=\"Tiempo de lectura\" \/>\n\t<meta name=\"twitter:data2\" content=\"2 minutos\" \/>\n<script type=\"application\/ld+json\" class=\"yoast-schema-graph\">{\"@context\":\"https:\/\/schema.org\",\"@graph\":[{\"@type\":\"Article\",\"@id\":\"https:\/\/www.locansol.fr\/volets-orgue-perpignan-exposition-2\/#article\",\"isPartOf\":{\"@id\":\"https:\/\/www.locansol.fr\/volets-orgue-perpignan-exposition-2\/\"},\"author\":{\"name\":\"H\u00e9bergements Locansol\",\"@id\":\"https:\/\/www.locansol.fr\/#\/schema\/person\/0b08d440f1ac44674c6d498107de351d\"},\"headline\":\"Perpignan 2026 : D\u00e9couvrez les Volets du Grand Orgue restaur\u00e9s au Mus\u00e9e Hyacinthe Rigaud\",\"datePublished\":\"2026-04-22T04:15:15+00:00\",\"dateModified\":\"2026-04-22T04:15:19+00:00\",\"mainEntityOfPage\":{\"@id\":\"https:\/\/www.locansol.fr\/volets-orgue-perpignan-exposition-2\/\"},\"wordCount\":494,\"publisher\":{\"@id\":\"https:\/\/www.locansol.fr\/#organization\"},\"image\":{\"@id\":\"https:\/\/www.locansol.fr\/volets-orgue-perpignan-exposition-2\/#primaryimage\"},\"thumbnailUrl\":\"https:\/\/www.locansol.fr\/wp-content\/uploads\/2026\/04\/volets-orgue-perpignan-exposition-1.webp\",\"keywords\":[\"\u00c9v\u00e8nement culturel\",\"Pyr\u00e9n\u00e9es-Orientales\"],\"articleSection\":[\"Carnaval\"],\"inLanguage\":\"es\"},{\"@type\":\"WebPage\",\"@id\":\"https:\/\/www.locansol.fr\/volets-orgue-perpignan-exposition-2\/\",\"url\":\"https:\/\/www.locansol.fr\/volets-orgue-perpignan-exposition-2\/\",\"name\":\"Volets du Grand Orgue Perpignan - Exposition 2026\",\"isPartOf\":{\"@id\":\"https:\/\/www.locansol.fr\/#website\"},\"primaryImageOfPage\":{\"@id\":\"https:\/\/www.locansol.fr\/volets-orgue-perpignan-exposition-2\/#primaryimage\"},\"image\":{\"@id\":\"https:\/\/www.locansol.fr\/volets-orgue-perpignan-exposition-2\/#primaryimage\"},\"thumbnailUrl\":\"https:\/\/www.locansol.fr\/wp-content\/uploads\/2026\/04\/volets-orgue-perpignan-exposition-1.webp\",\"datePublished\":\"2026-04-22T04:15:15+00:00\",\"dateModified\":\"2026-04-22T04:15:19+00:00\",\"description\":\"D\u00e9couvrez les Volets du Grand Orgue Perpignan, une exposition exceptionnelle au mus\u00e9e Hyacinthe Rigaud. Plongez dans l'histoire et l'art des Pyr\u00e9n\u00e9es-Orientales.\",\"breadcrumb\":{\"@id\":\"https:\/\/www.locansol.fr\/volets-orgue-perpignan-exposition-2\/#breadcrumb\"},\"inLanguage\":\"es\",\"potentialAction\":[{\"@type\":\"ReadAction\",\"target\":[\"https:\/\/www.locansol.fr\/volets-orgue-perpignan-exposition-2\/\"]}]},{\"@type\":\"ImageObject\",\"inLanguage\":\"es\",\"@id\":\"https:\/\/www.locansol.fr\/volets-orgue-perpignan-exposition-2\/#primaryimage\",\"url\":\"https:\/\/www.locansol.fr\/wp-content\/uploads\/2026\/04\/volets-orgue-perpignan-exposition-1.webp\",\"contentUrl\":\"https:\/\/www.locansol.fr\/wp-content\/uploads\/2026\/04\/volets-orgue-perpignan-exposition-1.webp\",\"width\":1024,\"height\":605,\"caption\":\"Volets du Grand Orgue Perpignan - Exposition 2026\"},{\"@type\":\"BreadcrumbList\",\"@id\":\"https:\/\/www.locansol.fr\/volets-orgue-perpignan-exposition-2\/#breadcrumb\",\"itemListElement\":[{\"@type\":\"ListItem\",\"position\":1,\"name\":\"Accueil\",\"item\":\"https:\/\/www.locansol.fr\/\"},{\"@type\":\"ListItem\",\"position\":2,\"name\":\"Perpignan 2026 : D\u00e9couvrez les Volets du Grand Orgue restaur\u00e9s au Mus\u00e9e Hyacinthe Rigaud\"}]},{\"@type\":\"WebSite\",\"@id\":\"https:\/\/www.locansol.fr\/#website\",\"url\":\"https:\/\/www.locansol.fr\/\",\"name\":\"Locansol, louer un h\u00e9bergement dans les Pyr\u00e9n\u00e9es-Orientales\",\"description\":\"Location Mobil-home Mer M\u00e9diterran\u00e9e &amp; Chalet de Montagne dans les Pyr\u00e9n\u00e9es Orientales (Occitanie, 66). Weekend, s\u00e9jour &amp; vacances en famille et entre amis.\",\"publisher\":{\"@id\":\"https:\/\/www.locansol.fr\/#organization\"},\"alternateName\":\"Louer un h\u00e9bergement dans les Pyr\u00e9n\u00e9es Orientales, chalet & mobil-home en Occitanie\",\"potentialAction\":[{\"@type\":\"SearchAction\",\"target\":{\"@type\":\"EntryPoint\",\"urlTemplate\":\"https:\/\/www.locansol.fr\/?s={search_term_string}\"},\"query-input\":{\"@type\":\"PropertyValueSpecification\",\"valueRequired\":true,\"valueName\":\"search_term_string\"}}],\"inLanguage\":\"es\"},{\"@type\":\"Organization\",\"@id\":\"https:\/\/www.locansol.fr\/#organization\",\"name\":\"Location MobilHome & chalet dans les Pyr\u00e9n\u00e9es Orientales\",\"alternateName\":\"Louer un h\u00e9bergement dans les Pyr\u00e9n\u00e9es Orientales en Occitanie\",\"url\":\"https:\/\/www.locansol.fr\/\",\"logo\":{\"@type\":\"ImageObject\",\"inLanguage\":\"es\",\"@id\":\"https:\/\/www.locansol.fr\/#\/schema\/logo\/image\/\",\"url\":\"https:\/\/www.locansol.fr\/wp-content\/uploads\/2024\/04\/AdobeStock_303324767-scaled.jpeg\",\"contentUrl\":\"https:\/\/www.locansol.fr\/wp-content\/uploads\/2024\/04\/AdobeStock_303324767-scaled.jpeg\",\"width\":2560,\"height\":1707,\"caption\":\"Location MobilHome & chalet dans les Pyr\u00e9n\u00e9es Orientales\"},\"image\":{\"@id\":\"https:\/\/www.locansol.fr\/#\/schema\/logo\/image\/\"}},{\"@type\":\"Person\",\"@id\":\"https:\/\/www.locansol.fr\/#\/schema\/person\/0b08d440f1ac44674c6d498107de351d\",\"name\":\"H\u00e9bergements Locansol\",\"image\":{\"@type\":\"ImageObject\",\"inLanguage\":\"es\",\"@id\":\"https:\/\/www.locansol.fr\/#\/schema\/person\/image\/\",\"url\":\"https:\/\/secure.gravatar.com\/avatar\/444436b93284204f8116b6e0eb964cd3fcb811519c737232bde6dd5743c37ee5?s=96&d=mm&r=g\",\"contentUrl\":\"https:\/\/secure.gravatar.com\/avatar\/444436b93284204f8116b6e0eb964cd3fcb811519c737232bde6dd5743c37ee5?s=96&d=mm&r=g\",\"caption\":\"H\u00e9bergements Locansol\"},\"sameAs\":[\"https:\/\/www.locansol.fr\/\"],\"url\":\"https:\/\/www.locansol.fr\/es\/author\/locansol\/\"}]}<\/script>\n<!-- \/ Yoast SEO Premium plugin. -->","yoast_head_json":{"title":"Volets du Grand Orgue Perpignan - Exposition 2026","description":"D\u00e9couvrez les Volets du Grand Orgue Perpignan, une exposition exceptionnelle au mus\u00e9e Hyacinthe Rigaud. Plongez dans l'histoire et l'art des Pyr\u00e9n\u00e9es-Orientales.","robots":{"index":"index","follow":"follow","max-snippet":"max-snippet:-1","max-image-preview":"max-image-preview:large","max-video-preview":"max-video-preview:-1"},"canonical":"https:\/\/www.locansol.fr\/es\/volets-orgue-perpignan-exposition-2\/","og_locale":"es_ES","og_type":"article","og_title":"Plongez dans l'histoire : Les Volets du Grand Orgue \u00e0 Perpignan","og_description":"Imaginez des volets de 12 m\u00e8tres de haut, restaur\u00e9s \u00e0 leur gloire d'origine. D\u00e9couvrez ces chefs-d'\u0153uvre \u00e0 Perpignan.","og_url":"https:\/\/www.locansol.fr\/es\/volets-orgue-perpignan-exposition-2\/","og_site_name":"Locansol, louer un h\u00e9bergement dans les Pyr\u00e9n\u00e9es Orientales","article_published_time":"2026-04-22T04:15:15+00:00","article_modified_time":"2026-04-22T04:15:19+00:00","og_image":[{"url":"https:\/\/www.locansol.fr\/wp-content\/uploads\/2026\/04\/volets-orgue-perpignan-exposition-1.webp","type":"","width":"","height":""}],"author":"H\u00e9bergements Locansol","twitter_card":"summary_large_image","twitter_title":"D\u00e9couvrez les Volets du Grand Orgue \u00e0 Perpignan en 2026","twitter_description":"Ne manquez pas l'exposition des Volets du Grand Orgue \u00e0 Perpignan. Une plong\u00e9e unique dans l'art et l'histoire.","twitter_image":"https:\/\/www.locansol.fr\/wp-content\/uploads\/2026\/04\/volets-orgue-perpignan-exposition-1.webp","twitter_misc":{"Escrito por":"H\u00e9bergements Locansol","Tiempo de lectura":"2 minutos"},"schema":{"@context":"https:\/\/schema.org","@graph":[{"@type":"Article","@id":"https:\/\/www.locansol.fr\/volets-orgue-perpignan-exposition-2\/#article","isPartOf":{"@id":"https:\/\/www.locansol.fr\/volets-orgue-perpignan-exposition-2\/"},"author":{"name":"H\u00e9bergements Locansol","@id":"https:\/\/www.locansol.fr\/#\/schema\/person\/0b08d440f1ac44674c6d498107de351d"},"headline":"Perpignan 2026 : D\u00e9couvrez les Volets du Grand Orgue restaur\u00e9s au Mus\u00e9e Hyacinthe Rigaud","datePublished":"2026-04-22T04:15:15+00:00","dateModified":"2026-04-22T04:15:19+00:00","mainEntityOfPage":{"@id":"https:\/\/www.locansol.fr\/volets-orgue-perpignan-exposition-2\/"},"wordCount":494,"publisher":{"@id":"https:\/\/www.locansol.fr\/#organization"},"image":{"@id":"https:\/\/www.locansol.fr\/volets-orgue-perpignan-exposition-2\/#primaryimage"},"thumbnailUrl":"https:\/\/www.locansol.fr\/wp-content\/uploads\/2026\/04\/volets-orgue-perpignan-exposition-1.webp","keywords":["\u00c9v\u00e8nement culturel","Pyr\u00e9n\u00e9es-Orientales"],"articleSection":["Carnaval"],"inLanguage":"es"},{"@type":"WebPage","@id":"https:\/\/www.locansol.fr\/volets-orgue-perpignan-exposition-2\/","url":"https:\/\/www.locansol.fr\/volets-orgue-perpignan-exposition-2\/","name":"Volets du Grand Orgue Perpignan - Exposition 2026","isPartOf":{"@id":"https:\/\/www.locansol.fr\/#website"},"primaryImageOfPage":{"@id":"https:\/\/www.locansol.fr\/volets-orgue-perpignan-exposition-2\/#primaryimage"},"image":{"@id":"https:\/\/www.locansol.fr\/volets-orgue-perpignan-exposition-2\/#primaryimage"},"thumbnailUrl":"https:\/\/www.locansol.fr\/wp-content\/uploads\/2026\/04\/volets-orgue-perpignan-exposition-1.webp","datePublished":"2026-04-22T04:15:15+00:00","dateModified":"2026-04-22T04:15:19+00:00","description":"D\u00e9couvrez les Volets du Grand Orgue Perpignan, une exposition exceptionnelle au mus\u00e9e Hyacinthe Rigaud. Plongez dans l'histoire et l'art des Pyr\u00e9n\u00e9es-Orientales.","breadcrumb":{"@id":"https:\/\/www.locansol.fr\/volets-orgue-perpignan-exposition-2\/#breadcrumb"},"inLanguage":"es","potentialAction":[{"@type":"ReadAction","target":["https:\/\/www.locansol.fr\/volets-orgue-perpignan-exposition-2\/"]}]},{"@type":"ImageObject","inLanguage":"es","@id":"https:\/\/www.locansol.fr\/volets-orgue-perpignan-exposition-2\/#primaryimage","url":"https:\/\/www.locansol.fr\/wp-content\/uploads\/2026\/04\/volets-orgue-perpignan-exposition-1.webp","contentUrl":"https:\/\/www.locansol.fr\/wp-content\/uploads\/2026\/04\/volets-orgue-perpignan-exposition-1.webp","width":1024,"height":605,"caption":"Volets du Grand Orgue Perpignan - Exposition 2026"},{"@type":"BreadcrumbList","@id":"https:\/\/www.locansol.fr\/volets-orgue-perpignan-exposition-2\/#breadcrumb","itemListElement":[{"@type":"ListItem","position":1,"name":"Accueil","item":"https:\/\/www.locansol.fr\/"},{"@type":"ListItem","position":2,"name":"Perpignan 2026 : D\u00e9couvrez les Volets du Grand Orgue restaur\u00e9s au Mus\u00e9e Hyacinthe Rigaud"}]},{"@type":"WebSite","@id":"https:\/\/www.locansol.fr\/#website","url":"https:\/\/www.locansol.fr\/","name":"Locansol, louer un h\u00e9bergement dans les Pyr\u00e9n\u00e9es-Orientales","description":"Location Mobil-home Mer M\u00e9diterran\u00e9e &amp; Chalet de Montagne dans les Pyr\u00e9n\u00e9es Orientales (Occitanie, 66). Weekend, s\u00e9jour &amp; vacances en famille et entre amis.","publisher":{"@id":"https:\/\/www.locansol.fr\/#organization"},"alternateName":"Louer un h\u00e9bergement dans les Pyr\u00e9n\u00e9es Orientales, chalet & mobil-home en Occitanie","potentialAction":[{"@type":"SearchAction","target":{"@type":"EntryPoint","urlTemplate":"https:\/\/www.locansol.fr\/?s={search_term_string}"},"query-input":{"@type":"PropertyValueSpecification","valueRequired":true,"valueName":"search_term_string"}}],"inLanguage":"es"},{"@type":"Organization","@id":"https:\/\/www.locansol.fr\/#organization","name":"Location MobilHome & chalet dans les Pyr\u00e9n\u00e9es Orientales","alternateName":"Louer un h\u00e9bergement dans les Pyr\u00e9n\u00e9es Orientales en Occitanie","url":"https:\/\/www.locansol.fr\/","logo":{"@type":"ImageObject","inLanguage":"es","@id":"https:\/\/www.locansol.fr\/#\/schema\/logo\/image\/","url":"https:\/\/www.locansol.fr\/wp-content\/uploads\/2024\/04\/AdobeStock_303324767-scaled.jpeg","contentUrl":"https:\/\/www.locansol.fr\/wp-content\/uploads\/2024\/04\/AdobeStock_303324767-scaled.jpeg","width":2560,"height":1707,"caption":"Location MobilHome & chalet dans les Pyr\u00e9n\u00e9es Orientales"},"image":{"@id":"https:\/\/www.locansol.fr\/#\/schema\/logo\/image\/"}},{"@type":"Person","@id":"https:\/\/www.locansol.fr\/#\/schema\/person\/0b08d440f1ac44674c6d498107de351d","name":"H\u00e9bergements Locansol","image":{"@type":"ImageObject","inLanguage":"es","@id":"https:\/\/www.locansol.fr\/#\/schema\/person\/image\/","url":"https:\/\/secure.gravatar.com\/avatar\/444436b93284204f8116b6e0eb964cd3fcb811519c737232bde6dd5743c37ee5?s=96&d=mm&r=g","contentUrl":"https:\/\/secure.gravatar.com\/avatar\/444436b93284204f8116b6e0eb964cd3fcb811519c737232bde6dd5743c37ee5?s=96&d=mm&r=g","caption":"H\u00e9bergements Locansol"},"sameAs":["https:\/\/www.locansol.fr\/"],"url":"https:\/\/www.locansol.fr\/es\/author\/locansol\/"}]}},"_links":{"self":[{"href":"https:\/\/www.locansol.fr\/es\/wp-json\/wp\/v2\/posts\/6370","targetHints":{"allow":["GET"]}}],"collection":[{"href":"https:\/\/www.locansol.fr\/es\/wp-json\/wp\/v2\/posts"}],"about":[{"href":"https:\/\/www.locansol.fr\/es\/wp-json\/wp\/v2\/types\/post"}],"author":[{"embeddable":true,"href":"https:\/\/www.locansol.fr\/es\/wp-json\/wp\/v2\/users\/5"}],"replies":[{"embeddable":true,"href":"https:\/\/www.locansol.fr\/es\/wp-json\/wp\/v2\/comments?post=6370"}],"version-history":[{"count":1,"href":"https:\/\/www.locansol.fr\/es\/wp-json\/wp\/v2\/posts\/6370\/revisions"}],"predecessor-version":[{"id":6371,"href":"https:\/\/www.locansol.fr\/es\/wp-json\/wp\/v2\/posts\/6370\/revisions\/6371"}],"wp:featuredmedia":[{"embeddable":true,"href":"https:\/\/www.locansol.fr\/es\/wp-json\/wp\/v2\/media\/6369"}],"wp:attachment":[{"href":"https:\/\/www.locansol.fr\/es\/wp-json\/wp\/v2\/media?parent=6370"}],"wp:term":[{"taxonomy":"category","embeddable":true,"href":"https:\/\/www.locansol.fr\/es\/wp-json\/wp\/v2\/categories?post=6370"},{"taxonomy":"post_tag","embeddable":true,"href":"https:\/\/www.locansol.fr\/es\/wp-json\/wp\/v2\/tags?post=6370"}],"curies":[{"name":"wp","href":"https:\/\/api.w.org\/{rel}","templated":true}]}}