{"id":6494,"date":"2026-04-25T08:04:29","date_gmt":"2026-04-25T06:04:29","guid":{"rendered":"https:\/\/www.locansol.fr\/sant-jordi-perpignan-fete\/"},"modified":"2026-04-25T08:04:33","modified_gmt":"2026-04-25T06:04:33","slug":"sant-jordi-perpignan-fete","status":"publish","type":"post","link":"https:\/\/www.locansol.fr\/es\/sant-jordi-perpignan-fete\/","title":{"rendered":"Sant Jordi \u00e0 Perpignan : Une c\u00e9l\u00e9bration culturelle et romantique le 25 avril"},"content":{"rendered":"<p>Le samedi 25 avril, les rues de Perpignan s&rsquo;illumineront aux couleurs de la f\u00eate de la Sant Jordi, une c\u00e9l\u00e9bration catalane embl\u00e9matique d\u00e9di\u00e9e \u00e0 l&rsquo;amour et \u00e0 la culture. \u00c9galement appel\u00e9e la f\u00eate du Livre et de la Rose, cette journ\u00e9e annuelle s\u2019inspire de la l\u00e9gende m\u00e9di\u00e9vale de Saint-Georges, protecteur de la Catalogne, qui aurait terrass\u00e9 un dragon pour sauver une princesse. De ce combat, dit-on, une rose serait n\u00e9e du sang de la b\u00eate, devenue depuis le symbole de cette f\u00eate.<\/p>\n<p>La Sant Jordi, ancr\u00e9e dans l\u2019identit\u00e9 catalane et parfois surnomm\u00e9e \u00ab la Saint-Valentin catalane \u00bb, invite petits et grands \u00e0 partager des moments de convivialit\u00e9 dans un cadre enchanteur. \u00c0 Perpignan, l\u2019\u00e9v\u00e9nement investit le c\u0153ur de la ville, transformant ses rues et ses places en v\u00e9ritables march\u00e9s \u00e0 ciel ouvert. Les visiteurs auront l\u2019occasion de fl\u00e2ner parmi les \u00e9tals d\u00e9bordants de livres et de roses, tout en d\u00e9couvrant une s\u00e9lection vari\u00e9e d\u2019\u0153uvres litt\u00e9raires allant des grands classiques aux nouveaut\u00e9s des \u00e9crivains catalans.<\/p>\n<p>Mais la Sant Jordi, c\u2019est aussi une exp\u00e9rience culturelle unique. Cette tradition singuli\u00e8re, qui m\u00eale l\u2019\u00e9change de roses et de livres entre proches, ne se limite plus aujourd\u2019hui aux hommes offrant des fleurs aux femmes ou aux femmes donnant un livre. Ce symbole d\u2019amour et de partage est d\u00e9sormais ouvert \u00e0 tous, lib\u00e9r\u00e9 des conventions. Vous pourrez vous impr\u00e9gner d\u2019une atmosph\u00e8re festive, avec des animations musicales, des rencontres litt\u00e9raires et des activit\u00e9s pour toute la famille.<\/p>\n<p>Cette journ\u00e9e est \u00e9galement l\u2019occasion de promouvoir la litt\u00e9rature et la culture catalane, en d\u00e9couvrant des auteurs locaux et en soutenant les librairies ind\u00e9pendantes, tout cela au son de chansons traditionnelles et au milieu des couleurs \u00e9clatantes des \u00e9tals de fleurs. Entre amis ou en famille, c\u2019est le moment parfait pour remplir votre biblioth\u00e8que et faire le plein de bonnes \u00e9nergies.<\/p>\n<p>Que vous soyez d\u00e9j\u00e0 passionn\u00e9 par l\u2019univers litt\u00e9raire ou simplement curieux de vous plonger dans cette tradition spectaculaire, la Sant Jordi \u00e0 Perpignan vous r\u00e9serve une exp\u00e9rience riche, multiculturelle et chaleureuse. En tant que ville au c\u0153ur de la culture catalane, Perpignan est le lieu r\u00eav\u00e9 pour vivre cette f\u00eate qui r\u00e9unit depuis des si\u00e8cles les amoureux, les amis et les familles.<\/p>\n<p>Ne laissez pas passer cette chance unique d\u2019associer d\u00e9couverte, partage et \u00e9merveillement dans le magnifique centre-ville de Perpignan. L\u2019\u00e9v\u00e9nement est ouvert \u00e0 tous et enti\u00e8rement gratuit, alors pourquoi ne pas profiter de ce rendez-vous culturel pour explorer une facette captivante du patrimoine catalan et offrir un moment d\u2019exception \u00e0 vos proches ? Une rose, un livre, et beaucoup de bonheur vous attendent \u00e0 la Sant Jordi !<\/p>\n<h3>Informaci\u00f3n pr\u00e1ctica<\/h3>\n<p>\ud83d\udcc5 QUAND ? Samedi 25 avril<br \/>\ud83d\udccd O\u00d9 ? Centre-ville de Perpignan<br \/>\ud83d\udcb6 COMBIEN ? Entr\u00e9e gratuite<\/p>","protected":false},"excerpt":{"rendered":"<p>Venez c\u00e9l\u00e9brer l&rsquo;amour et la culture catalane \u00e0 la Sant Jordi \u00e0 Perpignan, le 25 avril ! Une journ\u00e9e festive avec des livres, des roses et la chaleur des traditions.<\/p>","protected":false},"author":5,"featured_media":6493,"comment_status":"closed","ping_status":"open","sticky":false,"template":"","format":"standard","meta":{"_yoast_wpseo_focuskw":"Sant Jordi Perpignan f\u00eate","_yoast_wpseo_title":"Sant Jordi \u00e0 Perpignan : f\u00eate du Livre et de la Rose","_yoast_wpseo_metadesc":"Sant Jordi \u00e0 Perpignan : d\u00e9couvrez la f\u00eate du Livre et de la Rose dans les Pyr\u00e9n\u00e9es-Orientales. March\u00e9s, animations et culture catalane pour tous.","_yoast_wpseo_canonical":"","_yoast_wpseo_opengraph-title":"Plongez dans la magie de Sant Jordi \u00e0 Perpignan \u2014 Livres, roses et tradition catalane","_yoast_wpseo_opengraph-description":"Imaginez des rues remplies de roses et de livres, des musiques entra\u00eenantes et une ambiance chaleureuse. Vivez la Sant Jordi \u00e0 Perpignan pour une journ\u00e9e inoubliable.","_yoast_wpseo_opengraph-image":"https:\/\/www.locansol.fr\/wp-content\/uploads\/2026\/04\/sant-jordi-perpignan-fete.webp","_yoast_wpseo_opengraph-image-id":"","_yoast_wpseo_twitter-title":"Sant Jordi \u00e0 Perpignan : une f\u00eate de livres, roses et amour","_yoast_wpseo_twitter-description":"D\u00e9couvrez la magie de Sant Jordi \u00e0 Perpignan : march\u00e9s de livres et roses, animations et culture catalane pour toute la famille.","_yoast_wpseo_twitter-image":"https:\/\/www.locansol.fr\/wp-content\/uploads\/2026\/04\/sant-jordi-perpignan-fete.webp","_yoast_wpseo_twitter-image-id":"","yoast_primary_category":"Rassemblement \/ r\u00e9union","footnotes":""},"categories":[57],"tags":[66,76],"class_list":["post-6494","post","type-post","status-publish","format-standard","has-post-thumbnail","hentry","category-rassemblement-reunion","tag-evenement-culturel","tag-pyrenees-orientales"],"yoast_head":"<!-- This site is optimized with the Yoast SEO Premium plugin v23.3 (Yoast SEO v26.9) - https:\/\/yoast.com\/product\/yoast-seo-premium-wordpress\/ -->\n<title>Sant Jordi \u00e0 Perpignan : f\u00eate du Livre et de la Rose<\/title>\n<meta name=\"description\" content=\"Sant Jordi \u00e0 Perpignan : d\u00e9couvrez la f\u00eate du Livre et de la Rose dans les Pyr\u00e9n\u00e9es-Orientales. March\u00e9s, animations et culture catalane pour tous.\" \/>\n<meta name=\"robots\" content=\"index, follow, max-snippet:-1, max-image-preview:large, max-video-preview:-1\" \/>\n<link rel=\"canonical\" href=\"https:\/\/www.locansol.fr\/es\/sant-jordi-perpignan-fete\/\" \/>\n<meta property=\"og:locale\" content=\"es_ES\" \/>\n<meta property=\"og:type\" content=\"article\" \/>\n<meta property=\"og:title\" content=\"Plongez dans la magie de Sant Jordi \u00e0 Perpignan \u2014 Livres, roses et tradition catalane\" \/>\n<meta property=\"og:description\" content=\"Imaginez des rues remplies de roses et de livres, des musiques entra\u00eenantes et une ambiance chaleureuse. Vivez la Sant Jordi \u00e0 Perpignan pour une journ\u00e9e inoubliable.\" \/>\n<meta property=\"og:url\" content=\"https:\/\/www.locansol.fr\/es\/sant-jordi-perpignan-fete\/\" \/>\n<meta property=\"og:site_name\" content=\"Locansol, louer un h\u00e9bergement dans les Pyr\u00e9n\u00e9es Orientales\" \/>\n<meta property=\"article:published_time\" content=\"2026-04-25T06:04:29+00:00\" \/>\n<meta property=\"article:modified_time\" content=\"2026-04-25T06:04:33+00:00\" \/>\n<meta property=\"og:image\" content=\"https:\/\/www.locansol.fr\/wp-content\/uploads\/2026\/04\/sant-jordi-perpignan-fete.webp\" \/>\n<meta name=\"author\" content=\"H\u00e9bergements Locansol\" \/>\n<meta name=\"twitter:card\" content=\"summary_large_image\" \/>\n<meta name=\"twitter:title\" content=\"Sant Jordi \u00e0 Perpignan : une f\u00eate de livres, roses et amour\" \/>\n<meta name=\"twitter:description\" content=\"D\u00e9couvrez la magie de Sant Jordi \u00e0 Perpignan : march\u00e9s de livres et roses, animations et culture catalane pour toute la famille.\" \/>\n<meta name=\"twitter:image\" content=\"https:\/\/www.locansol.fr\/wp-content\/uploads\/2026\/04\/sant-jordi-perpignan-fete.webp\" \/>\n<meta name=\"twitter:label1\" content=\"Escrito por\" \/>\n\t<meta name=\"twitter:data1\" content=\"H\u00e9bergements Locansol\" \/>\n\t<meta name=\"twitter:label2\" content=\"Tiempo de lectura\" \/>\n\t<meta name=\"twitter:data2\" content=\"2 minutos\" \/>\n<script type=\"application\/ld+json\" class=\"yoast-schema-graph\">{\"@context\":\"https:\/\/schema.org\",\"@graph\":[{\"@type\":\"Article\",\"@id\":\"https:\/\/www.locansol.fr\/sant-jordi-perpignan-fete\/#article\",\"isPartOf\":{\"@id\":\"https:\/\/www.locansol.fr\/sant-jordi-perpignan-fete\/\"},\"author\":{\"name\":\"H\u00e9bergements Locansol\",\"@id\":\"https:\/\/www.locansol.fr\/#\/schema\/person\/0b08d440f1ac44674c6d498107de351d\"},\"headline\":\"Sant Jordi \u00e0 Perpignan : Une c\u00e9l\u00e9bration culturelle et romantique le 25 avril\",\"datePublished\":\"2026-04-25T06:04:29+00:00\",\"dateModified\":\"2026-04-25T06:04:33+00:00\",\"mainEntityOfPage\":{\"@id\":\"https:\/\/www.locansol.fr\/sant-jordi-perpignan-fete\/\"},\"wordCount\":512,\"publisher\":{\"@id\":\"https:\/\/www.locansol.fr\/#organization\"},\"image\":{\"@id\":\"https:\/\/www.locansol.fr\/sant-jordi-perpignan-fete\/#primaryimage\"},\"thumbnailUrl\":\"https:\/\/www.locansol.fr\/wp-content\/uploads\/2026\/04\/sant-jordi-perpignan-fete.webp\",\"keywords\":[\"\u00c9v\u00e8nement culturel\",\"Pyr\u00e9n\u00e9es-Orientales\"],\"articleSection\":[\"Rassemblement \/ r\u00e9union\"],\"inLanguage\":\"es\"},{\"@type\":\"WebPage\",\"@id\":\"https:\/\/www.locansol.fr\/sant-jordi-perpignan-fete\/\",\"url\":\"https:\/\/www.locansol.fr\/sant-jordi-perpignan-fete\/\",\"name\":\"Sant Jordi \u00e0 Perpignan : f\u00eate du Livre et de la Rose\",\"isPartOf\":{\"@id\":\"https:\/\/www.locansol.fr\/#website\"},\"primaryImageOfPage\":{\"@id\":\"https:\/\/www.locansol.fr\/sant-jordi-perpignan-fete\/#primaryimage\"},\"image\":{\"@id\":\"https:\/\/www.locansol.fr\/sant-jordi-perpignan-fete\/#primaryimage\"},\"thumbnailUrl\":\"https:\/\/www.locansol.fr\/wp-content\/uploads\/2026\/04\/sant-jordi-perpignan-fete.webp\",\"datePublished\":\"2026-04-25T06:04:29+00:00\",\"dateModified\":\"2026-04-25T06:04:33+00:00\",\"description\":\"Sant Jordi \u00e0 Perpignan : d\u00e9couvrez la f\u00eate du Livre et de la Rose dans les Pyr\u00e9n\u00e9es-Orientales. March\u00e9s, animations et culture catalane pour tous.\",\"breadcrumb\":{\"@id\":\"https:\/\/www.locansol.fr\/sant-jordi-perpignan-fete\/#breadcrumb\"},\"inLanguage\":\"es\",\"potentialAction\":[{\"@type\":\"ReadAction\",\"target\":[\"https:\/\/www.locansol.fr\/sant-jordi-perpignan-fete\/\"]}]},{\"@type\":\"ImageObject\",\"inLanguage\":\"es\",\"@id\":\"https:\/\/www.locansol.fr\/sant-jordi-perpignan-fete\/#primaryimage\",\"url\":\"https:\/\/www.locansol.fr\/wp-content\/uploads\/2026\/04\/sant-jordi-perpignan-fete.webp\",\"contentUrl\":\"https:\/\/www.locansol.fr\/wp-content\/uploads\/2026\/04\/sant-jordi-perpignan-fete.webp\",\"width\":1024,\"height\":768,\"caption\":\"Sant Jordi \u00e0 Perpignan : f\u00eate du Livre et de la Rose\"},{\"@type\":\"BreadcrumbList\",\"@id\":\"https:\/\/www.locansol.fr\/sant-jordi-perpignan-fete\/#breadcrumb\",\"itemListElement\":[{\"@type\":\"ListItem\",\"position\":1,\"name\":\"Accueil\",\"item\":\"https:\/\/www.locansol.fr\/\"},{\"@type\":\"ListItem\",\"position\":2,\"name\":\"Sant Jordi \u00e0 Perpignan : Une c\u00e9l\u00e9bration culturelle et romantique le 25 avril\"}]},{\"@type\":\"WebSite\",\"@id\":\"https:\/\/www.locansol.fr\/#website\",\"url\":\"https:\/\/www.locansol.fr\/\",\"name\":\"Locansol, louer un h\u00e9bergement dans les Pyr\u00e9n\u00e9es-Orientales\",\"description\":\"Location Mobil-home Mer M\u00e9diterran\u00e9e &amp; Chalet de Montagne dans les Pyr\u00e9n\u00e9es Orientales (Occitanie, 66). Weekend, s\u00e9jour &amp; vacances en famille et entre amis.\",\"publisher\":{\"@id\":\"https:\/\/www.locansol.fr\/#organization\"},\"alternateName\":\"Louer un h\u00e9bergement dans les Pyr\u00e9n\u00e9es Orientales, chalet & mobil-home en Occitanie\",\"potentialAction\":[{\"@type\":\"SearchAction\",\"target\":{\"@type\":\"EntryPoint\",\"urlTemplate\":\"https:\/\/www.locansol.fr\/?s={search_term_string}\"},\"query-input\":{\"@type\":\"PropertyValueSpecification\",\"valueRequired\":true,\"valueName\":\"search_term_string\"}}],\"inLanguage\":\"es\"},{\"@type\":\"Organization\",\"@id\":\"https:\/\/www.locansol.fr\/#organization\",\"name\":\"Location MobilHome & chalet dans les Pyr\u00e9n\u00e9es Orientales\",\"alternateName\":\"Louer un h\u00e9bergement dans les Pyr\u00e9n\u00e9es Orientales en Occitanie\",\"url\":\"https:\/\/www.locansol.fr\/\",\"logo\":{\"@type\":\"ImageObject\",\"inLanguage\":\"es\",\"@id\":\"https:\/\/www.locansol.fr\/#\/schema\/logo\/image\/\",\"url\":\"https:\/\/www.locansol.fr\/wp-content\/uploads\/2024\/04\/AdobeStock_303324767-scaled.jpeg\",\"contentUrl\":\"https:\/\/www.locansol.fr\/wp-content\/uploads\/2024\/04\/AdobeStock_303324767-scaled.jpeg\",\"width\":2560,\"height\":1707,\"caption\":\"Location MobilHome & chalet dans les Pyr\u00e9n\u00e9es Orientales\"},\"image\":{\"@id\":\"https:\/\/www.locansol.fr\/#\/schema\/logo\/image\/\"}},{\"@type\":\"Person\",\"@id\":\"https:\/\/www.locansol.fr\/#\/schema\/person\/0b08d440f1ac44674c6d498107de351d\",\"name\":\"H\u00e9bergements Locansol\",\"image\":{\"@type\":\"ImageObject\",\"inLanguage\":\"es\",\"@id\":\"https:\/\/www.locansol.fr\/#\/schema\/person\/image\/\",\"url\":\"https:\/\/secure.gravatar.com\/avatar\/444436b93284204f8116b6e0eb964cd3fcb811519c737232bde6dd5743c37ee5?s=96&d=mm&r=g\",\"contentUrl\":\"https:\/\/secure.gravatar.com\/avatar\/444436b93284204f8116b6e0eb964cd3fcb811519c737232bde6dd5743c37ee5?s=96&d=mm&r=g\",\"caption\":\"H\u00e9bergements Locansol\"},\"sameAs\":[\"https:\/\/www.locansol.fr\/\"],\"url\":\"https:\/\/www.locansol.fr\/es\/author\/locansol\/\"}]}<\/script>\n<!-- \/ Yoast SEO Premium plugin. -->","yoast_head_json":{"title":"Sant Jordi \u00e0 Perpignan : f\u00eate du Livre et de la Rose","description":"Sant Jordi \u00e0 Perpignan : d\u00e9couvrez la f\u00eate du Livre et de la Rose dans les Pyr\u00e9n\u00e9es-Orientales. March\u00e9s, animations et culture catalane pour tous.","robots":{"index":"index","follow":"follow","max-snippet":"max-snippet:-1","max-image-preview":"max-image-preview:large","max-video-preview":"max-video-preview:-1"},"canonical":"https:\/\/www.locansol.fr\/es\/sant-jordi-perpignan-fete\/","og_locale":"es_ES","og_type":"article","og_title":"Plongez dans la magie de Sant Jordi \u00e0 Perpignan \u2014 Livres, roses et tradition catalane","og_description":"Imaginez des rues remplies de roses et de livres, des musiques entra\u00eenantes et une ambiance chaleureuse. Vivez la Sant Jordi \u00e0 Perpignan pour une journ\u00e9e inoubliable.","og_url":"https:\/\/www.locansol.fr\/es\/sant-jordi-perpignan-fete\/","og_site_name":"Locansol, louer un h\u00e9bergement dans les Pyr\u00e9n\u00e9es Orientales","article_published_time":"2026-04-25T06:04:29+00:00","article_modified_time":"2026-04-25T06:04:33+00:00","og_image":[{"url":"https:\/\/www.locansol.fr\/wp-content\/uploads\/2026\/04\/sant-jordi-perpignan-fete.webp","type":"","width":"","height":""}],"author":"H\u00e9bergements Locansol","twitter_card":"summary_large_image","twitter_title":"Sant Jordi \u00e0 Perpignan : une f\u00eate de livres, roses et amour","twitter_description":"D\u00e9couvrez la magie de Sant Jordi \u00e0 Perpignan : march\u00e9s de livres et roses, animations et culture catalane pour toute la famille.","twitter_image":"https:\/\/www.locansol.fr\/wp-content\/uploads\/2026\/04\/sant-jordi-perpignan-fete.webp","twitter_misc":{"Escrito por":"H\u00e9bergements Locansol","Tiempo de lectura":"2 minutos"},"schema":{"@context":"https:\/\/schema.org","@graph":[{"@type":"Article","@id":"https:\/\/www.locansol.fr\/sant-jordi-perpignan-fete\/#article","isPartOf":{"@id":"https:\/\/www.locansol.fr\/sant-jordi-perpignan-fete\/"},"author":{"name":"H\u00e9bergements Locansol","@id":"https:\/\/www.locansol.fr\/#\/schema\/person\/0b08d440f1ac44674c6d498107de351d"},"headline":"Sant Jordi \u00e0 Perpignan : Une c\u00e9l\u00e9bration culturelle et romantique le 25 avril","datePublished":"2026-04-25T06:04:29+00:00","dateModified":"2026-04-25T06:04:33+00:00","mainEntityOfPage":{"@id":"https:\/\/www.locansol.fr\/sant-jordi-perpignan-fete\/"},"wordCount":512,"publisher":{"@id":"https:\/\/www.locansol.fr\/#organization"},"image":{"@id":"https:\/\/www.locansol.fr\/sant-jordi-perpignan-fete\/#primaryimage"},"thumbnailUrl":"https:\/\/www.locansol.fr\/wp-content\/uploads\/2026\/04\/sant-jordi-perpignan-fete.webp","keywords":["\u00c9v\u00e8nement culturel","Pyr\u00e9n\u00e9es-Orientales"],"articleSection":["Rassemblement \/ r\u00e9union"],"inLanguage":"es"},{"@type":"WebPage","@id":"https:\/\/www.locansol.fr\/sant-jordi-perpignan-fete\/","url":"https:\/\/www.locansol.fr\/sant-jordi-perpignan-fete\/","name":"Sant Jordi \u00e0 Perpignan : f\u00eate du Livre et de la Rose","isPartOf":{"@id":"https:\/\/www.locansol.fr\/#website"},"primaryImageOfPage":{"@id":"https:\/\/www.locansol.fr\/sant-jordi-perpignan-fete\/#primaryimage"},"image":{"@id":"https:\/\/www.locansol.fr\/sant-jordi-perpignan-fete\/#primaryimage"},"thumbnailUrl":"https:\/\/www.locansol.fr\/wp-content\/uploads\/2026\/04\/sant-jordi-perpignan-fete.webp","datePublished":"2026-04-25T06:04:29+00:00","dateModified":"2026-04-25T06:04:33+00:00","description":"Sant Jordi \u00e0 Perpignan : d\u00e9couvrez la f\u00eate du Livre et de la Rose dans les Pyr\u00e9n\u00e9es-Orientales. March\u00e9s, animations et culture catalane pour tous.","breadcrumb":{"@id":"https:\/\/www.locansol.fr\/sant-jordi-perpignan-fete\/#breadcrumb"},"inLanguage":"es","potentialAction":[{"@type":"ReadAction","target":["https:\/\/www.locansol.fr\/sant-jordi-perpignan-fete\/"]}]},{"@type":"ImageObject","inLanguage":"es","@id":"https:\/\/www.locansol.fr\/sant-jordi-perpignan-fete\/#primaryimage","url":"https:\/\/www.locansol.fr\/wp-content\/uploads\/2026\/04\/sant-jordi-perpignan-fete.webp","contentUrl":"https:\/\/www.locansol.fr\/wp-content\/uploads\/2026\/04\/sant-jordi-perpignan-fete.webp","width":1024,"height":768,"caption":"Sant Jordi \u00e0 Perpignan : f\u00eate du Livre et de la Rose"},{"@type":"BreadcrumbList","@id":"https:\/\/www.locansol.fr\/sant-jordi-perpignan-fete\/#breadcrumb","itemListElement":[{"@type":"ListItem","position":1,"name":"Accueil","item":"https:\/\/www.locansol.fr\/"},{"@type":"ListItem","position":2,"name":"Sant Jordi \u00e0 Perpignan : Une c\u00e9l\u00e9bration culturelle et romantique le 25 avril"}]},{"@type":"WebSite","@id":"https:\/\/www.locansol.fr\/#website","url":"https:\/\/www.locansol.fr\/","name":"Locansol, louer un h\u00e9bergement dans les Pyr\u00e9n\u00e9es-Orientales","description":"Location Mobil-home Mer M\u00e9diterran\u00e9e &amp; Chalet de Montagne dans les Pyr\u00e9n\u00e9es Orientales (Occitanie, 66). Weekend, s\u00e9jour &amp; vacances en famille et entre amis.","publisher":{"@id":"https:\/\/www.locansol.fr\/#organization"},"alternateName":"Louer un h\u00e9bergement dans les Pyr\u00e9n\u00e9es Orientales, chalet & mobil-home en Occitanie","potentialAction":[{"@type":"SearchAction","target":{"@type":"EntryPoint","urlTemplate":"https:\/\/www.locansol.fr\/?s={search_term_string}"},"query-input":{"@type":"PropertyValueSpecification","valueRequired":true,"valueName":"search_term_string"}}],"inLanguage":"es"},{"@type":"Organization","@id":"https:\/\/www.locansol.fr\/#organization","name":"Location MobilHome & chalet dans les Pyr\u00e9n\u00e9es Orientales","alternateName":"Louer un h\u00e9bergement dans les Pyr\u00e9n\u00e9es Orientales en Occitanie","url":"https:\/\/www.locansol.fr\/","logo":{"@type":"ImageObject","inLanguage":"es","@id":"https:\/\/www.locansol.fr\/#\/schema\/logo\/image\/","url":"https:\/\/www.locansol.fr\/wp-content\/uploads\/2024\/04\/AdobeStock_303324767-scaled.jpeg","contentUrl":"https:\/\/www.locansol.fr\/wp-content\/uploads\/2024\/04\/AdobeStock_303324767-scaled.jpeg","width":2560,"height":1707,"caption":"Location MobilHome & chalet dans les Pyr\u00e9n\u00e9es Orientales"},"image":{"@id":"https:\/\/www.locansol.fr\/#\/schema\/logo\/image\/"}},{"@type":"Person","@id":"https:\/\/www.locansol.fr\/#\/schema\/person\/0b08d440f1ac44674c6d498107de351d","name":"H\u00e9bergements Locansol","image":{"@type":"ImageObject","inLanguage":"es","@id":"https:\/\/www.locansol.fr\/#\/schema\/person\/image\/","url":"https:\/\/secure.gravatar.com\/avatar\/444436b93284204f8116b6e0eb964cd3fcb811519c737232bde6dd5743c37ee5?s=96&d=mm&r=g","contentUrl":"https:\/\/secure.gravatar.com\/avatar\/444436b93284204f8116b6e0eb964cd3fcb811519c737232bde6dd5743c37ee5?s=96&d=mm&r=g","caption":"H\u00e9bergements Locansol"},"sameAs":["https:\/\/www.locansol.fr\/"],"url":"https:\/\/www.locansol.fr\/es\/author\/locansol\/"}]}},"_links":{"self":[{"href":"https:\/\/www.locansol.fr\/es\/wp-json\/wp\/v2\/posts\/6494","targetHints":{"allow":["GET"]}}],"collection":[{"href":"https:\/\/www.locansol.fr\/es\/wp-json\/wp\/v2\/posts"}],"about":[{"href":"https:\/\/www.locansol.fr\/es\/wp-json\/wp\/v2\/types\/post"}],"author":[{"embeddable":true,"href":"https:\/\/www.locansol.fr\/es\/wp-json\/wp\/v2\/users\/5"}],"replies":[{"embeddable":true,"href":"https:\/\/www.locansol.fr\/es\/wp-json\/wp\/v2\/comments?post=6494"}],"version-history":[{"count":1,"href":"https:\/\/www.locansol.fr\/es\/wp-json\/wp\/v2\/posts\/6494\/revisions"}],"predecessor-version":[{"id":6495,"href":"https:\/\/www.locansol.fr\/es\/wp-json\/wp\/v2\/posts\/6494\/revisions\/6495"}],"wp:featuredmedia":[{"embeddable":true,"href":"https:\/\/www.locansol.fr\/es\/wp-json\/wp\/v2\/media\/6493"}],"wp:attachment":[{"href":"https:\/\/www.locansol.fr\/es\/wp-json\/wp\/v2\/media?parent=6494"}],"wp:term":[{"taxonomy":"category","embeddable":true,"href":"https:\/\/www.locansol.fr\/es\/wp-json\/wp\/v2\/categories?post=6494"},{"taxonomy":"post_tag","embeddable":true,"href":"https:\/\/www.locansol.fr\/es\/wp-json\/wp\/v2\/tags?post=6494"}],"curies":[{"name":"wp","href":"https:\/\/api.w.org\/{rel}","templated":true}]}}