{"id":6522,"date":"2026-04-25T12:09:49","date_gmt":"2026-04-25T10:09:49","guid":{"rendered":"https:\/\/www.locansol.fr\/exposition-volets-orgue-perpignan-10\/"},"modified":"2026-04-25T12:09:53","modified_gmt":"2026-04-25T10:09:53","slug":"exposition-volets-orgue-perpignan-10","status":"publish","type":"post","link":"https:\/\/www.locansol.fr\/es\/exposition-volets-orgue-perpignan-10\/","title":{"rendered":"Perpignan : Exposition exceptionnelle des volets du grand orgue de la cath\u00e9drale (24 mars &#8211; 31 mai)"},"content":{"rendered":"<p>Situ\u00e9e entre la mer M\u00e9diterran\u00e9e et les montagnes des Pyr\u00e9n\u00e9es, Perpignan est une ville riche en histoire et en patrimoine. C\u2019est dans ce d\u00e9cor enchanteur que se tiendra l\u2019\u00e9v\u00e9nement culturel incontournable de ce printemps : \u00ab La R\u00e9-d\u00e9couverte d\u2019un chef-d\u2019\u0153uvre monumental : Les volets du grand orgue de la cath\u00e9drale de Perpignan \u00bb, du 24 mars au 31 mai. Organis\u00e9 au c\u0153ur de la cath\u00e9drale Saint-Jean-Baptiste, un joyau architectural embl\u00e9matique de la ville, cet \u00e9v\u00e9nement propose une immersion unique dans l\u2019art et l\u2019histoire.<\/p>\n<p>Cette exposition exceptionnelle marque l\u2019aboutissement d\u2019un ambitieux projet de restauration, men\u00e9 sous l\u2019\u00e9gide de la Direction r\u00e9gionale des affaires culturelles d\u2019Occitanie. Les volets du grand orgue, peints en 1504, sont des \u0153uvres picturales monumentales, mesurant 12,6 m\u00e8tres de haut pour 4,3 m\u00e8tres de large, soit une surface spectaculaire de plus de 83 m\u00b2 par panneau. Consid\u00e9r\u00e9s comme l\u2019un des ensembles artistiques les plus impressionnants de leur cat\u00e9gorie en Europe, ces volets fascinent \u00e0 plus d\u2019un titre. Ils racontent une histoire presque oubli\u00e9e, celle des c\u00e9l\u00e9brations liturgiques o\u00f9 ces panneaux peints s\u2019ouvraient et se refermaient, cr\u00e9ant une harmonie unique entre musique, images sacr\u00e9es et architecture.<\/p>\n<p>Initialement fix\u00e9s sur le buffet de l\u2019orgue, les volets avaient \u00e9t\u00e9 d\u00e9mont\u00e9s au XIXe si\u00e8cle, d\u00e9plac\u00e9s, et install\u00e9s aux murs de la cath\u00e9drale au-dessus de la porte dite \u00ab de Bethl\u00e9em \u00bb. Malheureusement, cette disposition les avait rendus difficilement observables, rel\u00e9guant leur splendeur \u00e0 l\u2019oubli. Gr\u00e2ce \u00e0 cette restauration minutieuse, les \u0153uvres retrouvent aujourd\u2019hui leur \u00e9clat d\u2019origine et b\u00e9n\u00e9ficient d\u2019une mise en valeur in\u00e9dite. Peints \u00e0 la d\u00e9trempe sur toile, leurs faces pr\u00e9sentent une polychromie d\u2019une richesse in\u00e9gal\u00e9e, tandis que les revers affichent une complexit\u00e9 de grisailles soign\u00e9es, qui illustre \u00e0 merveille l\u2019attention port\u00e9e \u00e0 ces chefs-d\u2019\u0153uvre tant sur le plan spirituel qu\u2019artistique.<\/p>\n<p>L\u2019exposition est bien plus qu\u2019une simple pr\u00e9sentation de ces volets restaur\u00e9s. Elle offre une opportunit\u00e9 unique d\u2019approcher de pr\u00e8s ces peintures g\u00e9antes et de d\u00e9couvrir l\u2019histoire fascinante de leur cr\u00e9ation, de leur place dans les c\u00e9r\u00e9monies religieuses de la cath\u00e9drale et des d\u00e9tails in\u00e9dits r\u00e9v\u00e9l\u00e9s par cette r\u00e9cente restauration.<\/p>\n<p>Pour les amateurs d\u2019art, d\u2019histoire ou simplement pour les curieux en qu\u00eate de tr\u00e9sors cach\u00e9s, cet \u00e9v\u00e9nement est une invitation \u00e0 explorer un patrimoine d\u2019une rare richesse situ\u00e9 au c\u0153ur d\u2019un \u00e9difice qui, lui-m\u00eame, est charg\u00e9 de plusieurs si\u00e8cles d\u2019histoire. Les visiteurs pourront se plonger dans une aventure visuelle offrant un dialogue entre le pass\u00e9 et le pr\u00e9sent \u00e0 travers la red\u00e9couverte de ces volets d\u2019exception.<\/p>\n<p>\ud83d\udcc5 L\u2019\u00e9v\u00e9nement se tient du 24 mars au 31 mai.<br \/>\ud83d\udccd Cela se passe \u00e0 la cath\u00e9drale Saint-Jean-Baptiste, un incontournable de Perpignan.<br \/>\ud83d\udcb6 L\u2019entr\u00e9e est accessible pour seulement 8 \u20ac.<\/p>\n<p>Ne manquez pas cette occasion unique d\u2019admirer un tr\u00e9sor du patrimoine perpignanais retrouvant toute sa splendeur. Seule ou en famille, cette visite vous promet un v\u00e9ritable voyage dans le temps, entre art et sacr\u00e9, au sein d\u2019un des lieux les plus embl\u00e9matiques des Pyr\u00e9n\u00e9es-Orientales.<\/p>\n<h3>Informaci\u00f3n pr\u00e1ctica<\/h3>\n<p>\ud83d\udcc5 QUAND ? Du 24 mars au 31 mai<br \/>\ud83d\udccd O\u00d9 ? Cath\u00e9drale Saint-Jean-Baptiste, Perpignan<br \/>\ud83d\udcb6 COMBIEN ? 8,00 \u20ac<\/p>","protected":false},"excerpt":{"rendered":"<p>Plongez dans le riche patrimoine de Perpignan avec l&rsquo;exposition exceptionnelle des volets du grand orgue de la cath\u00e9drale Saint-Jean-Baptiste, restaur\u00e9s pour la premi\u00e8re fois depuis le XIXe si\u00e8cle.<\/p>","protected":false},"author":5,"featured_media":6521,"comment_status":"closed","ping_status":"open","sticky":false,"template":"","format":"standard","meta":{"_yoast_wpseo_focuskw":"Exposition volets orgue Perpignan","_yoast_wpseo_title":"Exposition volets grand orgue Perpignan - D\u00e9couverte unique","_yoast_wpseo_metadesc":"Exposition volets grand orgue Perpignan. D\u00e9couvrez une \u0153uvre monumentale restaur\u00e9e dans les Pyr\u00e9n\u00e9es-Orientales. Une immersion unique dans l'art et l'histoire.","_yoast_wpseo_canonical":"","_yoast_wpseo_opengraph-title":"D\u00e9couvrez un chef-d\u2019\u0153uvre oubli\u00e9 : Les volets du grand orgue de Perpignan","_yoast_wpseo_opengraph-description":"Plongez dans l'histoire et l'art avec les volets du grand orgue de Perpignan. Une exp\u00e9rience visuelle unique au c\u0153ur de la cath\u00e9drale Saint-Jean-Baptiste.","_yoast_wpseo_opengraph-image":"https:\/\/www.locansol.fr\/wp-content\/uploads\/2026\/04\/exposition-volets-orgue-perpignan-9.webp","_yoast_wpseo_opengraph-image-id":"","_yoast_wpseo_twitter-title":"D\u00e9couvrez les volets du grand orgue de Perpignan","_yoast_wpseo_twitter-description":"Ne manquez pas l'exposition des volets du grand orgue de Perpignan. Une plong\u00e9e unique dans l'art et l'histoire au c\u0153ur des Pyr\u00e9n\u00e9es-Orientales.","_yoast_wpseo_twitter-image":"https:\/\/www.locansol.fr\/wp-content\/uploads\/2026\/04\/exposition-volets-orgue-perpignan-9.webp","_yoast_wpseo_twitter-image-id":"","yoast_primary_category":"Exposition","footnotes":""},"categories":[35],"tags":[66,76],"class_list":["post-6522","post","type-post","status-publish","format-standard","has-post-thumbnail","hentry","category-carnaval","tag-evenement-culturel","tag-pyrenees-orientales"],"yoast_head":"<!-- This site is optimized with the Yoast SEO Premium plugin v23.3 (Yoast SEO v26.9) - https:\/\/yoast.com\/product\/yoast-seo-premium-wordpress\/ -->\n<title>Exposition volets grand orgue Perpignan - D\u00e9couverte unique<\/title>\n<meta name=\"description\" content=\"Exposition volets grand orgue Perpignan. D\u00e9couvrez une \u0153uvre monumentale restaur\u00e9e dans les Pyr\u00e9n\u00e9es-Orientales. Une immersion unique dans l&#039;art et l&#039;histoire.\" \/>\n<meta name=\"robots\" content=\"index, follow, max-snippet:-1, max-image-preview:large, max-video-preview:-1\" \/>\n<link rel=\"canonical\" href=\"https:\/\/www.locansol.fr\/es\/exposition-volets-orgue-perpignan-10\/\" \/>\n<meta property=\"og:locale\" content=\"es_ES\" \/>\n<meta property=\"og:type\" content=\"article\" \/>\n<meta property=\"og:title\" content=\"D\u00e9couvrez un chef-d\u2019\u0153uvre oubli\u00e9 : Les volets du grand orgue de Perpignan\" \/>\n<meta property=\"og:description\" content=\"Plongez dans l&#039;histoire et l&#039;art avec les volets du grand orgue de Perpignan. Une exp\u00e9rience visuelle unique au c\u0153ur de la cath\u00e9drale Saint-Jean-Baptiste.\" \/>\n<meta property=\"og:url\" content=\"https:\/\/www.locansol.fr\/es\/exposition-volets-orgue-perpignan-10\/\" \/>\n<meta property=\"og:site_name\" content=\"Locansol, louer un h\u00e9bergement dans les Pyr\u00e9n\u00e9es Orientales\" \/>\n<meta property=\"article:published_time\" content=\"2026-04-25T10:09:49+00:00\" \/>\n<meta property=\"article:modified_time\" content=\"2026-04-25T10:09:53+00:00\" \/>\n<meta property=\"og:image\" content=\"https:\/\/www.locansol.fr\/wp-content\/uploads\/2026\/04\/exposition-volets-orgue-perpignan-9.webp\" \/>\n<meta name=\"author\" content=\"H\u00e9bergements Locansol\" \/>\n<meta name=\"twitter:card\" content=\"summary_large_image\" \/>\n<meta name=\"twitter:title\" content=\"D\u00e9couvrez les volets du grand orgue de Perpignan\" \/>\n<meta name=\"twitter:description\" content=\"Ne manquez pas l&#039;exposition des volets du grand orgue de Perpignan. Une plong\u00e9e unique dans l&#039;art et l&#039;histoire au c\u0153ur des Pyr\u00e9n\u00e9es-Orientales.\" \/>\n<meta name=\"twitter:image\" content=\"https:\/\/www.locansol.fr\/wp-content\/uploads\/2026\/04\/exposition-volets-orgue-perpignan-9.webp\" \/>\n<meta name=\"twitter:label1\" content=\"Escrito por\" \/>\n\t<meta name=\"twitter:data1\" content=\"H\u00e9bergements Locansol\" \/>\n\t<meta name=\"twitter:label2\" content=\"Tiempo de lectura\" \/>\n\t<meta name=\"twitter:data2\" content=\"3 minutos\" \/>\n<script type=\"application\/ld+json\" class=\"yoast-schema-graph\">{\"@context\":\"https:\/\/schema.org\",\"@graph\":[{\"@type\":\"Article\",\"@id\":\"https:\/\/www.locansol.fr\/exposition-volets-orgue-perpignan-10\/#article\",\"isPartOf\":{\"@id\":\"https:\/\/www.locansol.fr\/exposition-volets-orgue-perpignan-10\/\"},\"author\":{\"name\":\"H\u00e9bergements Locansol\",\"@id\":\"https:\/\/www.locansol.fr\/#\/schema\/person\/0b08d440f1ac44674c6d498107de351d\"},\"headline\":\"Perpignan : Exposition exceptionnelle des volets du grand orgue de la cath\u00e9drale (24 mars &#8211; 31 mai)\",\"datePublished\":\"2026-04-25T10:09:49+00:00\",\"dateModified\":\"2026-04-25T10:09:53+00:00\",\"mainEntityOfPage\":{\"@id\":\"https:\/\/www.locansol.fr\/exposition-volets-orgue-perpignan-10\/\"},\"wordCount\":592,\"publisher\":{\"@id\":\"https:\/\/www.locansol.fr\/#organization\"},\"image\":{\"@id\":\"https:\/\/www.locansol.fr\/exposition-volets-orgue-perpignan-10\/#primaryimage\"},\"thumbnailUrl\":\"https:\/\/www.locansol.fr\/wp-content\/uploads\/2026\/04\/exposition-volets-orgue-perpignan-9.webp\",\"keywords\":[\"\u00c9v\u00e8nement culturel\",\"Pyr\u00e9n\u00e9es-Orientales\"],\"articleSection\":[\"Carnaval\"],\"inLanguage\":\"es\"},{\"@type\":\"WebPage\",\"@id\":\"https:\/\/www.locansol.fr\/exposition-volets-orgue-perpignan-10\/\",\"url\":\"https:\/\/www.locansol.fr\/exposition-volets-orgue-perpignan-10\/\",\"name\":\"Exposition volets grand orgue Perpignan - D\u00e9couverte unique\",\"isPartOf\":{\"@id\":\"https:\/\/www.locansol.fr\/#website\"},\"primaryImageOfPage\":{\"@id\":\"https:\/\/www.locansol.fr\/exposition-volets-orgue-perpignan-10\/#primaryimage\"},\"image\":{\"@id\":\"https:\/\/www.locansol.fr\/exposition-volets-orgue-perpignan-10\/#primaryimage\"},\"thumbnailUrl\":\"https:\/\/www.locansol.fr\/wp-content\/uploads\/2026\/04\/exposition-volets-orgue-perpignan-9.webp\",\"datePublished\":\"2026-04-25T10:09:49+00:00\",\"dateModified\":\"2026-04-25T10:09:53+00:00\",\"description\":\"Exposition volets grand orgue Perpignan. D\u00e9couvrez une \u0153uvre monumentale restaur\u00e9e dans les Pyr\u00e9n\u00e9es-Orientales. Une immersion unique dans l'art et l'histoire.\",\"breadcrumb\":{\"@id\":\"https:\/\/www.locansol.fr\/exposition-volets-orgue-perpignan-10\/#breadcrumb\"},\"inLanguage\":\"es\",\"potentialAction\":[{\"@type\":\"ReadAction\",\"target\":[\"https:\/\/www.locansol.fr\/exposition-volets-orgue-perpignan-10\/\"]}]},{\"@type\":\"ImageObject\",\"inLanguage\":\"es\",\"@id\":\"https:\/\/www.locansol.fr\/exposition-volets-orgue-perpignan-10\/#primaryimage\",\"url\":\"https:\/\/www.locansol.fr\/wp-content\/uploads\/2026\/04\/exposition-volets-orgue-perpignan-9.webp\",\"contentUrl\":\"https:\/\/www.locansol.fr\/wp-content\/uploads\/2026\/04\/exposition-volets-orgue-perpignan-9.webp\",\"width\":1024,\"height\":605,\"caption\":\"Exposition volets grand orgue Perpignan - D\u00e9couverte unique\"},{\"@type\":\"BreadcrumbList\",\"@id\":\"https:\/\/www.locansol.fr\/exposition-volets-orgue-perpignan-10\/#breadcrumb\",\"itemListElement\":[{\"@type\":\"ListItem\",\"position\":1,\"name\":\"Accueil\",\"item\":\"https:\/\/www.locansol.fr\/\"},{\"@type\":\"ListItem\",\"position\":2,\"name\":\"Perpignan : Exposition exceptionnelle des volets du grand orgue de la cath\u00e9drale (24 mars &#8211; 31 mai)\"}]},{\"@type\":\"WebSite\",\"@id\":\"https:\/\/www.locansol.fr\/#website\",\"url\":\"https:\/\/www.locansol.fr\/\",\"name\":\"Locansol, louer un h\u00e9bergement dans les Pyr\u00e9n\u00e9es-Orientales\",\"description\":\"Location Mobil-home Mer M\u00e9diterran\u00e9e &amp; Chalet de Montagne dans les Pyr\u00e9n\u00e9es Orientales (Occitanie, 66). Weekend, s\u00e9jour &amp; vacances en famille et entre amis.\",\"publisher\":{\"@id\":\"https:\/\/www.locansol.fr\/#organization\"},\"alternateName\":\"Louer un h\u00e9bergement dans les Pyr\u00e9n\u00e9es Orientales, chalet & mobil-home en Occitanie\",\"potentialAction\":[{\"@type\":\"SearchAction\",\"target\":{\"@type\":\"EntryPoint\",\"urlTemplate\":\"https:\/\/www.locansol.fr\/?s={search_term_string}\"},\"query-input\":{\"@type\":\"PropertyValueSpecification\",\"valueRequired\":true,\"valueName\":\"search_term_string\"}}],\"inLanguage\":\"es\"},{\"@type\":\"Organization\",\"@id\":\"https:\/\/www.locansol.fr\/#organization\",\"name\":\"Location MobilHome & chalet dans les Pyr\u00e9n\u00e9es Orientales\",\"alternateName\":\"Louer un h\u00e9bergement dans les Pyr\u00e9n\u00e9es Orientales en Occitanie\",\"url\":\"https:\/\/www.locansol.fr\/\",\"logo\":{\"@type\":\"ImageObject\",\"inLanguage\":\"es\",\"@id\":\"https:\/\/www.locansol.fr\/#\/schema\/logo\/image\/\",\"url\":\"https:\/\/www.locansol.fr\/wp-content\/uploads\/2024\/04\/AdobeStock_303324767-scaled.jpeg\",\"contentUrl\":\"https:\/\/www.locansol.fr\/wp-content\/uploads\/2024\/04\/AdobeStock_303324767-scaled.jpeg\",\"width\":2560,\"height\":1707,\"caption\":\"Location MobilHome & chalet dans les Pyr\u00e9n\u00e9es Orientales\"},\"image\":{\"@id\":\"https:\/\/www.locansol.fr\/#\/schema\/logo\/image\/\"}},{\"@type\":\"Person\",\"@id\":\"https:\/\/www.locansol.fr\/#\/schema\/person\/0b08d440f1ac44674c6d498107de351d\",\"name\":\"H\u00e9bergements Locansol\",\"image\":{\"@type\":\"ImageObject\",\"inLanguage\":\"es\",\"@id\":\"https:\/\/www.locansol.fr\/#\/schema\/person\/image\/\",\"url\":\"https:\/\/secure.gravatar.com\/avatar\/444436b93284204f8116b6e0eb964cd3fcb811519c737232bde6dd5743c37ee5?s=96&d=mm&r=g\",\"contentUrl\":\"https:\/\/secure.gravatar.com\/avatar\/444436b93284204f8116b6e0eb964cd3fcb811519c737232bde6dd5743c37ee5?s=96&d=mm&r=g\",\"caption\":\"H\u00e9bergements Locansol\"},\"sameAs\":[\"https:\/\/www.locansol.fr\/\"],\"url\":\"https:\/\/www.locansol.fr\/es\/author\/locansol\/\"}]}<\/script>\n<!-- \/ Yoast SEO Premium plugin. -->","yoast_head_json":{"title":"Exposition volets grand orgue Perpignan - D\u00e9couverte unique","description":"Exposition volets grand orgue Perpignan. D\u00e9couvrez une \u0153uvre monumentale restaur\u00e9e dans les Pyr\u00e9n\u00e9es-Orientales. Une immersion unique dans l'art et l'histoire.","robots":{"index":"index","follow":"follow","max-snippet":"max-snippet:-1","max-image-preview":"max-image-preview:large","max-video-preview":"max-video-preview:-1"},"canonical":"https:\/\/www.locansol.fr\/es\/exposition-volets-orgue-perpignan-10\/","og_locale":"es_ES","og_type":"article","og_title":"D\u00e9couvrez un chef-d\u2019\u0153uvre oubli\u00e9 : Les volets du grand orgue de Perpignan","og_description":"Plongez dans l'histoire et l'art avec les volets du grand orgue de Perpignan. Une exp\u00e9rience visuelle unique au c\u0153ur de la cath\u00e9drale Saint-Jean-Baptiste.","og_url":"https:\/\/www.locansol.fr\/es\/exposition-volets-orgue-perpignan-10\/","og_site_name":"Locansol, louer un h\u00e9bergement dans les Pyr\u00e9n\u00e9es Orientales","article_published_time":"2026-04-25T10:09:49+00:00","article_modified_time":"2026-04-25T10:09:53+00:00","og_image":[{"url":"https:\/\/www.locansol.fr\/wp-content\/uploads\/2026\/04\/exposition-volets-orgue-perpignan-9.webp","type":"","width":"","height":""}],"author":"H\u00e9bergements Locansol","twitter_card":"summary_large_image","twitter_title":"D\u00e9couvrez les volets du grand orgue de Perpignan","twitter_description":"Ne manquez pas l'exposition des volets du grand orgue de Perpignan. Une plong\u00e9e unique dans l'art et l'histoire au c\u0153ur des Pyr\u00e9n\u00e9es-Orientales.","twitter_image":"https:\/\/www.locansol.fr\/wp-content\/uploads\/2026\/04\/exposition-volets-orgue-perpignan-9.webp","twitter_misc":{"Escrito por":"H\u00e9bergements Locansol","Tiempo de lectura":"3 minutos"},"schema":{"@context":"https:\/\/schema.org","@graph":[{"@type":"Article","@id":"https:\/\/www.locansol.fr\/exposition-volets-orgue-perpignan-10\/#article","isPartOf":{"@id":"https:\/\/www.locansol.fr\/exposition-volets-orgue-perpignan-10\/"},"author":{"name":"H\u00e9bergements Locansol","@id":"https:\/\/www.locansol.fr\/#\/schema\/person\/0b08d440f1ac44674c6d498107de351d"},"headline":"Perpignan : Exposition exceptionnelle des volets du grand orgue de la cath\u00e9drale (24 mars &#8211; 31 mai)","datePublished":"2026-04-25T10:09:49+00:00","dateModified":"2026-04-25T10:09:53+00:00","mainEntityOfPage":{"@id":"https:\/\/www.locansol.fr\/exposition-volets-orgue-perpignan-10\/"},"wordCount":592,"publisher":{"@id":"https:\/\/www.locansol.fr\/#organization"},"image":{"@id":"https:\/\/www.locansol.fr\/exposition-volets-orgue-perpignan-10\/#primaryimage"},"thumbnailUrl":"https:\/\/www.locansol.fr\/wp-content\/uploads\/2026\/04\/exposition-volets-orgue-perpignan-9.webp","keywords":["\u00c9v\u00e8nement culturel","Pyr\u00e9n\u00e9es-Orientales"],"articleSection":["Carnaval"],"inLanguage":"es"},{"@type":"WebPage","@id":"https:\/\/www.locansol.fr\/exposition-volets-orgue-perpignan-10\/","url":"https:\/\/www.locansol.fr\/exposition-volets-orgue-perpignan-10\/","name":"Exposition volets grand orgue Perpignan - D\u00e9couverte unique","isPartOf":{"@id":"https:\/\/www.locansol.fr\/#website"},"primaryImageOfPage":{"@id":"https:\/\/www.locansol.fr\/exposition-volets-orgue-perpignan-10\/#primaryimage"},"image":{"@id":"https:\/\/www.locansol.fr\/exposition-volets-orgue-perpignan-10\/#primaryimage"},"thumbnailUrl":"https:\/\/www.locansol.fr\/wp-content\/uploads\/2026\/04\/exposition-volets-orgue-perpignan-9.webp","datePublished":"2026-04-25T10:09:49+00:00","dateModified":"2026-04-25T10:09:53+00:00","description":"Exposition volets grand orgue Perpignan. D\u00e9couvrez une \u0153uvre monumentale restaur\u00e9e dans les Pyr\u00e9n\u00e9es-Orientales. Une immersion unique dans l'art et l'histoire.","breadcrumb":{"@id":"https:\/\/www.locansol.fr\/exposition-volets-orgue-perpignan-10\/#breadcrumb"},"inLanguage":"es","potentialAction":[{"@type":"ReadAction","target":["https:\/\/www.locansol.fr\/exposition-volets-orgue-perpignan-10\/"]}]},{"@type":"ImageObject","inLanguage":"es","@id":"https:\/\/www.locansol.fr\/exposition-volets-orgue-perpignan-10\/#primaryimage","url":"https:\/\/www.locansol.fr\/wp-content\/uploads\/2026\/04\/exposition-volets-orgue-perpignan-9.webp","contentUrl":"https:\/\/www.locansol.fr\/wp-content\/uploads\/2026\/04\/exposition-volets-orgue-perpignan-9.webp","width":1024,"height":605,"caption":"Exposition volets grand orgue Perpignan - D\u00e9couverte unique"},{"@type":"BreadcrumbList","@id":"https:\/\/www.locansol.fr\/exposition-volets-orgue-perpignan-10\/#breadcrumb","itemListElement":[{"@type":"ListItem","position":1,"name":"Accueil","item":"https:\/\/www.locansol.fr\/"},{"@type":"ListItem","position":2,"name":"Perpignan : Exposition exceptionnelle des volets du grand orgue de la cath\u00e9drale (24 mars &#8211; 31 mai)"}]},{"@type":"WebSite","@id":"https:\/\/www.locansol.fr\/#website","url":"https:\/\/www.locansol.fr\/","name":"Locansol, louer un h\u00e9bergement dans les Pyr\u00e9n\u00e9es-Orientales","description":"Location Mobil-home Mer M\u00e9diterran\u00e9e &amp; Chalet de Montagne dans les Pyr\u00e9n\u00e9es Orientales (Occitanie, 66). Weekend, s\u00e9jour &amp; vacances en famille et entre amis.","publisher":{"@id":"https:\/\/www.locansol.fr\/#organization"},"alternateName":"Louer un h\u00e9bergement dans les Pyr\u00e9n\u00e9es Orientales, chalet & mobil-home en Occitanie","potentialAction":[{"@type":"SearchAction","target":{"@type":"EntryPoint","urlTemplate":"https:\/\/www.locansol.fr\/?s={search_term_string}"},"query-input":{"@type":"PropertyValueSpecification","valueRequired":true,"valueName":"search_term_string"}}],"inLanguage":"es"},{"@type":"Organization","@id":"https:\/\/www.locansol.fr\/#organization","name":"Location MobilHome & chalet dans les Pyr\u00e9n\u00e9es Orientales","alternateName":"Louer un h\u00e9bergement dans les Pyr\u00e9n\u00e9es Orientales en Occitanie","url":"https:\/\/www.locansol.fr\/","logo":{"@type":"ImageObject","inLanguage":"es","@id":"https:\/\/www.locansol.fr\/#\/schema\/logo\/image\/","url":"https:\/\/www.locansol.fr\/wp-content\/uploads\/2024\/04\/AdobeStock_303324767-scaled.jpeg","contentUrl":"https:\/\/www.locansol.fr\/wp-content\/uploads\/2024\/04\/AdobeStock_303324767-scaled.jpeg","width":2560,"height":1707,"caption":"Location MobilHome & chalet dans les Pyr\u00e9n\u00e9es Orientales"},"image":{"@id":"https:\/\/www.locansol.fr\/#\/schema\/logo\/image\/"}},{"@type":"Person","@id":"https:\/\/www.locansol.fr\/#\/schema\/person\/0b08d440f1ac44674c6d498107de351d","name":"H\u00e9bergements Locansol","image":{"@type":"ImageObject","inLanguage":"es","@id":"https:\/\/www.locansol.fr\/#\/schema\/person\/image\/","url":"https:\/\/secure.gravatar.com\/avatar\/444436b93284204f8116b6e0eb964cd3fcb811519c737232bde6dd5743c37ee5?s=96&d=mm&r=g","contentUrl":"https:\/\/secure.gravatar.com\/avatar\/444436b93284204f8116b6e0eb964cd3fcb811519c737232bde6dd5743c37ee5?s=96&d=mm&r=g","caption":"H\u00e9bergements Locansol"},"sameAs":["https:\/\/www.locansol.fr\/"],"url":"https:\/\/www.locansol.fr\/es\/author\/locansol\/"}]}},"_links":{"self":[{"href":"https:\/\/www.locansol.fr\/es\/wp-json\/wp\/v2\/posts\/6522","targetHints":{"allow":["GET"]}}],"collection":[{"href":"https:\/\/www.locansol.fr\/es\/wp-json\/wp\/v2\/posts"}],"about":[{"href":"https:\/\/www.locansol.fr\/es\/wp-json\/wp\/v2\/types\/post"}],"author":[{"embeddable":true,"href":"https:\/\/www.locansol.fr\/es\/wp-json\/wp\/v2\/users\/5"}],"replies":[{"embeddable":true,"href":"https:\/\/www.locansol.fr\/es\/wp-json\/wp\/v2\/comments?post=6522"}],"version-history":[{"count":1,"href":"https:\/\/www.locansol.fr\/es\/wp-json\/wp\/v2\/posts\/6522\/revisions"}],"predecessor-version":[{"id":6523,"href":"https:\/\/www.locansol.fr\/es\/wp-json\/wp\/v2\/posts\/6522\/revisions\/6523"}],"wp:featuredmedia":[{"embeddable":true,"href":"https:\/\/www.locansol.fr\/es\/wp-json\/wp\/v2\/media\/6521"}],"wp:attachment":[{"href":"https:\/\/www.locansol.fr\/es\/wp-json\/wp\/v2\/media?parent=6522"}],"wp:term":[{"taxonomy":"category","embeddable":true,"href":"https:\/\/www.locansol.fr\/es\/wp-json\/wp\/v2\/categories?post=6522"},{"taxonomy":"post_tag","embeddable":true,"href":"https:\/\/www.locansol.fr\/es\/wp-json\/wp\/v2\/tags?post=6522"}],"curies":[{"name":"wp","href":"https:\/\/api.w.org\/{rel}","templated":true}]}}