{"id":6542,"date":"2026-04-25T16:09:10","date_gmt":"2026-04-25T14:09:10","guid":{"rendered":"https:\/\/www.locansol.fr\/exposition-monumentale-perpignan-orgue\/"},"modified":"2026-04-25T16:09:14","modified_gmt":"2026-04-25T14:09:14","slug":"exposition-monumentale-perpignan-orgue","status":"publish","type":"post","link":"https:\/\/www.locansol.fr\/es\/exposition-monumentale-perpignan-orgue\/","title":{"rendered":"Perpignan &#8211; Mars \u00e0 Mai 2024 &#8211; Exposition monumentale \u00e0 la cath\u00e9drale Saint-Jean-Baptiste"},"content":{"rendered":"<p>Plongez dans l\u2019histoire et contemplez des tr\u00e9sors inestimables lors de l\u2019exposition \u00ab La red\u00e9couverte d\u2019un chef-d\u2019\u0153uvre monumental : les volets du grand orgue de la cath\u00e9drale de Perpignan \u00bb. Cet \u00e9v\u00e9nement exceptionnel se tiendra du 24 mars au 31 mai 2024, au 21 Rue Mailly, au c\u0153ur de Perpignan.<\/p>\n<p>Ce rendez-vous culturel est une opportunit\u00e9 rare de d\u00e9couvrir un ensemble patrimonial unique en Europe. Les volets du grand orgue de la cath\u00e9drale Saint-Jean-Baptiste, peintes en 1504, s\u2019imposent par leur imposante beaut\u00e9 : deux panneaux de 12,6 m\u00e8tres de haut sur 4,3 m\u00e8tres de large, offrant ensemble plus de 166 m\u00b2 d\u2019art pictural. R\u00e9alis\u00e9es \u00e0 la d\u00e9trempe sur toile, ces \u0153uvres fascinantes pr\u00e9sentent une face principale richement polychrom\u00e9e et une grisaille au revers, r\u00e9v\u00e9lant, \u00e0 travers chaque d\u00e9tail finement travaill\u00e9, la ma\u00eetrise artistique de la Renaissance.<\/p>\n<p>Ces volets n\u2019\u00e9taient pas seulement des cr\u00e9ations artistiques, mais des supports liturgiques essentiels. Ils orchestrent un dialogue entre musique, architecture et imagerie sacr\u00e9e, se d\u00e9ployant jadis suivant le calendrier liturgique pour accompagner les c\u00e9l\u00e9brations religieuses. Malheureusement, ces chefs-d\u2019\u0153uvre avaient \u00e9t\u00e9 quelque peu oubli\u00e9s au fil des si\u00e8cles, notamment apr\u00e8s leur d\u00e9placement au XIXe si\u00e8cle. Initialement fix\u00e9s au buffet de l\u2019orgue, les volets furent scell\u00e9s aux murs, loin des regards attentifs du public, ce qui masquait leur pleine magnificence.<\/p>\n<p>Depuis 2022, une minutieuse campagne de restauration a \u00e9t\u00e9 entreprise sous la direction des experts de la Direction r\u00e9gionale des affaires culturelles d\u2019Occitanie. Ce travail m\u00e9ticuleux a non seulement permis de redonner tout leur \u00e9clat \u00e0 ces g\u00e9ants de la peinture, mais aussi de percer les myst\u00e8res de leur histoire et de leur fabrication. R\u00e9sultat : une exposition qui sublime ces \u0153uvres et \u00e9claire les visiteurs sur leur contexte historique et artistique.<\/p>\n<p>La pr\u00e9sentation a \u00e9t\u00e9 pens\u00e9e pour permettre une approche progressive et \u00e9ducative. Les visiteurs auront la chance de saisir la richesse des d\u00e9tails, des symboles et des techniques picturales qui fa\u00e7onnent ces volets. Habitu\u00e9s \u00e0 les voir de loin voire pas du tout, ils pourront d\u00e9sormais en admirer chaque centim\u00e8tre dans une mus\u00e9ographie immersive et captivante. Outre le plaisir des yeux, cette exposition met en avant l\u2019histoire rendue vivante par la science et les savoir-faire artisanaux.<\/p>\n<p>Que l\u2019on soit passionn\u00e9 d\u2019art, de patrimoine ou simplement curieux, cette exposition s\u2019adresse \u00e0 un large public. Les tarifs accessibles, avec un plein tarif \u00e9tabli \u00e0 8 \u20ac, permettent \u00e0 chacun de plonger dans cet univers \u00e0 la fois artistique et spirituel. Les familles, les groupes d\u2019amis ou encore les amateurs d\u2019architecture y trouveront tous de quoi s\u2019\u00e9merveiller.<\/p>\n<p>Venez red\u00e9couvrir un tr\u00e9sor exceptionnel de l\u2019histoire europ\u00e9enne en plein c\u0153ur de Perpignan. Entre le poids de l\u2019histoire et la finesse de l\u2019art, l\u2019exposition \u00ab La red\u00e9couverte d\u2019un chef-d\u2019\u0153uvre monumental \u00bb promet de marquer les esprits. Ne manquez pas cette chance unique de voir sous un nouveau jour ces t\u00e9moins d\u2019un pass\u00e9 grandiose.<\/p>\n<h3>Informaci\u00f3n pr\u00e1ctica<\/h3>\n<p>\ud83d\udcc5 QUAND ? Du 24 mars au 31 mai 2024<br \/>\ud83d\udccd O\u00d9 ? 21 Rue Mailly, Perpignan<br \/>\ud83d\udcb6 COMBIEN ? 8,00 \u20ac<\/p>","protected":false},"excerpt":{"rendered":"<p>Plongez dans l\u2019histoire et la beaut\u00e9 spectaculaire des volets monumentaux du grand orgue de la cath\u00e9drale de Perpignan, dans une exposition exceptionnelle du 24 mars au 31 mai 2024.<\/p>","protected":false},"author":5,"featured_media":6538,"comment_status":"closed","ping_status":"open","sticky":false,"template":"","format":"standard","meta":{"_yoast_wpseo_focuskw":"Exposition monumentale Perpignan orgue","_yoast_wpseo_title":"Exposition monumentale \u00e0 la cath\u00e9drale Saint-Jean-Baptiste Perpignan","_yoast_wpseo_metadesc":"Exposition monumentale \u00e0 la cath\u00e9drale Saint-Jean-Baptiste Perpignan. D\u00e9couvrez les volets du grand orgue, chefs-d\u2019\u0153uvre de la Renaissance, dans les Pyr\u00e9n\u00e9es-Orientales. Une exp\u00e9rience immersive unique.","_yoast_wpseo_canonical":"","_yoast_wpseo_opengraph-title":"D\u00e9couvrez un tr\u00e9sor cach\u00e9 : les volets du grand orgue de Perpignan","_yoast_wpseo_opengraph-description":"Plongez dans l\u2019histoire et admirez les volets du grand orgue de la cath\u00e9drale de Perpignan. Une exp\u00e9rience immersive au c\u0153ur de l\u2019art et de la spiritualit\u00e9.","_yoast_wpseo_opengraph-image":"https:\/\/www.locansol.fr\/wp-content\/uploads\/2026\/04\/exposition-monumentale-perpignan-orgue.webp","_yoast_wpseo_opengraph-image-id":"","_yoast_wpseo_twitter-title":"D\u00e9couvrez les tr\u00e9sors cach\u00e9s de Perpignan","_yoast_wpseo_twitter-description":"Plongez dans l\u2019histoire et admirez les volets du grand orgue de la cath\u00e9drale de Perpignan. Une exp\u00e9rience immersive unique \u00e0 ne pas manquer.","_yoast_wpseo_twitter-image":"https:\/\/www.locansol.fr\/wp-content\/uploads\/2026\/04\/exposition-monumentale-perpignan-orgue.webp","_yoast_wpseo_twitter-image-id":"","yoast_primary_category":"Exposition","footnotes":""},"categories":[35],"tags":[66,76],"class_list":["post-6542","post","type-post","status-publish","format-standard","has-post-thumbnail","hentry","category-carnaval","tag-evenement-culturel","tag-pyrenees-orientales"],"yoast_head":"<!-- This site is optimized with the Yoast SEO Premium plugin v23.3 (Yoast SEO v26.9) - https:\/\/yoast.com\/product\/yoast-seo-premium-wordpress\/ -->\n<title>Exposition monumentale \u00e0 la cath\u00e9drale Saint-Jean-Baptiste Perpignan<\/title>\n<meta name=\"description\" content=\"Exposition monumentale \u00e0 la cath\u00e9drale Saint-Jean-Baptiste Perpignan. D\u00e9couvrez les volets du grand orgue, chefs-d\u2019\u0153uvre de la Renaissance, dans les Pyr\u00e9n\u00e9es-Orientales. Une exp\u00e9rience immersive unique.\" \/>\n<meta name=\"robots\" content=\"index, follow, max-snippet:-1, max-image-preview:large, max-video-preview:-1\" \/>\n<link rel=\"canonical\" href=\"https:\/\/www.locansol.fr\/es\/exposition-monumentale-perpignan-orgue\/\" \/>\n<meta property=\"og:locale\" content=\"es_ES\" \/>\n<meta property=\"og:type\" content=\"article\" \/>\n<meta property=\"og:title\" content=\"D\u00e9couvrez un tr\u00e9sor cach\u00e9 : les volets du grand orgue de Perpignan\" \/>\n<meta property=\"og:description\" content=\"Plongez dans l\u2019histoire et admirez les volets du grand orgue de la cath\u00e9drale de Perpignan. Une exp\u00e9rience immersive au c\u0153ur de l\u2019art et de la spiritualit\u00e9.\" \/>\n<meta property=\"og:url\" content=\"https:\/\/www.locansol.fr\/es\/exposition-monumentale-perpignan-orgue\/\" \/>\n<meta property=\"og:site_name\" content=\"Locansol, louer un h\u00e9bergement dans les Pyr\u00e9n\u00e9es Orientales\" \/>\n<meta property=\"article:published_time\" content=\"2026-04-25T14:09:10+00:00\" \/>\n<meta property=\"article:modified_time\" content=\"2026-04-25T14:09:14+00:00\" \/>\n<meta property=\"og:image\" content=\"https:\/\/www.locansol.fr\/wp-content\/uploads\/2026\/04\/exposition-monumentale-perpignan-orgue.webp\" \/>\n<meta name=\"author\" content=\"H\u00e9bergements Locansol\" \/>\n<meta name=\"twitter:card\" content=\"summary_large_image\" \/>\n<meta name=\"twitter:title\" content=\"D\u00e9couvrez les tr\u00e9sors cach\u00e9s de Perpignan\" \/>\n<meta name=\"twitter:description\" content=\"Plongez dans l\u2019histoire et admirez les volets du grand orgue de la cath\u00e9drale de Perpignan. Une exp\u00e9rience immersive unique \u00e0 ne pas manquer.\" \/>\n<meta name=\"twitter:image\" content=\"https:\/\/www.locansol.fr\/wp-content\/uploads\/2026\/04\/exposition-monumentale-perpignan-orgue.webp\" \/>\n<meta name=\"twitter:label1\" content=\"Escrito por\" \/>\n\t<meta name=\"twitter:data1\" content=\"H\u00e9bergements Locansol\" \/>\n\t<meta name=\"twitter:label2\" content=\"Tiempo de lectura\" \/>\n\t<meta name=\"twitter:data2\" content=\"3 minutos\" \/>\n<script type=\"application\/ld+json\" class=\"yoast-schema-graph\">{\"@context\":\"https:\/\/schema.org\",\"@graph\":[{\"@type\":\"Article\",\"@id\":\"https:\/\/www.locansol.fr\/exposition-monumentale-perpignan-orgue\/#article\",\"isPartOf\":{\"@id\":\"https:\/\/www.locansol.fr\/exposition-monumentale-perpignan-orgue\/\"},\"author\":{\"name\":\"H\u00e9bergements Locansol\",\"@id\":\"https:\/\/www.locansol.fr\/#\/schema\/person\/0b08d440f1ac44674c6d498107de351d\"},\"headline\":\"Perpignan &#8211; Mars \u00e0 Mai 2024 &#8211; Exposition monumentale \u00e0 la cath\u00e9drale Saint-Jean-Baptiste\",\"datePublished\":\"2026-04-25T14:09:10+00:00\",\"dateModified\":\"2026-04-25T14:09:14+00:00\",\"mainEntityOfPage\":{\"@id\":\"https:\/\/www.locansol.fr\/exposition-monumentale-perpignan-orgue\/\"},\"wordCount\":542,\"publisher\":{\"@id\":\"https:\/\/www.locansol.fr\/#organization\"},\"image\":{\"@id\":\"https:\/\/www.locansol.fr\/exposition-monumentale-perpignan-orgue\/#primaryimage\"},\"thumbnailUrl\":\"https:\/\/www.locansol.fr\/wp-content\/uploads\/2026\/04\/exposition-monumentale-perpignan-orgue.webp\",\"keywords\":[\"\u00c9v\u00e8nement culturel\",\"Pyr\u00e9n\u00e9es-Orientales\"],\"articleSection\":[\"Carnaval\"],\"inLanguage\":\"es\"},{\"@type\":\"WebPage\",\"@id\":\"https:\/\/www.locansol.fr\/exposition-monumentale-perpignan-orgue\/\",\"url\":\"https:\/\/www.locansol.fr\/exposition-monumentale-perpignan-orgue\/\",\"name\":\"Exposition monumentale \u00e0 la cath\u00e9drale Saint-Jean-Baptiste Perpignan\",\"isPartOf\":{\"@id\":\"https:\/\/www.locansol.fr\/#website\"},\"primaryImageOfPage\":{\"@id\":\"https:\/\/www.locansol.fr\/exposition-monumentale-perpignan-orgue\/#primaryimage\"},\"image\":{\"@id\":\"https:\/\/www.locansol.fr\/exposition-monumentale-perpignan-orgue\/#primaryimage\"},\"thumbnailUrl\":\"https:\/\/www.locansol.fr\/wp-content\/uploads\/2026\/04\/exposition-monumentale-perpignan-orgue.webp\",\"datePublished\":\"2026-04-25T14:09:10+00:00\",\"dateModified\":\"2026-04-25T14:09:14+00:00\",\"description\":\"Exposition monumentale \u00e0 la cath\u00e9drale Saint-Jean-Baptiste Perpignan. D\u00e9couvrez les volets du grand orgue, chefs-d\u2019\u0153uvre de la Renaissance, dans les Pyr\u00e9n\u00e9es-Orientales. Une exp\u00e9rience immersive unique.\",\"breadcrumb\":{\"@id\":\"https:\/\/www.locansol.fr\/exposition-monumentale-perpignan-orgue\/#breadcrumb\"},\"inLanguage\":\"es\",\"potentialAction\":[{\"@type\":\"ReadAction\",\"target\":[\"https:\/\/www.locansol.fr\/exposition-monumentale-perpignan-orgue\/\"]}]},{\"@type\":\"ImageObject\",\"inLanguage\":\"es\",\"@id\":\"https:\/\/www.locansol.fr\/exposition-monumentale-perpignan-orgue\/#primaryimage\",\"url\":\"https:\/\/www.locansol.fr\/wp-content\/uploads\/2026\/04\/exposition-monumentale-perpignan-orgue.webp\",\"contentUrl\":\"https:\/\/www.locansol.fr\/wp-content\/uploads\/2026\/04\/exposition-monumentale-perpignan-orgue.webp\",\"width\":1024,\"height\":605,\"caption\":\"Exposition monumentale \u00e0 la cath\u00e9drale Saint-Jean-Baptiste Perpignan\"},{\"@type\":\"BreadcrumbList\",\"@id\":\"https:\/\/www.locansol.fr\/exposition-monumentale-perpignan-orgue\/#breadcrumb\",\"itemListElement\":[{\"@type\":\"ListItem\",\"position\":1,\"name\":\"Accueil\",\"item\":\"https:\/\/www.locansol.fr\/\"},{\"@type\":\"ListItem\",\"position\":2,\"name\":\"Perpignan &#8211; Mars \u00e0 Mai 2024 &#8211; Exposition monumentale \u00e0 la cath\u00e9drale Saint-Jean-Baptiste\"}]},{\"@type\":\"WebSite\",\"@id\":\"https:\/\/www.locansol.fr\/#website\",\"url\":\"https:\/\/www.locansol.fr\/\",\"name\":\"Locansol, louer un h\u00e9bergement dans les Pyr\u00e9n\u00e9es-Orientales\",\"description\":\"Location Mobil-home Mer M\u00e9diterran\u00e9e &amp; Chalet de Montagne dans les Pyr\u00e9n\u00e9es Orientales (Occitanie, 66). Weekend, s\u00e9jour &amp; vacances en famille et entre amis.\",\"publisher\":{\"@id\":\"https:\/\/www.locansol.fr\/#organization\"},\"alternateName\":\"Louer un h\u00e9bergement dans les Pyr\u00e9n\u00e9es Orientales, chalet & mobil-home en Occitanie\",\"potentialAction\":[{\"@type\":\"SearchAction\",\"target\":{\"@type\":\"EntryPoint\",\"urlTemplate\":\"https:\/\/www.locansol.fr\/?s={search_term_string}\"},\"query-input\":{\"@type\":\"PropertyValueSpecification\",\"valueRequired\":true,\"valueName\":\"search_term_string\"}}],\"inLanguage\":\"es\"},{\"@type\":\"Organization\",\"@id\":\"https:\/\/www.locansol.fr\/#organization\",\"name\":\"Location MobilHome & chalet dans les Pyr\u00e9n\u00e9es Orientales\",\"alternateName\":\"Louer un h\u00e9bergement dans les Pyr\u00e9n\u00e9es Orientales en Occitanie\",\"url\":\"https:\/\/www.locansol.fr\/\",\"logo\":{\"@type\":\"ImageObject\",\"inLanguage\":\"es\",\"@id\":\"https:\/\/www.locansol.fr\/#\/schema\/logo\/image\/\",\"url\":\"https:\/\/www.locansol.fr\/wp-content\/uploads\/2024\/04\/AdobeStock_303324767-scaled.jpeg\",\"contentUrl\":\"https:\/\/www.locansol.fr\/wp-content\/uploads\/2024\/04\/AdobeStock_303324767-scaled.jpeg\",\"width\":2560,\"height\":1707,\"caption\":\"Location MobilHome & chalet dans les Pyr\u00e9n\u00e9es Orientales\"},\"image\":{\"@id\":\"https:\/\/www.locansol.fr\/#\/schema\/logo\/image\/\"}},{\"@type\":\"Person\",\"@id\":\"https:\/\/www.locansol.fr\/#\/schema\/person\/0b08d440f1ac44674c6d498107de351d\",\"name\":\"H\u00e9bergements Locansol\",\"image\":{\"@type\":\"ImageObject\",\"inLanguage\":\"es\",\"@id\":\"https:\/\/www.locansol.fr\/#\/schema\/person\/image\/\",\"url\":\"https:\/\/secure.gravatar.com\/avatar\/444436b93284204f8116b6e0eb964cd3fcb811519c737232bde6dd5743c37ee5?s=96&d=mm&r=g\",\"contentUrl\":\"https:\/\/secure.gravatar.com\/avatar\/444436b93284204f8116b6e0eb964cd3fcb811519c737232bde6dd5743c37ee5?s=96&d=mm&r=g\",\"caption\":\"H\u00e9bergements Locansol\"},\"sameAs\":[\"https:\/\/www.locansol.fr\/\"],\"url\":\"https:\/\/www.locansol.fr\/es\/author\/locansol\/\"}]}<\/script>\n<!-- \/ Yoast SEO Premium plugin. -->","yoast_head_json":{"title":"Exposition monumentale \u00e0 la cath\u00e9drale Saint-Jean-Baptiste Perpignan","description":"Exposition monumentale \u00e0 la cath\u00e9drale Saint-Jean-Baptiste Perpignan. D\u00e9couvrez les volets du grand orgue, chefs-d\u2019\u0153uvre de la Renaissance, dans les Pyr\u00e9n\u00e9es-Orientales. Une exp\u00e9rience immersive unique.","robots":{"index":"index","follow":"follow","max-snippet":"max-snippet:-1","max-image-preview":"max-image-preview:large","max-video-preview":"max-video-preview:-1"},"canonical":"https:\/\/www.locansol.fr\/es\/exposition-monumentale-perpignan-orgue\/","og_locale":"es_ES","og_type":"article","og_title":"D\u00e9couvrez un tr\u00e9sor cach\u00e9 : les volets du grand orgue de Perpignan","og_description":"Plongez dans l\u2019histoire et admirez les volets du grand orgue de la cath\u00e9drale de Perpignan. Une exp\u00e9rience immersive au c\u0153ur de l\u2019art et de la spiritualit\u00e9.","og_url":"https:\/\/www.locansol.fr\/es\/exposition-monumentale-perpignan-orgue\/","og_site_name":"Locansol, louer un h\u00e9bergement dans les Pyr\u00e9n\u00e9es Orientales","article_published_time":"2026-04-25T14:09:10+00:00","article_modified_time":"2026-04-25T14:09:14+00:00","og_image":[{"url":"https:\/\/www.locansol.fr\/wp-content\/uploads\/2026\/04\/exposition-monumentale-perpignan-orgue.webp","type":"","width":"","height":""}],"author":"H\u00e9bergements Locansol","twitter_card":"summary_large_image","twitter_title":"D\u00e9couvrez les tr\u00e9sors cach\u00e9s de Perpignan","twitter_description":"Plongez dans l\u2019histoire et admirez les volets du grand orgue de la cath\u00e9drale de Perpignan. Une exp\u00e9rience immersive unique \u00e0 ne pas manquer.","twitter_image":"https:\/\/www.locansol.fr\/wp-content\/uploads\/2026\/04\/exposition-monumentale-perpignan-orgue.webp","twitter_misc":{"Escrito por":"H\u00e9bergements Locansol","Tiempo de lectura":"3 minutos"},"schema":{"@context":"https:\/\/schema.org","@graph":[{"@type":"Article","@id":"https:\/\/www.locansol.fr\/exposition-monumentale-perpignan-orgue\/#article","isPartOf":{"@id":"https:\/\/www.locansol.fr\/exposition-monumentale-perpignan-orgue\/"},"author":{"name":"H\u00e9bergements Locansol","@id":"https:\/\/www.locansol.fr\/#\/schema\/person\/0b08d440f1ac44674c6d498107de351d"},"headline":"Perpignan &#8211; Mars \u00e0 Mai 2024 &#8211; Exposition monumentale \u00e0 la cath\u00e9drale Saint-Jean-Baptiste","datePublished":"2026-04-25T14:09:10+00:00","dateModified":"2026-04-25T14:09:14+00:00","mainEntityOfPage":{"@id":"https:\/\/www.locansol.fr\/exposition-monumentale-perpignan-orgue\/"},"wordCount":542,"publisher":{"@id":"https:\/\/www.locansol.fr\/#organization"},"image":{"@id":"https:\/\/www.locansol.fr\/exposition-monumentale-perpignan-orgue\/#primaryimage"},"thumbnailUrl":"https:\/\/www.locansol.fr\/wp-content\/uploads\/2026\/04\/exposition-monumentale-perpignan-orgue.webp","keywords":["\u00c9v\u00e8nement culturel","Pyr\u00e9n\u00e9es-Orientales"],"articleSection":["Carnaval"],"inLanguage":"es"},{"@type":"WebPage","@id":"https:\/\/www.locansol.fr\/exposition-monumentale-perpignan-orgue\/","url":"https:\/\/www.locansol.fr\/exposition-monumentale-perpignan-orgue\/","name":"Exposition monumentale \u00e0 la cath\u00e9drale Saint-Jean-Baptiste Perpignan","isPartOf":{"@id":"https:\/\/www.locansol.fr\/#website"},"primaryImageOfPage":{"@id":"https:\/\/www.locansol.fr\/exposition-monumentale-perpignan-orgue\/#primaryimage"},"image":{"@id":"https:\/\/www.locansol.fr\/exposition-monumentale-perpignan-orgue\/#primaryimage"},"thumbnailUrl":"https:\/\/www.locansol.fr\/wp-content\/uploads\/2026\/04\/exposition-monumentale-perpignan-orgue.webp","datePublished":"2026-04-25T14:09:10+00:00","dateModified":"2026-04-25T14:09:14+00:00","description":"Exposition monumentale \u00e0 la cath\u00e9drale Saint-Jean-Baptiste Perpignan. D\u00e9couvrez les volets du grand orgue, chefs-d\u2019\u0153uvre de la Renaissance, dans les Pyr\u00e9n\u00e9es-Orientales. Une exp\u00e9rience immersive unique.","breadcrumb":{"@id":"https:\/\/www.locansol.fr\/exposition-monumentale-perpignan-orgue\/#breadcrumb"},"inLanguage":"es","potentialAction":[{"@type":"ReadAction","target":["https:\/\/www.locansol.fr\/exposition-monumentale-perpignan-orgue\/"]}]},{"@type":"ImageObject","inLanguage":"es","@id":"https:\/\/www.locansol.fr\/exposition-monumentale-perpignan-orgue\/#primaryimage","url":"https:\/\/www.locansol.fr\/wp-content\/uploads\/2026\/04\/exposition-monumentale-perpignan-orgue.webp","contentUrl":"https:\/\/www.locansol.fr\/wp-content\/uploads\/2026\/04\/exposition-monumentale-perpignan-orgue.webp","width":1024,"height":605,"caption":"Exposition monumentale \u00e0 la cath\u00e9drale Saint-Jean-Baptiste Perpignan"},{"@type":"BreadcrumbList","@id":"https:\/\/www.locansol.fr\/exposition-monumentale-perpignan-orgue\/#breadcrumb","itemListElement":[{"@type":"ListItem","position":1,"name":"Accueil","item":"https:\/\/www.locansol.fr\/"},{"@type":"ListItem","position":2,"name":"Perpignan &#8211; Mars \u00e0 Mai 2024 &#8211; Exposition monumentale \u00e0 la cath\u00e9drale Saint-Jean-Baptiste"}]},{"@type":"WebSite","@id":"https:\/\/www.locansol.fr\/#website","url":"https:\/\/www.locansol.fr\/","name":"Locansol, louer un h\u00e9bergement dans les Pyr\u00e9n\u00e9es-Orientales","description":"Location Mobil-home Mer M\u00e9diterran\u00e9e &amp; Chalet de Montagne dans les Pyr\u00e9n\u00e9es Orientales (Occitanie, 66). Weekend, s\u00e9jour &amp; vacances en famille et entre amis.","publisher":{"@id":"https:\/\/www.locansol.fr\/#organization"},"alternateName":"Louer un h\u00e9bergement dans les Pyr\u00e9n\u00e9es Orientales, chalet & mobil-home en Occitanie","potentialAction":[{"@type":"SearchAction","target":{"@type":"EntryPoint","urlTemplate":"https:\/\/www.locansol.fr\/?s={search_term_string}"},"query-input":{"@type":"PropertyValueSpecification","valueRequired":true,"valueName":"search_term_string"}}],"inLanguage":"es"},{"@type":"Organization","@id":"https:\/\/www.locansol.fr\/#organization","name":"Location MobilHome & chalet dans les Pyr\u00e9n\u00e9es Orientales","alternateName":"Louer un h\u00e9bergement dans les Pyr\u00e9n\u00e9es Orientales en Occitanie","url":"https:\/\/www.locansol.fr\/","logo":{"@type":"ImageObject","inLanguage":"es","@id":"https:\/\/www.locansol.fr\/#\/schema\/logo\/image\/","url":"https:\/\/www.locansol.fr\/wp-content\/uploads\/2024\/04\/AdobeStock_303324767-scaled.jpeg","contentUrl":"https:\/\/www.locansol.fr\/wp-content\/uploads\/2024\/04\/AdobeStock_303324767-scaled.jpeg","width":2560,"height":1707,"caption":"Location MobilHome & chalet dans les Pyr\u00e9n\u00e9es Orientales"},"image":{"@id":"https:\/\/www.locansol.fr\/#\/schema\/logo\/image\/"}},{"@type":"Person","@id":"https:\/\/www.locansol.fr\/#\/schema\/person\/0b08d440f1ac44674c6d498107de351d","name":"H\u00e9bergements Locansol","image":{"@type":"ImageObject","inLanguage":"es","@id":"https:\/\/www.locansol.fr\/#\/schema\/person\/image\/","url":"https:\/\/secure.gravatar.com\/avatar\/444436b93284204f8116b6e0eb964cd3fcb811519c737232bde6dd5743c37ee5?s=96&d=mm&r=g","contentUrl":"https:\/\/secure.gravatar.com\/avatar\/444436b93284204f8116b6e0eb964cd3fcb811519c737232bde6dd5743c37ee5?s=96&d=mm&r=g","caption":"H\u00e9bergements Locansol"},"sameAs":["https:\/\/www.locansol.fr\/"],"url":"https:\/\/www.locansol.fr\/es\/author\/locansol\/"}]}},"_links":{"self":[{"href":"https:\/\/www.locansol.fr\/es\/wp-json\/wp\/v2\/posts\/6542","targetHints":{"allow":["GET"]}}],"collection":[{"href":"https:\/\/www.locansol.fr\/es\/wp-json\/wp\/v2\/posts"}],"about":[{"href":"https:\/\/www.locansol.fr\/es\/wp-json\/wp\/v2\/types\/post"}],"author":[{"embeddable":true,"href":"https:\/\/www.locansol.fr\/es\/wp-json\/wp\/v2\/users\/5"}],"replies":[{"embeddable":true,"href":"https:\/\/www.locansol.fr\/es\/wp-json\/wp\/v2\/comments?post=6542"}],"version-history":[{"count":1,"href":"https:\/\/www.locansol.fr\/es\/wp-json\/wp\/v2\/posts\/6542\/revisions"}],"predecessor-version":[{"id":6543,"href":"https:\/\/www.locansol.fr\/es\/wp-json\/wp\/v2\/posts\/6542\/revisions\/6543"}],"wp:featuredmedia":[{"embeddable":true,"href":"https:\/\/www.locansol.fr\/es\/wp-json\/wp\/v2\/media\/6538"}],"wp:attachment":[{"href":"https:\/\/www.locansol.fr\/es\/wp-json\/wp\/v2\/media?parent=6542"}],"wp:term":[{"taxonomy":"category","embeddable":true,"href":"https:\/\/www.locansol.fr\/es\/wp-json\/wp\/v2\/categories?post=6542"},{"taxonomy":"post_tag","embeddable":true,"href":"https:\/\/www.locansol.fr\/es\/wp-json\/wp\/v2\/tags?post=6542"}],"curies":[{"name":"wp","href":"https:\/\/api.w.org\/{rel}","templated":true}]}}