{"id":6547,"date":"2026-04-25T16:15:05","date_gmt":"2026-04-25T14:15:05","guid":{"rendered":"https:\/\/www.locansol.fr\/exposition-plumes-oeufs-prades\/"},"modified":"2026-04-25T16:15:09","modified_gmt":"2026-04-25T14:15:09","slug":"exposition-plumes-oeufs-prades","status":"publish","type":"post","link":"https:\/\/www.locansol.fr\/es\/exposition-plumes-oeufs-prades\/","title":{"rendered":"Prades &#8211; 21 avril au 30 mai &#8211; Exposition \u00ab De plumes en \u0153ufs \u00bb : Un hommage au printemps et \u00e0 la vie"},"content":{"rendered":"<p>Envie d\u2019une parenth\u00e8se artistique et po\u00e9tique ? Direction Prades, o\u00f9 l\u2019Espace Martin-Viv\u00e8s accueille, du 21 avril au 30 mai, l\u2019exposition \u00ab De plumes en \u0153ufs \u00bb. Cet \u00e9v\u00e9nement met \u00e0 l\u2019honneur deux artistes talentueuses, Anne-Marie Hage et Marie-Line Marsaux, qui revisitent avec douceur et sensibilit\u00e9 l\u2019univers du poulailler \u00e0 travers leurs \u0153uvres respectives.<\/p>\n<p>Dans une atmosph\u00e8re printani\u00e8re empreinte de s\u00e9r\u00e9nit\u00e9, partez \u00e0 la d\u00e9couverte d\u2019un dialogue enchanteur entre peinture et c\u00e9ramique. Anne-Marie Hage, peintre, joue des couleurs d\u00e9licates de l\u2019aquarelle pour immortaliser la gr\u00e2ce naturelle des volatiles. Ses tableaux captivants d\u00e9voilent toute la l\u00e9g\u00e8ret\u00e9 et la beaut\u00e9 des poules, mettant en avant leurs postures \u00e9l\u00e9gantes et la richesse fascinante de leurs plumages. De son c\u00f4t\u00e9, Marie-Line Marsaux, c\u00e9ramiste, s\u2019attache \u00e0 sublimer la puret\u00e9 de l\u2019\u0153uf, symbole universel de vie, de naissance et de renouveau. Gr\u00e2ce \u00e0 son travail minutieux de l\u2019argile, elle parvient \u00e0 cr\u00e9er des pi\u00e8ces uniques et po\u00e9tiques, v\u00e9ritables reflets de la fragilit\u00e9 et de la simplicit\u00e9 originelle.<\/p>\n<p>L\u2019Espace Martin-Viv\u00e8s, situ\u00e9 au 81Bis rue du Palais de Justice \u00e0 Prades, offre un cadre parfait pour rendre hommage \u00e0 ce th\u00e8me original et inspirant. Ce lieu empreint de charme et de convivialit\u00e9 permet aux visiteurs de s\u2019immerger pleinement dans l\u2019univers artistique singulier des deux exposantes.<\/p>\n<p>L\u2019exposition \u00ab De plumes en \u0153ufs \u00bb constitue une sortie id\u00e9ale pour les amateurs d\u2019art, les passionn\u00e9s de nature ou tout simplement ceux en qu\u00eate d\u2019un moment d\u2019\u00e9vasion. Avec une entr\u00e9e gratuite, cet \u00e9v\u00e9nement invite petits et grands \u00e0 vivre une exp\u00e9rience unique, entre \u00e9merveillement et r\u00e9flexion, tout en c\u00e9l\u00e9brant le printemps et les festivit\u00e9s pascales.<\/p>\n<p>Pour plus d\u2019informations sur les horaires et les d\u00e9tails, nous vous recommandons de consulter les sites des \u00e9v\u00e9nements culturels de Prades. Alors, laissez-vous tenter par cette belle promenade artistique et venez explorer l\u2019univers fascinant du poulailler vu \u00e0 travers deux regards d\u2019artistes talentueuses.<\/p>\n<h3>Informaci\u00f3n pr\u00e1ctica<\/h3>\n<p>\ud83d\udcc5 QUAND ? Du 21 avril au 30 mai<br \/>\ud83d\udccd O\u00d9 ? Espace Martin-Viv\u00e8s, 81Bis rue du Palais de justice, Prades<br \/>\ud83d\udcb6 COMBIEN ? Gratuit<\/p>","protected":false},"excerpt":{"rendered":"<p>\u00c0 Prades, du 21 avril au 30 mai, explorez l\u2019exposition \u00ab De plumes en \u0153ufs \u00bb et d\u00e9couvrez les \u0153uvres po\u00e9tiques de deux artistes rendant hommage \u00e0 l\u2019univers champ\u00eatre du poulailler.<\/p>","protected":false},"author":5,"featured_media":6546,"comment_status":"closed","ping_status":"open","sticky":false,"template":"","format":"standard","meta":{"_yoast_wpseo_focuskw":"Exposition artistique Prades printemps","_yoast_wpseo_title":"Exposition De plumes en \u0153ufs Prades - Hommage printanier","_yoast_wpseo_metadesc":"Exposition De plumes en \u0153ufs Prades. D\u00e9couvrez l'univers po\u00e9tique de deux artistes \u00e0 l'Espace Martin-Viv\u00e8s. Entr\u00e9e gratuite. Pyr\u00e9n\u00e9es-Orientales.","_yoast_wpseo_canonical":"","_yoast_wpseo_opengraph-title":"\u00c9merveillement printanier : Prades c\u00e9l\u00e8bre l'art du poulailler \u2014 Peinture et c\u00e9ramique","_yoast_wpseo_opengraph-description":"Plongez dans un univers de douceur et de po\u00e9sie o\u00f9 poules et \u0153ufs deviennent \u0153uvres d'art. Une exposition \u00e0 ne pas manquer \u00e0 Prades.","_yoast_wpseo_opengraph-image":"https:\/\/www.locansol.fr\/wp-content\/uploads\/2026\/04\/exposition-plumes-oeufs-prades.webp","_yoast_wpseo_opengraph-image-id":"","_yoast_wpseo_twitter-title":"D\u00e9couvrez l'exposition De plumes en \u0153ufs \u00e0 Prades : un hommage au printemps","_yoast_wpseo_twitter-description":"Laissez-vous transporter par la po\u00e9sie des \u0153uvres d'Anne-Marie Hage et Marie-Line Marsaux. Une exposition gratuite \u00e0 Prades pour c\u00e9l\u00e9brer le printemps.","_yoast_wpseo_twitter-image":"https:\/\/www.locansol.fr\/wp-content\/uploads\/2026\/04\/exposition-plumes-oeufs-prades.webp","_yoast_wpseo_twitter-image-id":"","yoast_primary_category":"Exposition","footnotes":""},"categories":[35],"tags":[66,76],"class_list":["post-6547","post","type-post","status-publish","format-standard","has-post-thumbnail","hentry","category-carnaval","tag-evenement-culturel","tag-pyrenees-orientales"],"yoast_head":"<!-- This site is optimized with the Yoast SEO Premium plugin v23.3 (Yoast SEO v26.9) - https:\/\/yoast.com\/product\/yoast-seo-premium-wordpress\/ -->\n<title>Exposition De plumes en \u0153ufs Prades - Hommage printanier<\/title>\n<meta name=\"description\" content=\"Exposition De plumes en \u0153ufs Prades. D\u00e9couvrez l&#039;univers po\u00e9tique de deux artistes \u00e0 l&#039;Espace Martin-Viv\u00e8s. Entr\u00e9e gratuite. Pyr\u00e9n\u00e9es-Orientales.\" \/>\n<meta name=\"robots\" content=\"index, follow, max-snippet:-1, max-image-preview:large, max-video-preview:-1\" \/>\n<link rel=\"canonical\" href=\"https:\/\/www.locansol.fr\/es\/exposition-plumes-oeufs-prades\/\" \/>\n<meta property=\"og:locale\" content=\"es_ES\" \/>\n<meta property=\"og:type\" content=\"article\" \/>\n<meta property=\"og:title\" content=\"\u00c9merveillement printanier : Prades c\u00e9l\u00e8bre l&#039;art du poulailler \u2014 Peinture et c\u00e9ramique\" \/>\n<meta property=\"og:description\" content=\"Plongez dans un univers de douceur et de po\u00e9sie o\u00f9 poules et \u0153ufs deviennent \u0153uvres d&#039;art. Une exposition \u00e0 ne pas manquer \u00e0 Prades.\" \/>\n<meta property=\"og:url\" content=\"https:\/\/www.locansol.fr\/es\/exposition-plumes-oeufs-prades\/\" \/>\n<meta property=\"og:site_name\" content=\"Locansol, louer un h\u00e9bergement dans les Pyr\u00e9n\u00e9es Orientales\" \/>\n<meta property=\"article:published_time\" content=\"2026-04-25T14:15:05+00:00\" \/>\n<meta property=\"article:modified_time\" content=\"2026-04-25T14:15:09+00:00\" \/>\n<meta property=\"og:image\" content=\"https:\/\/www.locansol.fr\/wp-content\/uploads\/2026\/04\/exposition-plumes-oeufs-prades.webp\" \/>\n<meta name=\"author\" content=\"H\u00e9bergements Locansol\" \/>\n<meta name=\"twitter:card\" content=\"summary_large_image\" \/>\n<meta name=\"twitter:title\" content=\"D\u00e9couvrez l&#039;exposition De plumes en \u0153ufs \u00e0 Prades : un hommage au printemps\" \/>\n<meta name=\"twitter:description\" content=\"Laissez-vous transporter par la po\u00e9sie des \u0153uvres d&#039;Anne-Marie Hage et Marie-Line Marsaux. Une exposition gratuite \u00e0 Prades pour c\u00e9l\u00e9brer le printemps.\" \/>\n<meta name=\"twitter:image\" content=\"https:\/\/www.locansol.fr\/wp-content\/uploads\/2026\/04\/exposition-plumes-oeufs-prades.webp\" \/>\n<meta name=\"twitter:label1\" content=\"Escrito por\" \/>\n\t<meta name=\"twitter:data1\" content=\"H\u00e9bergements Locansol\" \/>\n\t<meta name=\"twitter:label2\" content=\"Tiempo de lectura\" \/>\n\t<meta name=\"twitter:data2\" content=\"2 minutos\" \/>\n<script type=\"application\/ld+json\" class=\"yoast-schema-graph\">{\"@context\":\"https:\/\/schema.org\",\"@graph\":[{\"@type\":\"Article\",\"@id\":\"https:\/\/www.locansol.fr\/exposition-plumes-oeufs-prades\/#article\",\"isPartOf\":{\"@id\":\"https:\/\/www.locansol.fr\/exposition-plumes-oeufs-prades\/\"},\"author\":{\"name\":\"H\u00e9bergements Locansol\",\"@id\":\"https:\/\/www.locansol.fr\/#\/schema\/person\/0b08d440f1ac44674c6d498107de351d\"},\"headline\":\"Prades &#8211; 21 avril au 30 mai &#8211; Exposition \u00ab De plumes en \u0153ufs \u00bb : Un hommage au printemps et \u00e0 la vie\",\"datePublished\":\"2026-04-25T14:15:05+00:00\",\"dateModified\":\"2026-04-25T14:15:09+00:00\",\"mainEntityOfPage\":{\"@id\":\"https:\/\/www.locansol.fr\/exposition-plumes-oeufs-prades\/\"},\"wordCount\":383,\"publisher\":{\"@id\":\"https:\/\/www.locansol.fr\/#organization\"},\"image\":{\"@id\":\"https:\/\/www.locansol.fr\/exposition-plumes-oeufs-prades\/#primaryimage\"},\"thumbnailUrl\":\"https:\/\/www.locansol.fr\/wp-content\/uploads\/2026\/04\/exposition-plumes-oeufs-prades.webp\",\"keywords\":[\"\u00c9v\u00e8nement culturel\",\"Pyr\u00e9n\u00e9es-Orientales\"],\"articleSection\":[\"Carnaval\"],\"inLanguage\":\"es\"},{\"@type\":\"WebPage\",\"@id\":\"https:\/\/www.locansol.fr\/exposition-plumes-oeufs-prades\/\",\"url\":\"https:\/\/www.locansol.fr\/exposition-plumes-oeufs-prades\/\",\"name\":\"Exposition De plumes en \u0153ufs Prades - Hommage printanier\",\"isPartOf\":{\"@id\":\"https:\/\/www.locansol.fr\/#website\"},\"primaryImageOfPage\":{\"@id\":\"https:\/\/www.locansol.fr\/exposition-plumes-oeufs-prades\/#primaryimage\"},\"image\":{\"@id\":\"https:\/\/www.locansol.fr\/exposition-plumes-oeufs-prades\/#primaryimage\"},\"thumbnailUrl\":\"https:\/\/www.locansol.fr\/wp-content\/uploads\/2026\/04\/exposition-plumes-oeufs-prades.webp\",\"datePublished\":\"2026-04-25T14:15:05+00:00\",\"dateModified\":\"2026-04-25T14:15:09+00:00\",\"description\":\"Exposition De plumes en \u0153ufs Prades. D\u00e9couvrez l'univers po\u00e9tique de deux artistes \u00e0 l'Espace Martin-Viv\u00e8s. Entr\u00e9e gratuite. Pyr\u00e9n\u00e9es-Orientales.\",\"breadcrumb\":{\"@id\":\"https:\/\/www.locansol.fr\/exposition-plumes-oeufs-prades\/#breadcrumb\"},\"inLanguage\":\"es\",\"potentialAction\":[{\"@type\":\"ReadAction\",\"target\":[\"https:\/\/www.locansol.fr\/exposition-plumes-oeufs-prades\/\"]}]},{\"@type\":\"ImageObject\",\"inLanguage\":\"es\",\"@id\":\"https:\/\/www.locansol.fr\/exposition-plumes-oeufs-prades\/#primaryimage\",\"url\":\"https:\/\/www.locansol.fr\/wp-content\/uploads\/2026\/04\/exposition-plumes-oeufs-prades.webp\",\"contentUrl\":\"https:\/\/www.locansol.fr\/wp-content\/uploads\/2026\/04\/exposition-plumes-oeufs-prades.webp\",\"width\":1357,\"height\":1920,\"caption\":\"Exposition De plumes en \u0153ufs Prades - Hommage printanier\"},{\"@type\":\"BreadcrumbList\",\"@id\":\"https:\/\/www.locansol.fr\/exposition-plumes-oeufs-prades\/#breadcrumb\",\"itemListElement\":[{\"@type\":\"ListItem\",\"position\":1,\"name\":\"Accueil\",\"item\":\"https:\/\/www.locansol.fr\/\"},{\"@type\":\"ListItem\",\"position\":2,\"name\":\"Prades &#8211; 21 avril au 30 mai &#8211; Exposition \u00ab De plumes en \u0153ufs \u00bb : Un hommage au printemps et \u00e0 la vie\"}]},{\"@type\":\"WebSite\",\"@id\":\"https:\/\/www.locansol.fr\/#website\",\"url\":\"https:\/\/www.locansol.fr\/\",\"name\":\"Locansol, louer un h\u00e9bergement dans les Pyr\u00e9n\u00e9es-Orientales\",\"description\":\"Location Mobil-home Mer M\u00e9diterran\u00e9e &amp; Chalet de Montagne dans les Pyr\u00e9n\u00e9es Orientales (Occitanie, 66). Weekend, s\u00e9jour &amp; vacances en famille et entre amis.\",\"publisher\":{\"@id\":\"https:\/\/www.locansol.fr\/#organization\"},\"alternateName\":\"Louer un h\u00e9bergement dans les Pyr\u00e9n\u00e9es Orientales, chalet & mobil-home en Occitanie\",\"potentialAction\":[{\"@type\":\"SearchAction\",\"target\":{\"@type\":\"EntryPoint\",\"urlTemplate\":\"https:\/\/www.locansol.fr\/?s={search_term_string}\"},\"query-input\":{\"@type\":\"PropertyValueSpecification\",\"valueRequired\":true,\"valueName\":\"search_term_string\"}}],\"inLanguage\":\"es\"},{\"@type\":\"Organization\",\"@id\":\"https:\/\/www.locansol.fr\/#organization\",\"name\":\"Location MobilHome & chalet dans les Pyr\u00e9n\u00e9es Orientales\",\"alternateName\":\"Louer un h\u00e9bergement dans les Pyr\u00e9n\u00e9es Orientales en Occitanie\",\"url\":\"https:\/\/www.locansol.fr\/\",\"logo\":{\"@type\":\"ImageObject\",\"inLanguage\":\"es\",\"@id\":\"https:\/\/www.locansol.fr\/#\/schema\/logo\/image\/\",\"url\":\"https:\/\/www.locansol.fr\/wp-content\/uploads\/2024\/04\/AdobeStock_303324767-scaled.jpeg\",\"contentUrl\":\"https:\/\/www.locansol.fr\/wp-content\/uploads\/2024\/04\/AdobeStock_303324767-scaled.jpeg\",\"width\":2560,\"height\":1707,\"caption\":\"Location MobilHome & chalet dans les Pyr\u00e9n\u00e9es Orientales\"},\"image\":{\"@id\":\"https:\/\/www.locansol.fr\/#\/schema\/logo\/image\/\"}},{\"@type\":\"Person\",\"@id\":\"https:\/\/www.locansol.fr\/#\/schema\/person\/0b08d440f1ac44674c6d498107de351d\",\"name\":\"H\u00e9bergements Locansol\",\"image\":{\"@type\":\"ImageObject\",\"inLanguage\":\"es\",\"@id\":\"https:\/\/www.locansol.fr\/#\/schema\/person\/image\/\",\"url\":\"https:\/\/secure.gravatar.com\/avatar\/444436b93284204f8116b6e0eb964cd3fcb811519c737232bde6dd5743c37ee5?s=96&d=mm&r=g\",\"contentUrl\":\"https:\/\/secure.gravatar.com\/avatar\/444436b93284204f8116b6e0eb964cd3fcb811519c737232bde6dd5743c37ee5?s=96&d=mm&r=g\",\"caption\":\"H\u00e9bergements Locansol\"},\"sameAs\":[\"https:\/\/www.locansol.fr\/\"],\"url\":\"https:\/\/www.locansol.fr\/es\/author\/locansol\/\"}]}<\/script>\n<!-- \/ Yoast SEO Premium plugin. -->","yoast_head_json":{"title":"Exposition De plumes en \u0153ufs Prades - Hommage printanier","description":"Exposition De plumes en \u0153ufs Prades. D\u00e9couvrez l'univers po\u00e9tique de deux artistes \u00e0 l'Espace Martin-Viv\u00e8s. Entr\u00e9e gratuite. Pyr\u00e9n\u00e9es-Orientales.","robots":{"index":"index","follow":"follow","max-snippet":"max-snippet:-1","max-image-preview":"max-image-preview:large","max-video-preview":"max-video-preview:-1"},"canonical":"https:\/\/www.locansol.fr\/es\/exposition-plumes-oeufs-prades\/","og_locale":"es_ES","og_type":"article","og_title":"\u00c9merveillement printanier : Prades c\u00e9l\u00e8bre l'art du poulailler \u2014 Peinture et c\u00e9ramique","og_description":"Plongez dans un univers de douceur et de po\u00e9sie o\u00f9 poules et \u0153ufs deviennent \u0153uvres d'art. Une exposition \u00e0 ne pas manquer \u00e0 Prades.","og_url":"https:\/\/www.locansol.fr\/es\/exposition-plumes-oeufs-prades\/","og_site_name":"Locansol, louer un h\u00e9bergement dans les Pyr\u00e9n\u00e9es Orientales","article_published_time":"2026-04-25T14:15:05+00:00","article_modified_time":"2026-04-25T14:15:09+00:00","og_image":[{"url":"https:\/\/www.locansol.fr\/wp-content\/uploads\/2026\/04\/exposition-plumes-oeufs-prades.webp","type":"","width":"","height":""}],"author":"H\u00e9bergements Locansol","twitter_card":"summary_large_image","twitter_title":"D\u00e9couvrez l'exposition De plumes en \u0153ufs \u00e0 Prades : un hommage au printemps","twitter_description":"Laissez-vous transporter par la po\u00e9sie des \u0153uvres d'Anne-Marie Hage et Marie-Line Marsaux. Une exposition gratuite \u00e0 Prades pour c\u00e9l\u00e9brer le printemps.","twitter_image":"https:\/\/www.locansol.fr\/wp-content\/uploads\/2026\/04\/exposition-plumes-oeufs-prades.webp","twitter_misc":{"Escrito por":"H\u00e9bergements Locansol","Tiempo de lectura":"2 minutos"},"schema":{"@context":"https:\/\/schema.org","@graph":[{"@type":"Article","@id":"https:\/\/www.locansol.fr\/exposition-plumes-oeufs-prades\/#article","isPartOf":{"@id":"https:\/\/www.locansol.fr\/exposition-plumes-oeufs-prades\/"},"author":{"name":"H\u00e9bergements Locansol","@id":"https:\/\/www.locansol.fr\/#\/schema\/person\/0b08d440f1ac44674c6d498107de351d"},"headline":"Prades &#8211; 21 avril au 30 mai &#8211; Exposition \u00ab De plumes en \u0153ufs \u00bb : Un hommage au printemps et \u00e0 la vie","datePublished":"2026-04-25T14:15:05+00:00","dateModified":"2026-04-25T14:15:09+00:00","mainEntityOfPage":{"@id":"https:\/\/www.locansol.fr\/exposition-plumes-oeufs-prades\/"},"wordCount":383,"publisher":{"@id":"https:\/\/www.locansol.fr\/#organization"},"image":{"@id":"https:\/\/www.locansol.fr\/exposition-plumes-oeufs-prades\/#primaryimage"},"thumbnailUrl":"https:\/\/www.locansol.fr\/wp-content\/uploads\/2026\/04\/exposition-plumes-oeufs-prades.webp","keywords":["\u00c9v\u00e8nement culturel","Pyr\u00e9n\u00e9es-Orientales"],"articleSection":["Carnaval"],"inLanguage":"es"},{"@type":"WebPage","@id":"https:\/\/www.locansol.fr\/exposition-plumes-oeufs-prades\/","url":"https:\/\/www.locansol.fr\/exposition-plumes-oeufs-prades\/","name":"Exposition De plumes en \u0153ufs Prades - Hommage printanier","isPartOf":{"@id":"https:\/\/www.locansol.fr\/#website"},"primaryImageOfPage":{"@id":"https:\/\/www.locansol.fr\/exposition-plumes-oeufs-prades\/#primaryimage"},"image":{"@id":"https:\/\/www.locansol.fr\/exposition-plumes-oeufs-prades\/#primaryimage"},"thumbnailUrl":"https:\/\/www.locansol.fr\/wp-content\/uploads\/2026\/04\/exposition-plumes-oeufs-prades.webp","datePublished":"2026-04-25T14:15:05+00:00","dateModified":"2026-04-25T14:15:09+00:00","description":"Exposition De plumes en \u0153ufs Prades. D\u00e9couvrez l'univers po\u00e9tique de deux artistes \u00e0 l'Espace Martin-Viv\u00e8s. Entr\u00e9e gratuite. Pyr\u00e9n\u00e9es-Orientales.","breadcrumb":{"@id":"https:\/\/www.locansol.fr\/exposition-plumes-oeufs-prades\/#breadcrumb"},"inLanguage":"es","potentialAction":[{"@type":"ReadAction","target":["https:\/\/www.locansol.fr\/exposition-plumes-oeufs-prades\/"]}]},{"@type":"ImageObject","inLanguage":"es","@id":"https:\/\/www.locansol.fr\/exposition-plumes-oeufs-prades\/#primaryimage","url":"https:\/\/www.locansol.fr\/wp-content\/uploads\/2026\/04\/exposition-plumes-oeufs-prades.webp","contentUrl":"https:\/\/www.locansol.fr\/wp-content\/uploads\/2026\/04\/exposition-plumes-oeufs-prades.webp","width":1357,"height":1920,"caption":"Exposition De plumes en \u0153ufs Prades - Hommage printanier"},{"@type":"BreadcrumbList","@id":"https:\/\/www.locansol.fr\/exposition-plumes-oeufs-prades\/#breadcrumb","itemListElement":[{"@type":"ListItem","position":1,"name":"Accueil","item":"https:\/\/www.locansol.fr\/"},{"@type":"ListItem","position":2,"name":"Prades &#8211; 21 avril au 30 mai &#8211; Exposition \u00ab De plumes en \u0153ufs \u00bb : Un hommage au printemps et \u00e0 la vie"}]},{"@type":"WebSite","@id":"https:\/\/www.locansol.fr\/#website","url":"https:\/\/www.locansol.fr\/","name":"Locansol, louer un h\u00e9bergement dans les Pyr\u00e9n\u00e9es-Orientales","description":"Location Mobil-home Mer M\u00e9diterran\u00e9e &amp; Chalet de Montagne dans les Pyr\u00e9n\u00e9es Orientales (Occitanie, 66). Weekend, s\u00e9jour &amp; vacances en famille et entre amis.","publisher":{"@id":"https:\/\/www.locansol.fr\/#organization"},"alternateName":"Louer un h\u00e9bergement dans les Pyr\u00e9n\u00e9es Orientales, chalet & mobil-home en Occitanie","potentialAction":[{"@type":"SearchAction","target":{"@type":"EntryPoint","urlTemplate":"https:\/\/www.locansol.fr\/?s={search_term_string}"},"query-input":{"@type":"PropertyValueSpecification","valueRequired":true,"valueName":"search_term_string"}}],"inLanguage":"es"},{"@type":"Organization","@id":"https:\/\/www.locansol.fr\/#organization","name":"Location MobilHome & chalet dans les Pyr\u00e9n\u00e9es Orientales","alternateName":"Louer un h\u00e9bergement dans les Pyr\u00e9n\u00e9es Orientales en Occitanie","url":"https:\/\/www.locansol.fr\/","logo":{"@type":"ImageObject","inLanguage":"es","@id":"https:\/\/www.locansol.fr\/#\/schema\/logo\/image\/","url":"https:\/\/www.locansol.fr\/wp-content\/uploads\/2024\/04\/AdobeStock_303324767-scaled.jpeg","contentUrl":"https:\/\/www.locansol.fr\/wp-content\/uploads\/2024\/04\/AdobeStock_303324767-scaled.jpeg","width":2560,"height":1707,"caption":"Location MobilHome & chalet dans les Pyr\u00e9n\u00e9es Orientales"},"image":{"@id":"https:\/\/www.locansol.fr\/#\/schema\/logo\/image\/"}},{"@type":"Person","@id":"https:\/\/www.locansol.fr\/#\/schema\/person\/0b08d440f1ac44674c6d498107de351d","name":"H\u00e9bergements Locansol","image":{"@type":"ImageObject","inLanguage":"es","@id":"https:\/\/www.locansol.fr\/#\/schema\/person\/image\/","url":"https:\/\/secure.gravatar.com\/avatar\/444436b93284204f8116b6e0eb964cd3fcb811519c737232bde6dd5743c37ee5?s=96&d=mm&r=g","contentUrl":"https:\/\/secure.gravatar.com\/avatar\/444436b93284204f8116b6e0eb964cd3fcb811519c737232bde6dd5743c37ee5?s=96&d=mm&r=g","caption":"H\u00e9bergements Locansol"},"sameAs":["https:\/\/www.locansol.fr\/"],"url":"https:\/\/www.locansol.fr\/es\/author\/locansol\/"}]}},"_links":{"self":[{"href":"https:\/\/www.locansol.fr\/es\/wp-json\/wp\/v2\/posts\/6547","targetHints":{"allow":["GET"]}}],"collection":[{"href":"https:\/\/www.locansol.fr\/es\/wp-json\/wp\/v2\/posts"}],"about":[{"href":"https:\/\/www.locansol.fr\/es\/wp-json\/wp\/v2\/types\/post"}],"author":[{"embeddable":true,"href":"https:\/\/www.locansol.fr\/es\/wp-json\/wp\/v2\/users\/5"}],"replies":[{"embeddable":true,"href":"https:\/\/www.locansol.fr\/es\/wp-json\/wp\/v2\/comments?post=6547"}],"version-history":[{"count":1,"href":"https:\/\/www.locansol.fr\/es\/wp-json\/wp\/v2\/posts\/6547\/revisions"}],"predecessor-version":[{"id":6548,"href":"https:\/\/www.locansol.fr\/es\/wp-json\/wp\/v2\/posts\/6547\/revisions\/6548"}],"wp:featuredmedia":[{"embeddable":true,"href":"https:\/\/www.locansol.fr\/es\/wp-json\/wp\/v2\/media\/6546"}],"wp:attachment":[{"href":"https:\/\/www.locansol.fr\/es\/wp-json\/wp\/v2\/media?parent=6547"}],"wp:term":[{"taxonomy":"category","embeddable":true,"href":"https:\/\/www.locansol.fr\/es\/wp-json\/wp\/v2\/categories?post=6547"},{"taxonomy":"post_tag","embeddable":true,"href":"https:\/\/www.locansol.fr\/es\/wp-json\/wp\/v2\/tags?post=6547"}],"curies":[{"name":"wp","href":"https:\/\/api.w.org\/{rel}","templated":true}]}}