{"id":6562,"date":"2026-04-26T04:10:17","date_gmt":"2026-04-26T02:10:17","guid":{"rendered":"https:\/\/www.locansol.fr\/exposition-volets-orgue-perpignan-12\/"},"modified":"2026-04-26T04:10:21","modified_gmt":"2026-04-26T02:10:21","slug":"exposition-volets-orgue-perpignan-12","status":"publish","type":"post","link":"https:\/\/www.locansol.fr\/es\/exposition-volets-orgue-perpignan-12\/","title":{"rendered":"Perpignan &#8211; Du 24 mars au 31 mai &#8211; D\u00e9couvrez les volets du grand orgue restaur\u00e9s"},"content":{"rendered":"<p>Du 24 mars au 31 mai, la majestueuse Cath\u00e9drale Saint-Jean-Baptiste de Perpignan ouvre ses portes pour accueillir une exposition hors du commun : \u00ab La Red\u00e9couverte d\u2019un Chef-d\u2019\u0152uvre Monumental \u00bb. Si vous \u00eates passionn\u00e9s d\u2019art, d\u2019histoire ou de patrimoine, cet \u00e9v\u00e9nement est une invitation \u00e0 explorer l\u2019une des merveilles m\u00e9connues de la r\u00e9gion.<\/p>\n<p>### Les Volets du Grand Orgue : Une restauration exceptionnelle<\/p>\n<p>Cette exposition met en lumi\u00e8re le travail minutieux accompli depuis 2022 pour redonner vie \u00e0 un v\u00e9ritable tr\u00e9sor, les volets du grand orgue de la cath\u00e9drale. Peints en 1504, ces immenses panneaux mesurent chacun 12,6 m\u00e8tres de haut sur 4,3 m\u00e8tres de large, soit une surface impressionnante de plus de 83 m\u00b2. Ces volets, parmi les plus grands d\u2019Europe, allient grandeur architecturale et excellence artistique. Longtemps oubli\u00e9s apr\u00e8s avoir \u00e9t\u00e9 fix\u00e9s au mur au XIXe si\u00e8cle, ils renferment une richesse historique et spirituelle unique.<\/p>\n<p>Gr\u00e2ce \u00e0 un chantier de restauration initi\u00e9 par la Direction r\u00e9gionale des affaires culturelles d\u2019Occitanie, ce chef-d\u2019\u0153uvre \u00e9blouit \u00e0 nouveau. Les visiteurs y d\u00e9couvriront la splendeur de la polychromie qui orne le recto des volets et la beaut\u00e9 des grisailles situ\u00e9es sur leur revers. Le tout resplendit dans un dialogue parfait avec le grand orgue et l\u2019architecture sacr\u00e9e de ce lieu embl\u00e9matique.<\/p>\n<p>### Une immersion dans l\u2019histoire et l\u2019art<\/p>\n<p>L\u2019exposition vous emm\u00e8ne dans les coulisses de cette restauration, une op\u00e9ration technique et scientifique de grande ampleur. Elle d\u00e9voile le savoir-faire des artisans et restaurateurs qui ont travaill\u00e9 \u00e0 pr\u00e9server ce patrimoine inestimable, tout en mettant en avant le r\u00f4le crucial de la recherche et des techniques avanc\u00e9es.<\/p>\n<p>Ces volets avaient, \u00e0 l\u2019origine, une fonction liturgique particuli\u00e8re. D\u00e9ploy\u00e9s en fonction du calendrier religieux, ils associaient musique et image sacr\u00e9e, donnant lieu \u00e0 une exp\u00e9rience spirituelle immersive pour les visiteurs de la cath\u00e9drale. Cette exposition offre donc une exp\u00e9rience r\u00e9trospective fascinante \u00e0 travers les si\u00e8cles, dans un cadre charg\u00e9 d\u2019histoire.<\/p>\n<p>### Pourquoi ne pas manquer cet \u00e9v\u00e9nement ?<\/p>\n<p>Que vous soyez amateur d\u2019art, d\u2019histoire, ou tout simplement curieux, \u00ab La Red\u00e9couverte d\u2019un Chef-d\u2019\u0152uvre Monumental \u00bb propose une plong\u00e9e unique dans le patrimoine culturel de Perpignan. Le cadre m\u00eame, la cath\u00e9drale Saint-Jean-Baptiste, sublime cette exp\u00e9rience par sa riche ambiance historique.<\/p>\n<p>Pour seulement 8 \u20ac, profitez de cette occasion rare de red\u00e9couvrir une \u0153uvre monumentale et de vous rendre compte de l\u2019importance de la conservation du patrimoine. Organiz\u00e9 jusqu\u2019au 31 mai, cet \u00e9v\u00e9nement vous invite \u00e0 vivre une immersion \u00e9ducative et visuelle dans l\u2019histoire artistique de la r\u00e9gion.<\/p>\n<p>### Informations pratiques<\/p>\n<p>\ud83d\udcc5 QUAND ? Du 24 mars au 31 mai 2023<br \/>\ud83d\udccd O\u00d9 ? Cath\u00e9drale Saint-Jean-Baptiste, 21 Rue Mailly, Perpignan<br \/>\ud83d\udcb6 COMBIEN ? 8 \u20ac<\/p>\n<h3>Informaci\u00f3n pr\u00e1ctica<\/h3>\n<p>\ud83d\udcc5 QUAND ? Du 24 mars au 31 mai 2023<br \/>\ud83d\udccd O\u00d9 ? Cath\u00e9drale Saint-Jean-Baptiste, 21 Rue Mailly, Perpignan<br \/>\ud83d\udcb6 COMBIEN ? 8 \u20ac<\/p>","protected":false},"excerpt":{"rendered":"<p>D\u00e9couvrez l\u2019exposition \u00ab La Red\u00e9couverte d\u2019un Chef-d\u2019\u0152uvre Monumental \u00bb \u00e0 Perpignan, un \u00e9v\u00e9nement unique mettant en lumi\u00e8re la restauration des volets du grand orgue de la cath\u00e9drale.<\/p>","protected":false},"author":5,"featured_media":6561,"comment_status":"closed","ping_status":"open","sticky":false,"template":"","format":"standard","meta":{"_yoast_wpseo_focuskw":"exposition volets orgue Perpignan","_yoast_wpseo_title":"La Red\u00e9couverte d\u2019un Chef-d\u2019\u0152uvre Monumental Perpignan","_yoast_wpseo_metadesc":"La Red\u00e9couverte d\u2019un Chef-d\u2019\u0152uvre Monumental Perpignan pr\u00e9sente les volets du grand orgue restaur\u00e9s. D\u00e9couvrez ces panneaux de 12m de haut dans les Pyr\u00e9n\u00e9es-Orientales.","_yoast_wpseo_canonical":"","_yoast_wpseo_opengraph-title":"Plongez dans l\u2019histoire : Perpignan \u2014 Les volets du grand orgue restaur\u00e9s","_yoast_wpseo_opengraph-description":"Imaginez des panneaux de 12m de haut, magnifiquement restaur\u00e9s, illuminant la cath\u00e9drale de Perpignan. D\u00e9couvrez ce chef-d\u2019\u0153uvre artistique et historique.","_yoast_wpseo_opengraph-image":"https:\/\/www.locansol.fr\/wp-content\/uploads\/2026\/04\/exposition-volets-orgue-perpignan-11.webp","_yoast_wpseo_opengraph-image-id":"","_yoast_wpseo_twitter-title":"D\u00e9couvrez les volets du grand orgue \u00e0 Perpignan !","_yoast_wpseo_twitter-description":"Ne manquez pas l\u2019exposition des volets du grand orgue restaur\u00e9s \u00e0 Perpignan. Une plong\u00e9e unique dans l\u2019histoire et l\u2019art !","_yoast_wpseo_twitter-image":"https:\/\/www.locansol.fr\/wp-content\/uploads\/2026\/04\/exposition-volets-orgue-perpignan-11.webp","_yoast_wpseo_twitter-image-id":"","yoast_primary_category":"Exposition","footnotes":""},"categories":[35],"tags":[66,76],"class_list":["post-6562","post","type-post","status-publish","format-standard","has-post-thumbnail","hentry","category-carnaval","tag-evenement-culturel","tag-pyrenees-orientales"],"yoast_head":"<!-- This site is optimized with the Yoast SEO Premium plugin v23.3 (Yoast SEO v26.9) - https:\/\/yoast.com\/product\/yoast-seo-premium-wordpress\/ -->\n<title>La Red\u00e9couverte d\u2019un Chef-d\u2019\u0152uvre Monumental Perpignan<\/title>\n<meta name=\"description\" content=\"La Red\u00e9couverte d\u2019un Chef-d\u2019\u0152uvre Monumental Perpignan pr\u00e9sente les volets du grand orgue restaur\u00e9s. D\u00e9couvrez ces panneaux de 12m de haut dans les Pyr\u00e9n\u00e9es-Orientales.\" \/>\n<meta name=\"robots\" content=\"index, follow, max-snippet:-1, max-image-preview:large, max-video-preview:-1\" \/>\n<link rel=\"canonical\" href=\"https:\/\/www.locansol.fr\/es\/exposition-volets-orgue-perpignan-12\/\" \/>\n<meta property=\"og:locale\" content=\"es_ES\" \/>\n<meta property=\"og:type\" content=\"article\" \/>\n<meta property=\"og:title\" content=\"Plongez dans l\u2019histoire : Perpignan \u2014 Les volets du grand orgue restaur\u00e9s\" \/>\n<meta property=\"og:description\" content=\"Imaginez des panneaux de 12m de haut, magnifiquement restaur\u00e9s, illuminant la cath\u00e9drale de Perpignan. D\u00e9couvrez ce chef-d\u2019\u0153uvre artistique et historique.\" \/>\n<meta property=\"og:url\" content=\"https:\/\/www.locansol.fr\/es\/exposition-volets-orgue-perpignan-12\/\" \/>\n<meta property=\"og:site_name\" content=\"Locansol, louer un h\u00e9bergement dans les Pyr\u00e9n\u00e9es Orientales\" \/>\n<meta property=\"article:published_time\" content=\"2026-04-26T02:10:17+00:00\" \/>\n<meta property=\"article:modified_time\" content=\"2026-04-26T02:10:21+00:00\" \/>\n<meta property=\"og:image\" content=\"https:\/\/www.locansol.fr\/wp-content\/uploads\/2026\/04\/exposition-volets-orgue-perpignan-11.webp\" \/>\n<meta name=\"author\" content=\"H\u00e9bergements Locansol\" \/>\n<meta name=\"twitter:card\" content=\"summary_large_image\" \/>\n<meta name=\"twitter:title\" content=\"D\u00e9couvrez les volets du grand orgue \u00e0 Perpignan !\" \/>\n<meta name=\"twitter:description\" content=\"Ne manquez pas l\u2019exposition des volets du grand orgue restaur\u00e9s \u00e0 Perpignan. Une plong\u00e9e unique dans l\u2019histoire et l\u2019art !\" \/>\n<meta name=\"twitter:image\" content=\"https:\/\/www.locansol.fr\/wp-content\/uploads\/2026\/04\/exposition-volets-orgue-perpignan-11.webp\" \/>\n<meta name=\"twitter:label1\" content=\"Escrito por\" \/>\n\t<meta name=\"twitter:data1\" content=\"H\u00e9bergements Locansol\" \/>\n\t<meta name=\"twitter:label2\" content=\"Tiempo de lectura\" \/>\n\t<meta name=\"twitter:data2\" content=\"2 minutos\" \/>\n<script type=\"application\/ld+json\" class=\"yoast-schema-graph\">{\"@context\":\"https:\/\/schema.org\",\"@graph\":[{\"@type\":\"Article\",\"@id\":\"https:\/\/www.locansol.fr\/exposition-volets-orgue-perpignan-12\/#article\",\"isPartOf\":{\"@id\":\"https:\/\/www.locansol.fr\/exposition-volets-orgue-perpignan-12\/\"},\"author\":{\"name\":\"H\u00e9bergements Locansol\",\"@id\":\"https:\/\/www.locansol.fr\/#\/schema\/person\/0b08d440f1ac44674c6d498107de351d\"},\"headline\":\"Perpignan &#8211; Du 24 mars au 31 mai &#8211; D\u00e9couvrez les volets du grand orgue restaur\u00e9s\",\"datePublished\":\"2026-04-26T02:10:17+00:00\",\"dateModified\":\"2026-04-26T02:10:21+00:00\",\"mainEntityOfPage\":{\"@id\":\"https:\/\/www.locansol.fr\/exposition-volets-orgue-perpignan-12\/\"},\"wordCount\":495,\"publisher\":{\"@id\":\"https:\/\/www.locansol.fr\/#organization\"},\"image\":{\"@id\":\"https:\/\/www.locansol.fr\/exposition-volets-orgue-perpignan-12\/#primaryimage\"},\"thumbnailUrl\":\"https:\/\/www.locansol.fr\/wp-content\/uploads\/2026\/04\/exposition-volets-orgue-perpignan-11.webp\",\"keywords\":[\"\u00c9v\u00e8nement culturel\",\"Pyr\u00e9n\u00e9es-Orientales\"],\"articleSection\":[\"Carnaval\"],\"inLanguage\":\"es\"},{\"@type\":\"WebPage\",\"@id\":\"https:\/\/www.locansol.fr\/exposition-volets-orgue-perpignan-12\/\",\"url\":\"https:\/\/www.locansol.fr\/exposition-volets-orgue-perpignan-12\/\",\"name\":\"La Red\u00e9couverte d\u2019un Chef-d\u2019\u0152uvre Monumental Perpignan\",\"isPartOf\":{\"@id\":\"https:\/\/www.locansol.fr\/#website\"},\"primaryImageOfPage\":{\"@id\":\"https:\/\/www.locansol.fr\/exposition-volets-orgue-perpignan-12\/#primaryimage\"},\"image\":{\"@id\":\"https:\/\/www.locansol.fr\/exposition-volets-orgue-perpignan-12\/#primaryimage\"},\"thumbnailUrl\":\"https:\/\/www.locansol.fr\/wp-content\/uploads\/2026\/04\/exposition-volets-orgue-perpignan-11.webp\",\"datePublished\":\"2026-04-26T02:10:17+00:00\",\"dateModified\":\"2026-04-26T02:10:21+00:00\",\"description\":\"La Red\u00e9couverte d\u2019un Chef-d\u2019\u0152uvre Monumental Perpignan pr\u00e9sente les volets du grand orgue restaur\u00e9s. D\u00e9couvrez ces panneaux de 12m de haut dans les Pyr\u00e9n\u00e9es-Orientales.\",\"breadcrumb\":{\"@id\":\"https:\/\/www.locansol.fr\/exposition-volets-orgue-perpignan-12\/#breadcrumb\"},\"inLanguage\":\"es\",\"potentialAction\":[{\"@type\":\"ReadAction\",\"target\":[\"https:\/\/www.locansol.fr\/exposition-volets-orgue-perpignan-12\/\"]}]},{\"@type\":\"ImageObject\",\"inLanguage\":\"es\",\"@id\":\"https:\/\/www.locansol.fr\/exposition-volets-orgue-perpignan-12\/#primaryimage\",\"url\":\"https:\/\/www.locansol.fr\/wp-content\/uploads\/2026\/04\/exposition-volets-orgue-perpignan-11.webp\",\"contentUrl\":\"https:\/\/www.locansol.fr\/wp-content\/uploads\/2026\/04\/exposition-volets-orgue-perpignan-11.webp\",\"width\":1024,\"height\":605,\"caption\":\"La Red\u00e9couverte d\u2019un Chef-d\u2019\u0152uvre Monumental Perpignan\"},{\"@type\":\"BreadcrumbList\",\"@id\":\"https:\/\/www.locansol.fr\/exposition-volets-orgue-perpignan-12\/#breadcrumb\",\"itemListElement\":[{\"@type\":\"ListItem\",\"position\":1,\"name\":\"Accueil\",\"item\":\"https:\/\/www.locansol.fr\/\"},{\"@type\":\"ListItem\",\"position\":2,\"name\":\"Perpignan &#8211; Du 24 mars au 31 mai &#8211; D\u00e9couvrez les volets du grand orgue restaur\u00e9s\"}]},{\"@type\":\"WebSite\",\"@id\":\"https:\/\/www.locansol.fr\/#website\",\"url\":\"https:\/\/www.locansol.fr\/\",\"name\":\"Locansol, louer un h\u00e9bergement dans les Pyr\u00e9n\u00e9es-Orientales\",\"description\":\"Location Mobil-home Mer M\u00e9diterran\u00e9e &amp; Chalet de Montagne dans les Pyr\u00e9n\u00e9es Orientales (Occitanie, 66). Weekend, s\u00e9jour &amp; vacances en famille et entre amis.\",\"publisher\":{\"@id\":\"https:\/\/www.locansol.fr\/#organization\"},\"alternateName\":\"Louer un h\u00e9bergement dans les Pyr\u00e9n\u00e9es Orientales, chalet & mobil-home en Occitanie\",\"potentialAction\":[{\"@type\":\"SearchAction\",\"target\":{\"@type\":\"EntryPoint\",\"urlTemplate\":\"https:\/\/www.locansol.fr\/?s={search_term_string}\"},\"query-input\":{\"@type\":\"PropertyValueSpecification\",\"valueRequired\":true,\"valueName\":\"search_term_string\"}}],\"inLanguage\":\"es\"},{\"@type\":\"Organization\",\"@id\":\"https:\/\/www.locansol.fr\/#organization\",\"name\":\"Location MobilHome & chalet dans les Pyr\u00e9n\u00e9es Orientales\",\"alternateName\":\"Louer un h\u00e9bergement dans les Pyr\u00e9n\u00e9es Orientales en Occitanie\",\"url\":\"https:\/\/www.locansol.fr\/\",\"logo\":{\"@type\":\"ImageObject\",\"inLanguage\":\"es\",\"@id\":\"https:\/\/www.locansol.fr\/#\/schema\/logo\/image\/\",\"url\":\"https:\/\/www.locansol.fr\/wp-content\/uploads\/2024\/04\/AdobeStock_303324767-scaled.jpeg\",\"contentUrl\":\"https:\/\/www.locansol.fr\/wp-content\/uploads\/2024\/04\/AdobeStock_303324767-scaled.jpeg\",\"width\":2560,\"height\":1707,\"caption\":\"Location MobilHome & chalet dans les Pyr\u00e9n\u00e9es Orientales\"},\"image\":{\"@id\":\"https:\/\/www.locansol.fr\/#\/schema\/logo\/image\/\"}},{\"@type\":\"Person\",\"@id\":\"https:\/\/www.locansol.fr\/#\/schema\/person\/0b08d440f1ac44674c6d498107de351d\",\"name\":\"H\u00e9bergements Locansol\",\"image\":{\"@type\":\"ImageObject\",\"inLanguage\":\"es\",\"@id\":\"https:\/\/www.locansol.fr\/#\/schema\/person\/image\/\",\"url\":\"https:\/\/secure.gravatar.com\/avatar\/444436b93284204f8116b6e0eb964cd3fcb811519c737232bde6dd5743c37ee5?s=96&d=mm&r=g\",\"contentUrl\":\"https:\/\/secure.gravatar.com\/avatar\/444436b93284204f8116b6e0eb964cd3fcb811519c737232bde6dd5743c37ee5?s=96&d=mm&r=g\",\"caption\":\"H\u00e9bergements Locansol\"},\"sameAs\":[\"https:\/\/www.locansol.fr\/\"],\"url\":\"https:\/\/www.locansol.fr\/es\/author\/locansol\/\"}]}<\/script>\n<!-- \/ Yoast SEO Premium plugin. -->","yoast_head_json":{"title":"La Red\u00e9couverte d\u2019un Chef-d\u2019\u0152uvre Monumental Perpignan","description":"La Red\u00e9couverte d\u2019un Chef-d\u2019\u0152uvre Monumental Perpignan pr\u00e9sente les volets du grand orgue restaur\u00e9s. D\u00e9couvrez ces panneaux de 12m de haut dans les Pyr\u00e9n\u00e9es-Orientales.","robots":{"index":"index","follow":"follow","max-snippet":"max-snippet:-1","max-image-preview":"max-image-preview:large","max-video-preview":"max-video-preview:-1"},"canonical":"https:\/\/www.locansol.fr\/es\/exposition-volets-orgue-perpignan-12\/","og_locale":"es_ES","og_type":"article","og_title":"Plongez dans l\u2019histoire : Perpignan \u2014 Les volets du grand orgue restaur\u00e9s","og_description":"Imaginez des panneaux de 12m de haut, magnifiquement restaur\u00e9s, illuminant la cath\u00e9drale de Perpignan. D\u00e9couvrez ce chef-d\u2019\u0153uvre artistique et historique.","og_url":"https:\/\/www.locansol.fr\/es\/exposition-volets-orgue-perpignan-12\/","og_site_name":"Locansol, louer un h\u00e9bergement dans les Pyr\u00e9n\u00e9es Orientales","article_published_time":"2026-04-26T02:10:17+00:00","article_modified_time":"2026-04-26T02:10:21+00:00","og_image":[{"url":"https:\/\/www.locansol.fr\/wp-content\/uploads\/2026\/04\/exposition-volets-orgue-perpignan-11.webp","type":"","width":"","height":""}],"author":"H\u00e9bergements Locansol","twitter_card":"summary_large_image","twitter_title":"D\u00e9couvrez les volets du grand orgue \u00e0 Perpignan !","twitter_description":"Ne manquez pas l\u2019exposition des volets du grand orgue restaur\u00e9s \u00e0 Perpignan. Une plong\u00e9e unique dans l\u2019histoire et l\u2019art !","twitter_image":"https:\/\/www.locansol.fr\/wp-content\/uploads\/2026\/04\/exposition-volets-orgue-perpignan-11.webp","twitter_misc":{"Escrito por":"H\u00e9bergements Locansol","Tiempo de lectura":"2 minutos"},"schema":{"@context":"https:\/\/schema.org","@graph":[{"@type":"Article","@id":"https:\/\/www.locansol.fr\/exposition-volets-orgue-perpignan-12\/#article","isPartOf":{"@id":"https:\/\/www.locansol.fr\/exposition-volets-orgue-perpignan-12\/"},"author":{"name":"H\u00e9bergements Locansol","@id":"https:\/\/www.locansol.fr\/#\/schema\/person\/0b08d440f1ac44674c6d498107de351d"},"headline":"Perpignan &#8211; Du 24 mars au 31 mai &#8211; D\u00e9couvrez les volets du grand orgue restaur\u00e9s","datePublished":"2026-04-26T02:10:17+00:00","dateModified":"2026-04-26T02:10:21+00:00","mainEntityOfPage":{"@id":"https:\/\/www.locansol.fr\/exposition-volets-orgue-perpignan-12\/"},"wordCount":495,"publisher":{"@id":"https:\/\/www.locansol.fr\/#organization"},"image":{"@id":"https:\/\/www.locansol.fr\/exposition-volets-orgue-perpignan-12\/#primaryimage"},"thumbnailUrl":"https:\/\/www.locansol.fr\/wp-content\/uploads\/2026\/04\/exposition-volets-orgue-perpignan-11.webp","keywords":["\u00c9v\u00e8nement culturel","Pyr\u00e9n\u00e9es-Orientales"],"articleSection":["Carnaval"],"inLanguage":"es"},{"@type":"WebPage","@id":"https:\/\/www.locansol.fr\/exposition-volets-orgue-perpignan-12\/","url":"https:\/\/www.locansol.fr\/exposition-volets-orgue-perpignan-12\/","name":"La Red\u00e9couverte d\u2019un Chef-d\u2019\u0152uvre Monumental Perpignan","isPartOf":{"@id":"https:\/\/www.locansol.fr\/#website"},"primaryImageOfPage":{"@id":"https:\/\/www.locansol.fr\/exposition-volets-orgue-perpignan-12\/#primaryimage"},"image":{"@id":"https:\/\/www.locansol.fr\/exposition-volets-orgue-perpignan-12\/#primaryimage"},"thumbnailUrl":"https:\/\/www.locansol.fr\/wp-content\/uploads\/2026\/04\/exposition-volets-orgue-perpignan-11.webp","datePublished":"2026-04-26T02:10:17+00:00","dateModified":"2026-04-26T02:10:21+00:00","description":"La Red\u00e9couverte d\u2019un Chef-d\u2019\u0152uvre Monumental Perpignan pr\u00e9sente les volets du grand orgue restaur\u00e9s. D\u00e9couvrez ces panneaux de 12m de haut dans les Pyr\u00e9n\u00e9es-Orientales.","breadcrumb":{"@id":"https:\/\/www.locansol.fr\/exposition-volets-orgue-perpignan-12\/#breadcrumb"},"inLanguage":"es","potentialAction":[{"@type":"ReadAction","target":["https:\/\/www.locansol.fr\/exposition-volets-orgue-perpignan-12\/"]}]},{"@type":"ImageObject","inLanguage":"es","@id":"https:\/\/www.locansol.fr\/exposition-volets-orgue-perpignan-12\/#primaryimage","url":"https:\/\/www.locansol.fr\/wp-content\/uploads\/2026\/04\/exposition-volets-orgue-perpignan-11.webp","contentUrl":"https:\/\/www.locansol.fr\/wp-content\/uploads\/2026\/04\/exposition-volets-orgue-perpignan-11.webp","width":1024,"height":605,"caption":"La Red\u00e9couverte d\u2019un Chef-d\u2019\u0152uvre Monumental Perpignan"},{"@type":"BreadcrumbList","@id":"https:\/\/www.locansol.fr\/exposition-volets-orgue-perpignan-12\/#breadcrumb","itemListElement":[{"@type":"ListItem","position":1,"name":"Accueil","item":"https:\/\/www.locansol.fr\/"},{"@type":"ListItem","position":2,"name":"Perpignan &#8211; Du 24 mars au 31 mai &#8211; D\u00e9couvrez les volets du grand orgue restaur\u00e9s"}]},{"@type":"WebSite","@id":"https:\/\/www.locansol.fr\/#website","url":"https:\/\/www.locansol.fr\/","name":"Locansol, louer un h\u00e9bergement dans les Pyr\u00e9n\u00e9es-Orientales","description":"Location Mobil-home Mer M\u00e9diterran\u00e9e &amp; Chalet de Montagne dans les Pyr\u00e9n\u00e9es Orientales (Occitanie, 66). Weekend, s\u00e9jour &amp; vacances en famille et entre amis.","publisher":{"@id":"https:\/\/www.locansol.fr\/#organization"},"alternateName":"Louer un h\u00e9bergement dans les Pyr\u00e9n\u00e9es Orientales, chalet & mobil-home en Occitanie","potentialAction":[{"@type":"SearchAction","target":{"@type":"EntryPoint","urlTemplate":"https:\/\/www.locansol.fr\/?s={search_term_string}"},"query-input":{"@type":"PropertyValueSpecification","valueRequired":true,"valueName":"search_term_string"}}],"inLanguage":"es"},{"@type":"Organization","@id":"https:\/\/www.locansol.fr\/#organization","name":"Location MobilHome & chalet dans les Pyr\u00e9n\u00e9es Orientales","alternateName":"Louer un h\u00e9bergement dans les Pyr\u00e9n\u00e9es Orientales en Occitanie","url":"https:\/\/www.locansol.fr\/","logo":{"@type":"ImageObject","inLanguage":"es","@id":"https:\/\/www.locansol.fr\/#\/schema\/logo\/image\/","url":"https:\/\/www.locansol.fr\/wp-content\/uploads\/2024\/04\/AdobeStock_303324767-scaled.jpeg","contentUrl":"https:\/\/www.locansol.fr\/wp-content\/uploads\/2024\/04\/AdobeStock_303324767-scaled.jpeg","width":2560,"height":1707,"caption":"Location MobilHome & chalet dans les Pyr\u00e9n\u00e9es Orientales"},"image":{"@id":"https:\/\/www.locansol.fr\/#\/schema\/logo\/image\/"}},{"@type":"Person","@id":"https:\/\/www.locansol.fr\/#\/schema\/person\/0b08d440f1ac44674c6d498107de351d","name":"H\u00e9bergements Locansol","image":{"@type":"ImageObject","inLanguage":"es","@id":"https:\/\/www.locansol.fr\/#\/schema\/person\/image\/","url":"https:\/\/secure.gravatar.com\/avatar\/444436b93284204f8116b6e0eb964cd3fcb811519c737232bde6dd5743c37ee5?s=96&d=mm&r=g","contentUrl":"https:\/\/secure.gravatar.com\/avatar\/444436b93284204f8116b6e0eb964cd3fcb811519c737232bde6dd5743c37ee5?s=96&d=mm&r=g","caption":"H\u00e9bergements Locansol"},"sameAs":["https:\/\/www.locansol.fr\/"],"url":"https:\/\/www.locansol.fr\/es\/author\/locansol\/"}]}},"_links":{"self":[{"href":"https:\/\/www.locansol.fr\/es\/wp-json\/wp\/v2\/posts\/6562","targetHints":{"allow":["GET"]}}],"collection":[{"href":"https:\/\/www.locansol.fr\/es\/wp-json\/wp\/v2\/posts"}],"about":[{"href":"https:\/\/www.locansol.fr\/es\/wp-json\/wp\/v2\/types\/post"}],"author":[{"embeddable":true,"href":"https:\/\/www.locansol.fr\/es\/wp-json\/wp\/v2\/users\/5"}],"replies":[{"embeddable":true,"href":"https:\/\/www.locansol.fr\/es\/wp-json\/wp\/v2\/comments?post=6562"}],"version-history":[{"count":1,"href":"https:\/\/www.locansol.fr\/es\/wp-json\/wp\/v2\/posts\/6562\/revisions"}],"predecessor-version":[{"id":6563,"href":"https:\/\/www.locansol.fr\/es\/wp-json\/wp\/v2\/posts\/6562\/revisions\/6563"}],"wp:featuredmedia":[{"embeddable":true,"href":"https:\/\/www.locansol.fr\/es\/wp-json\/wp\/v2\/media\/6561"}],"wp:attachment":[{"href":"https:\/\/www.locansol.fr\/es\/wp-json\/wp\/v2\/media?parent=6562"}],"wp:term":[{"taxonomy":"category","embeddable":true,"href":"https:\/\/www.locansol.fr\/es\/wp-json\/wp\/v2\/categories?post=6562"},{"taxonomy":"post_tag","embeddable":true,"href":"https:\/\/www.locansol.fr\/es\/wp-json\/wp\/v2\/tags?post=6562"}],"curies":[{"name":"wp","href":"https:\/\/api.w.org\/{rel}","templated":true}]}}