{"id":6567,"date":"2026-04-26T04:21:08","date_gmt":"2026-04-26T02:21:08","guid":{"rendered":"https:\/\/www.locansol.fr\/exposition-art-nature-saint-cyprien\/"},"modified":"2026-04-26T04:21:12","modified_gmt":"2026-04-26T02:21:12","slug":"exposition-art-nature-saint-cyprien","status":"publish","type":"post","link":"https:\/\/www.locansol.fr\/es\/exposition-art-nature-saint-cyprien\/","title":{"rendered":"Exposition St-Cyp&rsquo;Art Andr\u00e9e Batlle \u00e0 Saint-Cyprien (22 avril &#8211; 12 juin) : D\u00e9couvrez l&rsquo;art dans un \u00e9crin naturel"},"content":{"rendered":"<p>L&rsquo;exposition St-Cyp&rsquo;Art Andr\u00e9e Batlle s&rsquo;annonce comme un rendez-vous immanquable pour les amateurs d&rsquo;art et de nature. Organis\u00e9e \u00e0 Saint-Cyprien, cette belle initiative se tiendra du 22 avril au 12 juin 2024 au prestigieux Grand Stade les Capellans, rue Verdi. Ce site, connu pour marier sport et culture, offre un cadre idyllique au c\u0153ur d&rsquo;un parc naturel de 4 hectares, \u00e0 deux pas de la M\u00e9diterran\u00e9e.<\/p>\n<p>D\u00e8s le jour de l&rsquo;ouverture, le 22 avril \u00e0 18h, un vernissage gratuit et sans r\u00e9servation donnera le coup d&rsquo;envoi de cet \u00e9v\u00e9nement. Ce sera d\u00e9j\u00e0 une belle occasion de rencontrer d&rsquo;autres passionn\u00e9s d&rsquo;art et d&rsquo;explorer les cr\u00e9ations d&rsquo;Andr\u00e9e Batlle. L&rsquo;artiste exposera une s\u00e9lection de ses \u0153uvres acryliques sur toile, fruits d&rsquo;une riche carri\u00e8re et d&rsquo;un travail inspirant. Connue pour avoir explor\u00e9 diverses approches artistiques, Andr\u00e9e Batlle s&rsquo;est d\u00e9di\u00e9e \u00e0 l&rsquo;acrylique, un medium qui lui permet d&rsquo;exprimer toute la vivacit\u00e9 et la vari\u00e9t\u00e9 de son univers. Son \u0153uvre est un t\u00e9moignage poignant de l&rsquo;influence des paysages et des ambiances m\u00e9diterran\u00e9ens qui impr\u00e8gnent Saint-Cyprien et la r\u00e9gion des Pyr\u00e9n\u00e9es-Orientales.<\/p>\n<p>Le Grand Stade les Capellans, lui-m\u00eame, ajoute une dimension inattendue \u00e0 cette exposition. Habituellement reconnu pour son offre sportive diversifi\u00e9e \u2013 avec ses 16 courts de tennis, ses terrains de padel, salles de squash et espaces de fitness \u2013 le site se transforme ici en un v\u00e9ritable \u00e9crin artistique. Les visiteurs pourront ainsi conjuguer art et plaisir, en profitant \u00e9galement de l&rsquo;ambiance paisible qu&rsquo;apporte ce cadre naturel exceptionnel.<\/p>\n<p>C\u00f4t\u00e9 pratique, l&rsquo;exposition est ouverte du lundi au vendredi de 8h \u00e0 21h, et les week-ends ainsi que les jours f\u00e9ri\u00e9s de 9h \u00e0 12h15, puis de 15h \u00e0 18h15. Il sera ainsi facile de planifier une visite selon vos envies et votre emploi du temps. Avec son acc\u00e8s gratuit, le rendez-vous ne souffre d&rsquo;aucun obstacle, si ce n&rsquo;est qu&rsquo;il est r\u00e9serv\u00e9 aux adultes.<\/p>\n<p>Ne manquez pas cette plong\u00e9e artistique dans l&rsquo;univers captivant d&rsquo;Andr\u00e9e Batlle. Venez d\u00e9couvrir ou red\u00e9couvrir le charme de Saint-Cyprien et son Grand Stade, une invitation \u00e0 m\u00ealer nature, sport et culture dans une \u00e9chapp\u00e9e enrichissante.<\/p>\n<h3>Informaci\u00f3n pr\u00e1ctica<\/h3>\n<p>\ud83d\udcc5 QUAND ? Du 22 avril au 12 juin 2024<br \/>\ud83d\udccd O\u00d9 ? Grand Stade les Capellans, rue Verdi, Saint-Cyprien<br \/>\ud83d\udcb6 COMBIEN ? Gratuit (pour adultes uniquement)<\/p>","protected":false},"excerpt":{"rendered":"<p>L&rsquo;exposition St-Cyp&rsquo;Art Andr\u00e9e Batlle vous invite \u00e0 explorer l&rsquo;univers de l&rsquo;artiste au Grand Stade les Capellans \u00e0 Saint-Cyprien, du 22 avril au 12 juin.<\/p>","protected":false},"author":5,"featured_media":6566,"comment_status":"closed","ping_status":"open","sticky":false,"template":"","format":"standard","meta":{"_yoast_wpseo_focuskw":"Exposition art nature Saint-Cyprien","_yoast_wpseo_title":"Exposition St-Cyp'Art Andr\u00e9e Batlle Saint-Cyprien - Art & Nature","_yoast_wpseo_metadesc":"Exposition St-Cyp'Art Andr\u00e9e Batlle Saint-Cyprien : d\u00e9couvrez des \u0153uvres acryliques uniques dans un \u00e9crin naturel des Pyr\u00e9n\u00e9es-Orientales. Vernissage gratuit le 22 avril.","_yoast_wpseo_canonical":"","_yoast_wpseo_opengraph-title":"Plongez dans l'art : Exposition St-Cyp'Art \u00e0 Saint-Cyprien \u2014 Nature & Cr\u00e9ativit\u00e9","_yoast_wpseo_opengraph-description":"Imaginez un parc naturel baign\u00e9 de lumi\u00e8re m\u00e9diterran\u00e9enne, o\u00f9 l'art acrylique d'Andr\u00e9e Batlle prend vie. Une exposition gratuite \u00e0 ne pas manquer \u00e0 Saint-Cyprien.","_yoast_wpseo_opengraph-image":"https:\/\/www.locansol.fr\/wp-content\/uploads\/2026\/04\/exposition-art-nature-saint-cyprien.webp","_yoast_wpseo_opengraph-image-id":"","_yoast_wpseo_twitter-title":"Exposition St-Cyp'Art Andr\u00e9e Batlle : art et nature \u00e0 Saint-Cyprien","_yoast_wpseo_twitter-description":"Plongez dans l'univers artistique d'Andr\u00e9e Batlle \u00e0 Saint-Cyprien. Exposition gratuite du 22 avril au 12 juin. \u00c0 ne pas manquer !","_yoast_wpseo_twitter-image":"https:\/\/www.locansol.fr\/wp-content\/uploads\/2026\/04\/exposition-art-nature-saint-cyprien.webp","_yoast_wpseo_twitter-image-id":"","yoast_primary_category":"Exposition","footnotes":""},"categories":[35],"tags":[66,76],"class_list":["post-6567","post","type-post","status-publish","format-standard","has-post-thumbnail","hentry","category-carnaval","tag-evenement-culturel","tag-pyrenees-orientales"],"yoast_head":"<!-- This site is optimized with the Yoast SEO Premium plugin v23.3 (Yoast SEO v26.9) - https:\/\/yoast.com\/product\/yoast-seo-premium-wordpress\/ -->\n<title>Exposition St-Cyp&#039;Art Andr\u00e9e Batlle Saint-Cyprien - Art &amp; Nature<\/title>\n<meta name=\"description\" content=\"Exposition St-Cyp&#039;Art Andr\u00e9e Batlle Saint-Cyprien : d\u00e9couvrez des \u0153uvres acryliques uniques dans un \u00e9crin naturel des Pyr\u00e9n\u00e9es-Orientales. Vernissage gratuit le 22 avril.\" \/>\n<meta name=\"robots\" content=\"index, follow, max-snippet:-1, max-image-preview:large, max-video-preview:-1\" \/>\n<link rel=\"canonical\" href=\"https:\/\/www.locansol.fr\/es\/exposition-art-nature-saint-cyprien\/\" \/>\n<meta property=\"og:locale\" content=\"es_ES\" \/>\n<meta property=\"og:type\" content=\"article\" \/>\n<meta property=\"og:title\" content=\"Plongez dans l&#039;art : Exposition St-Cyp&#039;Art \u00e0 Saint-Cyprien \u2014 Nature &amp; Cr\u00e9ativit\u00e9\" \/>\n<meta property=\"og:description\" content=\"Imaginez un parc naturel baign\u00e9 de lumi\u00e8re m\u00e9diterran\u00e9enne, o\u00f9 l&#039;art acrylique d&#039;Andr\u00e9e Batlle prend vie. Une exposition gratuite \u00e0 ne pas manquer \u00e0 Saint-Cyprien.\" \/>\n<meta property=\"og:url\" content=\"https:\/\/www.locansol.fr\/es\/exposition-art-nature-saint-cyprien\/\" \/>\n<meta property=\"og:site_name\" content=\"Locansol, louer un h\u00e9bergement dans les Pyr\u00e9n\u00e9es Orientales\" \/>\n<meta property=\"article:published_time\" content=\"2026-04-26T02:21:08+00:00\" \/>\n<meta property=\"article:modified_time\" content=\"2026-04-26T02:21:12+00:00\" \/>\n<meta property=\"og:image\" content=\"https:\/\/www.locansol.fr\/wp-content\/uploads\/2026\/04\/exposition-art-nature-saint-cyprien.webp\" \/>\n<meta name=\"author\" content=\"H\u00e9bergements Locansol\" \/>\n<meta name=\"twitter:card\" content=\"summary_large_image\" \/>\n<meta name=\"twitter:title\" content=\"Exposition St-Cyp&#039;Art Andr\u00e9e Batlle : art et nature \u00e0 Saint-Cyprien\" \/>\n<meta name=\"twitter:description\" content=\"Plongez dans l&#039;univers artistique d&#039;Andr\u00e9e Batlle \u00e0 Saint-Cyprien. Exposition gratuite du 22 avril au 12 juin. \u00c0 ne pas manquer !\" \/>\n<meta name=\"twitter:image\" content=\"https:\/\/www.locansol.fr\/wp-content\/uploads\/2026\/04\/exposition-art-nature-saint-cyprien.webp\" \/>\n<meta name=\"twitter:label1\" content=\"Escrito por\" \/>\n\t<meta name=\"twitter:data1\" content=\"H\u00e9bergements Locansol\" \/>\n\t<meta name=\"twitter:label2\" content=\"Tiempo de lectura\" \/>\n\t<meta name=\"twitter:data2\" content=\"2 minutos\" \/>\n<script type=\"application\/ld+json\" class=\"yoast-schema-graph\">{\"@context\":\"https:\/\/schema.org\",\"@graph\":[{\"@type\":\"Article\",\"@id\":\"https:\/\/www.locansol.fr\/exposition-art-nature-saint-cyprien\/#article\",\"isPartOf\":{\"@id\":\"https:\/\/www.locansol.fr\/exposition-art-nature-saint-cyprien\/\"},\"author\":{\"name\":\"H\u00e9bergements Locansol\",\"@id\":\"https:\/\/www.locansol.fr\/#\/schema\/person\/0b08d440f1ac44674c6d498107de351d\"},\"headline\":\"Exposition St-Cyp&rsquo;Art Andr\u00e9e Batlle \u00e0 Saint-Cyprien (22 avril &#8211; 12 juin) : D\u00e9couvrez l&rsquo;art dans un \u00e9crin naturel\",\"datePublished\":\"2026-04-26T02:21:08+00:00\",\"dateModified\":\"2026-04-26T02:21:12+00:00\",\"mainEntityOfPage\":{\"@id\":\"https:\/\/www.locansol.fr\/exposition-art-nature-saint-cyprien\/\"},\"wordCount\":426,\"publisher\":{\"@id\":\"https:\/\/www.locansol.fr\/#organization\"},\"image\":{\"@id\":\"https:\/\/www.locansol.fr\/exposition-art-nature-saint-cyprien\/#primaryimage\"},\"thumbnailUrl\":\"https:\/\/www.locansol.fr\/wp-content\/uploads\/2026\/04\/exposition-art-nature-saint-cyprien.webp\",\"keywords\":[\"\u00c9v\u00e8nement culturel\",\"Pyr\u00e9n\u00e9es-Orientales\"],\"articleSection\":[\"Carnaval\"],\"inLanguage\":\"es\"},{\"@type\":\"WebPage\",\"@id\":\"https:\/\/www.locansol.fr\/exposition-art-nature-saint-cyprien\/\",\"url\":\"https:\/\/www.locansol.fr\/exposition-art-nature-saint-cyprien\/\",\"name\":\"Exposition St-Cyp'Art Andr\u00e9e Batlle Saint-Cyprien - Art & Nature\",\"isPartOf\":{\"@id\":\"https:\/\/www.locansol.fr\/#website\"},\"primaryImageOfPage\":{\"@id\":\"https:\/\/www.locansol.fr\/exposition-art-nature-saint-cyprien\/#primaryimage\"},\"image\":{\"@id\":\"https:\/\/www.locansol.fr\/exposition-art-nature-saint-cyprien\/#primaryimage\"},\"thumbnailUrl\":\"https:\/\/www.locansol.fr\/wp-content\/uploads\/2026\/04\/exposition-art-nature-saint-cyprien.webp\",\"datePublished\":\"2026-04-26T02:21:08+00:00\",\"dateModified\":\"2026-04-26T02:21:12+00:00\",\"description\":\"Exposition St-Cyp'Art Andr\u00e9e Batlle Saint-Cyprien : d\u00e9couvrez des \u0153uvres acryliques uniques dans un \u00e9crin naturel des Pyr\u00e9n\u00e9es-Orientales. Vernissage gratuit le 22 avril.\",\"breadcrumb\":{\"@id\":\"https:\/\/www.locansol.fr\/exposition-art-nature-saint-cyprien\/#breadcrumb\"},\"inLanguage\":\"es\",\"potentialAction\":[{\"@type\":\"ReadAction\",\"target\":[\"https:\/\/www.locansol.fr\/exposition-art-nature-saint-cyprien\/\"]}]},{\"@type\":\"ImageObject\",\"inLanguage\":\"es\",\"@id\":\"https:\/\/www.locansol.fr\/exposition-art-nature-saint-cyprien\/#primaryimage\",\"url\":\"https:\/\/www.locansol.fr\/wp-content\/uploads\/2026\/04\/exposition-art-nature-saint-cyprien.webp\",\"contentUrl\":\"https:\/\/www.locansol.fr\/wp-content\/uploads\/2026\/04\/exposition-art-nature-saint-cyprien.webp\",\"width\":1920,\"height\":1358,\"caption\":\"Exposition St-Cyp'Art Andr\u00e9e Batlle Saint-Cyprien - Art & Nature\"},{\"@type\":\"BreadcrumbList\",\"@id\":\"https:\/\/www.locansol.fr\/exposition-art-nature-saint-cyprien\/#breadcrumb\",\"itemListElement\":[{\"@type\":\"ListItem\",\"position\":1,\"name\":\"Accueil\",\"item\":\"https:\/\/www.locansol.fr\/\"},{\"@type\":\"ListItem\",\"position\":2,\"name\":\"Exposition St-Cyp&rsquo;Art Andr\u00e9e Batlle \u00e0 Saint-Cyprien (22 avril &#8211; 12 juin) : D\u00e9couvrez l&rsquo;art dans un \u00e9crin naturel\"}]},{\"@type\":\"WebSite\",\"@id\":\"https:\/\/www.locansol.fr\/#website\",\"url\":\"https:\/\/www.locansol.fr\/\",\"name\":\"Locansol, louer un h\u00e9bergement dans les Pyr\u00e9n\u00e9es-Orientales\",\"description\":\"Location Mobil-home Mer M\u00e9diterran\u00e9e &amp; Chalet de Montagne dans les Pyr\u00e9n\u00e9es Orientales (Occitanie, 66). Weekend, s\u00e9jour &amp; vacances en famille et entre amis.\",\"publisher\":{\"@id\":\"https:\/\/www.locansol.fr\/#organization\"},\"alternateName\":\"Louer un h\u00e9bergement dans les Pyr\u00e9n\u00e9es Orientales, chalet & mobil-home en Occitanie\",\"potentialAction\":[{\"@type\":\"SearchAction\",\"target\":{\"@type\":\"EntryPoint\",\"urlTemplate\":\"https:\/\/www.locansol.fr\/?s={search_term_string}\"},\"query-input\":{\"@type\":\"PropertyValueSpecification\",\"valueRequired\":true,\"valueName\":\"search_term_string\"}}],\"inLanguage\":\"es\"},{\"@type\":\"Organization\",\"@id\":\"https:\/\/www.locansol.fr\/#organization\",\"name\":\"Location MobilHome & chalet dans les Pyr\u00e9n\u00e9es Orientales\",\"alternateName\":\"Louer un h\u00e9bergement dans les Pyr\u00e9n\u00e9es Orientales en Occitanie\",\"url\":\"https:\/\/www.locansol.fr\/\",\"logo\":{\"@type\":\"ImageObject\",\"inLanguage\":\"es\",\"@id\":\"https:\/\/www.locansol.fr\/#\/schema\/logo\/image\/\",\"url\":\"https:\/\/www.locansol.fr\/wp-content\/uploads\/2024\/04\/AdobeStock_303324767-scaled.jpeg\",\"contentUrl\":\"https:\/\/www.locansol.fr\/wp-content\/uploads\/2024\/04\/AdobeStock_303324767-scaled.jpeg\",\"width\":2560,\"height\":1707,\"caption\":\"Location MobilHome & chalet dans les Pyr\u00e9n\u00e9es Orientales\"},\"image\":{\"@id\":\"https:\/\/www.locansol.fr\/#\/schema\/logo\/image\/\"}},{\"@type\":\"Person\",\"@id\":\"https:\/\/www.locansol.fr\/#\/schema\/person\/0b08d440f1ac44674c6d498107de351d\",\"name\":\"H\u00e9bergements Locansol\",\"image\":{\"@type\":\"ImageObject\",\"inLanguage\":\"es\",\"@id\":\"https:\/\/www.locansol.fr\/#\/schema\/person\/image\/\",\"url\":\"https:\/\/secure.gravatar.com\/avatar\/444436b93284204f8116b6e0eb964cd3fcb811519c737232bde6dd5743c37ee5?s=96&d=mm&r=g\",\"contentUrl\":\"https:\/\/secure.gravatar.com\/avatar\/444436b93284204f8116b6e0eb964cd3fcb811519c737232bde6dd5743c37ee5?s=96&d=mm&r=g\",\"caption\":\"H\u00e9bergements Locansol\"},\"sameAs\":[\"https:\/\/www.locansol.fr\/\"],\"url\":\"https:\/\/www.locansol.fr\/es\/author\/locansol\/\"}]}<\/script>\n<!-- \/ Yoast SEO Premium plugin. -->","yoast_head_json":{"title":"Exposition St-Cyp'Art Andr\u00e9e Batlle Saint-Cyprien - Art & Nature","description":"Exposition St-Cyp'Art Andr\u00e9e Batlle Saint-Cyprien : d\u00e9couvrez des \u0153uvres acryliques uniques dans un \u00e9crin naturel des Pyr\u00e9n\u00e9es-Orientales. Vernissage gratuit le 22 avril.","robots":{"index":"index","follow":"follow","max-snippet":"max-snippet:-1","max-image-preview":"max-image-preview:large","max-video-preview":"max-video-preview:-1"},"canonical":"https:\/\/www.locansol.fr\/es\/exposition-art-nature-saint-cyprien\/","og_locale":"es_ES","og_type":"article","og_title":"Plongez dans l'art : Exposition St-Cyp'Art \u00e0 Saint-Cyprien \u2014 Nature & Cr\u00e9ativit\u00e9","og_description":"Imaginez un parc naturel baign\u00e9 de lumi\u00e8re m\u00e9diterran\u00e9enne, o\u00f9 l'art acrylique d'Andr\u00e9e Batlle prend vie. Une exposition gratuite \u00e0 ne pas manquer \u00e0 Saint-Cyprien.","og_url":"https:\/\/www.locansol.fr\/es\/exposition-art-nature-saint-cyprien\/","og_site_name":"Locansol, louer un h\u00e9bergement dans les Pyr\u00e9n\u00e9es Orientales","article_published_time":"2026-04-26T02:21:08+00:00","article_modified_time":"2026-04-26T02:21:12+00:00","og_image":[{"url":"https:\/\/www.locansol.fr\/wp-content\/uploads\/2026\/04\/exposition-art-nature-saint-cyprien.webp","type":"","width":"","height":""}],"author":"H\u00e9bergements Locansol","twitter_card":"summary_large_image","twitter_title":"Exposition St-Cyp'Art Andr\u00e9e Batlle : art et nature \u00e0 Saint-Cyprien","twitter_description":"Plongez dans l'univers artistique d'Andr\u00e9e Batlle \u00e0 Saint-Cyprien. Exposition gratuite du 22 avril au 12 juin. \u00c0 ne pas manquer !","twitter_image":"https:\/\/www.locansol.fr\/wp-content\/uploads\/2026\/04\/exposition-art-nature-saint-cyprien.webp","twitter_misc":{"Escrito por":"H\u00e9bergements Locansol","Tiempo de lectura":"2 minutos"},"schema":{"@context":"https:\/\/schema.org","@graph":[{"@type":"Article","@id":"https:\/\/www.locansol.fr\/exposition-art-nature-saint-cyprien\/#article","isPartOf":{"@id":"https:\/\/www.locansol.fr\/exposition-art-nature-saint-cyprien\/"},"author":{"name":"H\u00e9bergements Locansol","@id":"https:\/\/www.locansol.fr\/#\/schema\/person\/0b08d440f1ac44674c6d498107de351d"},"headline":"Exposition St-Cyp&rsquo;Art Andr\u00e9e Batlle \u00e0 Saint-Cyprien (22 avril &#8211; 12 juin) : D\u00e9couvrez l&rsquo;art dans un \u00e9crin naturel","datePublished":"2026-04-26T02:21:08+00:00","dateModified":"2026-04-26T02:21:12+00:00","mainEntityOfPage":{"@id":"https:\/\/www.locansol.fr\/exposition-art-nature-saint-cyprien\/"},"wordCount":426,"publisher":{"@id":"https:\/\/www.locansol.fr\/#organization"},"image":{"@id":"https:\/\/www.locansol.fr\/exposition-art-nature-saint-cyprien\/#primaryimage"},"thumbnailUrl":"https:\/\/www.locansol.fr\/wp-content\/uploads\/2026\/04\/exposition-art-nature-saint-cyprien.webp","keywords":["\u00c9v\u00e8nement culturel","Pyr\u00e9n\u00e9es-Orientales"],"articleSection":["Carnaval"],"inLanguage":"es"},{"@type":"WebPage","@id":"https:\/\/www.locansol.fr\/exposition-art-nature-saint-cyprien\/","url":"https:\/\/www.locansol.fr\/exposition-art-nature-saint-cyprien\/","name":"Exposition St-Cyp'Art Andr\u00e9e Batlle Saint-Cyprien - Art & Nature","isPartOf":{"@id":"https:\/\/www.locansol.fr\/#website"},"primaryImageOfPage":{"@id":"https:\/\/www.locansol.fr\/exposition-art-nature-saint-cyprien\/#primaryimage"},"image":{"@id":"https:\/\/www.locansol.fr\/exposition-art-nature-saint-cyprien\/#primaryimage"},"thumbnailUrl":"https:\/\/www.locansol.fr\/wp-content\/uploads\/2026\/04\/exposition-art-nature-saint-cyprien.webp","datePublished":"2026-04-26T02:21:08+00:00","dateModified":"2026-04-26T02:21:12+00:00","description":"Exposition St-Cyp'Art Andr\u00e9e Batlle Saint-Cyprien : d\u00e9couvrez des \u0153uvres acryliques uniques dans un \u00e9crin naturel des Pyr\u00e9n\u00e9es-Orientales. Vernissage gratuit le 22 avril.","breadcrumb":{"@id":"https:\/\/www.locansol.fr\/exposition-art-nature-saint-cyprien\/#breadcrumb"},"inLanguage":"es","potentialAction":[{"@type":"ReadAction","target":["https:\/\/www.locansol.fr\/exposition-art-nature-saint-cyprien\/"]}]},{"@type":"ImageObject","inLanguage":"es","@id":"https:\/\/www.locansol.fr\/exposition-art-nature-saint-cyprien\/#primaryimage","url":"https:\/\/www.locansol.fr\/wp-content\/uploads\/2026\/04\/exposition-art-nature-saint-cyprien.webp","contentUrl":"https:\/\/www.locansol.fr\/wp-content\/uploads\/2026\/04\/exposition-art-nature-saint-cyprien.webp","width":1920,"height":1358,"caption":"Exposition St-Cyp'Art Andr\u00e9e Batlle Saint-Cyprien - Art & Nature"},{"@type":"BreadcrumbList","@id":"https:\/\/www.locansol.fr\/exposition-art-nature-saint-cyprien\/#breadcrumb","itemListElement":[{"@type":"ListItem","position":1,"name":"Accueil","item":"https:\/\/www.locansol.fr\/"},{"@type":"ListItem","position":2,"name":"Exposition St-Cyp&rsquo;Art Andr\u00e9e Batlle \u00e0 Saint-Cyprien (22 avril &#8211; 12 juin) : D\u00e9couvrez l&rsquo;art dans un \u00e9crin naturel"}]},{"@type":"WebSite","@id":"https:\/\/www.locansol.fr\/#website","url":"https:\/\/www.locansol.fr\/","name":"Locansol, louer un h\u00e9bergement dans les Pyr\u00e9n\u00e9es-Orientales","description":"Location Mobil-home Mer M\u00e9diterran\u00e9e &amp; Chalet de Montagne dans les Pyr\u00e9n\u00e9es Orientales (Occitanie, 66). Weekend, s\u00e9jour &amp; vacances en famille et entre amis.","publisher":{"@id":"https:\/\/www.locansol.fr\/#organization"},"alternateName":"Louer un h\u00e9bergement dans les Pyr\u00e9n\u00e9es Orientales, chalet & mobil-home en Occitanie","potentialAction":[{"@type":"SearchAction","target":{"@type":"EntryPoint","urlTemplate":"https:\/\/www.locansol.fr\/?s={search_term_string}"},"query-input":{"@type":"PropertyValueSpecification","valueRequired":true,"valueName":"search_term_string"}}],"inLanguage":"es"},{"@type":"Organization","@id":"https:\/\/www.locansol.fr\/#organization","name":"Location MobilHome & chalet dans les Pyr\u00e9n\u00e9es Orientales","alternateName":"Louer un h\u00e9bergement dans les Pyr\u00e9n\u00e9es Orientales en Occitanie","url":"https:\/\/www.locansol.fr\/","logo":{"@type":"ImageObject","inLanguage":"es","@id":"https:\/\/www.locansol.fr\/#\/schema\/logo\/image\/","url":"https:\/\/www.locansol.fr\/wp-content\/uploads\/2024\/04\/AdobeStock_303324767-scaled.jpeg","contentUrl":"https:\/\/www.locansol.fr\/wp-content\/uploads\/2024\/04\/AdobeStock_303324767-scaled.jpeg","width":2560,"height":1707,"caption":"Location MobilHome & chalet dans les Pyr\u00e9n\u00e9es Orientales"},"image":{"@id":"https:\/\/www.locansol.fr\/#\/schema\/logo\/image\/"}},{"@type":"Person","@id":"https:\/\/www.locansol.fr\/#\/schema\/person\/0b08d440f1ac44674c6d498107de351d","name":"H\u00e9bergements Locansol","image":{"@type":"ImageObject","inLanguage":"es","@id":"https:\/\/www.locansol.fr\/#\/schema\/person\/image\/","url":"https:\/\/secure.gravatar.com\/avatar\/444436b93284204f8116b6e0eb964cd3fcb811519c737232bde6dd5743c37ee5?s=96&d=mm&r=g","contentUrl":"https:\/\/secure.gravatar.com\/avatar\/444436b93284204f8116b6e0eb964cd3fcb811519c737232bde6dd5743c37ee5?s=96&d=mm&r=g","caption":"H\u00e9bergements Locansol"},"sameAs":["https:\/\/www.locansol.fr\/"],"url":"https:\/\/www.locansol.fr\/es\/author\/locansol\/"}]}},"_links":{"self":[{"href":"https:\/\/www.locansol.fr\/es\/wp-json\/wp\/v2\/posts\/6567","targetHints":{"allow":["GET"]}}],"collection":[{"href":"https:\/\/www.locansol.fr\/es\/wp-json\/wp\/v2\/posts"}],"about":[{"href":"https:\/\/www.locansol.fr\/es\/wp-json\/wp\/v2\/types\/post"}],"author":[{"embeddable":true,"href":"https:\/\/www.locansol.fr\/es\/wp-json\/wp\/v2\/users\/5"}],"replies":[{"embeddable":true,"href":"https:\/\/www.locansol.fr\/es\/wp-json\/wp\/v2\/comments?post=6567"}],"version-history":[{"count":1,"href":"https:\/\/www.locansol.fr\/es\/wp-json\/wp\/v2\/posts\/6567\/revisions"}],"predecessor-version":[{"id":6568,"href":"https:\/\/www.locansol.fr\/es\/wp-json\/wp\/v2\/posts\/6567\/revisions\/6568"}],"wp:featuredmedia":[{"embeddable":true,"href":"https:\/\/www.locansol.fr\/es\/wp-json\/wp\/v2\/media\/6566"}],"wp:attachment":[{"href":"https:\/\/www.locansol.fr\/es\/wp-json\/wp\/v2\/media?parent=6567"}],"wp:term":[{"taxonomy":"category","embeddable":true,"href":"https:\/\/www.locansol.fr\/es\/wp-json\/wp\/v2\/categories?post=6567"},{"taxonomy":"post_tag","embeddable":true,"href":"https:\/\/www.locansol.fr\/es\/wp-json\/wp\/v2\/tags?post=6567"}],"curies":[{"name":"wp","href":"https:\/\/api.w.org\/{rel}","templated":true}]}}