{"id":6599,"date":"2026-04-26T16:18:28","date_gmt":"2026-04-26T14:18:28","guid":{"rendered":"https:\/\/www.locansol.fr\/exposition-chef-d-oeuvre-monumental-perpignan-4\/"},"modified":"2026-04-26T16:18:35","modified_gmt":"2026-04-26T14:18:35","slug":"exposition-chef-d-oeuvre-monumental-perpignan-4","status":"publish","type":"post","link":"https:\/\/www.locansol.fr\/es\/exposition-chef-d-oeuvre-monumental-perpignan-4\/","title":{"rendered":"Perpignan, du 24 mars au 31 mai : D\u00e9couvrez un chef-d&rsquo;\u0153uvre monumental restaur\u00e9"},"content":{"rendered":"<p>La cath\u00e9drale Saint-Jean-Baptiste de Perpignan devient le th\u00e9\u00e2tre d&rsquo;un \u00e9v\u00e9nement culturel exceptionnel du 24 mars au 31 mai. Sous le titre \u00e9vocateur \u00ab La Red\u00e9couverte d\u2019un Chef-d\u2019\u0152uvre Monumental \u00bb, cette exposition vous invite \u00e0 plonger dans l\u2019histoire captivante des volets du grand orgue de la cath\u00e9drale.<\/p>\n<p>Ces panneaux gigantesques, peints en 1504, font partie des ensembles picturaux les plus impressionnants d\u2019Europe. Avec leurs dimensions spectaculaires \u2014 12,6 m\u00e8tres de haut sur 4,3 m\u00e8tres de large, soit plus de 83 m\u00b2 chacun \u2014 ces ch\u00e2ssis, probablement uniques au monde occidental, fascinent par leur envergure et leur richesse artistique. Initialement con\u00e7us pour accompagner les cycles du calendrier liturgique, ces volets m\u00ealent musique, architecture et art sacr\u00e9. Derri\u00e8re leur \u00e9laboration \u00e0 la d\u00e9trempe sur toile, chaque d\u00e9tail raconte une histoire spirituelle amplifi\u00e9e par une polychromie vibrante en fa\u00e7ade et une grisaille soign\u00e9e au revers.<\/p>\n<p>L\u2019exposition propose un voyage in\u00e9dit dans l\u2019histoire de ces \u0153uvres, longtemps rest\u00e9es m\u00e9connues. D\u00e9plac\u00e9s et fix\u00e9s au XIXe si\u00e8cle aux murs de la cath\u00e9drale, au-dessus de la porte \u00ab de Bethl\u00e9em \u00bb, ces volets \u00e9taient devenus de plus en plus difficiles \u00e0 observer dans leur int\u00e9gralit\u00e9. Gr\u00e2ce \u00e0 un ambitieux chantier de restauration lanc\u00e9 en 2022 par la Direction r\u00e9gionale des affaires culturelles d\u2019Occitanie, vous pouvez aujourd\u2019hui les admirer dans toute leur splendeur.<\/p>\n<p>L\u2019exposition ne se limite pas \u00e0 la simple contemplation de ces \u0153uvres monumentales. Elle offre \u00e9galement un regard d\u00e9taill\u00e9 sur les techniques et les efforts titanesques d\u00e9ploy\u00e9s pour leur conservation. Cette d\u00e9marche scientifique permet de d\u00e9couvrir les secrets de fabrication de ces panneaux, leur \u00e9tat de pr\u00e9servation et leur longue histoire mat\u00e9rielle, autant d\u2019\u00e9l\u00e9ments qui contribuent \u00e0 enrichir votre immersion dans ce patrimoine exceptionnel.<\/p>\n<p>Situ\u00e9e au c\u0153ur de Perpignan, la cath\u00e9drale Saint-Jean-Baptiste, avec son architecture charg\u00e9e d\u2019histoire, offre un d\u00e9cor parfait pour cet \u00e9v\u00e9nement. Pour ceux qui ne la connaissent pas encore, l\u2019exposition est une opportunit\u00e9 id\u00e9ale de d\u00e9couvrir, ou red\u00e9couvrir, cet \u00e9difice embl\u00e9matique des Pyr\u00e9n\u00e9es-Orientales. L\u2019ambiance unique du lieu, m\u00eal\u00e9e \u00e0 la beaut\u00e9 des \u0153uvres expos\u00e9es, constitue une exp\u00e9rience m\u00e9morable pour tous les amateurs d\u2019art et de patrimoine.<\/p>\n<p>\ud83d\udcc5 L\u2019\u00e9v\u00e9nement est accessible tous les jours jusqu\u2019au 31 mai. Les billets sont disponibles au tarif de 8 euros, un prix modique pour une plong\u00e9e dans plusieurs si\u00e8cles de culture et d\u2019histoire. Il s\u2019agit d\u2019un rendez-vous incontournable pour les passionn\u00e9s d\u2019art religieux, les curieux d\u2019histoire ou simplement pour quiconque en qu\u00eate d\u2019une sortie enrichissante et inspirante.<\/p>\n<p>Alors, pourquoi ne pas venir \u00e0 Perpignan pour d\u00e9couvrir ce chef-d\u2019\u0153uvre magnifiquement restaur\u00e9 ? Une visite \u00e0 la cath\u00e9drale Saint-Jean-Baptiste vous promet une exp\u00e9rience culturelle d\u2019exception, \u00e0 la crois\u00e9e de l\u2019art, de l\u2019histoire et de la spiritualit\u00e9.<\/p>\n<h3>Informaci\u00f3n pr\u00e1ctica<\/h3>\n<p>\ud83d\udcc5 QUAND ? Du 24 mars au 31 mai<br \/>\ud83d\udccd O\u00d9 ? Cath\u00e9drale Saint-Jean-Baptiste, Perpignan<br \/>\ud83d\udcb6 COMBIEN ? 8,00 \u20ac<\/p>","protected":false},"excerpt":{"rendered":"<p>D\u00e9couvrez l&rsquo;exposition des volets monumentaux restaur\u00e9s du grand orgue \u00e0 la cath\u00e9drale de Perpignan, du 24 mars au 31 mai.<\/p>","protected":false},"author":5,"featured_media":6598,"comment_status":"closed","ping_status":"open","sticky":false,"template":"","format":"standard","meta":{"_yoast_wpseo_focuskw":"Exposition chef-d\u2019\u0153uvre monumental Perpignan","_yoast_wpseo_title":"La Red\u00e9couverte d\u2019un Chef-d\u2019\u0152uvre Monumental Perpignan","_yoast_wpseo_metadesc":"La Red\u00e9couverte d\u2019un Chef-d\u2019\u0152uvre Monumental Perpignan. D\u00e9couvrez les volets du grand orgue de la cath\u00e9drale Saint-Jean-Baptiste, restaur\u00e9s et expos\u00e9s dans les Pyr\u00e9n\u00e9es-Orientales. Une plong\u00e9e unique dans l\u2019art et l\u2019histoire.","_yoast_wpseo_canonical":"","_yoast_wpseo_opengraph-title":"D\u00e9couvrez un chef-d\u2019\u0153uvre monumental \u00e0 Perpignan \u2014 une exp\u00e9rience artistique unique","_yoast_wpseo_opengraph-description":"Plongez dans l\u2019histoire et l\u2019art \u00e0 Perpignan. D\u00e9couvrez les volets du grand orgue de la cath\u00e9drale Saint-Jean-Baptiste, magnifiquement restaur\u00e9s. Une exp\u00e9rience culturelle inoubliable vous attend.","_yoast_wpseo_opengraph-image":"https:\/\/www.locansol.fr\/wp-content\/uploads\/2026\/04\/exposition-chef-d-oeuvre-monumental-perpignan-3.webp","_yoast_wpseo_opengraph-image-id":"","_yoast_wpseo_twitter-title":"D\u00e9couvrez un chef-d\u2019\u0153uvre monumental \u00e0 Perpignan","_yoast_wpseo_twitter-description":"Venez admirer les volets du grand orgue de la cath\u00e9drale Saint-Jean-Baptiste \u00e0 Perpignan. Une exp\u00e9rience artistique et historique unique \u00e0 ne pas manquer.","_yoast_wpseo_twitter-image":"https:\/\/www.locansol.fr\/wp-content\/uploads\/2026\/04\/exposition-chef-d-oeuvre-monumental-perpignan-3.webp","_yoast_wpseo_twitter-image-id":"","yoast_primary_category":"Exposition","footnotes":""},"categories":[35],"tags":[66,76],"class_list":["post-6599","post","type-post","status-publish","format-standard","has-post-thumbnail","hentry","category-carnaval","tag-evenement-culturel","tag-pyrenees-orientales"],"yoast_head":"<!-- This site is optimized with the Yoast SEO Premium plugin v23.3 (Yoast SEO v26.9) - https:\/\/yoast.com\/product\/yoast-seo-premium-wordpress\/ -->\n<title>La Red\u00e9couverte d\u2019un Chef-d\u2019\u0152uvre Monumental Perpignan<\/title>\n<meta name=\"description\" content=\"La Red\u00e9couverte d\u2019un Chef-d\u2019\u0152uvre Monumental Perpignan. D\u00e9couvrez les volets du grand orgue de la cath\u00e9drale Saint-Jean-Baptiste, restaur\u00e9s et expos\u00e9s dans les Pyr\u00e9n\u00e9es-Orientales. Une plong\u00e9e unique dans l\u2019art et l\u2019histoire.\" \/>\n<meta name=\"robots\" content=\"index, follow, max-snippet:-1, max-image-preview:large, max-video-preview:-1\" \/>\n<link rel=\"canonical\" href=\"https:\/\/www.locansol.fr\/es\/exposition-chef-d-oeuvre-monumental-perpignan-4\/\" \/>\n<meta property=\"og:locale\" content=\"es_ES\" \/>\n<meta property=\"og:type\" content=\"article\" \/>\n<meta property=\"og:title\" content=\"D\u00e9couvrez un chef-d\u2019\u0153uvre monumental \u00e0 Perpignan \u2014 une exp\u00e9rience artistique unique\" \/>\n<meta property=\"og:description\" content=\"Plongez dans l\u2019histoire et l\u2019art \u00e0 Perpignan. D\u00e9couvrez les volets du grand orgue de la cath\u00e9drale Saint-Jean-Baptiste, magnifiquement restaur\u00e9s. Une exp\u00e9rience culturelle inoubliable vous attend.\" \/>\n<meta property=\"og:url\" content=\"https:\/\/www.locansol.fr\/es\/exposition-chef-d-oeuvre-monumental-perpignan-4\/\" \/>\n<meta property=\"og:site_name\" content=\"Locansol, louer un h\u00e9bergement dans les Pyr\u00e9n\u00e9es Orientales\" \/>\n<meta property=\"article:published_time\" content=\"2026-04-26T14:18:28+00:00\" \/>\n<meta property=\"article:modified_time\" content=\"2026-04-26T14:18:35+00:00\" \/>\n<meta property=\"og:image\" content=\"https:\/\/www.locansol.fr\/wp-content\/uploads\/2026\/04\/exposition-chef-d-oeuvre-monumental-perpignan-3.webp\" \/>\n<meta name=\"author\" content=\"H\u00e9bergements Locansol\" \/>\n<meta name=\"twitter:card\" content=\"summary_large_image\" \/>\n<meta name=\"twitter:title\" content=\"D\u00e9couvrez un chef-d\u2019\u0153uvre monumental \u00e0 Perpignan\" \/>\n<meta name=\"twitter:description\" content=\"Venez admirer les volets du grand orgue de la cath\u00e9drale Saint-Jean-Baptiste \u00e0 Perpignan. Une exp\u00e9rience artistique et historique unique \u00e0 ne pas manquer.\" \/>\n<meta name=\"twitter:image\" content=\"https:\/\/www.locansol.fr\/wp-content\/uploads\/2026\/04\/exposition-chef-d-oeuvre-monumental-perpignan-3.webp\" \/>\n<meta name=\"twitter:label1\" content=\"Escrito por\" \/>\n\t<meta name=\"twitter:data1\" content=\"H\u00e9bergements Locansol\" \/>\n\t<meta name=\"twitter:label2\" content=\"Tiempo de lectura\" \/>\n\t<meta name=\"twitter:data2\" content=\"3 minutos\" \/>\n<script type=\"application\/ld+json\" class=\"yoast-schema-graph\">{\"@context\":\"https:\/\/schema.org\",\"@graph\":[{\"@type\":\"Article\",\"@id\":\"https:\/\/www.locansol.fr\/exposition-chef-d-oeuvre-monumental-perpignan-4\/#article\",\"isPartOf\":{\"@id\":\"https:\/\/www.locansol.fr\/exposition-chef-d-oeuvre-monumental-perpignan-4\/\"},\"author\":{\"name\":\"H\u00e9bergements Locansol\",\"@id\":\"https:\/\/www.locansol.fr\/#\/schema\/person\/0b08d440f1ac44674c6d498107de351d\"},\"headline\":\"Perpignan, du 24 mars au 31 mai : D\u00e9couvrez un chef-d&rsquo;\u0153uvre monumental restaur\u00e9\",\"datePublished\":\"2026-04-26T14:18:28+00:00\",\"dateModified\":\"2026-04-26T14:18:35+00:00\",\"mainEntityOfPage\":{\"@id\":\"https:\/\/www.locansol.fr\/exposition-chef-d-oeuvre-monumental-perpignan-4\/\"},\"wordCount\":523,\"publisher\":{\"@id\":\"https:\/\/www.locansol.fr\/#organization\"},\"image\":{\"@id\":\"https:\/\/www.locansol.fr\/exposition-chef-d-oeuvre-monumental-perpignan-4\/#primaryimage\"},\"thumbnailUrl\":\"https:\/\/www.locansol.fr\/wp-content\/uploads\/2026\/04\/exposition-chef-d-oeuvre-monumental-perpignan-3.webp\",\"keywords\":[\"\u00c9v\u00e8nement culturel\",\"Pyr\u00e9n\u00e9es-Orientales\"],\"articleSection\":[\"Carnaval\"],\"inLanguage\":\"es\"},{\"@type\":\"WebPage\",\"@id\":\"https:\/\/www.locansol.fr\/exposition-chef-d-oeuvre-monumental-perpignan-4\/\",\"url\":\"https:\/\/www.locansol.fr\/exposition-chef-d-oeuvre-monumental-perpignan-4\/\",\"name\":\"La Red\u00e9couverte d\u2019un Chef-d\u2019\u0152uvre Monumental Perpignan\",\"isPartOf\":{\"@id\":\"https:\/\/www.locansol.fr\/#website\"},\"primaryImageOfPage\":{\"@id\":\"https:\/\/www.locansol.fr\/exposition-chef-d-oeuvre-monumental-perpignan-4\/#primaryimage\"},\"image\":{\"@id\":\"https:\/\/www.locansol.fr\/exposition-chef-d-oeuvre-monumental-perpignan-4\/#primaryimage\"},\"thumbnailUrl\":\"https:\/\/www.locansol.fr\/wp-content\/uploads\/2026\/04\/exposition-chef-d-oeuvre-monumental-perpignan-3.webp\",\"datePublished\":\"2026-04-26T14:18:28+00:00\",\"dateModified\":\"2026-04-26T14:18:35+00:00\",\"description\":\"La Red\u00e9couverte d\u2019un Chef-d\u2019\u0152uvre Monumental Perpignan. D\u00e9couvrez les volets du grand orgue de la cath\u00e9drale Saint-Jean-Baptiste, restaur\u00e9s et expos\u00e9s dans les Pyr\u00e9n\u00e9es-Orientales. Une plong\u00e9e unique dans l\u2019art et l\u2019histoire.\",\"breadcrumb\":{\"@id\":\"https:\/\/www.locansol.fr\/exposition-chef-d-oeuvre-monumental-perpignan-4\/#breadcrumb\"},\"inLanguage\":\"es\",\"potentialAction\":[{\"@type\":\"ReadAction\",\"target\":[\"https:\/\/www.locansol.fr\/exposition-chef-d-oeuvre-monumental-perpignan-4\/\"]}]},{\"@type\":\"ImageObject\",\"inLanguage\":\"es\",\"@id\":\"https:\/\/www.locansol.fr\/exposition-chef-d-oeuvre-monumental-perpignan-4\/#primaryimage\",\"url\":\"https:\/\/www.locansol.fr\/wp-content\/uploads\/2026\/04\/exposition-chef-d-oeuvre-monumental-perpignan-3.webp\",\"contentUrl\":\"https:\/\/www.locansol.fr\/wp-content\/uploads\/2026\/04\/exposition-chef-d-oeuvre-monumental-perpignan-3.webp\",\"width\":1024,\"height\":605,\"caption\":\"La Red\u00e9couverte d\u2019un Chef-d\u2019\u0152uvre Monumental Perpignan\"},{\"@type\":\"BreadcrumbList\",\"@id\":\"https:\/\/www.locansol.fr\/exposition-chef-d-oeuvre-monumental-perpignan-4\/#breadcrumb\",\"itemListElement\":[{\"@type\":\"ListItem\",\"position\":1,\"name\":\"Accueil\",\"item\":\"https:\/\/www.locansol.fr\/\"},{\"@type\":\"ListItem\",\"position\":2,\"name\":\"Perpignan, du 24 mars au 31 mai : D\u00e9couvrez un chef-d&rsquo;\u0153uvre monumental restaur\u00e9\"}]},{\"@type\":\"WebSite\",\"@id\":\"https:\/\/www.locansol.fr\/#website\",\"url\":\"https:\/\/www.locansol.fr\/\",\"name\":\"Locansol, louer un h\u00e9bergement dans les Pyr\u00e9n\u00e9es-Orientales\",\"description\":\"Location Mobil-home Mer M\u00e9diterran\u00e9e &amp; Chalet de Montagne dans les Pyr\u00e9n\u00e9es Orientales (Occitanie, 66). Weekend, s\u00e9jour &amp; vacances en famille et entre amis.\",\"publisher\":{\"@id\":\"https:\/\/www.locansol.fr\/#organization\"},\"alternateName\":\"Louer un h\u00e9bergement dans les Pyr\u00e9n\u00e9es Orientales, chalet & mobil-home en Occitanie\",\"potentialAction\":[{\"@type\":\"SearchAction\",\"target\":{\"@type\":\"EntryPoint\",\"urlTemplate\":\"https:\/\/www.locansol.fr\/?s={search_term_string}\"},\"query-input\":{\"@type\":\"PropertyValueSpecification\",\"valueRequired\":true,\"valueName\":\"search_term_string\"}}],\"inLanguage\":\"es\"},{\"@type\":\"Organization\",\"@id\":\"https:\/\/www.locansol.fr\/#organization\",\"name\":\"Location MobilHome & chalet dans les Pyr\u00e9n\u00e9es Orientales\",\"alternateName\":\"Louer un h\u00e9bergement dans les Pyr\u00e9n\u00e9es Orientales en Occitanie\",\"url\":\"https:\/\/www.locansol.fr\/\",\"logo\":{\"@type\":\"ImageObject\",\"inLanguage\":\"es\",\"@id\":\"https:\/\/www.locansol.fr\/#\/schema\/logo\/image\/\",\"url\":\"https:\/\/www.locansol.fr\/wp-content\/uploads\/2024\/04\/AdobeStock_303324767-scaled.jpeg\",\"contentUrl\":\"https:\/\/www.locansol.fr\/wp-content\/uploads\/2024\/04\/AdobeStock_303324767-scaled.jpeg\",\"width\":2560,\"height\":1707,\"caption\":\"Location MobilHome & chalet dans les Pyr\u00e9n\u00e9es Orientales\"},\"image\":{\"@id\":\"https:\/\/www.locansol.fr\/#\/schema\/logo\/image\/\"}},{\"@type\":\"Person\",\"@id\":\"https:\/\/www.locansol.fr\/#\/schema\/person\/0b08d440f1ac44674c6d498107de351d\",\"name\":\"H\u00e9bergements Locansol\",\"image\":{\"@type\":\"ImageObject\",\"inLanguage\":\"es\",\"@id\":\"https:\/\/www.locansol.fr\/#\/schema\/person\/image\/\",\"url\":\"https:\/\/secure.gravatar.com\/avatar\/444436b93284204f8116b6e0eb964cd3fcb811519c737232bde6dd5743c37ee5?s=96&d=mm&r=g\",\"contentUrl\":\"https:\/\/secure.gravatar.com\/avatar\/444436b93284204f8116b6e0eb964cd3fcb811519c737232bde6dd5743c37ee5?s=96&d=mm&r=g\",\"caption\":\"H\u00e9bergements Locansol\"},\"sameAs\":[\"https:\/\/www.locansol.fr\/\"],\"url\":\"https:\/\/www.locansol.fr\/es\/author\/locansol\/\"}]}<\/script>\n<!-- \/ Yoast SEO Premium plugin. -->","yoast_head_json":{"title":"La Red\u00e9couverte d\u2019un Chef-d\u2019\u0152uvre Monumental Perpignan","description":"La Red\u00e9couverte d\u2019un Chef-d\u2019\u0152uvre Monumental Perpignan. D\u00e9couvrez les volets du grand orgue de la cath\u00e9drale Saint-Jean-Baptiste, restaur\u00e9s et expos\u00e9s dans les Pyr\u00e9n\u00e9es-Orientales. Une plong\u00e9e unique dans l\u2019art et l\u2019histoire.","robots":{"index":"index","follow":"follow","max-snippet":"max-snippet:-1","max-image-preview":"max-image-preview:large","max-video-preview":"max-video-preview:-1"},"canonical":"https:\/\/www.locansol.fr\/es\/exposition-chef-d-oeuvre-monumental-perpignan-4\/","og_locale":"es_ES","og_type":"article","og_title":"D\u00e9couvrez un chef-d\u2019\u0153uvre monumental \u00e0 Perpignan \u2014 une exp\u00e9rience artistique unique","og_description":"Plongez dans l\u2019histoire et l\u2019art \u00e0 Perpignan. D\u00e9couvrez les volets du grand orgue de la cath\u00e9drale Saint-Jean-Baptiste, magnifiquement restaur\u00e9s. Une exp\u00e9rience culturelle inoubliable vous attend.","og_url":"https:\/\/www.locansol.fr\/es\/exposition-chef-d-oeuvre-monumental-perpignan-4\/","og_site_name":"Locansol, louer un h\u00e9bergement dans les Pyr\u00e9n\u00e9es Orientales","article_published_time":"2026-04-26T14:18:28+00:00","article_modified_time":"2026-04-26T14:18:35+00:00","og_image":[{"url":"https:\/\/www.locansol.fr\/wp-content\/uploads\/2026\/04\/exposition-chef-d-oeuvre-monumental-perpignan-3.webp","type":"","width":"","height":""}],"author":"H\u00e9bergements Locansol","twitter_card":"summary_large_image","twitter_title":"D\u00e9couvrez un chef-d\u2019\u0153uvre monumental \u00e0 Perpignan","twitter_description":"Venez admirer les volets du grand orgue de la cath\u00e9drale Saint-Jean-Baptiste \u00e0 Perpignan. Une exp\u00e9rience artistique et historique unique \u00e0 ne pas manquer.","twitter_image":"https:\/\/www.locansol.fr\/wp-content\/uploads\/2026\/04\/exposition-chef-d-oeuvre-monumental-perpignan-3.webp","twitter_misc":{"Escrito por":"H\u00e9bergements Locansol","Tiempo de lectura":"3 minutos"},"schema":{"@context":"https:\/\/schema.org","@graph":[{"@type":"Article","@id":"https:\/\/www.locansol.fr\/exposition-chef-d-oeuvre-monumental-perpignan-4\/#article","isPartOf":{"@id":"https:\/\/www.locansol.fr\/exposition-chef-d-oeuvre-monumental-perpignan-4\/"},"author":{"name":"H\u00e9bergements Locansol","@id":"https:\/\/www.locansol.fr\/#\/schema\/person\/0b08d440f1ac44674c6d498107de351d"},"headline":"Perpignan, du 24 mars au 31 mai : D\u00e9couvrez un chef-d&rsquo;\u0153uvre monumental restaur\u00e9","datePublished":"2026-04-26T14:18:28+00:00","dateModified":"2026-04-26T14:18:35+00:00","mainEntityOfPage":{"@id":"https:\/\/www.locansol.fr\/exposition-chef-d-oeuvre-monumental-perpignan-4\/"},"wordCount":523,"publisher":{"@id":"https:\/\/www.locansol.fr\/#organization"},"image":{"@id":"https:\/\/www.locansol.fr\/exposition-chef-d-oeuvre-monumental-perpignan-4\/#primaryimage"},"thumbnailUrl":"https:\/\/www.locansol.fr\/wp-content\/uploads\/2026\/04\/exposition-chef-d-oeuvre-monumental-perpignan-3.webp","keywords":["\u00c9v\u00e8nement culturel","Pyr\u00e9n\u00e9es-Orientales"],"articleSection":["Carnaval"],"inLanguage":"es"},{"@type":"WebPage","@id":"https:\/\/www.locansol.fr\/exposition-chef-d-oeuvre-monumental-perpignan-4\/","url":"https:\/\/www.locansol.fr\/exposition-chef-d-oeuvre-monumental-perpignan-4\/","name":"La Red\u00e9couverte d\u2019un Chef-d\u2019\u0152uvre Monumental Perpignan","isPartOf":{"@id":"https:\/\/www.locansol.fr\/#website"},"primaryImageOfPage":{"@id":"https:\/\/www.locansol.fr\/exposition-chef-d-oeuvre-monumental-perpignan-4\/#primaryimage"},"image":{"@id":"https:\/\/www.locansol.fr\/exposition-chef-d-oeuvre-monumental-perpignan-4\/#primaryimage"},"thumbnailUrl":"https:\/\/www.locansol.fr\/wp-content\/uploads\/2026\/04\/exposition-chef-d-oeuvre-monumental-perpignan-3.webp","datePublished":"2026-04-26T14:18:28+00:00","dateModified":"2026-04-26T14:18:35+00:00","description":"La Red\u00e9couverte d\u2019un Chef-d\u2019\u0152uvre Monumental Perpignan. D\u00e9couvrez les volets du grand orgue de la cath\u00e9drale Saint-Jean-Baptiste, restaur\u00e9s et expos\u00e9s dans les Pyr\u00e9n\u00e9es-Orientales. Une plong\u00e9e unique dans l\u2019art et l\u2019histoire.","breadcrumb":{"@id":"https:\/\/www.locansol.fr\/exposition-chef-d-oeuvre-monumental-perpignan-4\/#breadcrumb"},"inLanguage":"es","potentialAction":[{"@type":"ReadAction","target":["https:\/\/www.locansol.fr\/exposition-chef-d-oeuvre-monumental-perpignan-4\/"]}]},{"@type":"ImageObject","inLanguage":"es","@id":"https:\/\/www.locansol.fr\/exposition-chef-d-oeuvre-monumental-perpignan-4\/#primaryimage","url":"https:\/\/www.locansol.fr\/wp-content\/uploads\/2026\/04\/exposition-chef-d-oeuvre-monumental-perpignan-3.webp","contentUrl":"https:\/\/www.locansol.fr\/wp-content\/uploads\/2026\/04\/exposition-chef-d-oeuvre-monumental-perpignan-3.webp","width":1024,"height":605,"caption":"La Red\u00e9couverte d\u2019un Chef-d\u2019\u0152uvre Monumental Perpignan"},{"@type":"BreadcrumbList","@id":"https:\/\/www.locansol.fr\/exposition-chef-d-oeuvre-monumental-perpignan-4\/#breadcrumb","itemListElement":[{"@type":"ListItem","position":1,"name":"Accueil","item":"https:\/\/www.locansol.fr\/"},{"@type":"ListItem","position":2,"name":"Perpignan, du 24 mars au 31 mai : D\u00e9couvrez un chef-d&rsquo;\u0153uvre monumental restaur\u00e9"}]},{"@type":"WebSite","@id":"https:\/\/www.locansol.fr\/#website","url":"https:\/\/www.locansol.fr\/","name":"Locansol, louer un h\u00e9bergement dans les Pyr\u00e9n\u00e9es-Orientales","description":"Location Mobil-home Mer M\u00e9diterran\u00e9e &amp; Chalet de Montagne dans les Pyr\u00e9n\u00e9es Orientales (Occitanie, 66). Weekend, s\u00e9jour &amp; vacances en famille et entre amis.","publisher":{"@id":"https:\/\/www.locansol.fr\/#organization"},"alternateName":"Louer un h\u00e9bergement dans les Pyr\u00e9n\u00e9es Orientales, chalet & mobil-home en Occitanie","potentialAction":[{"@type":"SearchAction","target":{"@type":"EntryPoint","urlTemplate":"https:\/\/www.locansol.fr\/?s={search_term_string}"},"query-input":{"@type":"PropertyValueSpecification","valueRequired":true,"valueName":"search_term_string"}}],"inLanguage":"es"},{"@type":"Organization","@id":"https:\/\/www.locansol.fr\/#organization","name":"Location MobilHome & chalet dans les Pyr\u00e9n\u00e9es Orientales","alternateName":"Louer un h\u00e9bergement dans les Pyr\u00e9n\u00e9es Orientales en Occitanie","url":"https:\/\/www.locansol.fr\/","logo":{"@type":"ImageObject","inLanguage":"es","@id":"https:\/\/www.locansol.fr\/#\/schema\/logo\/image\/","url":"https:\/\/www.locansol.fr\/wp-content\/uploads\/2024\/04\/AdobeStock_303324767-scaled.jpeg","contentUrl":"https:\/\/www.locansol.fr\/wp-content\/uploads\/2024\/04\/AdobeStock_303324767-scaled.jpeg","width":2560,"height":1707,"caption":"Location MobilHome & chalet dans les Pyr\u00e9n\u00e9es Orientales"},"image":{"@id":"https:\/\/www.locansol.fr\/#\/schema\/logo\/image\/"}},{"@type":"Person","@id":"https:\/\/www.locansol.fr\/#\/schema\/person\/0b08d440f1ac44674c6d498107de351d","name":"H\u00e9bergements Locansol","image":{"@type":"ImageObject","inLanguage":"es","@id":"https:\/\/www.locansol.fr\/#\/schema\/person\/image\/","url":"https:\/\/secure.gravatar.com\/avatar\/444436b93284204f8116b6e0eb964cd3fcb811519c737232bde6dd5743c37ee5?s=96&d=mm&r=g","contentUrl":"https:\/\/secure.gravatar.com\/avatar\/444436b93284204f8116b6e0eb964cd3fcb811519c737232bde6dd5743c37ee5?s=96&d=mm&r=g","caption":"H\u00e9bergements Locansol"},"sameAs":["https:\/\/www.locansol.fr\/"],"url":"https:\/\/www.locansol.fr\/es\/author\/locansol\/"}]}},"_links":{"self":[{"href":"https:\/\/www.locansol.fr\/es\/wp-json\/wp\/v2\/posts\/6599","targetHints":{"allow":["GET"]}}],"collection":[{"href":"https:\/\/www.locansol.fr\/es\/wp-json\/wp\/v2\/posts"}],"about":[{"href":"https:\/\/www.locansol.fr\/es\/wp-json\/wp\/v2\/types\/post"}],"author":[{"embeddable":true,"href":"https:\/\/www.locansol.fr\/es\/wp-json\/wp\/v2\/users\/5"}],"replies":[{"embeddable":true,"href":"https:\/\/www.locansol.fr\/es\/wp-json\/wp\/v2\/comments?post=6599"}],"version-history":[{"count":1,"href":"https:\/\/www.locansol.fr\/es\/wp-json\/wp\/v2\/posts\/6599\/revisions"}],"predecessor-version":[{"id":6600,"href":"https:\/\/www.locansol.fr\/es\/wp-json\/wp\/v2\/posts\/6599\/revisions\/6600"}],"wp:featuredmedia":[{"embeddable":true,"href":"https:\/\/www.locansol.fr\/es\/wp-json\/wp\/v2\/media\/6598"}],"wp:attachment":[{"href":"https:\/\/www.locansol.fr\/es\/wp-json\/wp\/v2\/media?parent=6599"}],"wp:term":[{"taxonomy":"category","embeddable":true,"href":"https:\/\/www.locansol.fr\/es\/wp-json\/wp\/v2\/categories?post=6599"},{"taxonomy":"post_tag","embeddable":true,"href":"https:\/\/www.locansol.fr\/es\/wp-json\/wp\/v2\/tags?post=6599"}],"curies":[{"name":"wp","href":"https:\/\/api.w.org\/{rel}","templated":true}]}}