{"id":6631,"date":"2026-04-27T20:08:58","date_gmt":"2026-04-27T18:08:58","guid":{"rendered":"https:\/\/www.locansol.fr\/volets-orgue-restaures-perpignan-2\/"},"modified":"2026-04-27T20:09:03","modified_gmt":"2026-04-27T18:09:03","slug":"volets-orgue-restaures-perpignan-2","status":"publish","type":"post","link":"https:\/\/www.locansol.fr\/es\/volets-orgue-restaures-perpignan-2\/","title":{"rendered":"Perpignan &#8211; Mars \u00e0 Mai 2023 : Une immersion dans l&rsquo;art sacr\u00e9 avec les volets restaur\u00e9s du Grand Orgue"},"content":{"rendered":"<p>Laissez-vous \u00e9merveiller par l&rsquo;art et l&rsquo;histoire uniques des Pyr\u00e9n\u00e9es-Orientales gr\u00e2ce \u00e0 l&rsquo;exposition \u00ab La red\u00e9couverte d&rsquo;un chef-d&rsquo;\u0153uvre monumental \u00bb, qui se tient du 24 mars au 31 mai \u00e0 la cath\u00e9drale Saint-Jean-Baptiste de Perpignan. Ce rendez-vous culturel exceptionnel met \u00e0 l&rsquo;honneur les volets du grand orgue, des \u0153uvres picturales monumentales r\u00e9cemment restaur\u00e9es, qui n&rsquo;avaient plus d\u00e9voil\u00e9 leur \u00e9clat au grand public depuis des si\u00e8cles.<\/p>\n<p>Ces volets majestueux, mesurant chacun 12,6 m\u00e8tres de haut sur 4,3 m\u00e8tres de large, furent r\u00e9alis\u00e9s en 1504 et faisaient autrefois partie int\u00e9grante du buffet de l\u2019orgue, orchestrant ainsi un dialogue fascinant entre la musique, l\u2019architecture et l\u2019art sacr\u00e9. \u00c0 travers une op\u00e9ration de restauration lanc\u00e9e en 2022 par la Direction r\u00e9gionale des affaires culturelles d&rsquo;Occitanie, ces chefs-d&rsquo;\u0153uvre ont retrouv\u00e9 leur splendeur d&rsquo;antan, d\u00e9voilant la richesse de leur polychromie d&rsquo;un c\u00f4t\u00e9 et une grisaille finement travaill\u00e9e de l&rsquo;autre.<\/p>\n<p>L&rsquo;exposition permet aux visiteurs de d\u00e9couvrir la beaut\u00e9 et la complexit\u00e9 de ces \u0153uvres spectaculaires, tout en s&rsquo;impr\u00e9gnant de leur histoire. Originellement con\u00e7us pour interagir avec le calendrier liturgique, les volets \u00e9taient destin\u00e9s \u00e0 \u00eatre ouverts ou ferm\u00e9s en fonction des c\u00e9l\u00e9brations religieuses, amplifiant l&rsquo;atmosph\u00e8re spirituelle du lieu par leurs repr\u00e9sentations vibrantes. Toutefois, au XIXe si\u00e8cle, ces volets furent retir\u00e9s du buffet de l\u2019orgue et fix\u00e9s directement sur les murs de la cath\u00e9drale, rendant leur lecture difficile et rel\u00e9guant leur r\u00f4le historique dans l&rsquo;ombre. Gr\u00e2ce \u00e0 cette restauration minutieuse, leur impact visuel et leurs d\u00e9tails saisissants sont enfin accessibles \u00e0 tous.<\/p>\n<p>Une visite \u00e0 cette exposition, c&rsquo;est l&rsquo;opportunit\u00e9 de plonger dans une exp\u00e9rience immersive o\u00f9 la richesse culturelle de Perpignan rencontre l&rsquo;histoire de l&rsquo;art europ\u00e9en. Les visiteurs peuvent non seulement admirer la grandeur des peintures monumentales mais \u00e9galement comprendre les techniques et les intentions derri\u00e8re leur cr\u00e9ation. Des explications riches de contenu accompagnent les \u0153uvres expos\u00e9es, offrant une introspection pr\u00e9cieuse sur la mat\u00e9rialit\u00e9 et la signification de ces volets dans le cadre liturgique et patrimonial.<\/p>\n<p>Ne manquez pas cet hommage unique \u00e0 l&rsquo;art et au patrimoine de Perpignan. L&rsquo;occasion de voir de pr\u00e8s ces \u0153uvres parmi les plus spectaculaires de leur genre en Europe est rare. Offrez-vous une parenth\u00e8se \u00e9mouvante au c\u0153ur de la cath\u00e9drale, une porte ouverte sur l\u2019histoire, la cr\u00e9ativit\u00e9 et la foi qui continuent de r\u00e9sonner \u00e0 travers les \u00e2ges.<\/p>\n<h3>Informaci\u00f3n pr\u00e1ctica<\/h3>\n<p>\ud83d\udcc5 QUAND ? Du 24 mars au 31 mai 2023<br \/>\ud83d\udccd O\u00d9 ? Cath\u00e9drale Saint-Jean-Baptiste, Perpignan<br \/>\ud83d\udcb6 COMBIEN ? Gratuit<\/p>","protected":false},"excerpt":{"rendered":"<p>Une exposition exceptionnelle restitue la splendeur des volets monumentaux du grand orgue de la cath\u00e9drale Saint-Jean-Baptiste \u00e0 Perpignan.<\/p>","protected":false},"author":5,"featured_media":6630,"comment_status":"closed","ping_status":"open","sticky":false,"template":"","format":"standard","meta":{"_yoast_wpseo_focuskw":"Red\u00e9couverte chef-d'\u0153uvre monumental Perpignan","_yoast_wpseo_title":"La red\u00e9couverte d'un chef-d'\u0153uvre \u00e0 Perpignan - 2023","_yoast_wpseo_metadesc":"La red\u00e9couverte d'un chef-d'\u0153uvre monumental Perpignan. D\u00e9couvrez les volets restaur\u00e9s du grand orgue \u00e0 la cath\u00e9drale Saint-Jean-Baptiste. Une immersion dans l'art sacr\u00e9. Pyr\u00e9n\u00e9es-Orientales.","_yoast_wpseo_canonical":"","_yoast_wpseo_opengraph-title":"Plongez dans l'art sacr\u00e9 : Perpignan \u2014 Les volets monumentaux du grand orgue restaur\u00e9s","_yoast_wpseo_opengraph-description":"Imaginez des peintures monumentales de 1504, restaur\u00e9es \u00e0 leur splendeur d'antan. D\u00e9couvrez les volets du grand orgue \u00e0 Perpignan. Une exp\u00e9rience immersive unique.","_yoast_wpseo_opengraph-image":"https:\/\/www.locansol.fr\/wp-content\/uploads\/2026\/04\/volets-orgue-restaures-perpignan-1.webp","_yoast_wpseo_opengraph-image-id":"","_yoast_wpseo_twitter-title":"D\u00e9couvrez les volets restaur\u00e9s du grand orgue \u00e0 Perpignan","_yoast_wpseo_twitter-description":"Plongez dans l'histoire et l'art sacr\u00e9 avec les volets restaur\u00e9s du grand orgue \u00e0 Perpignan. Une exposition \u00e0 ne pas manquer !","_yoast_wpseo_twitter-image":"https:\/\/www.locansol.fr\/wp-content\/uploads\/2026\/04\/volets-orgue-restaures-perpignan-1.webp","_yoast_wpseo_twitter-image-id":"","yoast_primary_category":"Exposition","footnotes":""},"categories":[35],"tags":[66,76],"class_list":["post-6631","post","type-post","status-publish","format-standard","has-post-thumbnail","hentry","category-carnaval","tag-evenement-culturel","tag-pyrenees-orientales"],"yoast_head":"<!-- This site is optimized with the Yoast SEO Premium plugin v23.3 (Yoast SEO v26.9) - https:\/\/yoast.com\/product\/yoast-seo-premium-wordpress\/ -->\n<title>La red\u00e9couverte d&#039;un chef-d&#039;\u0153uvre \u00e0 Perpignan - 2023<\/title>\n<meta name=\"description\" content=\"La red\u00e9couverte d&#039;un chef-d&#039;\u0153uvre monumental Perpignan. D\u00e9couvrez les volets restaur\u00e9s du grand orgue \u00e0 la cath\u00e9drale Saint-Jean-Baptiste. Une immersion dans l&#039;art sacr\u00e9. Pyr\u00e9n\u00e9es-Orientales.\" \/>\n<meta name=\"robots\" content=\"index, follow, max-snippet:-1, max-image-preview:large, max-video-preview:-1\" \/>\n<link rel=\"canonical\" href=\"https:\/\/www.locansol.fr\/es\/volets-orgue-restaures-perpignan-2\/\" \/>\n<meta property=\"og:locale\" content=\"es_ES\" \/>\n<meta property=\"og:type\" content=\"article\" \/>\n<meta property=\"og:title\" content=\"Plongez dans l&#039;art sacr\u00e9 : Perpignan \u2014 Les volets monumentaux du grand orgue restaur\u00e9s\" \/>\n<meta property=\"og:description\" content=\"Imaginez des peintures monumentales de 1504, restaur\u00e9es \u00e0 leur splendeur d&#039;antan. D\u00e9couvrez les volets du grand orgue \u00e0 Perpignan. Une exp\u00e9rience immersive unique.\" \/>\n<meta property=\"og:url\" content=\"https:\/\/www.locansol.fr\/es\/volets-orgue-restaures-perpignan-2\/\" \/>\n<meta property=\"og:site_name\" content=\"Locansol, louer un h\u00e9bergement dans les Pyr\u00e9n\u00e9es Orientales\" \/>\n<meta property=\"article:published_time\" content=\"2026-04-27T18:08:58+00:00\" \/>\n<meta property=\"article:modified_time\" content=\"2026-04-27T18:09:03+00:00\" \/>\n<meta property=\"og:image\" content=\"https:\/\/www.locansol.fr\/wp-content\/uploads\/2026\/04\/volets-orgue-restaures-perpignan-1.webp\" \/>\n<meta name=\"author\" content=\"H\u00e9bergements Locansol\" \/>\n<meta name=\"twitter:card\" content=\"summary_large_image\" \/>\n<meta name=\"twitter:title\" content=\"D\u00e9couvrez les volets restaur\u00e9s du grand orgue \u00e0 Perpignan\" \/>\n<meta name=\"twitter:description\" content=\"Plongez dans l&#039;histoire et l&#039;art sacr\u00e9 avec les volets restaur\u00e9s du grand orgue \u00e0 Perpignan. Une exposition \u00e0 ne pas manquer !\" \/>\n<meta name=\"twitter:image\" content=\"https:\/\/www.locansol.fr\/wp-content\/uploads\/2026\/04\/volets-orgue-restaures-perpignan-1.webp\" \/>\n<meta name=\"twitter:label1\" content=\"Escrito por\" \/>\n\t<meta name=\"twitter:data1\" content=\"H\u00e9bergements Locansol\" \/>\n\t<meta name=\"twitter:label2\" content=\"Tiempo de lectura\" \/>\n\t<meta name=\"twitter:data2\" content=\"2 minutos\" \/>\n<script type=\"application\/ld+json\" class=\"yoast-schema-graph\">{\"@context\":\"https:\/\/schema.org\",\"@graph\":[{\"@type\":\"Article\",\"@id\":\"https:\/\/www.locansol.fr\/volets-orgue-restaures-perpignan-2\/#article\",\"isPartOf\":{\"@id\":\"https:\/\/www.locansol.fr\/volets-orgue-restaures-perpignan-2\/\"},\"author\":{\"name\":\"H\u00e9bergements Locansol\",\"@id\":\"https:\/\/www.locansol.fr\/#\/schema\/person\/0b08d440f1ac44674c6d498107de351d\"},\"headline\":\"Perpignan &#8211; Mars \u00e0 Mai 2023 : Une immersion dans l&rsquo;art sacr\u00e9 avec les volets restaur\u00e9s du Grand Orgue\",\"datePublished\":\"2026-04-27T18:08:58+00:00\",\"dateModified\":\"2026-04-27T18:09:03+00:00\",\"mainEntityOfPage\":{\"@id\":\"https:\/\/www.locansol.fr\/volets-orgue-restaures-perpignan-2\/\"},\"wordCount\":466,\"publisher\":{\"@id\":\"https:\/\/www.locansol.fr\/#organization\"},\"image\":{\"@id\":\"https:\/\/www.locansol.fr\/volets-orgue-restaures-perpignan-2\/#primaryimage\"},\"thumbnailUrl\":\"https:\/\/www.locansol.fr\/wp-content\/uploads\/2026\/04\/volets-orgue-restaures-perpignan-1.webp\",\"keywords\":[\"\u00c9v\u00e8nement culturel\",\"Pyr\u00e9n\u00e9es-Orientales\"],\"articleSection\":[\"Carnaval\"],\"inLanguage\":\"es\"},{\"@type\":\"WebPage\",\"@id\":\"https:\/\/www.locansol.fr\/volets-orgue-restaures-perpignan-2\/\",\"url\":\"https:\/\/www.locansol.fr\/volets-orgue-restaures-perpignan-2\/\",\"name\":\"La red\u00e9couverte d'un chef-d'\u0153uvre \u00e0 Perpignan - 2023\",\"isPartOf\":{\"@id\":\"https:\/\/www.locansol.fr\/#website\"},\"primaryImageOfPage\":{\"@id\":\"https:\/\/www.locansol.fr\/volets-orgue-restaures-perpignan-2\/#primaryimage\"},\"image\":{\"@id\":\"https:\/\/www.locansol.fr\/volets-orgue-restaures-perpignan-2\/#primaryimage\"},\"thumbnailUrl\":\"https:\/\/www.locansol.fr\/wp-content\/uploads\/2026\/04\/volets-orgue-restaures-perpignan-1.webp\",\"datePublished\":\"2026-04-27T18:08:58+00:00\",\"dateModified\":\"2026-04-27T18:09:03+00:00\",\"description\":\"La red\u00e9couverte d'un chef-d'\u0153uvre monumental Perpignan. D\u00e9couvrez les volets restaur\u00e9s du grand orgue \u00e0 la cath\u00e9drale Saint-Jean-Baptiste. Une immersion dans l'art sacr\u00e9. Pyr\u00e9n\u00e9es-Orientales.\",\"breadcrumb\":{\"@id\":\"https:\/\/www.locansol.fr\/volets-orgue-restaures-perpignan-2\/#breadcrumb\"},\"inLanguage\":\"es\",\"potentialAction\":[{\"@type\":\"ReadAction\",\"target\":[\"https:\/\/www.locansol.fr\/volets-orgue-restaures-perpignan-2\/\"]}]},{\"@type\":\"ImageObject\",\"inLanguage\":\"es\",\"@id\":\"https:\/\/www.locansol.fr\/volets-orgue-restaures-perpignan-2\/#primaryimage\",\"url\":\"https:\/\/www.locansol.fr\/wp-content\/uploads\/2026\/04\/volets-orgue-restaures-perpignan-1.webp\",\"contentUrl\":\"https:\/\/www.locansol.fr\/wp-content\/uploads\/2026\/04\/volets-orgue-restaures-perpignan-1.webp\",\"width\":1024,\"height\":605,\"caption\":\"La red\u00e9couverte d'un chef-d'\u0153uvre \u00e0 Perpignan - 2023\"},{\"@type\":\"BreadcrumbList\",\"@id\":\"https:\/\/www.locansol.fr\/volets-orgue-restaures-perpignan-2\/#breadcrumb\",\"itemListElement\":[{\"@type\":\"ListItem\",\"position\":1,\"name\":\"Accueil\",\"item\":\"https:\/\/www.locansol.fr\/\"},{\"@type\":\"ListItem\",\"position\":2,\"name\":\"Perpignan &#8211; Mars \u00e0 Mai 2023 : Une immersion dans l&rsquo;art sacr\u00e9 avec les volets restaur\u00e9s du Grand Orgue\"}]},{\"@type\":\"WebSite\",\"@id\":\"https:\/\/www.locansol.fr\/#website\",\"url\":\"https:\/\/www.locansol.fr\/\",\"name\":\"Locansol, louer un h\u00e9bergement dans les Pyr\u00e9n\u00e9es-Orientales\",\"description\":\"Location Mobil-home Mer M\u00e9diterran\u00e9e &amp; Chalet de Montagne dans les Pyr\u00e9n\u00e9es Orientales (Occitanie, 66). Weekend, s\u00e9jour &amp; vacances en famille et entre amis.\",\"publisher\":{\"@id\":\"https:\/\/www.locansol.fr\/#organization\"},\"alternateName\":\"Louer un h\u00e9bergement dans les Pyr\u00e9n\u00e9es Orientales, chalet & mobil-home en Occitanie\",\"potentialAction\":[{\"@type\":\"SearchAction\",\"target\":{\"@type\":\"EntryPoint\",\"urlTemplate\":\"https:\/\/www.locansol.fr\/?s={search_term_string}\"},\"query-input\":{\"@type\":\"PropertyValueSpecification\",\"valueRequired\":true,\"valueName\":\"search_term_string\"}}],\"inLanguage\":\"es\"},{\"@type\":\"Organization\",\"@id\":\"https:\/\/www.locansol.fr\/#organization\",\"name\":\"Location MobilHome & chalet dans les Pyr\u00e9n\u00e9es Orientales\",\"alternateName\":\"Louer un h\u00e9bergement dans les Pyr\u00e9n\u00e9es Orientales en Occitanie\",\"url\":\"https:\/\/www.locansol.fr\/\",\"logo\":{\"@type\":\"ImageObject\",\"inLanguage\":\"es\",\"@id\":\"https:\/\/www.locansol.fr\/#\/schema\/logo\/image\/\",\"url\":\"https:\/\/www.locansol.fr\/wp-content\/uploads\/2024\/04\/AdobeStock_303324767-scaled.jpeg\",\"contentUrl\":\"https:\/\/www.locansol.fr\/wp-content\/uploads\/2024\/04\/AdobeStock_303324767-scaled.jpeg\",\"width\":2560,\"height\":1707,\"caption\":\"Location MobilHome & chalet dans les Pyr\u00e9n\u00e9es Orientales\"},\"image\":{\"@id\":\"https:\/\/www.locansol.fr\/#\/schema\/logo\/image\/\"}},{\"@type\":\"Person\",\"@id\":\"https:\/\/www.locansol.fr\/#\/schema\/person\/0b08d440f1ac44674c6d498107de351d\",\"name\":\"H\u00e9bergements Locansol\",\"image\":{\"@type\":\"ImageObject\",\"inLanguage\":\"es\",\"@id\":\"https:\/\/www.locansol.fr\/#\/schema\/person\/image\/\",\"url\":\"https:\/\/secure.gravatar.com\/avatar\/444436b93284204f8116b6e0eb964cd3fcb811519c737232bde6dd5743c37ee5?s=96&d=mm&r=g\",\"contentUrl\":\"https:\/\/secure.gravatar.com\/avatar\/444436b93284204f8116b6e0eb964cd3fcb811519c737232bde6dd5743c37ee5?s=96&d=mm&r=g\",\"caption\":\"H\u00e9bergements Locansol\"},\"sameAs\":[\"https:\/\/www.locansol.fr\/\"],\"url\":\"https:\/\/www.locansol.fr\/es\/author\/locansol\/\"}]}<\/script>\n<!-- \/ Yoast SEO Premium plugin. -->","yoast_head_json":{"title":"La red\u00e9couverte d'un chef-d'\u0153uvre \u00e0 Perpignan - 2023","description":"La red\u00e9couverte d'un chef-d'\u0153uvre monumental Perpignan. D\u00e9couvrez les volets restaur\u00e9s du grand orgue \u00e0 la cath\u00e9drale Saint-Jean-Baptiste. Une immersion dans l'art sacr\u00e9. Pyr\u00e9n\u00e9es-Orientales.","robots":{"index":"index","follow":"follow","max-snippet":"max-snippet:-1","max-image-preview":"max-image-preview:large","max-video-preview":"max-video-preview:-1"},"canonical":"https:\/\/www.locansol.fr\/es\/volets-orgue-restaures-perpignan-2\/","og_locale":"es_ES","og_type":"article","og_title":"Plongez dans l'art sacr\u00e9 : Perpignan \u2014 Les volets monumentaux du grand orgue restaur\u00e9s","og_description":"Imaginez des peintures monumentales de 1504, restaur\u00e9es \u00e0 leur splendeur d'antan. D\u00e9couvrez les volets du grand orgue \u00e0 Perpignan. Une exp\u00e9rience immersive unique.","og_url":"https:\/\/www.locansol.fr\/es\/volets-orgue-restaures-perpignan-2\/","og_site_name":"Locansol, louer un h\u00e9bergement dans les Pyr\u00e9n\u00e9es Orientales","article_published_time":"2026-04-27T18:08:58+00:00","article_modified_time":"2026-04-27T18:09:03+00:00","og_image":[{"url":"https:\/\/www.locansol.fr\/wp-content\/uploads\/2026\/04\/volets-orgue-restaures-perpignan-1.webp","type":"","width":"","height":""}],"author":"H\u00e9bergements Locansol","twitter_card":"summary_large_image","twitter_title":"D\u00e9couvrez les volets restaur\u00e9s du grand orgue \u00e0 Perpignan","twitter_description":"Plongez dans l'histoire et l'art sacr\u00e9 avec les volets restaur\u00e9s du grand orgue \u00e0 Perpignan. Une exposition \u00e0 ne pas manquer !","twitter_image":"https:\/\/www.locansol.fr\/wp-content\/uploads\/2026\/04\/volets-orgue-restaures-perpignan-1.webp","twitter_misc":{"Escrito por":"H\u00e9bergements Locansol","Tiempo de lectura":"2 minutos"},"schema":{"@context":"https:\/\/schema.org","@graph":[{"@type":"Article","@id":"https:\/\/www.locansol.fr\/volets-orgue-restaures-perpignan-2\/#article","isPartOf":{"@id":"https:\/\/www.locansol.fr\/volets-orgue-restaures-perpignan-2\/"},"author":{"name":"H\u00e9bergements Locansol","@id":"https:\/\/www.locansol.fr\/#\/schema\/person\/0b08d440f1ac44674c6d498107de351d"},"headline":"Perpignan &#8211; Mars \u00e0 Mai 2023 : Une immersion dans l&rsquo;art sacr\u00e9 avec les volets restaur\u00e9s du Grand Orgue","datePublished":"2026-04-27T18:08:58+00:00","dateModified":"2026-04-27T18:09:03+00:00","mainEntityOfPage":{"@id":"https:\/\/www.locansol.fr\/volets-orgue-restaures-perpignan-2\/"},"wordCount":466,"publisher":{"@id":"https:\/\/www.locansol.fr\/#organization"},"image":{"@id":"https:\/\/www.locansol.fr\/volets-orgue-restaures-perpignan-2\/#primaryimage"},"thumbnailUrl":"https:\/\/www.locansol.fr\/wp-content\/uploads\/2026\/04\/volets-orgue-restaures-perpignan-1.webp","keywords":["\u00c9v\u00e8nement culturel","Pyr\u00e9n\u00e9es-Orientales"],"articleSection":["Carnaval"],"inLanguage":"es"},{"@type":"WebPage","@id":"https:\/\/www.locansol.fr\/volets-orgue-restaures-perpignan-2\/","url":"https:\/\/www.locansol.fr\/volets-orgue-restaures-perpignan-2\/","name":"La red\u00e9couverte d'un chef-d'\u0153uvre \u00e0 Perpignan - 2023","isPartOf":{"@id":"https:\/\/www.locansol.fr\/#website"},"primaryImageOfPage":{"@id":"https:\/\/www.locansol.fr\/volets-orgue-restaures-perpignan-2\/#primaryimage"},"image":{"@id":"https:\/\/www.locansol.fr\/volets-orgue-restaures-perpignan-2\/#primaryimage"},"thumbnailUrl":"https:\/\/www.locansol.fr\/wp-content\/uploads\/2026\/04\/volets-orgue-restaures-perpignan-1.webp","datePublished":"2026-04-27T18:08:58+00:00","dateModified":"2026-04-27T18:09:03+00:00","description":"La red\u00e9couverte d'un chef-d'\u0153uvre monumental Perpignan. D\u00e9couvrez les volets restaur\u00e9s du grand orgue \u00e0 la cath\u00e9drale Saint-Jean-Baptiste. Une immersion dans l'art sacr\u00e9. Pyr\u00e9n\u00e9es-Orientales.","breadcrumb":{"@id":"https:\/\/www.locansol.fr\/volets-orgue-restaures-perpignan-2\/#breadcrumb"},"inLanguage":"es","potentialAction":[{"@type":"ReadAction","target":["https:\/\/www.locansol.fr\/volets-orgue-restaures-perpignan-2\/"]}]},{"@type":"ImageObject","inLanguage":"es","@id":"https:\/\/www.locansol.fr\/volets-orgue-restaures-perpignan-2\/#primaryimage","url":"https:\/\/www.locansol.fr\/wp-content\/uploads\/2026\/04\/volets-orgue-restaures-perpignan-1.webp","contentUrl":"https:\/\/www.locansol.fr\/wp-content\/uploads\/2026\/04\/volets-orgue-restaures-perpignan-1.webp","width":1024,"height":605,"caption":"La red\u00e9couverte d'un chef-d'\u0153uvre \u00e0 Perpignan - 2023"},{"@type":"BreadcrumbList","@id":"https:\/\/www.locansol.fr\/volets-orgue-restaures-perpignan-2\/#breadcrumb","itemListElement":[{"@type":"ListItem","position":1,"name":"Accueil","item":"https:\/\/www.locansol.fr\/"},{"@type":"ListItem","position":2,"name":"Perpignan &#8211; Mars \u00e0 Mai 2023 : Une immersion dans l&rsquo;art sacr\u00e9 avec les volets restaur\u00e9s du Grand Orgue"}]},{"@type":"WebSite","@id":"https:\/\/www.locansol.fr\/#website","url":"https:\/\/www.locansol.fr\/","name":"Locansol, louer un h\u00e9bergement dans les Pyr\u00e9n\u00e9es-Orientales","description":"Location Mobil-home Mer M\u00e9diterran\u00e9e &amp; Chalet de Montagne dans les Pyr\u00e9n\u00e9es Orientales (Occitanie, 66). Weekend, s\u00e9jour &amp; vacances en famille et entre amis.","publisher":{"@id":"https:\/\/www.locansol.fr\/#organization"},"alternateName":"Louer un h\u00e9bergement dans les Pyr\u00e9n\u00e9es Orientales, chalet & mobil-home en Occitanie","potentialAction":[{"@type":"SearchAction","target":{"@type":"EntryPoint","urlTemplate":"https:\/\/www.locansol.fr\/?s={search_term_string}"},"query-input":{"@type":"PropertyValueSpecification","valueRequired":true,"valueName":"search_term_string"}}],"inLanguage":"es"},{"@type":"Organization","@id":"https:\/\/www.locansol.fr\/#organization","name":"Location MobilHome & chalet dans les Pyr\u00e9n\u00e9es Orientales","alternateName":"Louer un h\u00e9bergement dans les Pyr\u00e9n\u00e9es Orientales en Occitanie","url":"https:\/\/www.locansol.fr\/","logo":{"@type":"ImageObject","inLanguage":"es","@id":"https:\/\/www.locansol.fr\/#\/schema\/logo\/image\/","url":"https:\/\/www.locansol.fr\/wp-content\/uploads\/2024\/04\/AdobeStock_303324767-scaled.jpeg","contentUrl":"https:\/\/www.locansol.fr\/wp-content\/uploads\/2024\/04\/AdobeStock_303324767-scaled.jpeg","width":2560,"height":1707,"caption":"Location MobilHome & chalet dans les Pyr\u00e9n\u00e9es Orientales"},"image":{"@id":"https:\/\/www.locansol.fr\/#\/schema\/logo\/image\/"}},{"@type":"Person","@id":"https:\/\/www.locansol.fr\/#\/schema\/person\/0b08d440f1ac44674c6d498107de351d","name":"H\u00e9bergements Locansol","image":{"@type":"ImageObject","inLanguage":"es","@id":"https:\/\/www.locansol.fr\/#\/schema\/person\/image\/","url":"https:\/\/secure.gravatar.com\/avatar\/444436b93284204f8116b6e0eb964cd3fcb811519c737232bde6dd5743c37ee5?s=96&d=mm&r=g","contentUrl":"https:\/\/secure.gravatar.com\/avatar\/444436b93284204f8116b6e0eb964cd3fcb811519c737232bde6dd5743c37ee5?s=96&d=mm&r=g","caption":"H\u00e9bergements Locansol"},"sameAs":["https:\/\/www.locansol.fr\/"],"url":"https:\/\/www.locansol.fr\/es\/author\/locansol\/"}]}},"_links":{"self":[{"href":"https:\/\/www.locansol.fr\/es\/wp-json\/wp\/v2\/posts\/6631","targetHints":{"allow":["GET"]}}],"collection":[{"href":"https:\/\/www.locansol.fr\/es\/wp-json\/wp\/v2\/posts"}],"about":[{"href":"https:\/\/www.locansol.fr\/es\/wp-json\/wp\/v2\/types\/post"}],"author":[{"embeddable":true,"href":"https:\/\/www.locansol.fr\/es\/wp-json\/wp\/v2\/users\/5"}],"replies":[{"embeddable":true,"href":"https:\/\/www.locansol.fr\/es\/wp-json\/wp\/v2\/comments?post=6631"}],"version-history":[{"count":1,"href":"https:\/\/www.locansol.fr\/es\/wp-json\/wp\/v2\/posts\/6631\/revisions"}],"predecessor-version":[{"id":6632,"href":"https:\/\/www.locansol.fr\/es\/wp-json\/wp\/v2\/posts\/6631\/revisions\/6632"}],"wp:featuredmedia":[{"embeddable":true,"href":"https:\/\/www.locansol.fr\/es\/wp-json\/wp\/v2\/media\/6630"}],"wp:attachment":[{"href":"https:\/\/www.locansol.fr\/es\/wp-json\/wp\/v2\/media?parent=6631"}],"wp:term":[{"taxonomy":"category","embeddable":true,"href":"https:\/\/www.locansol.fr\/es\/wp-json\/wp\/v2\/categories?post=6631"},{"taxonomy":"post_tag","embeddable":true,"href":"https:\/\/www.locansol.fr\/es\/wp-json\/wp\/v2\/tags?post=6631"}],"curies":[{"name":"wp","href":"https:\/\/api.w.org\/{rel}","templated":true}]}}