{"id":6636,"date":"2026-04-28T00:04:34","date_gmt":"2026-04-27T22:04:34","guid":{"rendered":"https:\/\/www.locansol.fr\/exposition-playlist-prooz-perpignan\/"},"modified":"2026-04-28T00:04:38","modified_gmt":"2026-04-27T22:04:38","slug":"exposition-playlist-prooz-perpignan","status":"publish","type":"post","link":"https:\/\/www.locansol.fr\/es\/exposition-playlist-prooz-perpignan\/","title":{"rendered":"Perpignan, du 24 avril au 21 juin : Exposition \u00ab Playl!st \u00bb de PROOZ \u00e0 l\u2019H\u00f4tel Pams"},"content":{"rendered":"<p>Cette saison, l\u2019H\u00f4tel Pams de Perpignan ouvre ses portes \u00e0 une exposition captivante qui ravira \u00e0 la fois les amateurs d\u2019art et les passionn\u00e9s de musique. Du 24 avril au 21 juin, plongez dans l\u2019univers sensoriel de l\u2019artiste belge PROOZ \u00e0 travers son exposition intitul\u00e9e \u00ab Playl!st \u00bb.<\/p>\n<p>PROOZ, un artiste \u00e9mergent remarqu\u00e9 d\u00e8s les ann\u00e9es 90, transforme les m\u00e9lodies en \u0153uvres picturales. Pour cette s\u00e9rie unique, chaque tableau est inspir\u00e9 par une chanson. Son processus cr\u00e9atif est intimement li\u00e9 \u00e0 la musique : il peint en \u00e9coutant des morceaux qui nourrissent son imagination et guident le mouvement de ses pinceaux. Le r\u00e9sultat ? Des \u0153uvres empreintes de douceur, m\u00ealant formes rondes et teintes vibrantes, qui invitent \u00e0 l\u2019apaisement et \u00e0 l\u2019introspection.<\/p>\n<p>Le cadre de l\u2019H\u00f4tel Pams, avec sa verri\u00e8re baign\u00e9e de lumi\u00e8re et son ambiance \u00e9l\u00e9gante, s\u2019av\u00e8re parfait pour accueillir cette exposition po\u00e9tique. Lors de cette immersion artistique, les visiteurs pourront d\u00e9couvrir des tableaux qui c\u00e9l\u00e8brent la joie et r\u00e9v\u00e8lent ce que PROOZ appelle la \u00ab lumi\u00e8re int\u00e9rieure \u00bb. C\u2019est une v\u00e9ritable ode \u00e0 la beaut\u00e9 et \u00e0 l\u2019harmonie dans un monde parfois trop brut.<\/p>\n<p>L\u2019exposition d\u00e9butera par un vernissage le 23 avril \u00e0 18h30, une excellente occasion de d\u00e9couvrir en avant-premi\u00e8re l\u2019univers de PROOZ sous la verri\u00e8re lumineuse de l\u2019H\u00f4tel Pams. Que vous soyez amateur d\u2019art ou tout simplement curieux, cette rencontre promet de marquer les esprits. De plus, l\u2019entr\u00e9e est totalement gratuite, une vraie opportunit\u00e9 pour tous de profiter de cette exp\u00e9rience culturelle unique.<\/p>\n<p>\u00ab Playl!st \u00bb est bien plus qu\u2019une simple exposition : c\u2019est une exploration des \u00e9motions, une mise en lumi\u00e8re de la mani\u00e8re dont la musique et l\u2019art peuvent se croiser pour raconter des histoires singuli\u00e8res. Avec ses toiles pleines de fluidit\u00e9 et de transparence, PROOZ nous livre une vision optimiste et sensible, invitant chacun \u00e0 s\u2019arr\u00eater pour observer, ressentir et r\u00eaver.<\/p>\n<p>Ne manquez pas cette belle opportunit\u00e9 de d\u00e9couvrir l\u2019art sous un nouveau jour, o\u00f9 chaque coup de pinceau semble danser au rythme d\u2019une chanson. Rendez-vous \u00e0 l\u2019H\u00f4tel Pams \u00e0 Perpignan pour cette parenth\u00e8se hors du temps.<\/p>\n<h3>Informaci\u00f3n pr\u00e1ctica<\/h3>\n<p>\ud83d\udcc5 QUAND ? 24 avril > 21 juin<br \/>\ud83d\udccd O\u00d9 ? H\u00f4tel Pams, Perpignan<br \/>\ud83d\udcb6 COMBIEN ? Entr\u00e9e gratuite<\/p>","protected":false},"excerpt":{"rendered":"<p>D\u00e9couvrez l\u2019univers po\u00e9tique et musical de l\u2019artiste belge PROOZ avec l\u2019exposition \u00ab Playl!st \u00bb, \u00e0 d\u00e9couvrir gratuitement \u00e0 l\u2019H\u00f4tel Pams de Perpignan, du 24 avril au 21 juin.<\/p>","protected":false},"author":5,"featured_media":6635,"comment_status":"closed","ping_status":"open","sticky":false,"template":"","format":"standard","meta":{"_yoast_wpseo_focuskw":"Exposition Playl!st PROOZ Perpignan","_yoast_wpseo_title":"Exposition Playl!st de PROOZ \u00e0 Perpignan \u2013 Art & Musique","_yoast_wpseo_metadesc":"Exposition Playl!st de PROOZ \u00e0 Perpignan. D\u00e9couvrez une fusion unique d'art et de musique dans les Pyr\u00e9n\u00e9es-Orientales. Entr\u00e9e gratuite \u00e0 l'H\u00f4tel Pams.","_yoast_wpseo_canonical":"","_yoast_wpseo_opengraph-title":"Plongez dans l'univers sensoriel de PROOZ : Perpignan \u2014 Art et musique en harmonie","_yoast_wpseo_opengraph-description":"Imaginez des m\u00e9lodies transform\u00e9es en couleurs et en formes. L'exposition Playl!st de PROOZ \u00e0 Perpignan vous invite \u00e0 un voyage sensoriel unique.","_yoast_wpseo_opengraph-image":"https:\/\/www.locansol.fr\/wp-content\/uploads\/2026\/04\/exposition-playlist-prooz-perpignan.webp","_yoast_wpseo_opengraph-image-id":"","_yoast_wpseo_twitter-title":"D\u00e9couvrez l'exposition Playl!st de PROOZ \u00e0 Perpignan : l'art qui danse au rythme de la musique","_yoast_wpseo_twitter-description":"Plongez dans l'univers de PROOZ o\u00f9 chaque tableau est une chanson. Exposition gratuite \u00e0 Perpignan du 24 avril au 21 juin.","_yoast_wpseo_twitter-image":"https:\/\/www.locansol.fr\/wp-content\/uploads\/2026\/04\/exposition-playlist-prooz-perpignan.webp","_yoast_wpseo_twitter-image-id":"","yoast_primary_category":"Exposition","footnotes":""},"categories":[35],"tags":[66,76],"class_list":["post-6636","post","type-post","status-publish","format-standard","has-post-thumbnail","hentry","category-carnaval","tag-evenement-culturel","tag-pyrenees-orientales"],"yoast_head":"<!-- This site is optimized with the Yoast SEO Premium plugin v23.3 (Yoast SEO v26.9) - https:\/\/yoast.com\/product\/yoast-seo-premium-wordpress\/ -->\n<title>Exposition Playl!st de PROOZ \u00e0 Perpignan \u2013 Art &amp; Musique<\/title>\n<meta name=\"description\" content=\"Exposition Playl!st de PROOZ \u00e0 Perpignan. D\u00e9couvrez une fusion unique d&#039;art et de musique dans les Pyr\u00e9n\u00e9es-Orientales. Entr\u00e9e gratuite \u00e0 l&#039;H\u00f4tel Pams.\" \/>\n<meta name=\"robots\" content=\"index, follow, max-snippet:-1, max-image-preview:large, max-video-preview:-1\" \/>\n<link rel=\"canonical\" href=\"https:\/\/www.locansol.fr\/es\/exposition-playlist-prooz-perpignan\/\" \/>\n<meta property=\"og:locale\" content=\"es_ES\" \/>\n<meta property=\"og:type\" content=\"article\" \/>\n<meta property=\"og:title\" content=\"Plongez dans l&#039;univers sensoriel de PROOZ : Perpignan \u2014 Art et musique en harmonie\" \/>\n<meta property=\"og:description\" content=\"Imaginez des m\u00e9lodies transform\u00e9es en couleurs et en formes. L&#039;exposition Playl!st de PROOZ \u00e0 Perpignan vous invite \u00e0 un voyage sensoriel unique.\" \/>\n<meta property=\"og:url\" content=\"https:\/\/www.locansol.fr\/es\/exposition-playlist-prooz-perpignan\/\" \/>\n<meta property=\"og:site_name\" content=\"Locansol, louer un h\u00e9bergement dans les Pyr\u00e9n\u00e9es Orientales\" \/>\n<meta property=\"article:published_time\" content=\"2026-04-27T22:04:34+00:00\" \/>\n<meta property=\"article:modified_time\" content=\"2026-04-27T22:04:38+00:00\" \/>\n<meta property=\"og:image\" content=\"https:\/\/www.locansol.fr\/wp-content\/uploads\/2026\/04\/exposition-playlist-prooz-perpignan.webp\" \/>\n<meta name=\"author\" content=\"H\u00e9bergements Locansol\" \/>\n<meta name=\"twitter:card\" content=\"summary_large_image\" \/>\n<meta name=\"twitter:title\" content=\"D\u00e9couvrez l&#039;exposition Playl!st de PROOZ \u00e0 Perpignan : l&#039;art qui danse au rythme de la musique\" \/>\n<meta name=\"twitter:description\" content=\"Plongez dans l&#039;univers de PROOZ o\u00f9 chaque tableau est une chanson. Exposition gratuite \u00e0 Perpignan du 24 avril au 21 juin.\" \/>\n<meta name=\"twitter:image\" content=\"https:\/\/www.locansol.fr\/wp-content\/uploads\/2026\/04\/exposition-playlist-prooz-perpignan.webp\" \/>\n<meta name=\"twitter:label1\" content=\"Escrito por\" \/>\n\t<meta name=\"twitter:data1\" content=\"H\u00e9bergements Locansol\" \/>\n\t<meta name=\"twitter:label2\" content=\"Tiempo de lectura\" \/>\n\t<meta name=\"twitter:data2\" content=\"2 minutos\" \/>\n<script type=\"application\/ld+json\" class=\"yoast-schema-graph\">{\"@context\":\"https:\/\/schema.org\",\"@graph\":[{\"@type\":\"Article\",\"@id\":\"https:\/\/www.locansol.fr\/exposition-playlist-prooz-perpignan\/#article\",\"isPartOf\":{\"@id\":\"https:\/\/www.locansol.fr\/exposition-playlist-prooz-perpignan\/\"},\"author\":{\"name\":\"H\u00e9bergements Locansol\",\"@id\":\"https:\/\/www.locansol.fr\/#\/schema\/person\/0b08d440f1ac44674c6d498107de351d\"},\"headline\":\"Perpignan, du 24 avril au 21 juin : Exposition \u00ab Playl!st \u00bb de PROOZ \u00e0 l\u2019H\u00f4tel Pams\",\"datePublished\":\"2026-04-27T22:04:34+00:00\",\"dateModified\":\"2026-04-27T22:04:38+00:00\",\"mainEntityOfPage\":{\"@id\":\"https:\/\/www.locansol.fr\/exposition-playlist-prooz-perpignan\/\"},\"wordCount\":411,\"publisher\":{\"@id\":\"https:\/\/www.locansol.fr\/#organization\"},\"image\":{\"@id\":\"https:\/\/www.locansol.fr\/exposition-playlist-prooz-perpignan\/#primaryimage\"},\"thumbnailUrl\":\"https:\/\/www.locansol.fr\/wp-content\/uploads\/2026\/04\/exposition-playlist-prooz-perpignan.webp\",\"keywords\":[\"\u00c9v\u00e8nement culturel\",\"Pyr\u00e9n\u00e9es-Orientales\"],\"articleSection\":[\"Carnaval\"],\"inLanguage\":\"es\"},{\"@type\":\"WebPage\",\"@id\":\"https:\/\/www.locansol.fr\/exposition-playlist-prooz-perpignan\/\",\"url\":\"https:\/\/www.locansol.fr\/exposition-playlist-prooz-perpignan\/\",\"name\":\"Exposition Playl!st de PROOZ \u00e0 Perpignan \u2013 Art & Musique\",\"isPartOf\":{\"@id\":\"https:\/\/www.locansol.fr\/#website\"},\"primaryImageOfPage\":{\"@id\":\"https:\/\/www.locansol.fr\/exposition-playlist-prooz-perpignan\/#primaryimage\"},\"image\":{\"@id\":\"https:\/\/www.locansol.fr\/exposition-playlist-prooz-perpignan\/#primaryimage\"},\"thumbnailUrl\":\"https:\/\/www.locansol.fr\/wp-content\/uploads\/2026\/04\/exposition-playlist-prooz-perpignan.webp\",\"datePublished\":\"2026-04-27T22:04:34+00:00\",\"dateModified\":\"2026-04-27T22:04:38+00:00\",\"description\":\"Exposition Playl!st de PROOZ \u00e0 Perpignan. D\u00e9couvrez une fusion unique d'art et de musique dans les Pyr\u00e9n\u00e9es-Orientales. Entr\u00e9e gratuite \u00e0 l'H\u00f4tel Pams.\",\"breadcrumb\":{\"@id\":\"https:\/\/www.locansol.fr\/exposition-playlist-prooz-perpignan\/#breadcrumb\"},\"inLanguage\":\"es\",\"potentialAction\":[{\"@type\":\"ReadAction\",\"target\":[\"https:\/\/www.locansol.fr\/exposition-playlist-prooz-perpignan\/\"]}]},{\"@type\":\"ImageObject\",\"inLanguage\":\"es\",\"@id\":\"https:\/\/www.locansol.fr\/exposition-playlist-prooz-perpignan\/#primaryimage\",\"url\":\"https:\/\/www.locansol.fr\/wp-content\/uploads\/2026\/04\/exposition-playlist-prooz-perpignan.webp\",\"contentUrl\":\"https:\/\/www.locansol.fr\/wp-content\/uploads\/2026\/04\/exposition-playlist-prooz-perpignan.webp\",\"width\":1024,\"height\":768,\"caption\":\"Exposition Playl!st de PROOZ \u00e0 Perpignan \u2013 Art & Musique\"},{\"@type\":\"BreadcrumbList\",\"@id\":\"https:\/\/www.locansol.fr\/exposition-playlist-prooz-perpignan\/#breadcrumb\",\"itemListElement\":[{\"@type\":\"ListItem\",\"position\":1,\"name\":\"Accueil\",\"item\":\"https:\/\/www.locansol.fr\/\"},{\"@type\":\"ListItem\",\"position\":2,\"name\":\"Perpignan, du 24 avril au 21 juin : Exposition \u00ab Playl!st \u00bb de PROOZ \u00e0 l\u2019H\u00f4tel Pams\"}]},{\"@type\":\"WebSite\",\"@id\":\"https:\/\/www.locansol.fr\/#website\",\"url\":\"https:\/\/www.locansol.fr\/\",\"name\":\"Locansol, louer un h\u00e9bergement dans les Pyr\u00e9n\u00e9es-Orientales\",\"description\":\"Location Mobil-home Mer M\u00e9diterran\u00e9e &amp; Chalet de Montagne dans les Pyr\u00e9n\u00e9es Orientales (Occitanie, 66). Weekend, s\u00e9jour &amp; vacances en famille et entre amis.\",\"publisher\":{\"@id\":\"https:\/\/www.locansol.fr\/#organization\"},\"alternateName\":\"Louer un h\u00e9bergement dans les Pyr\u00e9n\u00e9es Orientales, chalet & mobil-home en Occitanie\",\"potentialAction\":[{\"@type\":\"SearchAction\",\"target\":{\"@type\":\"EntryPoint\",\"urlTemplate\":\"https:\/\/www.locansol.fr\/?s={search_term_string}\"},\"query-input\":{\"@type\":\"PropertyValueSpecification\",\"valueRequired\":true,\"valueName\":\"search_term_string\"}}],\"inLanguage\":\"es\"},{\"@type\":\"Organization\",\"@id\":\"https:\/\/www.locansol.fr\/#organization\",\"name\":\"Location MobilHome & chalet dans les Pyr\u00e9n\u00e9es Orientales\",\"alternateName\":\"Louer un h\u00e9bergement dans les Pyr\u00e9n\u00e9es Orientales en Occitanie\",\"url\":\"https:\/\/www.locansol.fr\/\",\"logo\":{\"@type\":\"ImageObject\",\"inLanguage\":\"es\",\"@id\":\"https:\/\/www.locansol.fr\/#\/schema\/logo\/image\/\",\"url\":\"https:\/\/www.locansol.fr\/wp-content\/uploads\/2024\/04\/AdobeStock_303324767-scaled.jpeg\",\"contentUrl\":\"https:\/\/www.locansol.fr\/wp-content\/uploads\/2024\/04\/AdobeStock_303324767-scaled.jpeg\",\"width\":2560,\"height\":1707,\"caption\":\"Location MobilHome & chalet dans les Pyr\u00e9n\u00e9es Orientales\"},\"image\":{\"@id\":\"https:\/\/www.locansol.fr\/#\/schema\/logo\/image\/\"}},{\"@type\":\"Person\",\"@id\":\"https:\/\/www.locansol.fr\/#\/schema\/person\/0b08d440f1ac44674c6d498107de351d\",\"name\":\"H\u00e9bergements Locansol\",\"image\":{\"@type\":\"ImageObject\",\"inLanguage\":\"es\",\"@id\":\"https:\/\/www.locansol.fr\/#\/schema\/person\/image\/\",\"url\":\"https:\/\/secure.gravatar.com\/avatar\/444436b93284204f8116b6e0eb964cd3fcb811519c737232bde6dd5743c37ee5?s=96&d=mm&r=g\",\"contentUrl\":\"https:\/\/secure.gravatar.com\/avatar\/444436b93284204f8116b6e0eb964cd3fcb811519c737232bde6dd5743c37ee5?s=96&d=mm&r=g\",\"caption\":\"H\u00e9bergements Locansol\"},\"sameAs\":[\"https:\/\/www.locansol.fr\/\"],\"url\":\"https:\/\/www.locansol.fr\/es\/author\/locansol\/\"}]}<\/script>\n<!-- \/ Yoast SEO Premium plugin. -->","yoast_head_json":{"title":"Exposition Playl!st de PROOZ \u00e0 Perpignan \u2013 Art & Musique","description":"Exposition Playl!st de PROOZ \u00e0 Perpignan. D\u00e9couvrez une fusion unique d'art et de musique dans les Pyr\u00e9n\u00e9es-Orientales. Entr\u00e9e gratuite \u00e0 l'H\u00f4tel Pams.","robots":{"index":"index","follow":"follow","max-snippet":"max-snippet:-1","max-image-preview":"max-image-preview:large","max-video-preview":"max-video-preview:-1"},"canonical":"https:\/\/www.locansol.fr\/es\/exposition-playlist-prooz-perpignan\/","og_locale":"es_ES","og_type":"article","og_title":"Plongez dans l'univers sensoriel de PROOZ : Perpignan \u2014 Art et musique en harmonie","og_description":"Imaginez des m\u00e9lodies transform\u00e9es en couleurs et en formes. L'exposition Playl!st de PROOZ \u00e0 Perpignan vous invite \u00e0 un voyage sensoriel unique.","og_url":"https:\/\/www.locansol.fr\/es\/exposition-playlist-prooz-perpignan\/","og_site_name":"Locansol, louer un h\u00e9bergement dans les Pyr\u00e9n\u00e9es Orientales","article_published_time":"2026-04-27T22:04:34+00:00","article_modified_time":"2026-04-27T22:04:38+00:00","og_image":[{"url":"https:\/\/www.locansol.fr\/wp-content\/uploads\/2026\/04\/exposition-playlist-prooz-perpignan.webp","type":"","width":"","height":""}],"author":"H\u00e9bergements Locansol","twitter_card":"summary_large_image","twitter_title":"D\u00e9couvrez l'exposition Playl!st de PROOZ \u00e0 Perpignan : l'art qui danse au rythme de la musique","twitter_description":"Plongez dans l'univers de PROOZ o\u00f9 chaque tableau est une chanson. Exposition gratuite \u00e0 Perpignan du 24 avril au 21 juin.","twitter_image":"https:\/\/www.locansol.fr\/wp-content\/uploads\/2026\/04\/exposition-playlist-prooz-perpignan.webp","twitter_misc":{"Escrito por":"H\u00e9bergements Locansol","Tiempo de lectura":"2 minutos"},"schema":{"@context":"https:\/\/schema.org","@graph":[{"@type":"Article","@id":"https:\/\/www.locansol.fr\/exposition-playlist-prooz-perpignan\/#article","isPartOf":{"@id":"https:\/\/www.locansol.fr\/exposition-playlist-prooz-perpignan\/"},"author":{"name":"H\u00e9bergements Locansol","@id":"https:\/\/www.locansol.fr\/#\/schema\/person\/0b08d440f1ac44674c6d498107de351d"},"headline":"Perpignan, du 24 avril au 21 juin : Exposition \u00ab Playl!st \u00bb de PROOZ \u00e0 l\u2019H\u00f4tel Pams","datePublished":"2026-04-27T22:04:34+00:00","dateModified":"2026-04-27T22:04:38+00:00","mainEntityOfPage":{"@id":"https:\/\/www.locansol.fr\/exposition-playlist-prooz-perpignan\/"},"wordCount":411,"publisher":{"@id":"https:\/\/www.locansol.fr\/#organization"},"image":{"@id":"https:\/\/www.locansol.fr\/exposition-playlist-prooz-perpignan\/#primaryimage"},"thumbnailUrl":"https:\/\/www.locansol.fr\/wp-content\/uploads\/2026\/04\/exposition-playlist-prooz-perpignan.webp","keywords":["\u00c9v\u00e8nement culturel","Pyr\u00e9n\u00e9es-Orientales"],"articleSection":["Carnaval"],"inLanguage":"es"},{"@type":"WebPage","@id":"https:\/\/www.locansol.fr\/exposition-playlist-prooz-perpignan\/","url":"https:\/\/www.locansol.fr\/exposition-playlist-prooz-perpignan\/","name":"Exposition Playl!st de PROOZ \u00e0 Perpignan \u2013 Art & Musique","isPartOf":{"@id":"https:\/\/www.locansol.fr\/#website"},"primaryImageOfPage":{"@id":"https:\/\/www.locansol.fr\/exposition-playlist-prooz-perpignan\/#primaryimage"},"image":{"@id":"https:\/\/www.locansol.fr\/exposition-playlist-prooz-perpignan\/#primaryimage"},"thumbnailUrl":"https:\/\/www.locansol.fr\/wp-content\/uploads\/2026\/04\/exposition-playlist-prooz-perpignan.webp","datePublished":"2026-04-27T22:04:34+00:00","dateModified":"2026-04-27T22:04:38+00:00","description":"Exposition Playl!st de PROOZ \u00e0 Perpignan. D\u00e9couvrez une fusion unique d'art et de musique dans les Pyr\u00e9n\u00e9es-Orientales. Entr\u00e9e gratuite \u00e0 l'H\u00f4tel Pams.","breadcrumb":{"@id":"https:\/\/www.locansol.fr\/exposition-playlist-prooz-perpignan\/#breadcrumb"},"inLanguage":"es","potentialAction":[{"@type":"ReadAction","target":["https:\/\/www.locansol.fr\/exposition-playlist-prooz-perpignan\/"]}]},{"@type":"ImageObject","inLanguage":"es","@id":"https:\/\/www.locansol.fr\/exposition-playlist-prooz-perpignan\/#primaryimage","url":"https:\/\/www.locansol.fr\/wp-content\/uploads\/2026\/04\/exposition-playlist-prooz-perpignan.webp","contentUrl":"https:\/\/www.locansol.fr\/wp-content\/uploads\/2026\/04\/exposition-playlist-prooz-perpignan.webp","width":1024,"height":768,"caption":"Exposition Playl!st de PROOZ \u00e0 Perpignan \u2013 Art & Musique"},{"@type":"BreadcrumbList","@id":"https:\/\/www.locansol.fr\/exposition-playlist-prooz-perpignan\/#breadcrumb","itemListElement":[{"@type":"ListItem","position":1,"name":"Accueil","item":"https:\/\/www.locansol.fr\/"},{"@type":"ListItem","position":2,"name":"Perpignan, du 24 avril au 21 juin : Exposition \u00ab Playl!st \u00bb de PROOZ \u00e0 l\u2019H\u00f4tel Pams"}]},{"@type":"WebSite","@id":"https:\/\/www.locansol.fr\/#website","url":"https:\/\/www.locansol.fr\/","name":"Locansol, louer un h\u00e9bergement dans les Pyr\u00e9n\u00e9es-Orientales","description":"Location Mobil-home Mer M\u00e9diterran\u00e9e &amp; Chalet de Montagne dans les Pyr\u00e9n\u00e9es Orientales (Occitanie, 66). Weekend, s\u00e9jour &amp; vacances en famille et entre amis.","publisher":{"@id":"https:\/\/www.locansol.fr\/#organization"},"alternateName":"Louer un h\u00e9bergement dans les Pyr\u00e9n\u00e9es Orientales, chalet & mobil-home en Occitanie","potentialAction":[{"@type":"SearchAction","target":{"@type":"EntryPoint","urlTemplate":"https:\/\/www.locansol.fr\/?s={search_term_string}"},"query-input":{"@type":"PropertyValueSpecification","valueRequired":true,"valueName":"search_term_string"}}],"inLanguage":"es"},{"@type":"Organization","@id":"https:\/\/www.locansol.fr\/#organization","name":"Location MobilHome & chalet dans les Pyr\u00e9n\u00e9es Orientales","alternateName":"Louer un h\u00e9bergement dans les Pyr\u00e9n\u00e9es Orientales en Occitanie","url":"https:\/\/www.locansol.fr\/","logo":{"@type":"ImageObject","inLanguage":"es","@id":"https:\/\/www.locansol.fr\/#\/schema\/logo\/image\/","url":"https:\/\/www.locansol.fr\/wp-content\/uploads\/2024\/04\/AdobeStock_303324767-scaled.jpeg","contentUrl":"https:\/\/www.locansol.fr\/wp-content\/uploads\/2024\/04\/AdobeStock_303324767-scaled.jpeg","width":2560,"height":1707,"caption":"Location MobilHome & chalet dans les Pyr\u00e9n\u00e9es Orientales"},"image":{"@id":"https:\/\/www.locansol.fr\/#\/schema\/logo\/image\/"}},{"@type":"Person","@id":"https:\/\/www.locansol.fr\/#\/schema\/person\/0b08d440f1ac44674c6d498107de351d","name":"H\u00e9bergements Locansol","image":{"@type":"ImageObject","inLanguage":"es","@id":"https:\/\/www.locansol.fr\/#\/schema\/person\/image\/","url":"https:\/\/secure.gravatar.com\/avatar\/444436b93284204f8116b6e0eb964cd3fcb811519c737232bde6dd5743c37ee5?s=96&d=mm&r=g","contentUrl":"https:\/\/secure.gravatar.com\/avatar\/444436b93284204f8116b6e0eb964cd3fcb811519c737232bde6dd5743c37ee5?s=96&d=mm&r=g","caption":"H\u00e9bergements Locansol"},"sameAs":["https:\/\/www.locansol.fr\/"],"url":"https:\/\/www.locansol.fr\/es\/author\/locansol\/"}]}},"_links":{"self":[{"href":"https:\/\/www.locansol.fr\/es\/wp-json\/wp\/v2\/posts\/6636","targetHints":{"allow":["GET"]}}],"collection":[{"href":"https:\/\/www.locansol.fr\/es\/wp-json\/wp\/v2\/posts"}],"about":[{"href":"https:\/\/www.locansol.fr\/es\/wp-json\/wp\/v2\/types\/post"}],"author":[{"embeddable":true,"href":"https:\/\/www.locansol.fr\/es\/wp-json\/wp\/v2\/users\/5"}],"replies":[{"embeddable":true,"href":"https:\/\/www.locansol.fr\/es\/wp-json\/wp\/v2\/comments?post=6636"}],"version-history":[{"count":1,"href":"https:\/\/www.locansol.fr\/es\/wp-json\/wp\/v2\/posts\/6636\/revisions"}],"predecessor-version":[{"id":6637,"href":"https:\/\/www.locansol.fr\/es\/wp-json\/wp\/v2\/posts\/6636\/revisions\/6637"}],"wp:featuredmedia":[{"embeddable":true,"href":"https:\/\/www.locansol.fr\/es\/wp-json\/wp\/v2\/media\/6635"}],"wp:attachment":[{"href":"https:\/\/www.locansol.fr\/es\/wp-json\/wp\/v2\/media?parent=6636"}],"wp:term":[{"taxonomy":"category","embeddable":true,"href":"https:\/\/www.locansol.fr\/es\/wp-json\/wp\/v2\/categories?post=6636"},{"taxonomy":"post_tag","embeddable":true,"href":"https:\/\/www.locansol.fr\/es\/wp-json\/wp\/v2\/tags?post=6636"}],"curies":[{"name":"wp","href":"https:\/\/api.w.org\/{rel}","templated":true}]}}