{"id":6641,"date":"2026-04-28T06:10:13","date_gmt":"2026-04-28T04:10:13","guid":{"rendered":"https:\/\/www.locansol.fr\/volets-orgue-cathedrale-perpignan-3\/"},"modified":"2026-04-28T06:10:17","modified_gmt":"2026-04-28T04:10:17","slug":"volets-orgue-cathedrale-perpignan-3","status":"publish","type":"post","link":"https:\/\/www.locansol.fr\/es\/volets-orgue-cathedrale-perpignan-3\/","title":{"rendered":"Perpignan, 24 mars : D\u00e9couvrez le chef-d&rsquo;\u0153uvre restaur\u00e9 des volets d\u2019orgue de la cath\u00e9drale"},"content":{"rendered":"<p>Plongez dans les tr\u00e9sors artistiques et historiques de Perpignan avec l\u2019exposition \u00ab La red\u00e9couverte d\u2019un chef-d\u2019\u0153uvre monumental : les volets du grand orgue de la cath\u00e9drale de Perpignan \u00bb. Du 24 mars au 31 mai, cette exposition exceptionnelle vous attend au 21 Rue Mailly, au c\u0153ur de la ville, pour vous d\u00e9voiler l\u2019une des merveilles m\u00e9connues du patrimoine occidental.<\/p>\n<p>\u00c0 l\u2019origine de cet \u00e9v\u00e9nement unique, un ambitieux projet de restauration initi\u00e9 en 2022 par la Direction r\u00e9gionale des affaires culturelles d\u2019Occitanie. Cette initiative a permis de mettre en valeur une \u0153uvre spectaculaire, enregistr\u00e9e comme les plus grands volets d\u2019orgue d\u2019Europe. Ces panneaux monumentaux, peints en 1504, mesurent pas moins de 12,6 m\u00e8tres de haut sur 4,3 m\u00e8tres de large, couvrant une superficie impressionnante de 83 m\u00b2. Les peintures, r\u00e9alis\u00e9es \u00e0 la d\u00e9trempe sur toile, exposent une riche polychromie d\u2019un c\u00f4t\u00e9 et une grisaille soign\u00e9e de l\u2019autre, refl\u00e9tant \u00e0 la fois la profondeur spirituelle et la cr\u00e9ativit\u00e9 des artistes de l\u2019\u00e9poque.<\/p>\n<p>\u00c0 l\u2019origine fix\u00e9s sur le buffet de l\u2019orgue de la cath\u00e9drale Saint-Jean-Baptiste, ces volets jouaient un r\u00f4le liturgique important. D\u00e9ploy\u00e9s selon le calendrier religieux, ils cr\u00e9aient un dialogue unique entre musique, architecture et art sacr\u00e9. H\u00e9las, d\u00e9plac\u00e9s et fix\u00e9s au XIXe si\u00e8cle au-dessus de la porte de Bethl\u00e9em, leur visibilit\u00e9 et leur reconnaissance ont \u00e9t\u00e9 fortement r\u00e9duites. Aujourd\u2019hui, gr\u00e2ce aux travaux de restauration tant techniques que scientifiques, leur \u00e9clat d&rsquo;antan a \u00e9t\u00e9 retrouv\u00e9, rendant justice \u00e0 leur valeur historique et artistique.<\/p>\n<p>Sous la direction \u00e9clair\u00e9e de Pascale Picard, conservatrice du mus\u00e9e, cette exposition vous propose une immersion enrichissante dans l\u2019histoire de ces volets et du patrimoine de Perpignan. Outre la red\u00e9couverte de cet exceptionnel ensemble d\u2019art sacr\u00e9, les visiteurs auront l\u2019opportunit\u00e9 de mieux comprendre le processus de restauration et d\u2019en apprendre davantage sur l\u2019histoire riche de la cath\u00e9drale. Cet \u00e9v\u00e9nement a tout pour s\u00e9duire les amateurs d\u2019art, d\u2019histoire et de culture.<\/p>\n<p>Si vous \u00eates \u00e0 la recherche d\u2019une exp\u00e9rience qui combine \u00e9merveillement artistique et voyage dans le temps, cette exposition est un rendez-vous \u00e0 ne pas manquer. Pour profiter de cette opportunit\u00e9 exceptionnelle, comptez un tarif plein de 8,00 \u20ac.<\/p>\n<p>Alors, laissez-vous transporter par la magnificence des volets du grand orgue de la cath\u00e9drale de Perpignan et (re)d\u00e9couvrez tout le g\u00e9nie cr\u00e9atif des ma\u00eetres anciens, \u00e0 quelques pas de chez vous.<\/p>\n<h3>Informaci\u00f3n pr\u00e1ctica<\/h3>\n<p>\ud83d\udcc5 QUAND ? Du 24 mars au 31 mai<br \/>\ud83d\udccd O\u00d9 ? 21 Rue Mailly, Perpignan<br \/>\ud83d\udcb6 COMBIEN ? 8,00 \u20ac<\/p>","protected":false},"excerpt":{"rendered":"<p>D\u00e9couvrez l&rsquo;incroyable exposition sur les volets du grand orgue de la cath\u00e9drale de Perpignan, restaur\u00e9s pour r\u00e9v\u00e9ler toute leur splendeur historique et artistique.<\/p>","protected":false},"author":5,"featured_media":6640,"comment_status":"closed","ping_status":"open","sticky":false,"template":"","format":"standard","meta":{"_yoast_wpseo_focuskw":"volets orgue cath\u00e9drale Perpignan","_yoast_wpseo_title":"Perpignan, 24 mars : D\u00e9couvrez les volets d\u2019orgue restaur\u00e9s","_yoast_wpseo_metadesc":"Perpignan, 24 mars : D\u00e9couvrez le chef-d'\u0153uvre restaur\u00e9 des volets d\u2019orgue de la cath\u00e9drale. Plongez dans l'histoire et l'art des Pyr\u00e9n\u00e9es-Orientales avec cette exposition unique.","_yoast_wpseo_canonical":"","_yoast_wpseo_opengraph-title":"D\u00e9couvrez l\u2019\u00e9clat retrouv\u00e9 : les volets d\u2019orgue de Perpignan \u2014 une exp\u00e9rience artistique unique","_yoast_wpseo_opengraph-description":"Imaginez-vous devant des panneaux monumentaux de 12 m\u00e8tres de haut, richement color\u00e9s. D\u00e9couvrez l\u2019histoire et la beaut\u00e9 des volets d\u2019orgue de Perpignan, restaur\u00e9s \u00e0 leur gloire d\u2019antan.","_yoast_wpseo_opengraph-image":"https:\/\/www.locansol.fr\/wp-content\/uploads\/2026\/04\/volets-orgue-cathedrale-perpignan-2.webp","_yoast_wpseo_opengraph-image-id":"","_yoast_wpseo_twitter-title":"Les volets d\u2019orgue de Perpignan : un tr\u00e9sor artistique \u00e0 d\u00e9couvrir","_yoast_wpseo_twitter-description":"D\u00e9couvrez les volets d\u2019orgue restaur\u00e9s de Perpignan, un chef-d\u2019\u0153uvre artistique et historique. Une exp\u00e9rience immersive vous attend \u00e0 partir du 24 mars.","_yoast_wpseo_twitter-image":"https:\/\/www.locansol.fr\/wp-content\/uploads\/2026\/04\/volets-orgue-cathedrale-perpignan-2.webp","_yoast_wpseo_twitter-image-id":"","yoast_primary_category":"Exposition","footnotes":""},"categories":[35],"tags":[66,76],"class_list":["post-6641","post","type-post","status-publish","format-standard","has-post-thumbnail","hentry","category-carnaval","tag-evenement-culturel","tag-pyrenees-orientales"],"yoast_head":"<!-- This site is optimized with the Yoast SEO Premium plugin v23.3 (Yoast SEO v26.9) - https:\/\/yoast.com\/product\/yoast-seo-premium-wordpress\/ -->\n<title>Perpignan, 24 mars : D\u00e9couvrez les volets d\u2019orgue restaur\u00e9s<\/title>\n<meta name=\"description\" content=\"Perpignan, 24 mars : D\u00e9couvrez le chef-d&#039;\u0153uvre restaur\u00e9 des volets d\u2019orgue de la cath\u00e9drale. Plongez dans l&#039;histoire et l&#039;art des Pyr\u00e9n\u00e9es-Orientales avec cette exposition unique.\" \/>\n<meta name=\"robots\" content=\"index, follow, max-snippet:-1, max-image-preview:large, max-video-preview:-1\" \/>\n<link rel=\"canonical\" href=\"https:\/\/www.locansol.fr\/es\/volets-orgue-cathedrale-perpignan-3\/\" \/>\n<meta property=\"og:locale\" content=\"es_ES\" \/>\n<meta property=\"og:type\" content=\"article\" \/>\n<meta property=\"og:title\" content=\"D\u00e9couvrez l\u2019\u00e9clat retrouv\u00e9 : les volets d\u2019orgue de Perpignan \u2014 une exp\u00e9rience artistique unique\" \/>\n<meta property=\"og:description\" content=\"Imaginez-vous devant des panneaux monumentaux de 12 m\u00e8tres de haut, richement color\u00e9s. D\u00e9couvrez l\u2019histoire et la beaut\u00e9 des volets d\u2019orgue de Perpignan, restaur\u00e9s \u00e0 leur gloire d\u2019antan.\" \/>\n<meta property=\"og:url\" content=\"https:\/\/www.locansol.fr\/es\/volets-orgue-cathedrale-perpignan-3\/\" \/>\n<meta property=\"og:site_name\" content=\"Locansol, louer un h\u00e9bergement dans les Pyr\u00e9n\u00e9es Orientales\" \/>\n<meta property=\"article:published_time\" content=\"2026-04-28T04:10:13+00:00\" \/>\n<meta property=\"article:modified_time\" content=\"2026-04-28T04:10:17+00:00\" \/>\n<meta property=\"og:image\" content=\"https:\/\/www.locansol.fr\/wp-content\/uploads\/2026\/04\/volets-orgue-cathedrale-perpignan-2.webp\" \/>\n<meta name=\"author\" content=\"H\u00e9bergements Locansol\" \/>\n<meta name=\"twitter:card\" content=\"summary_large_image\" \/>\n<meta name=\"twitter:title\" content=\"Les volets d\u2019orgue de Perpignan : un tr\u00e9sor artistique \u00e0 d\u00e9couvrir\" \/>\n<meta name=\"twitter:description\" content=\"D\u00e9couvrez les volets d\u2019orgue restaur\u00e9s de Perpignan, un chef-d\u2019\u0153uvre artistique et historique. Une exp\u00e9rience immersive vous attend \u00e0 partir du 24 mars.\" \/>\n<meta name=\"twitter:image\" content=\"https:\/\/www.locansol.fr\/wp-content\/uploads\/2026\/04\/volets-orgue-cathedrale-perpignan-2.webp\" \/>\n<meta name=\"twitter:label1\" content=\"Escrito por\" \/>\n\t<meta name=\"twitter:data1\" content=\"H\u00e9bergements Locansol\" \/>\n\t<meta name=\"twitter:label2\" content=\"Tiempo de lectura\" \/>\n\t<meta name=\"twitter:data2\" content=\"2 minutos\" \/>\n<script type=\"application\/ld+json\" class=\"yoast-schema-graph\">{\"@context\":\"https:\/\/schema.org\",\"@graph\":[{\"@type\":\"Article\",\"@id\":\"https:\/\/www.locansol.fr\/volets-orgue-cathedrale-perpignan-3\/#article\",\"isPartOf\":{\"@id\":\"https:\/\/www.locansol.fr\/volets-orgue-cathedrale-perpignan-3\/\"},\"author\":{\"name\":\"H\u00e9bergements Locansol\",\"@id\":\"https:\/\/www.locansol.fr\/#\/schema\/person\/0b08d440f1ac44674c6d498107de351d\"},\"headline\":\"Perpignan, 24 mars : D\u00e9couvrez le chef-d&rsquo;\u0153uvre restaur\u00e9 des volets d\u2019orgue de la cath\u00e9drale\",\"datePublished\":\"2026-04-28T04:10:13+00:00\",\"dateModified\":\"2026-04-28T04:10:17+00:00\",\"mainEntityOfPage\":{\"@id\":\"https:\/\/www.locansol.fr\/volets-orgue-cathedrale-perpignan-3\/\"},\"wordCount\":456,\"publisher\":{\"@id\":\"https:\/\/www.locansol.fr\/#organization\"},\"image\":{\"@id\":\"https:\/\/www.locansol.fr\/volets-orgue-cathedrale-perpignan-3\/#primaryimage\"},\"thumbnailUrl\":\"https:\/\/www.locansol.fr\/wp-content\/uploads\/2026\/04\/volets-orgue-cathedrale-perpignan-2.webp\",\"keywords\":[\"\u00c9v\u00e8nement culturel\",\"Pyr\u00e9n\u00e9es-Orientales\"],\"articleSection\":[\"Carnaval\"],\"inLanguage\":\"es\"},{\"@type\":\"WebPage\",\"@id\":\"https:\/\/www.locansol.fr\/volets-orgue-cathedrale-perpignan-3\/\",\"url\":\"https:\/\/www.locansol.fr\/volets-orgue-cathedrale-perpignan-3\/\",\"name\":\"Perpignan, 24 mars : D\u00e9couvrez les volets d\u2019orgue restaur\u00e9s\",\"isPartOf\":{\"@id\":\"https:\/\/www.locansol.fr\/#website\"},\"primaryImageOfPage\":{\"@id\":\"https:\/\/www.locansol.fr\/volets-orgue-cathedrale-perpignan-3\/#primaryimage\"},\"image\":{\"@id\":\"https:\/\/www.locansol.fr\/volets-orgue-cathedrale-perpignan-3\/#primaryimage\"},\"thumbnailUrl\":\"https:\/\/www.locansol.fr\/wp-content\/uploads\/2026\/04\/volets-orgue-cathedrale-perpignan-2.webp\",\"datePublished\":\"2026-04-28T04:10:13+00:00\",\"dateModified\":\"2026-04-28T04:10:17+00:00\",\"description\":\"Perpignan, 24 mars : D\u00e9couvrez le chef-d'\u0153uvre restaur\u00e9 des volets d\u2019orgue de la cath\u00e9drale. Plongez dans l'histoire et l'art des Pyr\u00e9n\u00e9es-Orientales avec cette exposition unique.\",\"breadcrumb\":{\"@id\":\"https:\/\/www.locansol.fr\/volets-orgue-cathedrale-perpignan-3\/#breadcrumb\"},\"inLanguage\":\"es\",\"potentialAction\":[{\"@type\":\"ReadAction\",\"target\":[\"https:\/\/www.locansol.fr\/volets-orgue-cathedrale-perpignan-3\/\"]}]},{\"@type\":\"ImageObject\",\"inLanguage\":\"es\",\"@id\":\"https:\/\/www.locansol.fr\/volets-orgue-cathedrale-perpignan-3\/#primaryimage\",\"url\":\"https:\/\/www.locansol.fr\/wp-content\/uploads\/2026\/04\/volets-orgue-cathedrale-perpignan-2.webp\",\"contentUrl\":\"https:\/\/www.locansol.fr\/wp-content\/uploads\/2026\/04\/volets-orgue-cathedrale-perpignan-2.webp\",\"width\":1024,\"height\":605,\"caption\":\"Perpignan, 24 mars : D\u00e9couvrez les volets d\u2019orgue restaur\u00e9s\"},{\"@type\":\"BreadcrumbList\",\"@id\":\"https:\/\/www.locansol.fr\/volets-orgue-cathedrale-perpignan-3\/#breadcrumb\",\"itemListElement\":[{\"@type\":\"ListItem\",\"position\":1,\"name\":\"Accueil\",\"item\":\"https:\/\/www.locansol.fr\/\"},{\"@type\":\"ListItem\",\"position\":2,\"name\":\"Perpignan, 24 mars : D\u00e9couvrez le chef-d&rsquo;\u0153uvre restaur\u00e9 des volets d\u2019orgue de la cath\u00e9drale\"}]},{\"@type\":\"WebSite\",\"@id\":\"https:\/\/www.locansol.fr\/#website\",\"url\":\"https:\/\/www.locansol.fr\/\",\"name\":\"Locansol, louer un h\u00e9bergement dans les Pyr\u00e9n\u00e9es-Orientales\",\"description\":\"Location Mobil-home Mer M\u00e9diterran\u00e9e &amp; Chalet de Montagne dans les Pyr\u00e9n\u00e9es Orientales (Occitanie, 66). Weekend, s\u00e9jour &amp; vacances en famille et entre amis.\",\"publisher\":{\"@id\":\"https:\/\/www.locansol.fr\/#organization\"},\"alternateName\":\"Louer un h\u00e9bergement dans les Pyr\u00e9n\u00e9es Orientales, chalet & mobil-home en Occitanie\",\"potentialAction\":[{\"@type\":\"SearchAction\",\"target\":{\"@type\":\"EntryPoint\",\"urlTemplate\":\"https:\/\/www.locansol.fr\/?s={search_term_string}\"},\"query-input\":{\"@type\":\"PropertyValueSpecification\",\"valueRequired\":true,\"valueName\":\"search_term_string\"}}],\"inLanguage\":\"es\"},{\"@type\":\"Organization\",\"@id\":\"https:\/\/www.locansol.fr\/#organization\",\"name\":\"Location MobilHome & chalet dans les Pyr\u00e9n\u00e9es Orientales\",\"alternateName\":\"Louer un h\u00e9bergement dans les Pyr\u00e9n\u00e9es Orientales en Occitanie\",\"url\":\"https:\/\/www.locansol.fr\/\",\"logo\":{\"@type\":\"ImageObject\",\"inLanguage\":\"es\",\"@id\":\"https:\/\/www.locansol.fr\/#\/schema\/logo\/image\/\",\"url\":\"https:\/\/www.locansol.fr\/wp-content\/uploads\/2024\/04\/AdobeStock_303324767-scaled.jpeg\",\"contentUrl\":\"https:\/\/www.locansol.fr\/wp-content\/uploads\/2024\/04\/AdobeStock_303324767-scaled.jpeg\",\"width\":2560,\"height\":1707,\"caption\":\"Location MobilHome & chalet dans les Pyr\u00e9n\u00e9es Orientales\"},\"image\":{\"@id\":\"https:\/\/www.locansol.fr\/#\/schema\/logo\/image\/\"}},{\"@type\":\"Person\",\"@id\":\"https:\/\/www.locansol.fr\/#\/schema\/person\/0b08d440f1ac44674c6d498107de351d\",\"name\":\"H\u00e9bergements Locansol\",\"image\":{\"@type\":\"ImageObject\",\"inLanguage\":\"es\",\"@id\":\"https:\/\/www.locansol.fr\/#\/schema\/person\/image\/\",\"url\":\"https:\/\/secure.gravatar.com\/avatar\/444436b93284204f8116b6e0eb964cd3fcb811519c737232bde6dd5743c37ee5?s=96&d=mm&r=g\",\"contentUrl\":\"https:\/\/secure.gravatar.com\/avatar\/444436b93284204f8116b6e0eb964cd3fcb811519c737232bde6dd5743c37ee5?s=96&d=mm&r=g\",\"caption\":\"H\u00e9bergements Locansol\"},\"sameAs\":[\"https:\/\/www.locansol.fr\/\"],\"url\":\"https:\/\/www.locansol.fr\/es\/author\/locansol\/\"}]}<\/script>\n<!-- \/ Yoast SEO Premium plugin. -->","yoast_head_json":{"title":"Perpignan, 24 mars : D\u00e9couvrez les volets d\u2019orgue restaur\u00e9s","description":"Perpignan, 24 mars : D\u00e9couvrez le chef-d'\u0153uvre restaur\u00e9 des volets d\u2019orgue de la cath\u00e9drale. Plongez dans l'histoire et l'art des Pyr\u00e9n\u00e9es-Orientales avec cette exposition unique.","robots":{"index":"index","follow":"follow","max-snippet":"max-snippet:-1","max-image-preview":"max-image-preview:large","max-video-preview":"max-video-preview:-1"},"canonical":"https:\/\/www.locansol.fr\/es\/volets-orgue-cathedrale-perpignan-3\/","og_locale":"es_ES","og_type":"article","og_title":"D\u00e9couvrez l\u2019\u00e9clat retrouv\u00e9 : les volets d\u2019orgue de Perpignan \u2014 une exp\u00e9rience artistique unique","og_description":"Imaginez-vous devant des panneaux monumentaux de 12 m\u00e8tres de haut, richement color\u00e9s. D\u00e9couvrez l\u2019histoire et la beaut\u00e9 des volets d\u2019orgue de Perpignan, restaur\u00e9s \u00e0 leur gloire d\u2019antan.","og_url":"https:\/\/www.locansol.fr\/es\/volets-orgue-cathedrale-perpignan-3\/","og_site_name":"Locansol, louer un h\u00e9bergement dans les Pyr\u00e9n\u00e9es Orientales","article_published_time":"2026-04-28T04:10:13+00:00","article_modified_time":"2026-04-28T04:10:17+00:00","og_image":[{"url":"https:\/\/www.locansol.fr\/wp-content\/uploads\/2026\/04\/volets-orgue-cathedrale-perpignan-2.webp","type":"","width":"","height":""}],"author":"H\u00e9bergements Locansol","twitter_card":"summary_large_image","twitter_title":"Les volets d\u2019orgue de Perpignan : un tr\u00e9sor artistique \u00e0 d\u00e9couvrir","twitter_description":"D\u00e9couvrez les volets d\u2019orgue restaur\u00e9s de Perpignan, un chef-d\u2019\u0153uvre artistique et historique. Une exp\u00e9rience immersive vous attend \u00e0 partir du 24 mars.","twitter_image":"https:\/\/www.locansol.fr\/wp-content\/uploads\/2026\/04\/volets-orgue-cathedrale-perpignan-2.webp","twitter_misc":{"Escrito por":"H\u00e9bergements Locansol","Tiempo de lectura":"2 minutos"},"schema":{"@context":"https:\/\/schema.org","@graph":[{"@type":"Article","@id":"https:\/\/www.locansol.fr\/volets-orgue-cathedrale-perpignan-3\/#article","isPartOf":{"@id":"https:\/\/www.locansol.fr\/volets-orgue-cathedrale-perpignan-3\/"},"author":{"name":"H\u00e9bergements Locansol","@id":"https:\/\/www.locansol.fr\/#\/schema\/person\/0b08d440f1ac44674c6d498107de351d"},"headline":"Perpignan, 24 mars : D\u00e9couvrez le chef-d&rsquo;\u0153uvre restaur\u00e9 des volets d\u2019orgue de la cath\u00e9drale","datePublished":"2026-04-28T04:10:13+00:00","dateModified":"2026-04-28T04:10:17+00:00","mainEntityOfPage":{"@id":"https:\/\/www.locansol.fr\/volets-orgue-cathedrale-perpignan-3\/"},"wordCount":456,"publisher":{"@id":"https:\/\/www.locansol.fr\/#organization"},"image":{"@id":"https:\/\/www.locansol.fr\/volets-orgue-cathedrale-perpignan-3\/#primaryimage"},"thumbnailUrl":"https:\/\/www.locansol.fr\/wp-content\/uploads\/2026\/04\/volets-orgue-cathedrale-perpignan-2.webp","keywords":["\u00c9v\u00e8nement culturel","Pyr\u00e9n\u00e9es-Orientales"],"articleSection":["Carnaval"],"inLanguage":"es"},{"@type":"WebPage","@id":"https:\/\/www.locansol.fr\/volets-orgue-cathedrale-perpignan-3\/","url":"https:\/\/www.locansol.fr\/volets-orgue-cathedrale-perpignan-3\/","name":"Perpignan, 24 mars : D\u00e9couvrez les volets d\u2019orgue restaur\u00e9s","isPartOf":{"@id":"https:\/\/www.locansol.fr\/#website"},"primaryImageOfPage":{"@id":"https:\/\/www.locansol.fr\/volets-orgue-cathedrale-perpignan-3\/#primaryimage"},"image":{"@id":"https:\/\/www.locansol.fr\/volets-orgue-cathedrale-perpignan-3\/#primaryimage"},"thumbnailUrl":"https:\/\/www.locansol.fr\/wp-content\/uploads\/2026\/04\/volets-orgue-cathedrale-perpignan-2.webp","datePublished":"2026-04-28T04:10:13+00:00","dateModified":"2026-04-28T04:10:17+00:00","description":"Perpignan, 24 mars : D\u00e9couvrez le chef-d'\u0153uvre restaur\u00e9 des volets d\u2019orgue de la cath\u00e9drale. Plongez dans l'histoire et l'art des Pyr\u00e9n\u00e9es-Orientales avec cette exposition unique.","breadcrumb":{"@id":"https:\/\/www.locansol.fr\/volets-orgue-cathedrale-perpignan-3\/#breadcrumb"},"inLanguage":"es","potentialAction":[{"@type":"ReadAction","target":["https:\/\/www.locansol.fr\/volets-orgue-cathedrale-perpignan-3\/"]}]},{"@type":"ImageObject","inLanguage":"es","@id":"https:\/\/www.locansol.fr\/volets-orgue-cathedrale-perpignan-3\/#primaryimage","url":"https:\/\/www.locansol.fr\/wp-content\/uploads\/2026\/04\/volets-orgue-cathedrale-perpignan-2.webp","contentUrl":"https:\/\/www.locansol.fr\/wp-content\/uploads\/2026\/04\/volets-orgue-cathedrale-perpignan-2.webp","width":1024,"height":605,"caption":"Perpignan, 24 mars : D\u00e9couvrez les volets d\u2019orgue restaur\u00e9s"},{"@type":"BreadcrumbList","@id":"https:\/\/www.locansol.fr\/volets-orgue-cathedrale-perpignan-3\/#breadcrumb","itemListElement":[{"@type":"ListItem","position":1,"name":"Accueil","item":"https:\/\/www.locansol.fr\/"},{"@type":"ListItem","position":2,"name":"Perpignan, 24 mars : D\u00e9couvrez le chef-d&rsquo;\u0153uvre restaur\u00e9 des volets d\u2019orgue de la cath\u00e9drale"}]},{"@type":"WebSite","@id":"https:\/\/www.locansol.fr\/#website","url":"https:\/\/www.locansol.fr\/","name":"Locansol, louer un h\u00e9bergement dans les Pyr\u00e9n\u00e9es-Orientales","description":"Location Mobil-home Mer M\u00e9diterran\u00e9e &amp; Chalet de Montagne dans les Pyr\u00e9n\u00e9es Orientales (Occitanie, 66). Weekend, s\u00e9jour &amp; vacances en famille et entre amis.","publisher":{"@id":"https:\/\/www.locansol.fr\/#organization"},"alternateName":"Louer un h\u00e9bergement dans les Pyr\u00e9n\u00e9es Orientales, chalet & mobil-home en Occitanie","potentialAction":[{"@type":"SearchAction","target":{"@type":"EntryPoint","urlTemplate":"https:\/\/www.locansol.fr\/?s={search_term_string}"},"query-input":{"@type":"PropertyValueSpecification","valueRequired":true,"valueName":"search_term_string"}}],"inLanguage":"es"},{"@type":"Organization","@id":"https:\/\/www.locansol.fr\/#organization","name":"Location MobilHome & chalet dans les Pyr\u00e9n\u00e9es Orientales","alternateName":"Louer un h\u00e9bergement dans les Pyr\u00e9n\u00e9es Orientales en Occitanie","url":"https:\/\/www.locansol.fr\/","logo":{"@type":"ImageObject","inLanguage":"es","@id":"https:\/\/www.locansol.fr\/#\/schema\/logo\/image\/","url":"https:\/\/www.locansol.fr\/wp-content\/uploads\/2024\/04\/AdobeStock_303324767-scaled.jpeg","contentUrl":"https:\/\/www.locansol.fr\/wp-content\/uploads\/2024\/04\/AdobeStock_303324767-scaled.jpeg","width":2560,"height":1707,"caption":"Location MobilHome & chalet dans les Pyr\u00e9n\u00e9es Orientales"},"image":{"@id":"https:\/\/www.locansol.fr\/#\/schema\/logo\/image\/"}},{"@type":"Person","@id":"https:\/\/www.locansol.fr\/#\/schema\/person\/0b08d440f1ac44674c6d498107de351d","name":"H\u00e9bergements Locansol","image":{"@type":"ImageObject","inLanguage":"es","@id":"https:\/\/www.locansol.fr\/#\/schema\/person\/image\/","url":"https:\/\/secure.gravatar.com\/avatar\/444436b93284204f8116b6e0eb964cd3fcb811519c737232bde6dd5743c37ee5?s=96&d=mm&r=g","contentUrl":"https:\/\/secure.gravatar.com\/avatar\/444436b93284204f8116b6e0eb964cd3fcb811519c737232bde6dd5743c37ee5?s=96&d=mm&r=g","caption":"H\u00e9bergements Locansol"},"sameAs":["https:\/\/www.locansol.fr\/"],"url":"https:\/\/www.locansol.fr\/es\/author\/locansol\/"}]}},"_links":{"self":[{"href":"https:\/\/www.locansol.fr\/es\/wp-json\/wp\/v2\/posts\/6641","targetHints":{"allow":["GET"]}}],"collection":[{"href":"https:\/\/www.locansol.fr\/es\/wp-json\/wp\/v2\/posts"}],"about":[{"href":"https:\/\/www.locansol.fr\/es\/wp-json\/wp\/v2\/types\/post"}],"author":[{"embeddable":true,"href":"https:\/\/www.locansol.fr\/es\/wp-json\/wp\/v2\/users\/5"}],"replies":[{"embeddable":true,"href":"https:\/\/www.locansol.fr\/es\/wp-json\/wp\/v2\/comments?post=6641"}],"version-history":[{"count":1,"href":"https:\/\/www.locansol.fr\/es\/wp-json\/wp\/v2\/posts\/6641\/revisions"}],"predecessor-version":[{"id":6642,"href":"https:\/\/www.locansol.fr\/es\/wp-json\/wp\/v2\/posts\/6641\/revisions\/6642"}],"wp:featuredmedia":[{"embeddable":true,"href":"https:\/\/www.locansol.fr\/es\/wp-json\/wp\/v2\/media\/6640"}],"wp:attachment":[{"href":"https:\/\/www.locansol.fr\/es\/wp-json\/wp\/v2\/media?parent=6641"}],"wp:term":[{"taxonomy":"category","embeddable":true,"href":"https:\/\/www.locansol.fr\/es\/wp-json\/wp\/v2\/categories?post=6641"},{"taxonomy":"post_tag","embeddable":true,"href":"https:\/\/www.locansol.fr\/es\/wp-json\/wp\/v2\/tags?post=6641"}],"curies":[{"name":"wp","href":"https:\/\/api.w.org\/{rel}","templated":true}]}}