{"id":6651,"date":"2026-04-28T08:08:14","date_gmt":"2026-04-28T06:08:14","guid":{"rendered":"https:\/\/www.locansol.fr\/thermes-amele-les-bains-visite\/"},"modified":"2026-04-28T08:08:18","modified_gmt":"2026-04-28T06:08:18","slug":"thermes-amele-les-bains-visite","status":"publish","type":"post","link":"https:\/\/www.locansol.fr\/es\/thermes-amele-les-bains-visite\/","title":{"rendered":"Am\u00e9lie-les-Bains &#8211; 28 avril &#8211; Visite guid\u00e9e gratuite des thermes : Plong\u00e9e dans l&rsquo;histoire"},"content":{"rendered":"<p>Am\u00e9lie-les-Bains-Palalda, charmante commune nich\u00e9e au c\u0153ur des Pyr\u00e9n\u00e9es-Orientales, vous invite le mardi 28 avril \u00e0 une immersion fascinante dans son patrimoine thermal et historique. \u00c0 14h15, les c\u00e9l\u00e8bres thermes d\u2019Am\u00e9lie-les-Bains, embl\u00e8me de la ville, ouvriront leurs portes pour une visite guid\u00e9e gratuite \u00e0 ne pas manquer.<\/p>\n<p>Cette visite exceptionnelle vous fera voyager au fil des si\u00e8cles, des thermes romains d\u2019antan \u00e0 la modernit\u00e9 de la Cha\u00eene Thermale du Soleil. D\u00e9butez votre exploration par une plong\u00e9e dans l\u2019histoire remarquable de cet \u00e9tablissement. Un guide passionn\u00e9 reviendra sur la saga familiale \u00e0 l\u2019origine de la Cha\u00eene Thermale du Soleil et sur la construction embl\u00e9matique des thermes du Mondony. Vous d\u00e9couvrirez comment les eaux bienfaisantes d\u2019Am\u00e9lie-les-Bains, riches en min\u00e9raux, ont acquis leur renomm\u00e9e \u00e0 travers les \u00e2ges pour leurs vertus curatives.<\/p>\n<p>Le parcours se poursuivra par une visite de la partie historique des thermes romains, o\u00f9 des tr\u00e9sors architecturaux du pass\u00e9 vous attendent. Admirez la salle du XVIII\u1d49 si\u00e8cle et la remarquable vo\u00fbte du II\u1d49 si\u00e8cle, toutes deux class\u00e9es aux monuments historiques. L\u2019histoire prend vie dans ces lieux empreints d\u2019authenticit\u00e9.<\/p>\n<p>Point d\u2019orgue de cette visite, une pause contemplative devant la majestueuse cascade d\u2019Hannibal vous offrira un moment de d\u00e9tente, propice \u00e0 la r\u00eaverie et \u00e0 la d\u00e9connexion. En exclusivit\u00e9, laissez-vous guider dans les coulisses des zones techniques, habituellement inaccessibles au grand public. Une occasion rare d\u2019en apprendre davantage sur le fonctionnement de cet \u00e9tablissement thermal d\u2019exception.<\/p>\n<p>Que vous soyez un amateur d\u2019histoire, curieux de d\u00e9couvrir la baln\u00e9oth\u00e9rapie ou simplement \u00e0 la recherche d\u2019une sortie enrichissante, cette visite est une opportunit\u00e9 id\u00e9ale pour vous impr\u00e9gner de l\u2019atmosph\u00e8re paisible et de la beaut\u00e9 historique des thermes d&rsquo;Am\u00e9lie-les-Bains.<\/p>\n<p>Pr\u00e9voyez de r\u00e9server votre place pour garantir votre participation, car le nombre de participants est limit\u00e9. Vous pouvez r\u00e9server directement aux thermes ou en appelant le 04 68 87 94 55. cet \u00e9v\u00e9nement unique ne manquera pas de vous \u00e9merveiller et de vous donner envie d\u2019en apprendre davantage sur le riche pass\u00e9 thermal d\u2019Am\u00e9lie-les-Bains-Palalda.<\/p>\n<p>Alors, pr\u00eat \u00e0 plonger dans cette exp\u00e9rience hors du commun ?<\/p>\n<h3>Informaci\u00f3n pr\u00e1ctica<\/h3>\n<p>\ud83d\udcc5 QUAND ? Mardi 28 avril \u00e0 14:15<br \/>\ud83d\udccd O\u00d9 ? Thermes d&rsquo;Am\u00e9lie-les-Bains, Am\u00e9lie-les-Bains-Palalda<br \/>\ud83d\udcb6 COMBIEN ? Entr\u00e9e gratuite<\/p>","protected":false},"excerpt":{"rendered":"<p>D\u00e9couvrez l&rsquo;histoire et les secrets des c\u00e9l\u00e8bres thermes d&rsquo;Am\u00e9lie-les-Bains lors d&rsquo;une visite guid\u00e9e gratuite, riche en d\u00e9couvertes, le mardi 28 avril \u00e0 14h15.<\/p>","protected":false},"author":5,"featured_media":6650,"comment_status":"closed","ping_status":"open","sticky":false,"template":"","format":"standard","meta":{"_yoast_wpseo_focuskw":"Visite thermes Am\u00e9lie-les-Bains","_yoast_wpseo_title":"Visite guid\u00e9e gratuite des thermes Am\u00e9lie-les-Bains","_yoast_wpseo_metadesc":"Visite guid\u00e9e gratuite des thermes Am\u00e9lie-les-Bains. D\u00e9couvrez l'histoire des thermes romains et la Cha\u00eene Thermale du Soleil dans les Pyr\u00e9n\u00e9es-Orientales. Une exp\u00e9rience unique et gratuite.","_yoast_wpseo_canonical":"","_yoast_wpseo_opengraph-title":"Plongez dans l'histoire des thermes d'Am\u00e9lie-les-Bains \u2014 Une visite gratuite et fascinante","_yoast_wpseo_opengraph-description":"Imaginez-vous marchant dans les thermes romains d'Am\u00e9lie-les-Bains, d\u00e9couvrant des tr\u00e9sors architecturaux et la majestueuse cascade d\u2019Hannibal. Une visite gratuite \u00e0 ne pas manquer.","_yoast_wpseo_opengraph-image":"https:\/\/www.locansol.fr\/wp-content\/uploads\/2026\/04\/thermes-amele-les-bains-visite.webp","_yoast_wpseo_opengraph-image-id":"","_yoast_wpseo_twitter-title":"D\u00e9couvrez les thermes d'Am\u00e9lie-les-Bains gratuitement !","_yoast_wpseo_twitter-description":"Plongez dans l'histoire des thermes d'Am\u00e9lie-les-Bains avec une visite guid\u00e9e gratuite. D\u00e9couvrez des tr\u00e9sors architecturaux et la cascade d\u2019Hannibal. R\u00e9servez vite !","_yoast_wpseo_twitter-image":"https:\/\/www.locansol.fr\/wp-content\/uploads\/2026\/04\/thermes-amele-les-bains-visite.webp","_yoast_wpseo_twitter-image-id":"","yoast_primary_category":"Visite guid\u00e9e","footnotes":""},"categories":[65],"tags":[66,76],"class_list":["post-6651","post","type-post","status-publish","format-standard","has-post-thumbnail","hentry","category-visite-guidee","tag-evenement-culturel","tag-pyrenees-orientales"],"yoast_head":"<!-- This site is optimized with the Yoast SEO Premium plugin v23.3 (Yoast SEO v26.9) - https:\/\/yoast.com\/product\/yoast-seo-premium-wordpress\/ -->\n<title>Visite guid\u00e9e gratuite des thermes Am\u00e9lie-les-Bains<\/title>\n<meta name=\"description\" content=\"Visite guid\u00e9e gratuite des thermes Am\u00e9lie-les-Bains. D\u00e9couvrez l&#039;histoire des thermes romains et la Cha\u00eene Thermale du Soleil dans les Pyr\u00e9n\u00e9es-Orientales. Une exp\u00e9rience unique et gratuite.\" \/>\n<meta name=\"robots\" content=\"index, follow, max-snippet:-1, max-image-preview:large, max-video-preview:-1\" \/>\n<link rel=\"canonical\" href=\"https:\/\/www.locansol.fr\/es\/thermes-amele-les-bains-visite\/\" \/>\n<meta property=\"og:locale\" content=\"es_ES\" \/>\n<meta property=\"og:type\" content=\"article\" \/>\n<meta property=\"og:title\" content=\"Plongez dans l&#039;histoire des thermes d&#039;Am\u00e9lie-les-Bains \u2014 Une visite gratuite et fascinante\" \/>\n<meta property=\"og:description\" content=\"Imaginez-vous marchant dans les thermes romains d&#039;Am\u00e9lie-les-Bains, d\u00e9couvrant des tr\u00e9sors architecturaux et la majestueuse cascade d\u2019Hannibal. Une visite gratuite \u00e0 ne pas manquer.\" \/>\n<meta property=\"og:url\" content=\"https:\/\/www.locansol.fr\/es\/thermes-amele-les-bains-visite\/\" \/>\n<meta property=\"og:site_name\" content=\"Locansol, louer un h\u00e9bergement dans les Pyr\u00e9n\u00e9es Orientales\" \/>\n<meta property=\"article:published_time\" content=\"2026-04-28T06:08:14+00:00\" \/>\n<meta property=\"article:modified_time\" content=\"2026-04-28T06:08:18+00:00\" \/>\n<meta property=\"og:image\" content=\"https:\/\/www.locansol.fr\/wp-content\/uploads\/2026\/04\/thermes-amele-les-bains-visite.webp\" \/>\n<meta name=\"author\" content=\"H\u00e9bergements Locansol\" \/>\n<meta name=\"twitter:card\" content=\"summary_large_image\" \/>\n<meta name=\"twitter:title\" content=\"D\u00e9couvrez les thermes d&#039;Am\u00e9lie-les-Bains gratuitement !\" \/>\n<meta name=\"twitter:description\" content=\"Plongez dans l&#039;histoire des thermes d&#039;Am\u00e9lie-les-Bains avec une visite guid\u00e9e gratuite. D\u00e9couvrez des tr\u00e9sors architecturaux et la cascade d\u2019Hannibal. R\u00e9servez vite !\" \/>\n<meta name=\"twitter:image\" content=\"https:\/\/www.locansol.fr\/wp-content\/uploads\/2026\/04\/thermes-amele-les-bains-visite.webp\" \/>\n<meta name=\"twitter:label1\" content=\"Escrito por\" \/>\n\t<meta name=\"twitter:data1\" content=\"H\u00e9bergements Locansol\" \/>\n\t<meta name=\"twitter:label2\" content=\"Tiempo de lectura\" \/>\n\t<meta name=\"twitter:data2\" content=\"2 minutos\" \/>\n<script type=\"application\/ld+json\" class=\"yoast-schema-graph\">{\"@context\":\"https:\/\/schema.org\",\"@graph\":[{\"@type\":\"Article\",\"@id\":\"https:\/\/www.locansol.fr\/thermes-amele-les-bains-visite\/#article\",\"isPartOf\":{\"@id\":\"https:\/\/www.locansol.fr\/thermes-amele-les-bains-visite\/\"},\"author\":{\"name\":\"H\u00e9bergements Locansol\",\"@id\":\"https:\/\/www.locansol.fr\/#\/schema\/person\/0b08d440f1ac44674c6d498107de351d\"},\"headline\":\"Am\u00e9lie-les-Bains &#8211; 28 avril &#8211; Visite guid\u00e9e gratuite des thermes : Plong\u00e9e dans l&rsquo;histoire\",\"datePublished\":\"2026-04-28T06:08:14+00:00\",\"dateModified\":\"2026-04-28T06:08:18+00:00\",\"mainEntityOfPage\":{\"@id\":\"https:\/\/www.locansol.fr\/thermes-amele-les-bains-visite\/\"},\"wordCount\":411,\"publisher\":{\"@id\":\"https:\/\/www.locansol.fr\/#organization\"},\"image\":{\"@id\":\"https:\/\/www.locansol.fr\/thermes-amele-les-bains-visite\/#primaryimage\"},\"thumbnailUrl\":\"https:\/\/www.locansol.fr\/wp-content\/uploads\/2026\/04\/thermes-amele-les-bains-visite.webp\",\"keywords\":[\"\u00c9v\u00e8nement culturel\",\"Pyr\u00e9n\u00e9es-Orientales\"],\"articleSection\":[\"Visite guid\u00e9e\"],\"inLanguage\":\"es\"},{\"@type\":\"WebPage\",\"@id\":\"https:\/\/www.locansol.fr\/thermes-amele-les-bains-visite\/\",\"url\":\"https:\/\/www.locansol.fr\/thermes-amele-les-bains-visite\/\",\"name\":\"Visite guid\u00e9e gratuite des thermes Am\u00e9lie-les-Bains\",\"isPartOf\":{\"@id\":\"https:\/\/www.locansol.fr\/#website\"},\"primaryImageOfPage\":{\"@id\":\"https:\/\/www.locansol.fr\/thermes-amele-les-bains-visite\/#primaryimage\"},\"image\":{\"@id\":\"https:\/\/www.locansol.fr\/thermes-amele-les-bains-visite\/#primaryimage\"},\"thumbnailUrl\":\"https:\/\/www.locansol.fr\/wp-content\/uploads\/2026\/04\/thermes-amele-les-bains-visite.webp\",\"datePublished\":\"2026-04-28T06:08:14+00:00\",\"dateModified\":\"2026-04-28T06:08:18+00:00\",\"description\":\"Visite guid\u00e9e gratuite des thermes Am\u00e9lie-les-Bains. D\u00e9couvrez l'histoire des thermes romains et la Cha\u00eene Thermale du Soleil dans les Pyr\u00e9n\u00e9es-Orientales. Une exp\u00e9rience unique et gratuite.\",\"breadcrumb\":{\"@id\":\"https:\/\/www.locansol.fr\/thermes-amele-les-bains-visite\/#breadcrumb\"},\"inLanguage\":\"es\",\"potentialAction\":[{\"@type\":\"ReadAction\",\"target\":[\"https:\/\/www.locansol.fr\/thermes-amele-les-bains-visite\/\"]}]},{\"@type\":\"ImageObject\",\"inLanguage\":\"es\",\"@id\":\"https:\/\/www.locansol.fr\/thermes-amele-les-bains-visite\/#primaryimage\",\"url\":\"https:\/\/www.locansol.fr\/wp-content\/uploads\/2026\/04\/thermes-amele-les-bains-visite.webp\",\"contentUrl\":\"https:\/\/www.locansol.fr\/wp-content\/uploads\/2026\/04\/thermes-amele-les-bains-visite.webp\",\"width\":1440,\"height\":1920,\"caption\":\"Visite guid\u00e9e gratuite des thermes Am\u00e9lie-les-Bains\"},{\"@type\":\"BreadcrumbList\",\"@id\":\"https:\/\/www.locansol.fr\/thermes-amele-les-bains-visite\/#breadcrumb\",\"itemListElement\":[{\"@type\":\"ListItem\",\"position\":1,\"name\":\"Accueil\",\"item\":\"https:\/\/www.locansol.fr\/\"},{\"@type\":\"ListItem\",\"position\":2,\"name\":\"Am\u00e9lie-les-Bains &#8211; 28 avril &#8211; Visite guid\u00e9e gratuite des thermes : Plong\u00e9e dans l&rsquo;histoire\"}]},{\"@type\":\"WebSite\",\"@id\":\"https:\/\/www.locansol.fr\/#website\",\"url\":\"https:\/\/www.locansol.fr\/\",\"name\":\"Locansol, louer un h\u00e9bergement dans les Pyr\u00e9n\u00e9es-Orientales\",\"description\":\"Location Mobil-home Mer M\u00e9diterran\u00e9e &amp; Chalet de Montagne dans les Pyr\u00e9n\u00e9es Orientales (Occitanie, 66). Weekend, s\u00e9jour &amp; vacances en famille et entre amis.\",\"publisher\":{\"@id\":\"https:\/\/www.locansol.fr\/#organization\"},\"alternateName\":\"Louer un h\u00e9bergement dans les Pyr\u00e9n\u00e9es Orientales, chalet & mobil-home en Occitanie\",\"potentialAction\":[{\"@type\":\"SearchAction\",\"target\":{\"@type\":\"EntryPoint\",\"urlTemplate\":\"https:\/\/www.locansol.fr\/?s={search_term_string}\"},\"query-input\":{\"@type\":\"PropertyValueSpecification\",\"valueRequired\":true,\"valueName\":\"search_term_string\"}}],\"inLanguage\":\"es\"},{\"@type\":\"Organization\",\"@id\":\"https:\/\/www.locansol.fr\/#organization\",\"name\":\"Location MobilHome & chalet dans les Pyr\u00e9n\u00e9es Orientales\",\"alternateName\":\"Louer un h\u00e9bergement dans les Pyr\u00e9n\u00e9es Orientales en Occitanie\",\"url\":\"https:\/\/www.locansol.fr\/\",\"logo\":{\"@type\":\"ImageObject\",\"inLanguage\":\"es\",\"@id\":\"https:\/\/www.locansol.fr\/#\/schema\/logo\/image\/\",\"url\":\"https:\/\/www.locansol.fr\/wp-content\/uploads\/2024\/04\/AdobeStock_303324767-scaled.jpeg\",\"contentUrl\":\"https:\/\/www.locansol.fr\/wp-content\/uploads\/2024\/04\/AdobeStock_303324767-scaled.jpeg\",\"width\":2560,\"height\":1707,\"caption\":\"Location MobilHome & chalet dans les Pyr\u00e9n\u00e9es Orientales\"},\"image\":{\"@id\":\"https:\/\/www.locansol.fr\/#\/schema\/logo\/image\/\"}},{\"@type\":\"Person\",\"@id\":\"https:\/\/www.locansol.fr\/#\/schema\/person\/0b08d440f1ac44674c6d498107de351d\",\"name\":\"H\u00e9bergements Locansol\",\"image\":{\"@type\":\"ImageObject\",\"inLanguage\":\"es\",\"@id\":\"https:\/\/www.locansol.fr\/#\/schema\/person\/image\/\",\"url\":\"https:\/\/secure.gravatar.com\/avatar\/444436b93284204f8116b6e0eb964cd3fcb811519c737232bde6dd5743c37ee5?s=96&d=mm&r=g\",\"contentUrl\":\"https:\/\/secure.gravatar.com\/avatar\/444436b93284204f8116b6e0eb964cd3fcb811519c737232bde6dd5743c37ee5?s=96&d=mm&r=g\",\"caption\":\"H\u00e9bergements Locansol\"},\"sameAs\":[\"https:\/\/www.locansol.fr\/\"],\"url\":\"https:\/\/www.locansol.fr\/es\/author\/locansol\/\"}]}<\/script>\n<!-- \/ Yoast SEO Premium plugin. -->","yoast_head_json":{"title":"Visite guid\u00e9e gratuite des thermes Am\u00e9lie-les-Bains","description":"Visite guid\u00e9e gratuite des thermes Am\u00e9lie-les-Bains. D\u00e9couvrez l'histoire des thermes romains et la Cha\u00eene Thermale du Soleil dans les Pyr\u00e9n\u00e9es-Orientales. Une exp\u00e9rience unique et gratuite.","robots":{"index":"index","follow":"follow","max-snippet":"max-snippet:-1","max-image-preview":"max-image-preview:large","max-video-preview":"max-video-preview:-1"},"canonical":"https:\/\/www.locansol.fr\/es\/thermes-amele-les-bains-visite\/","og_locale":"es_ES","og_type":"article","og_title":"Plongez dans l'histoire des thermes d'Am\u00e9lie-les-Bains \u2014 Une visite gratuite et fascinante","og_description":"Imaginez-vous marchant dans les thermes romains d'Am\u00e9lie-les-Bains, d\u00e9couvrant des tr\u00e9sors architecturaux et la majestueuse cascade d\u2019Hannibal. Une visite gratuite \u00e0 ne pas manquer.","og_url":"https:\/\/www.locansol.fr\/es\/thermes-amele-les-bains-visite\/","og_site_name":"Locansol, louer un h\u00e9bergement dans les Pyr\u00e9n\u00e9es Orientales","article_published_time":"2026-04-28T06:08:14+00:00","article_modified_time":"2026-04-28T06:08:18+00:00","og_image":[{"url":"https:\/\/www.locansol.fr\/wp-content\/uploads\/2026\/04\/thermes-amele-les-bains-visite.webp","type":"","width":"","height":""}],"author":"H\u00e9bergements Locansol","twitter_card":"summary_large_image","twitter_title":"D\u00e9couvrez les thermes d'Am\u00e9lie-les-Bains gratuitement !","twitter_description":"Plongez dans l'histoire des thermes d'Am\u00e9lie-les-Bains avec une visite guid\u00e9e gratuite. D\u00e9couvrez des tr\u00e9sors architecturaux et la cascade d\u2019Hannibal. R\u00e9servez vite !","twitter_image":"https:\/\/www.locansol.fr\/wp-content\/uploads\/2026\/04\/thermes-amele-les-bains-visite.webp","twitter_misc":{"Escrito por":"H\u00e9bergements Locansol","Tiempo de lectura":"2 minutos"},"schema":{"@context":"https:\/\/schema.org","@graph":[{"@type":"Article","@id":"https:\/\/www.locansol.fr\/thermes-amele-les-bains-visite\/#article","isPartOf":{"@id":"https:\/\/www.locansol.fr\/thermes-amele-les-bains-visite\/"},"author":{"name":"H\u00e9bergements Locansol","@id":"https:\/\/www.locansol.fr\/#\/schema\/person\/0b08d440f1ac44674c6d498107de351d"},"headline":"Am\u00e9lie-les-Bains &#8211; 28 avril &#8211; Visite guid\u00e9e gratuite des thermes : Plong\u00e9e dans l&rsquo;histoire","datePublished":"2026-04-28T06:08:14+00:00","dateModified":"2026-04-28T06:08:18+00:00","mainEntityOfPage":{"@id":"https:\/\/www.locansol.fr\/thermes-amele-les-bains-visite\/"},"wordCount":411,"publisher":{"@id":"https:\/\/www.locansol.fr\/#organization"},"image":{"@id":"https:\/\/www.locansol.fr\/thermes-amele-les-bains-visite\/#primaryimage"},"thumbnailUrl":"https:\/\/www.locansol.fr\/wp-content\/uploads\/2026\/04\/thermes-amele-les-bains-visite.webp","keywords":["\u00c9v\u00e8nement culturel","Pyr\u00e9n\u00e9es-Orientales"],"articleSection":["Visite guid\u00e9e"],"inLanguage":"es"},{"@type":"WebPage","@id":"https:\/\/www.locansol.fr\/thermes-amele-les-bains-visite\/","url":"https:\/\/www.locansol.fr\/thermes-amele-les-bains-visite\/","name":"Visite guid\u00e9e gratuite des thermes Am\u00e9lie-les-Bains","isPartOf":{"@id":"https:\/\/www.locansol.fr\/#website"},"primaryImageOfPage":{"@id":"https:\/\/www.locansol.fr\/thermes-amele-les-bains-visite\/#primaryimage"},"image":{"@id":"https:\/\/www.locansol.fr\/thermes-amele-les-bains-visite\/#primaryimage"},"thumbnailUrl":"https:\/\/www.locansol.fr\/wp-content\/uploads\/2026\/04\/thermes-amele-les-bains-visite.webp","datePublished":"2026-04-28T06:08:14+00:00","dateModified":"2026-04-28T06:08:18+00:00","description":"Visite guid\u00e9e gratuite des thermes Am\u00e9lie-les-Bains. D\u00e9couvrez l'histoire des thermes romains et la Cha\u00eene Thermale du Soleil dans les Pyr\u00e9n\u00e9es-Orientales. Une exp\u00e9rience unique et gratuite.","breadcrumb":{"@id":"https:\/\/www.locansol.fr\/thermes-amele-les-bains-visite\/#breadcrumb"},"inLanguage":"es","potentialAction":[{"@type":"ReadAction","target":["https:\/\/www.locansol.fr\/thermes-amele-les-bains-visite\/"]}]},{"@type":"ImageObject","inLanguage":"es","@id":"https:\/\/www.locansol.fr\/thermes-amele-les-bains-visite\/#primaryimage","url":"https:\/\/www.locansol.fr\/wp-content\/uploads\/2026\/04\/thermes-amele-les-bains-visite.webp","contentUrl":"https:\/\/www.locansol.fr\/wp-content\/uploads\/2026\/04\/thermes-amele-les-bains-visite.webp","width":1440,"height":1920,"caption":"Visite guid\u00e9e gratuite des thermes Am\u00e9lie-les-Bains"},{"@type":"BreadcrumbList","@id":"https:\/\/www.locansol.fr\/thermes-amele-les-bains-visite\/#breadcrumb","itemListElement":[{"@type":"ListItem","position":1,"name":"Accueil","item":"https:\/\/www.locansol.fr\/"},{"@type":"ListItem","position":2,"name":"Am\u00e9lie-les-Bains &#8211; 28 avril &#8211; Visite guid\u00e9e gratuite des thermes : Plong\u00e9e dans l&rsquo;histoire"}]},{"@type":"WebSite","@id":"https:\/\/www.locansol.fr\/#website","url":"https:\/\/www.locansol.fr\/","name":"Locansol, louer un h\u00e9bergement dans les Pyr\u00e9n\u00e9es-Orientales","description":"Location Mobil-home Mer M\u00e9diterran\u00e9e &amp; Chalet de Montagne dans les Pyr\u00e9n\u00e9es Orientales (Occitanie, 66). Weekend, s\u00e9jour &amp; vacances en famille et entre amis.","publisher":{"@id":"https:\/\/www.locansol.fr\/#organization"},"alternateName":"Louer un h\u00e9bergement dans les Pyr\u00e9n\u00e9es Orientales, chalet & mobil-home en Occitanie","potentialAction":[{"@type":"SearchAction","target":{"@type":"EntryPoint","urlTemplate":"https:\/\/www.locansol.fr\/?s={search_term_string}"},"query-input":{"@type":"PropertyValueSpecification","valueRequired":true,"valueName":"search_term_string"}}],"inLanguage":"es"},{"@type":"Organization","@id":"https:\/\/www.locansol.fr\/#organization","name":"Location MobilHome & chalet dans les Pyr\u00e9n\u00e9es Orientales","alternateName":"Louer un h\u00e9bergement dans les Pyr\u00e9n\u00e9es Orientales en Occitanie","url":"https:\/\/www.locansol.fr\/","logo":{"@type":"ImageObject","inLanguage":"es","@id":"https:\/\/www.locansol.fr\/#\/schema\/logo\/image\/","url":"https:\/\/www.locansol.fr\/wp-content\/uploads\/2024\/04\/AdobeStock_303324767-scaled.jpeg","contentUrl":"https:\/\/www.locansol.fr\/wp-content\/uploads\/2024\/04\/AdobeStock_303324767-scaled.jpeg","width":2560,"height":1707,"caption":"Location MobilHome & chalet dans les Pyr\u00e9n\u00e9es Orientales"},"image":{"@id":"https:\/\/www.locansol.fr\/#\/schema\/logo\/image\/"}},{"@type":"Person","@id":"https:\/\/www.locansol.fr\/#\/schema\/person\/0b08d440f1ac44674c6d498107de351d","name":"H\u00e9bergements Locansol","image":{"@type":"ImageObject","inLanguage":"es","@id":"https:\/\/www.locansol.fr\/#\/schema\/person\/image\/","url":"https:\/\/secure.gravatar.com\/avatar\/444436b93284204f8116b6e0eb964cd3fcb811519c737232bde6dd5743c37ee5?s=96&d=mm&r=g","contentUrl":"https:\/\/secure.gravatar.com\/avatar\/444436b93284204f8116b6e0eb964cd3fcb811519c737232bde6dd5743c37ee5?s=96&d=mm&r=g","caption":"H\u00e9bergements Locansol"},"sameAs":["https:\/\/www.locansol.fr\/"],"url":"https:\/\/www.locansol.fr\/es\/author\/locansol\/"}]}},"_links":{"self":[{"href":"https:\/\/www.locansol.fr\/es\/wp-json\/wp\/v2\/posts\/6651","targetHints":{"allow":["GET"]}}],"collection":[{"href":"https:\/\/www.locansol.fr\/es\/wp-json\/wp\/v2\/posts"}],"about":[{"href":"https:\/\/www.locansol.fr\/es\/wp-json\/wp\/v2\/types\/post"}],"author":[{"embeddable":true,"href":"https:\/\/www.locansol.fr\/es\/wp-json\/wp\/v2\/users\/5"}],"replies":[{"embeddable":true,"href":"https:\/\/www.locansol.fr\/es\/wp-json\/wp\/v2\/comments?post=6651"}],"version-history":[{"count":1,"href":"https:\/\/www.locansol.fr\/es\/wp-json\/wp\/v2\/posts\/6651\/revisions"}],"predecessor-version":[{"id":6652,"href":"https:\/\/www.locansol.fr\/es\/wp-json\/wp\/v2\/posts\/6651\/revisions\/6652"}],"wp:featuredmedia":[{"embeddable":true,"href":"https:\/\/www.locansol.fr\/es\/wp-json\/wp\/v2\/media\/6650"}],"wp:attachment":[{"href":"https:\/\/www.locansol.fr\/es\/wp-json\/wp\/v2\/media?parent=6651"}],"wp:term":[{"taxonomy":"category","embeddable":true,"href":"https:\/\/www.locansol.fr\/es\/wp-json\/wp\/v2\/categories?post=6651"},{"taxonomy":"post_tag","embeddable":true,"href":"https:\/\/www.locansol.fr\/es\/wp-json\/wp\/v2\/tags?post=6651"}],"curies":[{"name":"wp","href":"https:\/\/api.w.org\/{rel}","templated":true}]}}