{"id":6671,"date":"2026-04-28T18:12:16","date_gmt":"2026-04-28T16:12:16","guid":{"rendered":"https:\/\/www.locansol.fr\/exposition-volets-orgue-perpignan-14\/"},"modified":"2026-04-28T18:12:19","modified_gmt":"2026-04-28T16:12:19","slug":"exposition-volets-orgue-perpignan-14","status":"publish","type":"post","link":"https:\/\/www.locansol.fr\/es\/exposition-volets-orgue-perpignan-14\/","title":{"rendered":"Exposition Perpignan 2026 : D\u00e9couvrez les volets restaur\u00e9s du grand orgue"},"content":{"rendered":"<p>D\u00e9couvrez une v\u00e9ritable merveille du patrimoine artistique et historique de Perpignan avec l\u2019exposition \u00ab La red\u00e9couverte d\u2019un chef-d\u2019\u0153uvre monumental \u00bb. Organis\u00e9e au Mus\u00e9e Rigaud, au c\u0153ur de la cit\u00e9 catalane, cette exposition exceptionnelle se tiendra du 24 mars au 31 mai 2026. Ce rendez-vous culturel met en lumi\u00e8re les volets monumentaux du grand orgue de la cath\u00e9drale Saint-Jean-Baptiste, r\u00e9cemment restaur\u00e9s apr\u00e8s des si\u00e8cles d\u2019oubli.<\/p>\n<p>Depuis 2022, un chantier colossal a \u00e9t\u00e9 lanc\u00e9 pour redonner vie \u00e0 ces \u0153uvres g\u00e9antes, sous la houlette de la Direction r\u00e9gionale des affaires culturelles (DRAC) d\u2019Occitanie. Peints en 1504, ces volets en toile mesurent chacun 12,6 m\u00e8tres de haut sur 4,3 m\u00e8tres de large, soit une surface totale de plus de 166 m\u00b2. Reconnus comme une raret\u00e9 \u00e0 l\u2019\u00e9chelle mondiale, ces panneaux sont admir\u00e9s autant pour leur qualit\u00e9 artistique exceptionnelle que pour leur fonction liturgique d\u2019origine.<\/p>\n<p>Les visiteurs de l\u2019exposition pourront se plonger dans l\u2019histoire fascinante de ces chefs-d\u2019\u0153uvre. Initialement destin\u00e9s \u00e0 orner le buffet de l\u2019orgue, les panneaux s\u2019ouvraient et se fermaient en suivant le calendrier liturgique, orchestrant ainsi un dialogue harmonieux entre la musique, l\u2019architecture, et l\u2019image sacr\u00e9e. Ce caract\u00e8re unique est renforc\u00e9 par leur double dispositif visuel : des peintures polychromes riches et vibrantes sur leur face principale, et une grisaille \u00e9l\u00e9gante et soign\u00e9e sur leur revers. Cette dualit\u00e9 rend ces \u0153uvres aussi spirituelles qu\u2019artistiquement captivantes.<\/p>\n<p>Le XIXe si\u00e8cle aura marqu\u00e9 un tournant pour ces tr\u00e9sors. D\u00e9mont\u00e9s et fix\u00e9s sur les murs de la cath\u00e9drale, au-dessus de la porte dite \u00ab de Bethl\u00e9em \u00bb, les volets perdirent leur fonction premi\u00e8re et furent peu \u00e0 peu oubli\u00e9s. Gr\u00e2ce \u00e0 la r\u00e9cente restauration, les visiteurs ont enfin l\u2019occasion d\u2019admirer ces panneaux dans toute leur splendeur originelle au sein de la prestigieuse enceinte du Mus\u00e9e Rigaud.<\/p>\n<p>Outre l\u2019extraordinaire beaut\u00e9 des \u0153uvres, l\u2019exposition d\u00e9voile aussi les secrets de leur restauration. Vous y d\u00e9couvrirez les techniques utilis\u00e9es pour pr\u00e9server ces peintures d\u2019une valeur inestimable ainsi que leur riche histoire mat\u00e9rielle, t\u00e9moin des al\u00e9as du temps et des interventions humaines. Ce voyage au c\u0153ur de l\u2019art et du patrimoine s\u00e9duira aussi bien les amateurs d\u2019histoire, les passionn\u00e9s d\u2019art que les curieux en qu\u00eate de d\u00e9couvertes culturelles.<\/p>\n<p>Accessible pour un tarif modeste de 8,00 \u20ac, cette exposition offre une opportunit\u00e9 unique d\u2019allier plaisir visuel et enrichissement culturel. Pensez \u00e0 r\u00e9server votre billet pour \u00e9viter toute d\u00e9ception, car cet \u00e9v\u00e9nement s\u2019annonce comme l\u2019un des temps forts du calendrier artistique de la r\u00e9gion.<\/p>\n<p>Ne manquez pas cette occasion exceptionnelle de plonger dans l\u2019histoire et l\u2019esth\u00e9tisme des volets du grand orgue de la cath\u00e9drale de Perpignan. Rendez-vous au Mus\u00e9e Rigaud, situ\u00e9 au 21 Rue Mailly, pour d\u00e9couvrir ou red\u00e9couvrir ces chefs-d\u2019\u0153uvre monumentaux qui font la fiert\u00e9 de la r\u00e9gion catalane.<\/p>\n<h3>Informaci\u00f3n pr\u00e1ctica<\/h3>\n<p>\ud83d\udcc5 QUAND ? Du 24 mars au 31 mai 2026<br \/>\ud83d\udccd O\u00d9 ? Mus\u00e9e Rigaud, Perpignan<br \/>\ud83d\udcb6 COMBIEN ? 8,00 \u20ac<\/p>","protected":false},"excerpt":{"rendered":"<p>Plongez dans l\u2019univers artistique des volets monumentaux du grand orgue de Perpignan, restaur\u00e9s et expos\u00e9s au Mus\u00e9e Rigaud du 24 mars au 31 mai 2026.<\/p>","protected":false},"author":5,"featured_media":6670,"comment_status":"closed","ping_status":"open","sticky":false,"template":"","format":"standard","meta":{"_yoast_wpseo_focuskw":"Exposition volets orgue Perpignan","_yoast_wpseo_title":"Exposition Perpignan 2026 : volets restaur\u00e9s du grand orgue","_yoast_wpseo_metadesc":"Exposition Perpignan 2026 : d\u00e9couvrez les volets restaur\u00e9s du grand orgue au Mus\u00e9e Rigaud. Une plong\u00e9e unique dans l'histoire et l'art des Pyr\u00e9n\u00e9es-Orientales.","_yoast_wpseo_canonical":"","_yoast_wpseo_opengraph-title":"D\u00e9couvrez un chef-d\u2019\u0153uvre monumental : Perpignan expose ses tr\u00e9sors","_yoast_wpseo_opengraph-description":"Plongez dans l'histoire et l'art avec les volets restaur\u00e9s du grand orgue de Perpignan. Une exp\u00e9rience visuelle unique au Mus\u00e9e Rigaud.","_yoast_wpseo_opengraph-image":"https:\/\/www.locansol.fr\/wp-content\/uploads\/2026\/04\/exposition-volets-orgue-perpignan-13.webp","_yoast_wpseo_opengraph-image-id":"","_yoast_wpseo_twitter-title":"D\u00e9couvrez les volets restaur\u00e9s du grand orgue \u00e0 Perpignan","_yoast_wpseo_twitter-description":"Ne manquez pas l'exposition des volets restaur\u00e9s du grand orgue \u00e0 Perpignan. Une plong\u00e9e unique dans l'histoire et l'art au Mus\u00e9e Rigaud.","_yoast_wpseo_twitter-image":"https:\/\/www.locansol.fr\/wp-content\/uploads\/2026\/04\/exposition-volets-orgue-perpignan-13.webp","_yoast_wpseo_twitter-image-id":"","yoast_primary_category":"Exposition","footnotes":""},"categories":[35],"tags":[66,76],"class_list":["post-6671","post","type-post","status-publish","format-standard","has-post-thumbnail","hentry","category-carnaval","tag-evenement-culturel","tag-pyrenees-orientales"],"yoast_head":"<!-- This site is optimized with the Yoast SEO Premium plugin v23.3 (Yoast SEO v26.9) - https:\/\/yoast.com\/product\/yoast-seo-premium-wordpress\/ -->\n<title>Exposition Perpignan 2026 : volets restaur\u00e9s du grand orgue<\/title>\n<meta name=\"description\" content=\"Exposition Perpignan 2026 : d\u00e9couvrez les volets restaur\u00e9s du grand orgue au Mus\u00e9e Rigaud. Une plong\u00e9e unique dans l&#039;histoire et l&#039;art des Pyr\u00e9n\u00e9es-Orientales.\" \/>\n<meta name=\"robots\" content=\"index, follow, max-snippet:-1, max-image-preview:large, max-video-preview:-1\" \/>\n<link rel=\"canonical\" href=\"https:\/\/www.locansol.fr\/es\/exposition-volets-orgue-perpignan-14\/\" \/>\n<meta property=\"og:locale\" content=\"es_ES\" \/>\n<meta property=\"og:type\" content=\"article\" \/>\n<meta property=\"og:title\" content=\"D\u00e9couvrez un chef-d\u2019\u0153uvre monumental : Perpignan expose ses tr\u00e9sors\" \/>\n<meta property=\"og:description\" content=\"Plongez dans l&#039;histoire et l&#039;art avec les volets restaur\u00e9s du grand orgue de Perpignan. Une exp\u00e9rience visuelle unique au Mus\u00e9e Rigaud.\" \/>\n<meta property=\"og:url\" content=\"https:\/\/www.locansol.fr\/es\/exposition-volets-orgue-perpignan-14\/\" \/>\n<meta property=\"og:site_name\" content=\"Locansol, louer un h\u00e9bergement dans les Pyr\u00e9n\u00e9es Orientales\" \/>\n<meta property=\"article:published_time\" content=\"2026-04-28T16:12:16+00:00\" \/>\n<meta property=\"article:modified_time\" content=\"2026-04-28T16:12:19+00:00\" \/>\n<meta property=\"og:image\" content=\"https:\/\/www.locansol.fr\/wp-content\/uploads\/2026\/04\/exposition-volets-orgue-perpignan-13.webp\" \/>\n<meta name=\"author\" content=\"H\u00e9bergements Locansol\" \/>\n<meta name=\"twitter:card\" content=\"summary_large_image\" \/>\n<meta name=\"twitter:title\" content=\"D\u00e9couvrez les volets restaur\u00e9s du grand orgue \u00e0 Perpignan\" \/>\n<meta name=\"twitter:description\" content=\"Ne manquez pas l&#039;exposition des volets restaur\u00e9s du grand orgue \u00e0 Perpignan. Une plong\u00e9e unique dans l&#039;histoire et l&#039;art au Mus\u00e9e Rigaud.\" \/>\n<meta name=\"twitter:image\" content=\"https:\/\/www.locansol.fr\/wp-content\/uploads\/2026\/04\/exposition-volets-orgue-perpignan-13.webp\" \/>\n<meta name=\"twitter:label1\" content=\"Escrito por\" \/>\n\t<meta name=\"twitter:data1\" content=\"H\u00e9bergements Locansol\" \/>\n\t<meta name=\"twitter:label2\" content=\"Tiempo de lectura\" \/>\n\t<meta name=\"twitter:data2\" content=\"3 minutos\" \/>\n<script type=\"application\/ld+json\" class=\"yoast-schema-graph\">{\"@context\":\"https:\/\/schema.org\",\"@graph\":[{\"@type\":\"Article\",\"@id\":\"https:\/\/www.locansol.fr\/exposition-volets-orgue-perpignan-14\/#article\",\"isPartOf\":{\"@id\":\"https:\/\/www.locansol.fr\/exposition-volets-orgue-perpignan-14\/\"},\"author\":{\"name\":\"H\u00e9bergements Locansol\",\"@id\":\"https:\/\/www.locansol.fr\/#\/schema\/person\/0b08d440f1ac44674c6d498107de351d\"},\"headline\":\"Exposition Perpignan 2026 : D\u00e9couvrez les volets restaur\u00e9s du grand orgue\",\"datePublished\":\"2026-04-28T16:12:16+00:00\",\"dateModified\":\"2026-04-28T16:12:19+00:00\",\"mainEntityOfPage\":{\"@id\":\"https:\/\/www.locansol.fr\/exposition-volets-orgue-perpignan-14\/\"},\"wordCount\":535,\"publisher\":{\"@id\":\"https:\/\/www.locansol.fr\/#organization\"},\"image\":{\"@id\":\"https:\/\/www.locansol.fr\/exposition-volets-orgue-perpignan-14\/#primaryimage\"},\"thumbnailUrl\":\"https:\/\/www.locansol.fr\/wp-content\/uploads\/2026\/04\/exposition-volets-orgue-perpignan-13.webp\",\"keywords\":[\"\u00c9v\u00e8nement culturel\",\"Pyr\u00e9n\u00e9es-Orientales\"],\"articleSection\":[\"Carnaval\"],\"inLanguage\":\"es\"},{\"@type\":\"WebPage\",\"@id\":\"https:\/\/www.locansol.fr\/exposition-volets-orgue-perpignan-14\/\",\"url\":\"https:\/\/www.locansol.fr\/exposition-volets-orgue-perpignan-14\/\",\"name\":\"Exposition Perpignan 2026 : volets restaur\u00e9s du grand orgue\",\"isPartOf\":{\"@id\":\"https:\/\/www.locansol.fr\/#website\"},\"primaryImageOfPage\":{\"@id\":\"https:\/\/www.locansol.fr\/exposition-volets-orgue-perpignan-14\/#primaryimage\"},\"image\":{\"@id\":\"https:\/\/www.locansol.fr\/exposition-volets-orgue-perpignan-14\/#primaryimage\"},\"thumbnailUrl\":\"https:\/\/www.locansol.fr\/wp-content\/uploads\/2026\/04\/exposition-volets-orgue-perpignan-13.webp\",\"datePublished\":\"2026-04-28T16:12:16+00:00\",\"dateModified\":\"2026-04-28T16:12:19+00:00\",\"description\":\"Exposition Perpignan 2026 : d\u00e9couvrez les volets restaur\u00e9s du grand orgue au Mus\u00e9e Rigaud. Une plong\u00e9e unique dans l'histoire et l'art des Pyr\u00e9n\u00e9es-Orientales.\",\"breadcrumb\":{\"@id\":\"https:\/\/www.locansol.fr\/exposition-volets-orgue-perpignan-14\/#breadcrumb\"},\"inLanguage\":\"es\",\"potentialAction\":[{\"@type\":\"ReadAction\",\"target\":[\"https:\/\/www.locansol.fr\/exposition-volets-orgue-perpignan-14\/\"]}]},{\"@type\":\"ImageObject\",\"inLanguage\":\"es\",\"@id\":\"https:\/\/www.locansol.fr\/exposition-volets-orgue-perpignan-14\/#primaryimage\",\"url\":\"https:\/\/www.locansol.fr\/wp-content\/uploads\/2026\/04\/exposition-volets-orgue-perpignan-13.webp\",\"contentUrl\":\"https:\/\/www.locansol.fr\/wp-content\/uploads\/2026\/04\/exposition-volets-orgue-perpignan-13.webp\",\"width\":1024,\"height\":605,\"caption\":\"Exposition Perpignan 2026 : volets restaur\u00e9s du grand orgue\"},{\"@type\":\"BreadcrumbList\",\"@id\":\"https:\/\/www.locansol.fr\/exposition-volets-orgue-perpignan-14\/#breadcrumb\",\"itemListElement\":[{\"@type\":\"ListItem\",\"position\":1,\"name\":\"Accueil\",\"item\":\"https:\/\/www.locansol.fr\/\"},{\"@type\":\"ListItem\",\"position\":2,\"name\":\"Exposition Perpignan 2026 : D\u00e9couvrez les volets restaur\u00e9s du grand orgue\"}]},{\"@type\":\"WebSite\",\"@id\":\"https:\/\/www.locansol.fr\/#website\",\"url\":\"https:\/\/www.locansol.fr\/\",\"name\":\"Locansol, louer un h\u00e9bergement dans les Pyr\u00e9n\u00e9es-Orientales\",\"description\":\"Location Mobil-home Mer M\u00e9diterran\u00e9e &amp; Chalet de Montagne dans les Pyr\u00e9n\u00e9es Orientales (Occitanie, 66). Weekend, s\u00e9jour &amp; vacances en famille et entre amis.\",\"publisher\":{\"@id\":\"https:\/\/www.locansol.fr\/#organization\"},\"alternateName\":\"Louer un h\u00e9bergement dans les Pyr\u00e9n\u00e9es Orientales, chalet & mobil-home en Occitanie\",\"potentialAction\":[{\"@type\":\"SearchAction\",\"target\":{\"@type\":\"EntryPoint\",\"urlTemplate\":\"https:\/\/www.locansol.fr\/?s={search_term_string}\"},\"query-input\":{\"@type\":\"PropertyValueSpecification\",\"valueRequired\":true,\"valueName\":\"search_term_string\"}}],\"inLanguage\":\"es\"},{\"@type\":\"Organization\",\"@id\":\"https:\/\/www.locansol.fr\/#organization\",\"name\":\"Location MobilHome & chalet dans les Pyr\u00e9n\u00e9es Orientales\",\"alternateName\":\"Louer un h\u00e9bergement dans les Pyr\u00e9n\u00e9es Orientales en Occitanie\",\"url\":\"https:\/\/www.locansol.fr\/\",\"logo\":{\"@type\":\"ImageObject\",\"inLanguage\":\"es\",\"@id\":\"https:\/\/www.locansol.fr\/#\/schema\/logo\/image\/\",\"url\":\"https:\/\/www.locansol.fr\/wp-content\/uploads\/2024\/04\/AdobeStock_303324767-scaled.jpeg\",\"contentUrl\":\"https:\/\/www.locansol.fr\/wp-content\/uploads\/2024\/04\/AdobeStock_303324767-scaled.jpeg\",\"width\":2560,\"height\":1707,\"caption\":\"Location MobilHome & chalet dans les Pyr\u00e9n\u00e9es Orientales\"},\"image\":{\"@id\":\"https:\/\/www.locansol.fr\/#\/schema\/logo\/image\/\"}},{\"@type\":\"Person\",\"@id\":\"https:\/\/www.locansol.fr\/#\/schema\/person\/0b08d440f1ac44674c6d498107de351d\",\"name\":\"H\u00e9bergements Locansol\",\"image\":{\"@type\":\"ImageObject\",\"inLanguage\":\"es\",\"@id\":\"https:\/\/www.locansol.fr\/#\/schema\/person\/image\/\",\"url\":\"https:\/\/secure.gravatar.com\/avatar\/444436b93284204f8116b6e0eb964cd3fcb811519c737232bde6dd5743c37ee5?s=96&d=mm&r=g\",\"contentUrl\":\"https:\/\/secure.gravatar.com\/avatar\/444436b93284204f8116b6e0eb964cd3fcb811519c737232bde6dd5743c37ee5?s=96&d=mm&r=g\",\"caption\":\"H\u00e9bergements Locansol\"},\"sameAs\":[\"https:\/\/www.locansol.fr\/\"],\"url\":\"https:\/\/www.locansol.fr\/es\/author\/locansol\/\"}]}<\/script>\n<!-- \/ Yoast SEO Premium plugin. -->","yoast_head_json":{"title":"Exposition Perpignan 2026 : volets restaur\u00e9s du grand orgue","description":"Exposition Perpignan 2026 : d\u00e9couvrez les volets restaur\u00e9s du grand orgue au Mus\u00e9e Rigaud. Une plong\u00e9e unique dans l'histoire et l'art des Pyr\u00e9n\u00e9es-Orientales.","robots":{"index":"index","follow":"follow","max-snippet":"max-snippet:-1","max-image-preview":"max-image-preview:large","max-video-preview":"max-video-preview:-1"},"canonical":"https:\/\/www.locansol.fr\/es\/exposition-volets-orgue-perpignan-14\/","og_locale":"es_ES","og_type":"article","og_title":"D\u00e9couvrez un chef-d\u2019\u0153uvre monumental : Perpignan expose ses tr\u00e9sors","og_description":"Plongez dans l'histoire et l'art avec les volets restaur\u00e9s du grand orgue de Perpignan. Une exp\u00e9rience visuelle unique au Mus\u00e9e Rigaud.","og_url":"https:\/\/www.locansol.fr\/es\/exposition-volets-orgue-perpignan-14\/","og_site_name":"Locansol, louer un h\u00e9bergement dans les Pyr\u00e9n\u00e9es Orientales","article_published_time":"2026-04-28T16:12:16+00:00","article_modified_time":"2026-04-28T16:12:19+00:00","og_image":[{"url":"https:\/\/www.locansol.fr\/wp-content\/uploads\/2026\/04\/exposition-volets-orgue-perpignan-13.webp","type":"","width":"","height":""}],"author":"H\u00e9bergements Locansol","twitter_card":"summary_large_image","twitter_title":"D\u00e9couvrez les volets restaur\u00e9s du grand orgue \u00e0 Perpignan","twitter_description":"Ne manquez pas l'exposition des volets restaur\u00e9s du grand orgue \u00e0 Perpignan. Une plong\u00e9e unique dans l'histoire et l'art au Mus\u00e9e Rigaud.","twitter_image":"https:\/\/www.locansol.fr\/wp-content\/uploads\/2026\/04\/exposition-volets-orgue-perpignan-13.webp","twitter_misc":{"Escrito por":"H\u00e9bergements Locansol","Tiempo de lectura":"3 minutos"},"schema":{"@context":"https:\/\/schema.org","@graph":[{"@type":"Article","@id":"https:\/\/www.locansol.fr\/exposition-volets-orgue-perpignan-14\/#article","isPartOf":{"@id":"https:\/\/www.locansol.fr\/exposition-volets-orgue-perpignan-14\/"},"author":{"name":"H\u00e9bergements Locansol","@id":"https:\/\/www.locansol.fr\/#\/schema\/person\/0b08d440f1ac44674c6d498107de351d"},"headline":"Exposition Perpignan 2026 : D\u00e9couvrez les volets restaur\u00e9s du grand orgue","datePublished":"2026-04-28T16:12:16+00:00","dateModified":"2026-04-28T16:12:19+00:00","mainEntityOfPage":{"@id":"https:\/\/www.locansol.fr\/exposition-volets-orgue-perpignan-14\/"},"wordCount":535,"publisher":{"@id":"https:\/\/www.locansol.fr\/#organization"},"image":{"@id":"https:\/\/www.locansol.fr\/exposition-volets-orgue-perpignan-14\/#primaryimage"},"thumbnailUrl":"https:\/\/www.locansol.fr\/wp-content\/uploads\/2026\/04\/exposition-volets-orgue-perpignan-13.webp","keywords":["\u00c9v\u00e8nement culturel","Pyr\u00e9n\u00e9es-Orientales"],"articleSection":["Carnaval"],"inLanguage":"es"},{"@type":"WebPage","@id":"https:\/\/www.locansol.fr\/exposition-volets-orgue-perpignan-14\/","url":"https:\/\/www.locansol.fr\/exposition-volets-orgue-perpignan-14\/","name":"Exposition Perpignan 2026 : volets restaur\u00e9s du grand orgue","isPartOf":{"@id":"https:\/\/www.locansol.fr\/#website"},"primaryImageOfPage":{"@id":"https:\/\/www.locansol.fr\/exposition-volets-orgue-perpignan-14\/#primaryimage"},"image":{"@id":"https:\/\/www.locansol.fr\/exposition-volets-orgue-perpignan-14\/#primaryimage"},"thumbnailUrl":"https:\/\/www.locansol.fr\/wp-content\/uploads\/2026\/04\/exposition-volets-orgue-perpignan-13.webp","datePublished":"2026-04-28T16:12:16+00:00","dateModified":"2026-04-28T16:12:19+00:00","description":"Exposition Perpignan 2026 : d\u00e9couvrez les volets restaur\u00e9s du grand orgue au Mus\u00e9e Rigaud. Une plong\u00e9e unique dans l'histoire et l'art des Pyr\u00e9n\u00e9es-Orientales.","breadcrumb":{"@id":"https:\/\/www.locansol.fr\/exposition-volets-orgue-perpignan-14\/#breadcrumb"},"inLanguage":"es","potentialAction":[{"@type":"ReadAction","target":["https:\/\/www.locansol.fr\/exposition-volets-orgue-perpignan-14\/"]}]},{"@type":"ImageObject","inLanguage":"es","@id":"https:\/\/www.locansol.fr\/exposition-volets-orgue-perpignan-14\/#primaryimage","url":"https:\/\/www.locansol.fr\/wp-content\/uploads\/2026\/04\/exposition-volets-orgue-perpignan-13.webp","contentUrl":"https:\/\/www.locansol.fr\/wp-content\/uploads\/2026\/04\/exposition-volets-orgue-perpignan-13.webp","width":1024,"height":605,"caption":"Exposition Perpignan 2026 : volets restaur\u00e9s du grand orgue"},{"@type":"BreadcrumbList","@id":"https:\/\/www.locansol.fr\/exposition-volets-orgue-perpignan-14\/#breadcrumb","itemListElement":[{"@type":"ListItem","position":1,"name":"Accueil","item":"https:\/\/www.locansol.fr\/"},{"@type":"ListItem","position":2,"name":"Exposition Perpignan 2026 : D\u00e9couvrez les volets restaur\u00e9s du grand orgue"}]},{"@type":"WebSite","@id":"https:\/\/www.locansol.fr\/#website","url":"https:\/\/www.locansol.fr\/","name":"Locansol, louer un h\u00e9bergement dans les Pyr\u00e9n\u00e9es-Orientales","description":"Location Mobil-home Mer M\u00e9diterran\u00e9e &amp; Chalet de Montagne dans les Pyr\u00e9n\u00e9es Orientales (Occitanie, 66). Weekend, s\u00e9jour &amp; vacances en famille et entre amis.","publisher":{"@id":"https:\/\/www.locansol.fr\/#organization"},"alternateName":"Louer un h\u00e9bergement dans les Pyr\u00e9n\u00e9es Orientales, chalet & mobil-home en Occitanie","potentialAction":[{"@type":"SearchAction","target":{"@type":"EntryPoint","urlTemplate":"https:\/\/www.locansol.fr\/?s={search_term_string}"},"query-input":{"@type":"PropertyValueSpecification","valueRequired":true,"valueName":"search_term_string"}}],"inLanguage":"es"},{"@type":"Organization","@id":"https:\/\/www.locansol.fr\/#organization","name":"Location MobilHome & chalet dans les Pyr\u00e9n\u00e9es Orientales","alternateName":"Louer un h\u00e9bergement dans les Pyr\u00e9n\u00e9es Orientales en Occitanie","url":"https:\/\/www.locansol.fr\/","logo":{"@type":"ImageObject","inLanguage":"es","@id":"https:\/\/www.locansol.fr\/#\/schema\/logo\/image\/","url":"https:\/\/www.locansol.fr\/wp-content\/uploads\/2024\/04\/AdobeStock_303324767-scaled.jpeg","contentUrl":"https:\/\/www.locansol.fr\/wp-content\/uploads\/2024\/04\/AdobeStock_303324767-scaled.jpeg","width":2560,"height":1707,"caption":"Location MobilHome & chalet dans les Pyr\u00e9n\u00e9es Orientales"},"image":{"@id":"https:\/\/www.locansol.fr\/#\/schema\/logo\/image\/"}},{"@type":"Person","@id":"https:\/\/www.locansol.fr\/#\/schema\/person\/0b08d440f1ac44674c6d498107de351d","name":"H\u00e9bergements Locansol","image":{"@type":"ImageObject","inLanguage":"es","@id":"https:\/\/www.locansol.fr\/#\/schema\/person\/image\/","url":"https:\/\/secure.gravatar.com\/avatar\/444436b93284204f8116b6e0eb964cd3fcb811519c737232bde6dd5743c37ee5?s=96&d=mm&r=g","contentUrl":"https:\/\/secure.gravatar.com\/avatar\/444436b93284204f8116b6e0eb964cd3fcb811519c737232bde6dd5743c37ee5?s=96&d=mm&r=g","caption":"H\u00e9bergements Locansol"},"sameAs":["https:\/\/www.locansol.fr\/"],"url":"https:\/\/www.locansol.fr\/es\/author\/locansol\/"}]}},"_links":{"self":[{"href":"https:\/\/www.locansol.fr\/es\/wp-json\/wp\/v2\/posts\/6671","targetHints":{"allow":["GET"]}}],"collection":[{"href":"https:\/\/www.locansol.fr\/es\/wp-json\/wp\/v2\/posts"}],"about":[{"href":"https:\/\/www.locansol.fr\/es\/wp-json\/wp\/v2\/types\/post"}],"author":[{"embeddable":true,"href":"https:\/\/www.locansol.fr\/es\/wp-json\/wp\/v2\/users\/5"}],"replies":[{"embeddable":true,"href":"https:\/\/www.locansol.fr\/es\/wp-json\/wp\/v2\/comments?post=6671"}],"version-history":[{"count":1,"href":"https:\/\/www.locansol.fr\/es\/wp-json\/wp\/v2\/posts\/6671\/revisions"}],"predecessor-version":[{"id":6672,"href":"https:\/\/www.locansol.fr\/es\/wp-json\/wp\/v2\/posts\/6671\/revisions\/6672"}],"wp:featuredmedia":[{"embeddable":true,"href":"https:\/\/www.locansol.fr\/es\/wp-json\/wp\/v2\/media\/6670"}],"wp:attachment":[{"href":"https:\/\/www.locansol.fr\/es\/wp-json\/wp\/v2\/media?parent=6671"}],"wp:term":[{"taxonomy":"category","embeddable":true,"href":"https:\/\/www.locansol.fr\/es\/wp-json\/wp\/v2\/categories?post=6671"},{"taxonomy":"post_tag","embeddable":true,"href":"https:\/\/www.locansol.fr\/es\/wp-json\/wp\/v2\/tags?post=6671"}],"curies":[{"name":"wp","href":"https:\/\/api.w.org\/{rel}","templated":true}]}}